{"id":9998,"date":"2022-06-02T12:00:18","date_gmt":"2022-06-02T10:00:18","guid":{"rendered":"http:\/\/contactfm72.fr\/?p=9998"},"modified":"2022-05-31T10:48:55","modified_gmt":"2022-05-31T08:48:55","slug":"eiea-sud-sarthe-grand-recital-de-fin-dannee-le-samedi-4-juin","status":"publish","type":"post","link":"https:\/\/contactfm72.fr\/?p=9998","title":{"rendered":"EIEA Sud Sarthe. Grand r\u00e9cital de fin d\u2019ann\u00e9e le samedi 4 juin"},"content":{"rendered":"<h2>La communaut\u00e9 de communes Sud Sarthe renouvelle son \u00ab festival de l&#8217;\u00e9cole des Arts \u00bb, apr\u00e8s trois ann\u00e9es d\u2019absence en proposant un grand rendez-vous annuel qui se d\u00e9roulera le samedi 4 juin \u00e0 l\u2019Espace Ronsard du Lude.<\/h2>\n<p>&nbsp;<\/p>\n<p>La nouvelle identit\u00e9, l&#8217;<strong>\u00c9tablissement Intercommunal d\u2019Enseignement Artistique<\/strong>, de la <strong>communaut\u00e9 de commues Sud Sarthe<\/strong>, et son <strong>festival de l&#8217;\u00e9cole des Arts<\/strong>, fait son grand retour.<\/p>\n<blockquote><p>\u00ab\u00a0La communaut\u00e9 de communes Sud Sarthe et l\u2019\u00c9cole des Arts propose dans le cadre du cursus de formation, un temps de repr\u00e9sentation face au public\u00a0\u00bb, fait savoir la communaut\u00e9 de communes dans un communiqu\u00e9.<\/p><\/blockquote>\n<p>&nbsp;<\/p>\n<h3><strong>La nouvelle identit\u00e9 de Sud Sarthe<\/strong><\/h3>\n<p>L\u2019<a href=\"https:\/\/www.comcomsudsarthe.fr\/enseignement-artistique\">EIEA Sud Sarthe<\/a>, l\u2019\u00c9tablissement Intercommunal d\u2019Enseignement Artistique, \u00a0se positionne comme <strong>\u00ab lieu de ressources \u00bb<\/strong> destin\u00e9 \u00e0\u00a0 l\u2019\u00e9panouissement de projets musicaux et chor\u00e9graphiques autonomes port\u00e9s par les \u00e9l\u00e8ves durant toute la dur\u00e9e de leur cursus.<\/p>\n<p>Auditions, \u00e9valuations, concerts, projets, travail individuel et collectif permettent aux \u00e9l\u00e8ves de tous niveaux de s\u2019\u00e9panouir. Un univers artistique <strong>encadr\u00e9 par des professeurs dipl\u00f4m\u00e9s<\/strong>, sp\u00e9cialis\u00e9s et passionn\u00e9s par leur travail. Ces sites d\u2019enseignements se situent \u00e0 <strong>Mayet, au Lude, et \u00e0 Mansign\u00e9<\/strong>.<\/p>\n<p>&nbsp;<\/p>\n<h3><strong>Apr\u00e8s trois ann\u00e9es d\u2019absence <\/strong><\/h3>\n<p>Le<strong> Festival de l&#8217;\u00c9cole des Arts<\/strong> est enfin de retour, apr\u00e8s trois ann\u00e9es d\u2019absence.<\/p>\n<p>Pour clore cette ann\u00e9e d&#8217;enseignement, les \u00e9l\u00e8ves et les professeurs pr\u00e9parent ce grand rendez-vous annuel qui se d\u00e9roulera le<strong> samedi 4 juin \u00e0 18h \u00e0 l&#8217;Espace Ronsard au Lude<\/strong>.<\/p>\n<p>Plusieurs animations seront pr\u00e9vues lors de ce grand r\u00e9cital de fin d\u2019ann\u00e9e. <strong>C\u00f4t\u00e9 musique<\/strong>, diff\u00e9rents ensembles se produiront : les cuivres, les percussions, les fl\u00fbtes, les saxophones, les pianos, les guitares et les violons. <strong>C\u00f4t\u00e9 danse et gestes<\/strong>, les jeunes \u00e9l\u00e8ves de l&#8217;enseignement \u00c9veil Musical et Corporel et les \u00e9l\u00e8ves danseurs contemporains accompagneront ce temps musical. Toutes les disciplines enseign\u00e9es seront donc pr\u00e9sentes.<\/p>\n<p>Apr\u00e8s une longue absence, le grand rendez-vous de fin d\u2019ann\u00e9e est donn\u00e9, le samedi 4 juin, au Lude, \u00e0 l\u2019Espace Ronsard, d\u00e8s 18h.<\/p>\n<p>&nbsp;<\/p>\n<h5>Renseignement \u00e0 l\u2019accueil du p\u00f4le intercommunal EQUIP\u2019AGES au 02 85 29 12 08 ou aupr\u00e8s du directeur de l\u2019\u00c9cole des Arts au 06 84 54 24 33.<\/h5>\n<!-- AddThis Advanced Settings generic via filter on the_content --><!-- AddThis Share Buttons generic via filter on the_content -->","protected":false},"excerpt":{"rendered":"<p>La communaut\u00e9 de communes Sud Sarthe renouvelle son \u00ab festival de l&#8217;\u00e9cole des Arts \u00bb, apr\u00e8s trois ann\u00e9es d\u2019absence en proposant un grand rendez-vous annuel qui se d\u00e9roulera le samedi 4 juin \u00e0 l\u2019Espace Ronsard du Lude. &nbsp; La nouvelle identit\u00e9, l&#8217;\u00c9tablissement Intercommunal d\u2019Enseignement Artistique, de la communaut\u00e9 de commues Sud Sarthe, et son festival&hellip;<!-- AddThis Advanced Settings generic via filter on get_the_excerpt --><!-- AddThis Share Buttons generic via filter on get_the_excerpt --><\/p>\n","protected":false},"author":4,"featured_media":10000,"comment_status":"closed","ping_status":"open","sticky":false,"template":"","format":"standard","meta":{"footnotes":""},"categories":[1],"tags":[],"class_list":["post-9998","post","type-post","status-publish","format-standard","has-post-thumbnail","hentry","category-contact-fm-72","category-1","description-off"],"yoast_head":"<!-- This site is optimized with the Yoast SEO plugin v27.4 - https:\/\/yoast.com\/product\/yoast-seo-wordpress\/ -->\n<title>EIEA Sud Sarthe. Grand r\u00e9cital de fin d\u2019ann\u00e9e le samedi 4 juin - Contact FM 99.3<\/title>\n<meta name=\"robots\" content=\"index, follow, max-snippet:-1, max-image-preview:large, max-video-preview:-1\" \/>\n<link rel=\"canonical\" href=\"https:\/\/contactfm72.fr\/?p=9998\" \/>\n<meta property=\"og:locale\" content=\"fr_FR\" \/>\n<meta property=\"og:type\" content=\"article\" \/>\n<meta property=\"og:title\" content=\"EIEA Sud Sarthe. Grand r\u00e9cital de fin d\u2019ann\u00e9e le samedi 4 juin - Contact FM 99.3\" \/>\n<meta property=\"og:description\" content=\"La communaut\u00e9 de communes Sud Sarthe renouvelle son \u00ab festival de l&#8217;\u00e9cole des Arts \u00bb, apr\u00e8s trois ann\u00e9es d\u2019absence en proposant un grand rendez-vous annuel qui se d\u00e9roulera le samedi 4 juin \u00e0 l\u2019Espace Ronsard du Lude. &nbsp; La nouvelle identit\u00e9, l&#8217;\u00c9tablissement Intercommunal d\u2019Enseignement Artistique, de la communaut\u00e9 de commues Sud Sarthe, et son festival&hellip;\" \/>\n<meta property=\"og:url\" content=\"https:\/\/contactfm72.fr\/?p=9998\" \/>\n<meta property=\"og:site_name\" content=\"Contact FM 99.3\" \/>\n<meta property=\"article:publisher\" content=\"https:\/\/www.facebook.com\/Contactfm.Chateauduloir\" \/>\n<meta property=\"article:published_time\" content=\"2022-06-02T10:00:18+00:00\" \/>\n<meta property=\"og:image\" content=\"https:\/\/contactfm72.fr\/wp-content\/uploads\/2022\/05\/SS-festival-\u00e9cole-des-arts.jpg\" \/>\n\t<meta property=\"og:image:width\" content=\"828\" \/>\n\t<meta property=\"og:image:height\" content=\"454\" \/>\n\t<meta property=\"og:image:type\" content=\"image\/jpeg\" \/>\n<meta name=\"author\" content=\"Val\u00e9rie C.\" \/>\n<meta name=\"twitter:card\" content=\"summary_large_image\" \/>\n<meta name=\"twitter:creator\" content=\"@contactfm72\" \/>\n<meta name=\"twitter:site\" content=\"@contactfm72\" \/>\n<meta name=\"twitter:label1\" content=\"\u00c9crit par\" \/>\n\t<meta name=\"twitter:data1\" content=\"Val\u00e9rie C.\" \/>\n\t<meta name=\"twitter:label2\" content=\"Dur\u00e9e de lecture estim\u00e9e\" \/>\n\t<meta name=\"twitter:data2\" content=\"2 minutes\" \/>\n<script type=\"application\/ld+json\" class=\"yoast-schema-graph\">{\"@context\":\"https:\\\/\\\/schema.org\",\"@graph\":[{\"@type\":\"Article\",\"@id\":\"https:\\\/\\\/contactfm72.fr\\\/?p=9998#article\",\"isPartOf\":{\"@id\":\"https:\\\/\\\/contactfm72.fr\\\/?p=9998\"},\"author\":{\"name\":\"Val\u00e9rie C.\",\"@id\":\"https:\\\/\\\/contactfm72.fr\\\/#\\\/schema\\\/person\\\/9fdc9d1c2eb029354a4f1535b90ba82d\"},\"headline\":\"EIEA Sud Sarthe. Grand r\u00e9cital de fin d\u2019ann\u00e9e le samedi 4 juin\",\"datePublished\":\"2022-06-02T10:00:18+00:00\",\"mainEntityOfPage\":{\"@id\":\"https:\\\/\\\/contactfm72.fr\\\/?p=9998\"},\"wordCount\":394,\"publisher\":{\"@id\":\"https:\\\/\\\/contactfm72.fr\\\/#organization\"},\"image\":{\"@id\":\"https:\\\/\\\/contactfm72.fr\\\/?p=9998#primaryimage\"},\"thumbnailUrl\":\"https:\\\/\\\/contactfm72.fr\\\/wp-content\\\/uploads\\\/2022\\\/05\\\/SS-festival-\u00e9cole-des-arts.jpg\",\"articleSection\":[\"Contact FM 72\"],\"inLanguage\":\"fr-FR\"},{\"@type\":\"WebPage\",\"@id\":\"https:\\\/\\\/contactfm72.fr\\\/?p=9998\",\"url\":\"https:\\\/\\\/contactfm72.fr\\\/?p=9998\",\"name\":\"EIEA Sud Sarthe. Grand r\u00e9cital de fin d\u2019ann\u00e9e le samedi 4 juin - Contact FM 99.3\",\"isPartOf\":{\"@id\":\"https:\\\/\\\/contactfm72.fr\\\/#website\"},\"primaryImageOfPage\":{\"@id\":\"https:\\\/\\\/contactfm72.fr\\\/?p=9998#primaryimage\"},\"image\":{\"@id\":\"https:\\\/\\\/contactfm72.fr\\\/?p=9998#primaryimage\"},\"thumbnailUrl\":\"https:\\\/\\\/contactfm72.fr\\\/wp-content\\\/uploads\\\/2022\\\/05\\\/SS-festival-\u00e9cole-des-arts.jpg\",\"datePublished\":\"2022-06-02T10:00:18+00:00\",\"breadcrumb\":{\"@id\":\"https:\\\/\\\/contactfm72.fr\\\/?p=9998#breadcrumb\"},\"inLanguage\":\"fr-FR\",\"potentialAction\":[{\"@type\":\"ReadAction\",\"target\":[\"https:\\\/\\\/contactfm72.fr\\\/?p=9998\"]}]},{\"@type\":\"ImageObject\",\"inLanguage\":\"fr-FR\",\"@id\":\"https:\\\/\\\/contactfm72.fr\\\/?p=9998#primaryimage\",\"url\":\"https:\\\/\\\/contactfm72.fr\\\/wp-content\\\/uploads\\\/2022\\\/05\\\/SS-festival-\u00e9cole-des-arts.jpg\",\"contentUrl\":\"https:\\\/\\\/contactfm72.fr\\\/wp-content\\\/uploads\\\/2022\\\/05\\\/SS-festival-\u00e9cole-des-arts.jpg\",\"width\":828,\"height\":454,\"caption\":\"Image illustration de l'EIEA.\"},{\"@type\":\"BreadcrumbList\",\"@id\":\"https:\\\/\\\/contactfm72.fr\\\/?p=9998#breadcrumb\",\"itemListElement\":[{\"@type\":\"ListItem\",\"position\":1,\"name\":\"Accueil\",\"item\":\"https:\\\/\\\/contactfm72.fr\\\/\"},{\"@type\":\"ListItem\",\"position\":2,\"name\":\"EIEA Sud Sarthe. Grand r\u00e9cital de fin d\u2019ann\u00e9e le samedi 4 juin\"}]},{\"@type\":\"WebSite\",\"@id\":\"https:\\\/\\\/contactfm72.fr\\\/#website\",\"url\":\"https:\\\/\\\/contactfm72.fr\\\/\",\"name\":\"Contact FM 99.3\",\"description\":\"Votre radio en vall\u00e9e du Loir\",\"publisher\":{\"@id\":\"https:\\\/\\\/contactfm72.fr\\\/#organization\"},\"potentialAction\":[{\"@type\":\"SearchAction\",\"target\":{\"@type\":\"EntryPoint\",\"urlTemplate\":\"https:\\\/\\\/contactfm72.fr\\\/?s={search_term_string}\"},\"query-input\":{\"@type\":\"PropertyValueSpecification\",\"valueRequired\":true,\"valueName\":\"search_term_string\"}}],\"inLanguage\":\"fr-FR\"},{\"@type\":\"Organization\",\"@id\":\"https:\\\/\\\/contactfm72.fr\\\/#organization\",\"name\":\"Contact FM 99.3\",\"url\":\"https:\\\/\\\/contactfm72.fr\\\/\",\"logo\":{\"@type\":\"ImageObject\",\"inLanguage\":\"fr-FR\",\"@id\":\"https:\\\/\\\/contactfm72.fr\\\/#\\\/schema\\\/logo\\\/image\\\/\",\"url\":\"https:\\\/\\\/contactfm72.fr\\\/wp-content\\\/uploads\\\/2025\\\/04\\\/2025-04-18-2.jpg\",\"contentUrl\":\"https:\\\/\\\/contactfm72.fr\\\/wp-content\\\/uploads\\\/2025\\\/04\\\/2025-04-18-2.jpg\",\"width\":680,\"height\":307,\"caption\":\"Contact FM 99.3\"},\"image\":{\"@id\":\"https:\\\/\\\/contactfm72.fr\\\/#\\\/schema\\\/logo\\\/image\\\/\"},\"sameAs\":[\"https:\\\/\\\/www.facebook.com\\\/Contactfm.Chateauduloir\",\"https:\\\/\\\/x.com\\\/contactfm72\",\"https:\\\/\\\/www.instagram.com\\\/contact.fm.72?igsh=cGhlMHQ5N2JlNnpp\",\"https:\\\/\\\/www.tiktok.com\\\/@contact.fm\"]},{\"@type\":\"Person\",\"@id\":\"https:\\\/\\\/contactfm72.fr\\\/#\\\/schema\\\/person\\\/9fdc9d1c2eb029354a4f1535b90ba82d\",\"name\":\"Val\u00e9rie C.\",\"image\":{\"@type\":\"ImageObject\",\"inLanguage\":\"fr-FR\",\"@id\":\"https:\\\/\\\/secure.gravatar.com\\\/avatar\\\/2f8aa28f8dfbd7d4420afd1fdcdd0a349923e2c8a38ab28198b0f9d0601e4737?s=96&d=mm&r=g\",\"url\":\"https:\\\/\\\/secure.gravatar.com\\\/avatar\\\/2f8aa28f8dfbd7d4420afd1fdcdd0a349923e2c8a38ab28198b0f9d0601e4737?s=96&d=mm&r=g\",\"contentUrl\":\"https:\\\/\\\/secure.gravatar.com\\\/avatar\\\/2f8aa28f8dfbd7d4420afd1fdcdd0a349923e2c8a38ab28198b0f9d0601e4737?s=96&d=mm&r=g\",\"caption\":\"Val\u00e9rie C.\"},\"url\":\"https:\\\/\\\/contactfm72.fr\\\/?author=4\"}]}<\/script>\n<!-- \/ Yoast SEO plugin. -->","yoast_head_json":{"title":"EIEA Sud Sarthe. Grand r\u00e9cital de fin d\u2019ann\u00e9e le samedi 4 juin - Contact FM 99.3","robots":{"index":"index","follow":"follow","max-snippet":"max-snippet:-1","max-image-preview":"max-image-preview:large","max-video-preview":"max-video-preview:-1"},"canonical":"https:\/\/contactfm72.fr\/?p=9998","og_locale":"fr_FR","og_type":"article","og_title":"EIEA Sud Sarthe. Grand r\u00e9cital de fin d\u2019ann\u00e9e le samedi 4 juin - Contact FM 99.3","og_description":"La communaut\u00e9 de communes Sud Sarthe renouvelle son \u00ab festival de l&#8217;\u00e9cole des Arts \u00bb, apr\u00e8s trois ann\u00e9es d\u2019absence en proposant un grand rendez-vous annuel qui se d\u00e9roulera le samedi 4 juin \u00e0 l\u2019Espace Ronsard du Lude. &nbsp; La nouvelle identit\u00e9, l&#8217;\u00c9tablissement Intercommunal d\u2019Enseignement Artistique, de la communaut\u00e9 de commues Sud Sarthe, et son festival&hellip;","og_url":"https:\/\/contactfm72.fr\/?p=9998","og_site_name":"Contact FM 99.3","article_publisher":"https:\/\/www.facebook.com\/Contactfm.Chateauduloir","article_published_time":"2022-06-02T10:00:18+00:00","og_image":[{"width":828,"height":454,"url":"https:\/\/contactfm72.fr\/wp-content\/uploads\/2022\/05\/SS-festival-\u00e9cole-des-arts.jpg","type":"image\/jpeg"}],"author":"Val\u00e9rie C.","twitter_card":"summary_large_image","twitter_creator":"@contactfm72","twitter_site":"@contactfm72","twitter_misc":{"\u00c9crit par":"Val\u00e9rie C.","Dur\u00e9e de lecture estim\u00e9e":"2 minutes"},"schema":{"@context":"https:\/\/schema.org","@graph":[{"@type":"Article","@id":"https:\/\/contactfm72.fr\/?p=9998#article","isPartOf":{"@id":"https:\/\/contactfm72.fr\/?p=9998"},"author":{"name":"Val\u00e9rie C.","@id":"https:\/\/contactfm72.fr\/#\/schema\/person\/9fdc9d1c2eb029354a4f1535b90ba82d"},"headline":"EIEA Sud Sarthe. Grand r\u00e9cital de fin d\u2019ann\u00e9e le samedi 4 juin","datePublished":"2022-06-02T10:00:18+00:00","mainEntityOfPage":{"@id":"https:\/\/contactfm72.fr\/?p=9998"},"wordCount":394,"publisher":{"@id":"https:\/\/contactfm72.fr\/#organization"},"image":{"@id":"https:\/\/contactfm72.fr\/?p=9998#primaryimage"},"thumbnailUrl":"https:\/\/contactfm72.fr\/wp-content\/uploads\/2022\/05\/SS-festival-\u00e9cole-des-arts.jpg","articleSection":["Contact FM 72"],"inLanguage":"fr-FR"},{"@type":"WebPage","@id":"https:\/\/contactfm72.fr\/?p=9998","url":"https:\/\/contactfm72.fr\/?p=9998","name":"EIEA Sud Sarthe. Grand r\u00e9cital de fin d\u2019ann\u00e9e le samedi 4 juin - Contact FM 99.3","isPartOf":{"@id":"https:\/\/contactfm72.fr\/#website"},"primaryImageOfPage":{"@id":"https:\/\/contactfm72.fr\/?p=9998#primaryimage"},"image":{"@id":"https:\/\/contactfm72.fr\/?p=9998#primaryimage"},"thumbnailUrl":"https:\/\/contactfm72.fr\/wp-content\/uploads\/2022\/05\/SS-festival-\u00e9cole-des-arts.jpg","datePublished":"2022-06-02T10:00:18+00:00","breadcrumb":{"@id":"https:\/\/contactfm72.fr\/?p=9998#breadcrumb"},"inLanguage":"fr-FR","potentialAction":[{"@type":"ReadAction","target":["https:\/\/contactfm72.fr\/?p=9998"]}]},{"@type":"ImageObject","inLanguage":"fr-FR","@id":"https:\/\/contactfm72.fr\/?p=9998#primaryimage","url":"https:\/\/contactfm72.fr\/wp-content\/uploads\/2022\/05\/SS-festival-\u00e9cole-des-arts.jpg","contentUrl":"https:\/\/contactfm72.fr\/wp-content\/uploads\/2022\/05\/SS-festival-\u00e9cole-des-arts.jpg","width":828,"height":454,"caption":"Image illustration de l'EIEA."},{"@type":"BreadcrumbList","@id":"https:\/\/contactfm72.fr\/?p=9998#breadcrumb","itemListElement":[{"@type":"ListItem","position":1,"name":"Accueil","item":"https:\/\/contactfm72.fr\/"},{"@type":"ListItem","position":2,"name":"EIEA Sud Sarthe. Grand r\u00e9cital de fin d\u2019ann\u00e9e le samedi 4 juin"}]},{"@type":"WebSite","@id":"https:\/\/contactfm72.fr\/#website","url":"https:\/\/contactfm72.fr\/","name":"Contact FM 99.3","description":"Votre radio en vall\u00e9e du Loir","publisher":{"@id":"https:\/\/contactfm72.fr\/#organization"},"potentialAction":[{"@type":"SearchAction","target":{"@type":"EntryPoint","urlTemplate":"https:\/\/contactfm72.fr\/?s={search_term_string}"},"query-input":{"@type":"PropertyValueSpecification","valueRequired":true,"valueName":"search_term_string"}}],"inLanguage":"fr-FR"},{"@type":"Organization","@id":"https:\/\/contactfm72.fr\/#organization","name":"Contact FM 99.3","url":"https:\/\/contactfm72.fr\/","logo":{"@type":"ImageObject","inLanguage":"fr-FR","@id":"https:\/\/contactfm72.fr\/#\/schema\/logo\/image\/","url":"https:\/\/contactfm72.fr\/wp-content\/uploads\/2025\/04\/2025-04-18-2.jpg","contentUrl":"https:\/\/contactfm72.fr\/wp-content\/uploads\/2025\/04\/2025-04-18-2.jpg","width":680,"height":307,"caption":"Contact FM 99.3"},"image":{"@id":"https:\/\/contactfm72.fr\/#\/schema\/logo\/image\/"},"sameAs":["https:\/\/www.facebook.com\/Contactfm.Chateauduloir","https:\/\/x.com\/contactfm72","https:\/\/www.instagram.com\/contact.fm.72?igsh=cGhlMHQ5N2JlNnpp","https:\/\/www.tiktok.com\/@contact.fm"]},{"@type":"Person","@id":"https:\/\/contactfm72.fr\/#\/schema\/person\/9fdc9d1c2eb029354a4f1535b90ba82d","name":"Val\u00e9rie C.","image":{"@type":"ImageObject","inLanguage":"fr-FR","@id":"https:\/\/secure.gravatar.com\/avatar\/2f8aa28f8dfbd7d4420afd1fdcdd0a349923e2c8a38ab28198b0f9d0601e4737?s=96&d=mm&r=g","url":"https:\/\/secure.gravatar.com\/avatar\/2f8aa28f8dfbd7d4420afd1fdcdd0a349923e2c8a38ab28198b0f9d0601e4737?s=96&d=mm&r=g","contentUrl":"https:\/\/secure.gravatar.com\/avatar\/2f8aa28f8dfbd7d4420afd1fdcdd0a349923e2c8a38ab28198b0f9d0601e4737?s=96&d=mm&r=g","caption":"Val\u00e9rie C."},"url":"https:\/\/contactfm72.fr\/?author=4"}]}},"_links":{"self":[{"href":"https:\/\/contactfm72.fr\/index.php?rest_route=\/wp\/v2\/posts\/9998","targetHints":{"allow":["GET"]}}],"collection":[{"href":"https:\/\/contactfm72.fr\/index.php?rest_route=\/wp\/v2\/posts"}],"about":[{"href":"https:\/\/contactfm72.fr\/index.php?rest_route=\/wp\/v2\/types\/post"}],"author":[{"embeddable":true,"href":"https:\/\/contactfm72.fr\/index.php?rest_route=\/wp\/v2\/users\/4"}],"replies":[{"embeddable":true,"href":"https:\/\/contactfm72.fr\/index.php?rest_route=%2Fwp%2Fv2%2Fcomments&post=9998"}],"version-history":[{"count":1,"href":"https:\/\/contactfm72.fr\/index.php?rest_route=\/wp\/v2\/posts\/9998\/revisions"}],"predecessor-version":[{"id":10003,"href":"https:\/\/contactfm72.fr\/index.php?rest_route=\/wp\/v2\/posts\/9998\/revisions\/10003"}],"wp:featuredmedia":[{"embeddable":true,"href":"https:\/\/contactfm72.fr\/index.php?rest_route=\/wp\/v2\/media\/10000"}],"wp:attachment":[{"href":"https:\/\/contactfm72.fr\/index.php?rest_route=%2Fwp%2Fv2%2Fmedia&parent=9998"}],"wp:term":[{"taxonomy":"category","embeddable":true,"href":"https:\/\/contactfm72.fr\/index.php?rest_route=%2Fwp%2Fv2%2Fcategories&post=9998"},{"taxonomy":"post_tag","embeddable":true,"href":"https:\/\/contactfm72.fr\/index.php?rest_route=%2Fwp%2Fv2%2Ftags&post=9998"}],"curies":[{"name":"wp","href":"https:\/\/api.w.org\/{rel}","templated":true}]}}