{"id":9987,"date":"2022-05-31T10:02:45","date_gmt":"2022-05-31T08:02:45","guid":{"rendered":"http:\/\/contactfm72.fr\/?p=9987"},"modified":"2022-05-31T16:09:51","modified_gmt":"2022-05-31T14:09:51","slug":"elections-legislatives-qui-sont-les-candidats-de-la-3eme-circonscription-de-sarthe","status":"publish","type":"post","link":"https:\/\/contactfm72.fr\/?p=9987","title":{"rendered":"\u00c9lections l\u00e9gislatives. Qui sont les candidats de la 3\u00e8me circonscription de la Sarthe ?"},"content":{"rendered":"<h2>Les \u00e9lections l\u00e9gislatives auront lieu les dimanches 12 et 19 juin 2022. Neuf candidats s\u2019affronteront lors du premier tour pour succ\u00e9der \u00e0 Pascale Fontenel-Personne, actuelle d\u00e9put\u00e9e de la 3<sup>\u00e8me<\/sup> circonscription sarthoise. Quel est l\u2019enjeu de ces \u00e9lections ? Qui sont les candidats de la 3<sup>\u00e8me<\/sup> circonscription de la Sarthe\u00a0?<\/h2>\n<p>Depuis 2001, les \u00e9lections l\u00e9gislatives en France prennent place apr\u00e8s l\u2019\u00e9lection pr\u00e9sidentielle. Elles ont lieu tous les cinq ans, quelques semaines apr\u00e8s l&#8217;\u00e9lection du chef de l\u2019\u00e9tat. Les \u00e9lections l\u00e9gislatives permettent d\u2019<strong>\u00e9lire les d\u00e9put\u00e9s<\/strong> si\u00e9geant \u00e0 l\u2019<strong>Assembl\u00e9e nationale<\/strong>. Au nombre de <strong>577<\/strong>, le d\u00e9put\u00e9 repr\u00e9sente une circonscription fran\u00e7aise.<\/p>\n<p>&nbsp;<\/p>\n<h3><strong>Les pouvoirs du d\u00e9put\u00e9<\/strong><\/h3>\n<p>Le d\u00e9put\u00e9 participe activement au<strong> travail l\u00e9gislatif<\/strong> du gouvernement et contr\u00f4le son action. Il <strong>vote les lois<\/strong> et peut <strong>d\u00e9poser des propositions de loi<\/strong> et des amendements. \u00c0 savoir \u00e9galement que tout d\u00e9put\u00e9 a le droit de poser des questions au gouvernement. Il \u00e9value les politiques publiques et peut publier des recommandations \u00e0 leur sujet.\u00a0 Un d\u00e9put\u00e9 peut, avec au moins 59 autres d\u00e9put\u00e9s, <strong>saisir le Conseil constitutionnel<\/strong> pour qu\u2019il se prononce sur la conformit\u00e9 du texte vot\u00e9 \u00e0 la Constitution.<\/p>\n<p>&nbsp;<\/p>\n<h3><strong>L\u2019\u00e9lection du d\u00e9put\u00e9<\/strong><\/h3>\n<p>Un d\u00e9put\u00e9 est \u00e9lu au<strong> suffrage universel direct<\/strong> lors des \u00e9lections l\u00e9gislatives organis\u00e9es tous les cinq ans au <strong>scrutin uninominal majoritaire<\/strong> \u00e0 deux tours.<\/p>\n<p>Un candidat est \u00e9lu d\u00e9put\u00e9 d\u00e8s le premier tour s\u2019il obtient la majorit\u00e9 absolue des suffrages exprim\u00e9s ainsi qu\u2019un nombre \u00e9gal au quart du nombre des \u00e9lecteurs inscrits. Si aucun candidat engag\u00e9 n\u2019y parvient, un second tour est organis\u00e9 avec les candidats ayant recueilli un nombre de voix repr\u00e9sentant<strong> au moins 12,5 % du nombre d&#8217;\u00e9lecteurs inscrits<\/strong>. Le candidat \u00e9lu d\u00e9put\u00e9 au second tour est celui qui a obtenu la majorit\u00e9 des suffrages exprim\u00e9s. A noter qu\u2019en cas d&#8217;\u00e9galit\u00e9, le plus \u00e2g\u00e9 des candidats est \u00e9lu. Le candidat est \u00e9lu pour cinq ans au sein de l\u2019Assembl\u00e9e nationale.<\/p>\n<p>L&#8217;actuelle d\u00e9put\u00e9 de la 3<sup>\u00e8me<\/sup> circonscription de la Sarthe, <a href=\"http:\/\/contactfm72.fr\/?p=8864\">Pascale Fontenel Personne a annonc\u00e9 qu&#8217;elle ne se repr\u00e9senterait pas<\/a>. Qui lui succ\u00e8dera ?<\/p>\n<p>&nbsp;<\/p>\n<h3><strong>Qui sont les candidats\u00a0<\/strong><\/h3>\n<p>Alors qu\u2019ils sont<strong> 51 candidats dans les cinq circonscriptions sarthoises<\/strong>, ils sont officiellement <strong>neuf candidats<\/strong> pour ces \u00e9lections l\u00e9gislatives dans la 3<sup>\u00e8me<\/sup> circonscription de la Sarthe, allant de la Fl\u00e8che, \u00e0 Saint-Calais, en passant par Montval-sur-Loir.<\/p>\n<ul>\n<li>Pour le <strong>Rassemblement National<\/strong>, c\u2019est<strong> Bruno Pin\u00e7on<\/strong> qui repr\u00e9sente le <a href=\"https:\/\/rassemblementnational.fr\/\">parti d\u2019extr\u00eame droite<\/a>. 60 ans, natif de Mayet, habitant de Beaumont-Pied-de-B\u0153uf, il a \u00e9t\u00e9 artisan commer\u00e7ant pendant une trentaine d\u2019ann\u00e9es et pr\u00e9sident de la F\u00e9d\u00e9ration fran\u00e7aise des motards en col\u00e8re de la Sarthe. Il est d\u00e9j\u00e0 connu des \u00e9lecteurs sarthois puisqu\u2019il a \u00e9t\u00e9 candidat aux \u00e9lections d\u00e9partementales sur le canton du Lude. Avec son bin\u00f4me Ren\u00e9lia Ourtou, ils ont acc\u00e9d\u00e9 au 2<sup>\u00e8me<\/sup> tour de ces \u00e9lections.<\/li>\n<li><strong>Maryse Brutout<\/strong> est la <a href=\"https:\/\/www.lutte-ouvriere.org\/\">candidate du parti <strong>Lutte Ouvri\u00e8re<\/strong><\/a>. Secr\u00e9taire m\u00e9dicale \u00e2g\u00e9e de 62 ans, la candidate avait pr\u00e9sent\u00e9 une liste pour la mairie du Grand-Luc\u00e9, lors des derni\u00e8res \u00e9lections municipales de 2020. T\u00eate de liste, elle avait par ailleurs r\u00e9colt\u00e9 un peu plus de 5% des voix.<\/li>\n<li><strong>Eric Martineau<\/strong> est le candidat du parti<strong> Renouveau.<\/strong> Arboriculteur de 54 ans, le candidat est l&#8217;actuel maire de Chenu. T\u00eate de liste, il avait r\u00e9colt\u00e9 un peu plus de 75% des voix dans ce village de 428 habitants. Candidat investi par la <a href=\"https:\/\/en-marche.fr\/\">majorit\u00e9 pr\u00e9sidentielle<\/a>, il a logiquement le soutien de la d\u00e9put\u00e9e sarthoise sortante, Pascale Fontenel Personne.<\/li>\n<li><strong>Dominique Leloup<\/strong> est la candidate pour la <strong>Nupes<\/strong>, la<a href=\"https:\/\/ceseranupes.fr\/\"> Nouvelle Union Populaire \u00c9cologique et Sociale<\/a>. Pour rappel, la Nupes prend la forme d&#8217;une coalition \u00e0 laquelle participent l\u2019Europe \u00c9cologie Les Verts, le Parti communiste fran\u00e7ais et le Parti socialiste afin de pr\u00e9senter des candidatures communes aux \u00e9lections l\u00e9gislatives de 2022.<\/li>\n<li><strong>J\u00e9r\u00f4me Poisson<\/strong> est le candidat \u00ab\u00a0<strong>souverainiste\u00a0<\/strong>\u00bb de cette circonscription. L\u2019ouvrier qualifi\u00e9 de la manutention, du magasinage et du transport de 47 ans provient du parti alliant Debout la France, G\u00e9n\u00e9ration Frexit et Les Patriotes.<\/li>\n<li><strong>Laurent Branchu<\/strong> repr\u00e9sente quant \u00e0 lui le <strong>Parti Socialiste<\/strong>, ceux qui n\u2019ont pas souhait\u00e9 s\u2019allier \u00e0 la Nupes, sur fond de divergences entre St\u00e9phane Le Foll et le premier secr\u00e9taire du <a href=\"https:\/\/www.parti-socialiste.fr\/\">PS<\/a>, Olivier Faure.<\/li>\n<li><strong>Bernadette Coudrain<\/strong>, 69 ans et professeur des \u00e9coles, est la <a href=\"https:\/\/www.bernadette2022.fr\/\">candidate du parti d\u2019extr\u00eame droite<\/a>, <strong>Reconqu\u00eate<\/strong>.<\/li>\n<li><strong>Henri No\u00ebl<\/strong>, habitant de Mayet, est cadre de la fonction publique. \u00c0 33 ans, il est investi par aucun parti et s\u2019affiche \u00ab\u00a0<strong>sans \u00e9tiquette\u00a0politique<\/strong>\u00a0\u00bb.<\/li>\n<li>Enfin, pour terminer ce panel de candidat, <strong>B\u00e9atrice Latouche<\/strong> se <a href=\"https:\/\/beatricelatouche.fr\/\">pr\u00e9sente aux \u00e9lections l\u00e9gislatives<\/a>. 49 ans, de tendance politique <strong>divers droite<\/strong>, maire du Lude, conseill\u00e8re r\u00e9gionale, vice-pr\u00e9sidente de la communaut\u00e9 de communes Sud Sarthe et pr\u00e9sidente du pays Vall\u00e9e du Loir, elle est candidate aux l\u00e9gislatives des 12 et 19 juin 2022.<\/li>\n<\/ul>\n<p>&nbsp;<\/p>\n<p>Parmi ces neuf candidats, seulement un succ\u00e9dera \u00e0 Pascale Fontenel Personne \u00e0 la place de d\u00e9put\u00e9 de la 3<sup>\u00e8me<\/sup> circonscription de la Sarthe. Avec un taux d\u2019abstention de <strong>58.14% lors du second tour<\/strong> des \u00e9lections l\u00e9gislatives de <strong>2017<\/strong> et de <strong>40.51% en 2012<\/strong>, il para\u00eet coh\u00e9rent que les candidats doivent ainsi lutter pour attirer les \u00e9lecteurs aux urnes.<\/p>\n<!-- AddThis Advanced Settings generic via filter on the_content --><!-- AddThis Share Buttons generic via filter on the_content -->","protected":false},"excerpt":{"rendered":"<p>Les \u00e9lections l\u00e9gislatives auront lieu les dimanches 12 et 19 juin 2022. Neuf candidats s\u2019affronteront lors du premier tour pour succ\u00e9der \u00e0 Pascale Fontenel-Personne, actuelle d\u00e9put\u00e9e de la 3\u00e8me circonscription sarthoise. Quel est l\u2019enjeu de ces \u00e9lections ? Qui sont les candidats de la 3\u00e8me circonscription de la Sarthe\u00a0? Depuis 2001, les \u00e9lections l\u00e9gislatives en&hellip;<!-- AddThis Advanced Settings generic via filter on get_the_excerpt --><!-- AddThis Share Buttons generic via filter on get_the_excerpt --><\/p>\n","protected":false},"author":4,"featured_media":9992,"comment_status":"closed","ping_status":"open","sticky":false,"template":"","format":"standard","meta":{"footnotes":""},"categories":[1],"tags":[],"class_list":["post-9987","post","type-post","status-publish","format-standard","has-post-thumbnail","hentry","category-contact-fm-72","category-1","description-off"],"yoast_head":"<!-- This site is optimized with the Yoast SEO plugin v27.4 - https:\/\/yoast.com\/product\/yoast-seo-wordpress\/ -->\n<title>\u00c9lections l\u00e9gislatives. Qui sont les candidats de la 3\u00e8me circonscription de la Sarthe ? - Contact FM 99.3<\/title>\n<meta name=\"robots\" content=\"index, follow, max-snippet:-1, max-image-preview:large, max-video-preview:-1\" \/>\n<link rel=\"canonical\" href=\"https:\/\/contactfm72.fr\/?p=9987\" \/>\n<meta property=\"og:locale\" content=\"fr_FR\" \/>\n<meta property=\"og:type\" content=\"article\" \/>\n<meta property=\"og:title\" content=\"\u00c9lections l\u00e9gislatives. Qui sont les candidats de la 3\u00e8me circonscription de la Sarthe ? - Contact FM 99.3\" \/>\n<meta property=\"og:description\" content=\"Les \u00e9lections l\u00e9gislatives auront lieu les dimanches 12 et 19 juin 2022. Neuf candidats s\u2019affronteront lors du premier tour pour succ\u00e9der \u00e0 Pascale Fontenel-Personne, actuelle d\u00e9put\u00e9e de la 3\u00e8me circonscription sarthoise. Quel est l\u2019enjeu de ces \u00e9lections ? Qui sont les candidats de la 3\u00e8me circonscription de la Sarthe\u00a0? Depuis 2001, les \u00e9lections l\u00e9gislatives en&hellip;\" \/>\n<meta property=\"og:url\" content=\"https:\/\/contactfm72.fr\/?p=9987\" \/>\n<meta property=\"og:site_name\" content=\"Contact FM 99.3\" \/>\n<meta property=\"article:publisher\" content=\"https:\/\/www.facebook.com\/Contactfm.Chateauduloir\" \/>\n<meta property=\"article:published_time\" content=\"2022-05-31T08:02:45+00:00\" \/>\n<meta property=\"article:modified_time\" content=\"2022-05-31T14:09:51+00:00\" \/>\n<meta property=\"og:image\" content=\"https:\/\/contactfm72.fr\/wp-content\/uploads\/2022\/05\/L\u00e9gislatives-QUI-CANDIDATS.png\" \/>\n\t<meta property=\"og:image:width\" content=\"2000\" \/>\n\t<meta property=\"og:image:height\" content=\"1600\" \/>\n\t<meta property=\"og:image:type\" content=\"image\/png\" \/>\n<meta name=\"author\" content=\"Val\u00e9rie C.\" \/>\n<meta name=\"twitter:card\" content=\"summary_large_image\" \/>\n<meta name=\"twitter:creator\" content=\"@contactfm72\" \/>\n<meta name=\"twitter:site\" content=\"@contactfm72\" \/>\n<meta name=\"twitter:label1\" content=\"\u00c9crit par\" \/>\n\t<meta name=\"twitter:data1\" content=\"Val\u00e9rie C.\" \/>\n\t<meta name=\"twitter:label2\" content=\"Dur\u00e9e de lecture estim\u00e9e\" \/>\n\t<meta name=\"twitter:data2\" content=\"5 minutes\" \/>\n<script type=\"application\/ld+json\" class=\"yoast-schema-graph\">{\"@context\":\"https:\\\/\\\/schema.org\",\"@graph\":[{\"@type\":\"Article\",\"@id\":\"https:\\\/\\\/contactfm72.fr\\\/?p=9987#article\",\"isPartOf\":{\"@id\":\"https:\\\/\\\/contactfm72.fr\\\/?p=9987\"},\"author\":{\"name\":\"Val\u00e9rie C.\",\"@id\":\"https:\\\/\\\/contactfm72.fr\\\/#\\\/schema\\\/person\\\/9fdc9d1c2eb029354a4f1535b90ba82d\"},\"headline\":\"\u00c9lections l\u00e9gislatives. Qui sont les candidats de la 3\u00e8me circonscription de la Sarthe ?\",\"datePublished\":\"2022-05-31T08:02:45+00:00\",\"dateModified\":\"2022-05-31T14:09:51+00:00\",\"mainEntityOfPage\":{\"@id\":\"https:\\\/\\\/contactfm72.fr\\\/?p=9987\"},\"wordCount\":924,\"publisher\":{\"@id\":\"https:\\\/\\\/contactfm72.fr\\\/#organization\"},\"image\":{\"@id\":\"https:\\\/\\\/contactfm72.fr\\\/?p=9987#primaryimage\"},\"thumbnailUrl\":\"https:\\\/\\\/contactfm72.fr\\\/wp-content\\\/uploads\\\/2022\\\/05\\\/L\u00e9gislatives-QUI-CANDIDATS.png\",\"articleSection\":[\"Contact FM 72\"],\"inLanguage\":\"fr-FR\"},{\"@type\":\"WebPage\",\"@id\":\"https:\\\/\\\/contactfm72.fr\\\/?p=9987\",\"url\":\"https:\\\/\\\/contactfm72.fr\\\/?p=9987\",\"name\":\"\u00c9lections l\u00e9gislatives. Qui sont les candidats de la 3\u00e8me circonscription de la Sarthe ? - Contact FM 99.3\",\"isPartOf\":{\"@id\":\"https:\\\/\\\/contactfm72.fr\\\/#website\"},\"primaryImageOfPage\":{\"@id\":\"https:\\\/\\\/contactfm72.fr\\\/?p=9987#primaryimage\"},\"image\":{\"@id\":\"https:\\\/\\\/contactfm72.fr\\\/?p=9987#primaryimage\"},\"thumbnailUrl\":\"https:\\\/\\\/contactfm72.fr\\\/wp-content\\\/uploads\\\/2022\\\/05\\\/L\u00e9gislatives-QUI-CANDIDATS.png\",\"datePublished\":\"2022-05-31T08:02:45+00:00\",\"dateModified\":\"2022-05-31T14:09:51+00:00\",\"breadcrumb\":{\"@id\":\"https:\\\/\\\/contactfm72.fr\\\/?p=9987#breadcrumb\"},\"inLanguage\":\"fr-FR\",\"potentialAction\":[{\"@type\":\"ReadAction\",\"target\":[\"https:\\\/\\\/contactfm72.fr\\\/?p=9987\"]}]},{\"@type\":\"ImageObject\",\"inLanguage\":\"fr-FR\",\"@id\":\"https:\\\/\\\/contactfm72.fr\\\/?p=9987#primaryimage\",\"url\":\"https:\\\/\\\/contactfm72.fr\\\/wp-content\\\/uploads\\\/2022\\\/05\\\/L\u00e9gislatives-QUI-CANDIDATS.png\",\"contentUrl\":\"https:\\\/\\\/contactfm72.fr\\\/wp-content\\\/uploads\\\/2022\\\/05\\\/L\u00e9gislatives-QUI-CANDIDATS.png\",\"width\":2000,\"height\":1600,\"caption\":\"Quel est le r\u00e9sultat du 1er tour des \u00e9lections l\u00e9gislatives dans la 3\u00e8me circonscription de la Sarthe ?\"},{\"@type\":\"BreadcrumbList\",\"@id\":\"https:\\\/\\\/contactfm72.fr\\\/?p=9987#breadcrumb\",\"itemListElement\":[{\"@type\":\"ListItem\",\"position\":1,\"name\":\"Accueil\",\"item\":\"https:\\\/\\\/contactfm72.fr\\\/\"},{\"@type\":\"ListItem\",\"position\":2,\"name\":\"\u00c9lections l\u00e9gislatives. Qui sont les candidats de la 3\u00e8me circonscription de la Sarthe ?\"}]},{\"@type\":\"WebSite\",\"@id\":\"https:\\\/\\\/contactfm72.fr\\\/#website\",\"url\":\"https:\\\/\\\/contactfm72.fr\\\/\",\"name\":\"Contact FM 99.3\",\"description\":\"Votre radio en vall\u00e9e du Loir\",\"publisher\":{\"@id\":\"https:\\\/\\\/contactfm72.fr\\\/#organization\"},\"potentialAction\":[{\"@type\":\"SearchAction\",\"target\":{\"@type\":\"EntryPoint\",\"urlTemplate\":\"https:\\\/\\\/contactfm72.fr\\\/?s={search_term_string}\"},\"query-input\":{\"@type\":\"PropertyValueSpecification\",\"valueRequired\":true,\"valueName\":\"search_term_string\"}}],\"inLanguage\":\"fr-FR\"},{\"@type\":\"Organization\",\"@id\":\"https:\\\/\\\/contactfm72.fr\\\/#organization\",\"name\":\"Contact FM 99.3\",\"url\":\"https:\\\/\\\/contactfm72.fr\\\/\",\"logo\":{\"@type\":\"ImageObject\",\"inLanguage\":\"fr-FR\",\"@id\":\"https:\\\/\\\/contactfm72.fr\\\/#\\\/schema\\\/logo\\\/image\\\/\",\"url\":\"https:\\\/\\\/contactfm72.fr\\\/wp-content\\\/uploads\\\/2025\\\/04\\\/2025-04-18-2.jpg\",\"contentUrl\":\"https:\\\/\\\/contactfm72.fr\\\/wp-content\\\/uploads\\\/2025\\\/04\\\/2025-04-18-2.jpg\",\"width\":680,\"height\":307,\"caption\":\"Contact FM 99.3\"},\"image\":{\"@id\":\"https:\\\/\\\/contactfm72.fr\\\/#\\\/schema\\\/logo\\\/image\\\/\"},\"sameAs\":[\"https:\\\/\\\/www.facebook.com\\\/Contactfm.Chateauduloir\",\"https:\\\/\\\/x.com\\\/contactfm72\",\"https:\\\/\\\/www.instagram.com\\\/contact.fm.72?igsh=cGhlMHQ5N2JlNnpp\",\"https:\\\/\\\/www.tiktok.com\\\/@contact.fm\"]},{\"@type\":\"Person\",\"@id\":\"https:\\\/\\\/contactfm72.fr\\\/#\\\/schema\\\/person\\\/9fdc9d1c2eb029354a4f1535b90ba82d\",\"name\":\"Val\u00e9rie C.\",\"image\":{\"@type\":\"ImageObject\",\"inLanguage\":\"fr-FR\",\"@id\":\"https:\\\/\\\/secure.gravatar.com\\\/avatar\\\/2f8aa28f8dfbd7d4420afd1fdcdd0a349923e2c8a38ab28198b0f9d0601e4737?s=96&d=mm&r=g\",\"url\":\"https:\\\/\\\/secure.gravatar.com\\\/avatar\\\/2f8aa28f8dfbd7d4420afd1fdcdd0a349923e2c8a38ab28198b0f9d0601e4737?s=96&d=mm&r=g\",\"contentUrl\":\"https:\\\/\\\/secure.gravatar.com\\\/avatar\\\/2f8aa28f8dfbd7d4420afd1fdcdd0a349923e2c8a38ab28198b0f9d0601e4737?s=96&d=mm&r=g\",\"caption\":\"Val\u00e9rie C.\"},\"url\":\"https:\\\/\\\/contactfm72.fr\\\/?author=4\"}]}<\/script>\n<!-- \/ Yoast SEO plugin. -->","yoast_head_json":{"title":"\u00c9lections l\u00e9gislatives. Qui sont les candidats de la 3\u00e8me circonscription de la Sarthe ? - Contact FM 99.3","robots":{"index":"index","follow":"follow","max-snippet":"max-snippet:-1","max-image-preview":"max-image-preview:large","max-video-preview":"max-video-preview:-1"},"canonical":"https:\/\/contactfm72.fr\/?p=9987","og_locale":"fr_FR","og_type":"article","og_title":"\u00c9lections l\u00e9gislatives. Qui sont les candidats de la 3\u00e8me circonscription de la Sarthe ? - Contact FM 99.3","og_description":"Les \u00e9lections l\u00e9gislatives auront lieu les dimanches 12 et 19 juin 2022. Neuf candidats s\u2019affronteront lors du premier tour pour succ\u00e9der \u00e0 Pascale Fontenel-Personne, actuelle d\u00e9put\u00e9e de la 3\u00e8me circonscription sarthoise. Quel est l\u2019enjeu de ces \u00e9lections ? Qui sont les candidats de la 3\u00e8me circonscription de la Sarthe\u00a0? Depuis 2001, les \u00e9lections l\u00e9gislatives en&hellip;","og_url":"https:\/\/contactfm72.fr\/?p=9987","og_site_name":"Contact FM 99.3","article_publisher":"https:\/\/www.facebook.com\/Contactfm.Chateauduloir","article_published_time":"2022-05-31T08:02:45+00:00","article_modified_time":"2022-05-31T14:09:51+00:00","og_image":[{"width":2000,"height":1600,"url":"https:\/\/contactfm72.fr\/wp-content\/uploads\/2022\/05\/L\u00e9gislatives-QUI-CANDIDATS.png","type":"image\/png"}],"author":"Val\u00e9rie C.","twitter_card":"summary_large_image","twitter_creator":"@contactfm72","twitter_site":"@contactfm72","twitter_misc":{"\u00c9crit par":"Val\u00e9rie C.","Dur\u00e9e de lecture estim\u00e9e":"5 minutes"},"schema":{"@context":"https:\/\/schema.org","@graph":[{"@type":"Article","@id":"https:\/\/contactfm72.fr\/?p=9987#article","isPartOf":{"@id":"https:\/\/contactfm72.fr\/?p=9987"},"author":{"name":"Val\u00e9rie C.","@id":"https:\/\/contactfm72.fr\/#\/schema\/person\/9fdc9d1c2eb029354a4f1535b90ba82d"},"headline":"\u00c9lections l\u00e9gislatives. Qui sont les candidats de la 3\u00e8me circonscription de la Sarthe ?","datePublished":"2022-05-31T08:02:45+00:00","dateModified":"2022-05-31T14:09:51+00:00","mainEntityOfPage":{"@id":"https:\/\/contactfm72.fr\/?p=9987"},"wordCount":924,"publisher":{"@id":"https:\/\/contactfm72.fr\/#organization"},"image":{"@id":"https:\/\/contactfm72.fr\/?p=9987#primaryimage"},"thumbnailUrl":"https:\/\/contactfm72.fr\/wp-content\/uploads\/2022\/05\/L\u00e9gislatives-QUI-CANDIDATS.png","articleSection":["Contact FM 72"],"inLanguage":"fr-FR"},{"@type":"WebPage","@id":"https:\/\/contactfm72.fr\/?p=9987","url":"https:\/\/contactfm72.fr\/?p=9987","name":"\u00c9lections l\u00e9gislatives. Qui sont les candidats de la 3\u00e8me circonscription de la Sarthe ? - Contact FM 99.3","isPartOf":{"@id":"https:\/\/contactfm72.fr\/#website"},"primaryImageOfPage":{"@id":"https:\/\/contactfm72.fr\/?p=9987#primaryimage"},"image":{"@id":"https:\/\/contactfm72.fr\/?p=9987#primaryimage"},"thumbnailUrl":"https:\/\/contactfm72.fr\/wp-content\/uploads\/2022\/05\/L\u00e9gislatives-QUI-CANDIDATS.png","datePublished":"2022-05-31T08:02:45+00:00","dateModified":"2022-05-31T14:09:51+00:00","breadcrumb":{"@id":"https:\/\/contactfm72.fr\/?p=9987#breadcrumb"},"inLanguage":"fr-FR","potentialAction":[{"@type":"ReadAction","target":["https:\/\/contactfm72.fr\/?p=9987"]}]},{"@type":"ImageObject","inLanguage":"fr-FR","@id":"https:\/\/contactfm72.fr\/?p=9987#primaryimage","url":"https:\/\/contactfm72.fr\/wp-content\/uploads\/2022\/05\/L\u00e9gislatives-QUI-CANDIDATS.png","contentUrl":"https:\/\/contactfm72.fr\/wp-content\/uploads\/2022\/05\/L\u00e9gislatives-QUI-CANDIDATS.png","width":2000,"height":1600,"caption":"Quel est le r\u00e9sultat du 1er tour des \u00e9lections l\u00e9gislatives dans la 3\u00e8me circonscription de la Sarthe ?"},{"@type":"BreadcrumbList","@id":"https:\/\/contactfm72.fr\/?p=9987#breadcrumb","itemListElement":[{"@type":"ListItem","position":1,"name":"Accueil","item":"https:\/\/contactfm72.fr\/"},{"@type":"ListItem","position":2,"name":"\u00c9lections l\u00e9gislatives. Qui sont les candidats de la 3\u00e8me circonscription de la Sarthe ?"}]},{"@type":"WebSite","@id":"https:\/\/contactfm72.fr\/#website","url":"https:\/\/contactfm72.fr\/","name":"Contact FM 99.3","description":"Votre radio en vall\u00e9e du Loir","publisher":{"@id":"https:\/\/contactfm72.fr\/#organization"},"potentialAction":[{"@type":"SearchAction","target":{"@type":"EntryPoint","urlTemplate":"https:\/\/contactfm72.fr\/?s={search_term_string}"},"query-input":{"@type":"PropertyValueSpecification","valueRequired":true,"valueName":"search_term_string"}}],"inLanguage":"fr-FR"},{"@type":"Organization","@id":"https:\/\/contactfm72.fr\/#organization","name":"Contact FM 99.3","url":"https:\/\/contactfm72.fr\/","logo":{"@type":"ImageObject","inLanguage":"fr-FR","@id":"https:\/\/contactfm72.fr\/#\/schema\/logo\/image\/","url":"https:\/\/contactfm72.fr\/wp-content\/uploads\/2025\/04\/2025-04-18-2.jpg","contentUrl":"https:\/\/contactfm72.fr\/wp-content\/uploads\/2025\/04\/2025-04-18-2.jpg","width":680,"height":307,"caption":"Contact FM 99.3"},"image":{"@id":"https:\/\/contactfm72.fr\/#\/schema\/logo\/image\/"},"sameAs":["https:\/\/www.facebook.com\/Contactfm.Chateauduloir","https:\/\/x.com\/contactfm72","https:\/\/www.instagram.com\/contact.fm.72?igsh=cGhlMHQ5N2JlNnpp","https:\/\/www.tiktok.com\/@contact.fm"]},{"@type":"Person","@id":"https:\/\/contactfm72.fr\/#\/schema\/person\/9fdc9d1c2eb029354a4f1535b90ba82d","name":"Val\u00e9rie C.","image":{"@type":"ImageObject","inLanguage":"fr-FR","@id":"https:\/\/secure.gravatar.com\/avatar\/2f8aa28f8dfbd7d4420afd1fdcdd0a349923e2c8a38ab28198b0f9d0601e4737?s=96&d=mm&r=g","url":"https:\/\/secure.gravatar.com\/avatar\/2f8aa28f8dfbd7d4420afd1fdcdd0a349923e2c8a38ab28198b0f9d0601e4737?s=96&d=mm&r=g","contentUrl":"https:\/\/secure.gravatar.com\/avatar\/2f8aa28f8dfbd7d4420afd1fdcdd0a349923e2c8a38ab28198b0f9d0601e4737?s=96&d=mm&r=g","caption":"Val\u00e9rie C."},"url":"https:\/\/contactfm72.fr\/?author=4"}]}},"_links":{"self":[{"href":"https:\/\/contactfm72.fr\/index.php?rest_route=\/wp\/v2\/posts\/9987","targetHints":{"allow":["GET"]}}],"collection":[{"href":"https:\/\/contactfm72.fr\/index.php?rest_route=\/wp\/v2\/posts"}],"about":[{"href":"https:\/\/contactfm72.fr\/index.php?rest_route=\/wp\/v2\/types\/post"}],"author":[{"embeddable":true,"href":"https:\/\/contactfm72.fr\/index.php?rest_route=\/wp\/v2\/users\/4"}],"replies":[{"embeddable":true,"href":"https:\/\/contactfm72.fr\/index.php?rest_route=%2Fwp%2Fv2%2Fcomments&post=9987"}],"version-history":[{"count":5,"href":"https:\/\/contactfm72.fr\/index.php?rest_route=\/wp\/v2\/posts\/9987\/revisions"}],"predecessor-version":[{"id":10021,"href":"https:\/\/contactfm72.fr\/index.php?rest_route=\/wp\/v2\/posts\/9987\/revisions\/10021"}],"wp:featuredmedia":[{"embeddable":true,"href":"https:\/\/contactfm72.fr\/index.php?rest_route=\/wp\/v2\/media\/9992"}],"wp:attachment":[{"href":"https:\/\/contactfm72.fr\/index.php?rest_route=%2Fwp%2Fv2%2Fmedia&parent=9987"}],"wp:term":[{"taxonomy":"category","embeddable":true,"href":"https:\/\/contactfm72.fr\/index.php?rest_route=%2Fwp%2Fv2%2Fcategories&post=9987"},{"taxonomy":"post_tag","embeddable":true,"href":"https:\/\/contactfm72.fr\/index.php?rest_route=%2Fwp%2Fv2%2Ftags&post=9987"}],"curies":[{"name":"wp","href":"https:\/\/api.w.org\/{rel}","templated":true}]}}