{"id":9927,"date":"2022-05-25T12:00:54","date_gmt":"2022-05-25T10:00:54","guid":{"rendered":"http:\/\/contactfm72.fr\/?p=9927"},"modified":"2022-09-12T15:02:13","modified_gmt":"2022-09-12T13:02:13","slug":"le-jeune-archer-devient-arbitre-international","status":"publish","type":"post","link":"https:\/\/contactfm72.fr\/?p=9927","title":{"rendered":"Montval-sur-Loir. Le jeune archer devient arbitre international"},"content":{"rendered":"<h2>Victor Olivier, 16 ans et \u00e9l\u00e8ve en 2<sup>nde<\/sup> g\u00e9n\u00e9rale au lyc\u00e9e Racan de Montval-sur-Loir (Sarthe), a particip\u00e9 aux Gymnasiades organis\u00e9es du 14 au 22 mai, en Normandie. Lors de cette comp\u00e9tition, il a obtenu la certification de jeune juge international scolaire tir \u00e0 l&#8217;arc.<\/h2>\n<p>&nbsp;<\/p>\n<p>Il pratique le tir \u00e0 l\u2019arc depuis sept ann\u00e9es et est d\u00e9j\u00e0 arbitre international. <strong>Victor Olivier, 16 ans<\/strong>, cast\u00e9lorien, et \u00e9l\u00e8ve en 2<sup>nde<\/sup> g\u00e9n\u00e9rale au <strong>lyc\u00e9e Racan de Montval-sur-Loir<\/strong>, dans la <strong>Sarthe<\/strong>, pratique ce sport depuis seulement sept ans : \u00ab J\u2019ai d\u00e9couvert le tir \u00e0 l\u2019arc lors du multisports. J\u2019aime tout dans cette pratique : la sensation quand on d\u00e9coche la fl\u00e8che, le fait d\u2019\u00eatre tr\u00e8s concentr\u00e9, ou encore les gestes \u00e0 reproduire \u00bb, informe l\u2019archer. Il a commenc\u00e9 \u00e0 <strong>l\u2019UNSS<\/strong>, l\u2019association sportive des \u00e9tablissements scolaires, et a fait quelques ann\u00e9es au sein du <strong>club cast\u00e9lorien de tir \u00e0 l\u2019arc<\/strong>.<\/p>\n<blockquote><p>C\u2019est lors des championnats de France qui se sont d\u00e9roul\u00e9s en mars 2022 \u00e0 Dijon qu\u2019il d\u00e9couvre l\u2019arbitrage tir \u00e0 l\u2019arc\u00a0: \u00ab\u00a0Pour participer aux comp\u00e9titions de tir \u00e0 l\u2019arc, il faut avoir une \u00e9quipe de quatre archers mixte. Ce qui n\u2019\u00e9tait pas le cas de Victor au lyc\u00e9e Racan. Je lui ai donc propos\u00e9 d\u2019int\u00e9grer l\u2019\u00e9quipe du lyc\u00e9e professionnel en tant qu\u2019arbitre\u00a0\u00bb, explique Yannick Hardy, professeur d\u2019\u00e9ducation physique et sportive.<\/p><\/blockquote>\n<p>Tout en suivant une formation d\u2019arbitre par son professeur en parall\u00e8le de ses \u00e9tudes, \u00a0Victor Olivier rejoint l\u2019\u00e9quipe du <strong>lyc\u00e9e professionnel Mar\u00e9chal Leclerc de Hauteclocque<\/strong>. \u00ab\u00a0L\u2019\u00e9quipe est arriv\u00e9e 3<sup>\u00e8me<\/sup>, et Victor a d\u00e9croch\u00e9 la qualification d\u2019arbitre national\u00a0\u00bb, continue le professeur. Lors de ce tournoi, 25 jeunes \u00e9taient en comp\u00e9tition, et seulement sept, dont Victor, ont obtenu cette certification.<\/p>\n<p>&nbsp;<\/p>\n<h3><strong>Comp\u00e9tition internationale<\/strong><\/h3>\n<p>Suite \u00e0 ce succ\u00e8s, son professeur d\u00e9cide de le former d\u2019autant plus et de l\u2019emmener vers la plus haute des comp\u00e9titions scolaires, les <a href=\"https:\/\/events.isfsports.org\/isf-gymnasiade-2022\/\"><strong>Gymnasiades<\/strong><\/a>. \u00ab\u00a0Les Gymnasiades Normandy 2022 ont \u00e9t\u00e9 organis\u00e9es\u00a0 du 14 au 22 mai par l&#8217;International School Sport Federation en France. La prochaine \u00e9dition se d\u00e9roulera au Bahrein en 2024. Cet \u00e9v\u00e9nement est la plus importante comp\u00e9tition internationale de sport scolaire au monde. Elle a r\u00e9uni 3500 athl\u00e8tes venus de 67 pays. On parle couramment de cette comp\u00e9tition comme des Jeux Olympiques scolaires\u00a0\u00bb, explique Yannick Hardy. Durant toute une semaine, Victor Olivier a arbitr\u00e9 de nombreux matchs afin d\u2019\u00eatre jug\u00e9 et remport\u00e9 cette pr\u00e9cieuse certification\u00a0: \u00ab\u00a0Nous \u00e9tions 10 jeunes arbitres, j\u2019\u00e9tais le seul de notre acad\u00e9mie. C\u2019\u00e9tait une super exp\u00e9rience. C\u2019\u00e9tait tr\u00e8s \u00e9puisant, je n\u2019ai eu que tr\u00e8s peu d\u2019heures de sommeil, mais je suis heureux et content de ma performance\u00a0\u00bb, informe l\u2019archer.<\/p>\n<p>Le jeune homme a par ailleurs \u00e9t\u00e9 autoris\u00e9 \u00e0 se rendre \u00e0 cette comp\u00e9tition puisqu\u2019il est un \u00ab\u00a0<strong>bon \u00e9l\u00e8ve<\/strong> et qu\u2019il n\u2019a pas d\u2019\u00e9preuve du bac cette ann\u00e9e\u00a0\u00bb, d\u2019apr\u00e8s son professeur de tir \u00e0 l\u2019arc.<\/p>\n<blockquote><p>\u00ab\u00a0J\u2019ai \u00e9t\u00e9 jug\u00e9 sur mes diff\u00e9rentes performances en tant qu\u2019arbitre. J\u2019ai endoss\u00e9 les r\u00f4les de juge de ligne, juge de cible, juge de tir et juge de ligne pour annoncer le signal. J\u2019ai \u00e9t\u00e9 observ\u00e9 en permanence\u00a0\u00bb, fait savoir Victor Olivier.<\/p><\/blockquote>\n<p>M\u00eame si la certification obtenue ne vise qu\u2019\u00e0 juger \u00e0 un niveau scolaire, le professeur explique que la f\u00e9d\u00e9ration pourrait faire appel \u00e0 ces nouveaux jeunes juges pour des comp\u00e9titions de plus grande dimension\u00a0: \u00ab\u00a0Bient\u00f4t, il y aura un <strong>partenariat avec la f\u00e9d\u00e9ration de tir \u00e0 l\u2019arc<\/strong>. Ils font face \u00e0 des probl\u00e8mes pour recruter des arbitres. Et leur int\u00e9r\u00eat est de cr\u00e9er des liens avec ces nouveaux juges. Ils ont d\u2019ailleurs \u00e9t\u00e9 tr\u00e8s impressionn\u00e9s par le niveau des jeunes lors des Gymnasiades\u00a0\u00bb, explique Yannick Hardy.<\/p>\n<p>&nbsp;<\/p>\n<h3><strong>Passionn\u00e9 et dou\u00e9<\/strong><\/h3>\n<p>Pour devenir arbitre tir \u00e0 l\u2019arc, plusieurs qualit\u00e9s sont \u00e0 prendre en compte. Il faut savoir prendre une d\u00e9cision, assurer la s\u00e9curit\u00e9 sur le pas de tir, avoir un comportement exemplaire et veiller au bon d\u00e9roulement de la comp\u00e9tition. Des qualit\u00e9s que poss\u00e8de visiblement le cast\u00e9lorien.<\/p>\n<blockquote><p>Son professeur est d\u2019ailleurs unanime\u00a0: \u00ab\u00a0Victor est un tr\u00e8s bon archer pour les comp\u00e9titions. Au lyc\u00e9e, on voit un profil comme lui tous les quatre ans environ. Mais en tant qu\u2019arbitre, \u00a0il a ce quelque chose en plus \u00bb.<\/p><\/blockquote>\n<p>Malgr\u00e9 cette aisance avec l\u2019arc et les fl\u00e8ches, le jeune homme souhaite ne pas en faire son m\u00e9tier\u00a0: \u00ab\u00a0Je veux devenir professeur de math\u00e9matiques. Mais je veux continuer \u00e0 \u00eatre arbitre pour la f\u00e9d\u00e9ration et continuer de pratiquer\u00a0\u00bb, explique Victor Olivier.<\/p>\n<p>Le jeune homme vise tout de m\u00eame les <strong>championnats de France 2023<\/strong> en tant qu\u2019archer s\u2019il parvient \u00e0 constituer une \u00e9quipe au sein de son lyc\u00e9e ou bien en tant qu\u2019arbitre.<\/p>\n<p>&nbsp;<\/p>\n<!-- AddThis Advanced Settings generic via filter on the_content --><!-- AddThis Share Buttons generic via filter on the_content -->","protected":false},"excerpt":{"rendered":"<p>Victor Olivier, 16 ans et \u00e9l\u00e8ve en 2nde g\u00e9n\u00e9rale au lyc\u00e9e Racan de Montval-sur-Loir (Sarthe), a particip\u00e9 aux Gymnasiades organis\u00e9es du 14 au 22 mai, en Normandie. Lors de cette comp\u00e9tition, il a obtenu la certification de jeune juge international scolaire tir \u00e0 l&#8217;arc. &nbsp; Il pratique le tir \u00e0 l\u2019arc depuis sept ann\u00e9es et&hellip;<!-- AddThis Advanced Settings generic via filter on get_the_excerpt --><!-- AddThis Share Buttons generic via filter on get_the_excerpt --><\/p>\n","protected":false},"author":4,"featured_media":9928,"comment_status":"closed","ping_status":"open","sticky":false,"template":"","format":"standard","meta":{"footnotes":""},"categories":[1],"tags":[],"class_list":["post-9927","post","type-post","status-publish","format-standard","has-post-thumbnail","hentry","category-contact-fm-72","category-1","description-off"],"yoast_head":"<!-- This site is optimized with the Yoast SEO plugin v27.4 - https:\/\/yoast.com\/product\/yoast-seo-wordpress\/ -->\n<title>Montval-sur-Loir. Le jeune archer devient arbitre international - Contact FM 99.3<\/title>\n<meta name=\"robots\" content=\"index, follow, max-snippet:-1, max-image-preview:large, max-video-preview:-1\" \/>\n<link rel=\"canonical\" href=\"https:\/\/contactfm72.fr\/?p=9927\" \/>\n<meta property=\"og:locale\" content=\"fr_FR\" \/>\n<meta property=\"og:type\" content=\"article\" \/>\n<meta property=\"og:title\" content=\"Montval-sur-Loir. Le jeune archer devient arbitre international - Contact FM 99.3\" \/>\n<meta property=\"og:description\" content=\"Victor Olivier, 16 ans et \u00e9l\u00e8ve en 2nde g\u00e9n\u00e9rale au lyc\u00e9e Racan de Montval-sur-Loir (Sarthe), a particip\u00e9 aux Gymnasiades organis\u00e9es du 14 au 22 mai, en Normandie. Lors de cette comp\u00e9tition, il a obtenu la certification de jeune juge international scolaire tir \u00e0 l&#8217;arc. &nbsp; Il pratique le tir \u00e0 l\u2019arc depuis sept ann\u00e9es et&hellip;\" \/>\n<meta property=\"og:url\" content=\"https:\/\/contactfm72.fr\/?p=9927\" \/>\n<meta property=\"og:site_name\" content=\"Contact FM 99.3\" \/>\n<meta property=\"article:publisher\" content=\"https:\/\/www.facebook.com\/Contactfm.Chateauduloir\" \/>\n<meta property=\"article:published_time\" content=\"2022-05-25T10:00:54+00:00\" \/>\n<meta property=\"article:modified_time\" content=\"2022-09-12T13:02:13+00:00\" \/>\n<meta property=\"og:image\" content=\"https:\/\/contactfm72.fr\/wp-content\/uploads\/2022\/05\/tir-\u00e0-larc.jpg\" \/>\n\t<meta property=\"og:image:width\" content=\"2048\" \/>\n\t<meta property=\"og:image:height\" content=\"1536\" \/>\n\t<meta property=\"og:image:type\" content=\"image\/jpeg\" \/>\n<meta name=\"author\" content=\"Val\u00e9rie C.\" \/>\n<meta name=\"twitter:card\" content=\"summary_large_image\" \/>\n<meta name=\"twitter:creator\" content=\"@contactfm72\" \/>\n<meta name=\"twitter:site\" content=\"@contactfm72\" \/>\n<meta name=\"twitter:label1\" content=\"\u00c9crit par\" \/>\n\t<meta name=\"twitter:data1\" content=\"Val\u00e9rie C.\" \/>\n\t<meta name=\"twitter:label2\" content=\"Dur\u00e9e de lecture estim\u00e9e\" \/>\n\t<meta name=\"twitter:data2\" content=\"4 minutes\" \/>\n<script type=\"application\/ld+json\" class=\"yoast-schema-graph\">{\"@context\":\"https:\\\/\\\/schema.org\",\"@graph\":[{\"@type\":\"Article\",\"@id\":\"https:\\\/\\\/contactfm72.fr\\\/?p=9927#article\",\"isPartOf\":{\"@id\":\"https:\\\/\\\/contactfm72.fr\\\/?p=9927\"},\"author\":{\"name\":\"Val\u00e9rie C.\",\"@id\":\"https:\\\/\\\/contactfm72.fr\\\/#\\\/schema\\\/person\\\/9fdc9d1c2eb029354a4f1535b90ba82d\"},\"headline\":\"Montval-sur-Loir. Le jeune archer devient arbitre international\",\"datePublished\":\"2022-05-25T10:00:54+00:00\",\"dateModified\":\"2022-09-12T13:02:13+00:00\",\"mainEntityOfPage\":{\"@id\":\"https:\\\/\\\/contactfm72.fr\\\/?p=9927\"},\"wordCount\":851,\"publisher\":{\"@id\":\"https:\\\/\\\/contactfm72.fr\\\/#organization\"},\"image\":{\"@id\":\"https:\\\/\\\/contactfm72.fr\\\/?p=9927#primaryimage\"},\"thumbnailUrl\":\"https:\\\/\\\/contactfm72.fr\\\/wp-content\\\/uploads\\\/2022\\\/05\\\/tir-\u00e0-larc.jpg\",\"articleSection\":[\"Contact FM 72\"],\"inLanguage\":\"fr-FR\"},{\"@type\":\"WebPage\",\"@id\":\"https:\\\/\\\/contactfm72.fr\\\/?p=9927\",\"url\":\"https:\\\/\\\/contactfm72.fr\\\/?p=9927\",\"name\":\"Montval-sur-Loir. Le jeune archer devient arbitre international - Contact FM 99.3\",\"isPartOf\":{\"@id\":\"https:\\\/\\\/contactfm72.fr\\\/#website\"},\"primaryImageOfPage\":{\"@id\":\"https:\\\/\\\/contactfm72.fr\\\/?p=9927#primaryimage\"},\"image\":{\"@id\":\"https:\\\/\\\/contactfm72.fr\\\/?p=9927#primaryimage\"},\"thumbnailUrl\":\"https:\\\/\\\/contactfm72.fr\\\/wp-content\\\/uploads\\\/2022\\\/05\\\/tir-\u00e0-larc.jpg\",\"datePublished\":\"2022-05-25T10:00:54+00:00\",\"dateModified\":\"2022-09-12T13:02:13+00:00\",\"breadcrumb\":{\"@id\":\"https:\\\/\\\/contactfm72.fr\\\/?p=9927#breadcrumb\"},\"inLanguage\":\"fr-FR\",\"potentialAction\":[{\"@type\":\"ReadAction\",\"target\":[\"https:\\\/\\\/contactfm72.fr\\\/?p=9927\"]}]},{\"@type\":\"ImageObject\",\"inLanguage\":\"fr-FR\",\"@id\":\"https:\\\/\\\/contactfm72.fr\\\/?p=9927#primaryimage\",\"url\":\"https:\\\/\\\/contactfm72.fr\\\/wp-content\\\/uploads\\\/2022\\\/05\\\/tir-\u00e0-larc.jpg\",\"contentUrl\":\"https:\\\/\\\/contactfm72.fr\\\/wp-content\\\/uploads\\\/2022\\\/05\\\/tir-\u00e0-larc.jpg\",\"width\":2048,\"height\":1536,\"caption\":\"De g. \u00e0 dr. Victor Olivier et Yannick Hardy. Lors des comp\u00e9titions, l'arbitre de tir \u00e0 l'arc doit porter un maillot vert fluo afin d'\u00eatre facilement rep\u00e9r\u00e9 sur le pas de tir.\"},{\"@type\":\"BreadcrumbList\",\"@id\":\"https:\\\/\\\/contactfm72.fr\\\/?p=9927#breadcrumb\",\"itemListElement\":[{\"@type\":\"ListItem\",\"position\":1,\"name\":\"Accueil\",\"item\":\"https:\\\/\\\/contactfm72.fr\\\/\"},{\"@type\":\"ListItem\",\"position\":2,\"name\":\"Montval-sur-Loir. Le jeune archer devient arbitre international\"}]},{\"@type\":\"WebSite\",\"@id\":\"https:\\\/\\\/contactfm72.fr\\\/#website\",\"url\":\"https:\\\/\\\/contactfm72.fr\\\/\",\"name\":\"Contact FM 99.3\",\"description\":\"Votre radio en vall\u00e9e du Loir\",\"publisher\":{\"@id\":\"https:\\\/\\\/contactfm72.fr\\\/#organization\"},\"potentialAction\":[{\"@type\":\"SearchAction\",\"target\":{\"@type\":\"EntryPoint\",\"urlTemplate\":\"https:\\\/\\\/contactfm72.fr\\\/?s={search_term_string}\"},\"query-input\":{\"@type\":\"PropertyValueSpecification\",\"valueRequired\":true,\"valueName\":\"search_term_string\"}}],\"inLanguage\":\"fr-FR\"},{\"@type\":\"Organization\",\"@id\":\"https:\\\/\\\/contactfm72.fr\\\/#organization\",\"name\":\"Contact FM 99.3\",\"url\":\"https:\\\/\\\/contactfm72.fr\\\/\",\"logo\":{\"@type\":\"ImageObject\",\"inLanguage\":\"fr-FR\",\"@id\":\"https:\\\/\\\/contactfm72.fr\\\/#\\\/schema\\\/logo\\\/image\\\/\",\"url\":\"https:\\\/\\\/contactfm72.fr\\\/wp-content\\\/uploads\\\/2025\\\/04\\\/2025-04-18-2.jpg\",\"contentUrl\":\"https:\\\/\\\/contactfm72.fr\\\/wp-content\\\/uploads\\\/2025\\\/04\\\/2025-04-18-2.jpg\",\"width\":680,\"height\":307,\"caption\":\"Contact FM 99.3\"},\"image\":{\"@id\":\"https:\\\/\\\/contactfm72.fr\\\/#\\\/schema\\\/logo\\\/image\\\/\"},\"sameAs\":[\"https:\\\/\\\/www.facebook.com\\\/Contactfm.Chateauduloir\",\"https:\\\/\\\/x.com\\\/contactfm72\",\"https:\\\/\\\/www.instagram.com\\\/contact.fm.72?igsh=cGhlMHQ5N2JlNnpp\",\"https:\\\/\\\/www.tiktok.com\\\/@contact.fm\"]},{\"@type\":\"Person\",\"@id\":\"https:\\\/\\\/contactfm72.fr\\\/#\\\/schema\\\/person\\\/9fdc9d1c2eb029354a4f1535b90ba82d\",\"name\":\"Val\u00e9rie C.\",\"image\":{\"@type\":\"ImageObject\",\"inLanguage\":\"fr-FR\",\"@id\":\"https:\\\/\\\/secure.gravatar.com\\\/avatar\\\/2f8aa28f8dfbd7d4420afd1fdcdd0a349923e2c8a38ab28198b0f9d0601e4737?s=96&d=mm&r=g\",\"url\":\"https:\\\/\\\/secure.gravatar.com\\\/avatar\\\/2f8aa28f8dfbd7d4420afd1fdcdd0a349923e2c8a38ab28198b0f9d0601e4737?s=96&d=mm&r=g\",\"contentUrl\":\"https:\\\/\\\/secure.gravatar.com\\\/avatar\\\/2f8aa28f8dfbd7d4420afd1fdcdd0a349923e2c8a38ab28198b0f9d0601e4737?s=96&d=mm&r=g\",\"caption\":\"Val\u00e9rie C.\"},\"url\":\"https:\\\/\\\/contactfm72.fr\\\/?author=4\"}]}<\/script>\n<!-- \/ Yoast SEO plugin. -->","yoast_head_json":{"title":"Montval-sur-Loir. Le jeune archer devient arbitre international - Contact FM 99.3","robots":{"index":"index","follow":"follow","max-snippet":"max-snippet:-1","max-image-preview":"max-image-preview:large","max-video-preview":"max-video-preview:-1"},"canonical":"https:\/\/contactfm72.fr\/?p=9927","og_locale":"fr_FR","og_type":"article","og_title":"Montval-sur-Loir. Le jeune archer devient arbitre international - Contact FM 99.3","og_description":"Victor Olivier, 16 ans et \u00e9l\u00e8ve en 2nde g\u00e9n\u00e9rale au lyc\u00e9e Racan de Montval-sur-Loir (Sarthe), a particip\u00e9 aux Gymnasiades organis\u00e9es du 14 au 22 mai, en Normandie. Lors de cette comp\u00e9tition, il a obtenu la certification de jeune juge international scolaire tir \u00e0 l&#8217;arc. &nbsp; Il pratique le tir \u00e0 l\u2019arc depuis sept ann\u00e9es et&hellip;","og_url":"https:\/\/contactfm72.fr\/?p=9927","og_site_name":"Contact FM 99.3","article_publisher":"https:\/\/www.facebook.com\/Contactfm.Chateauduloir","article_published_time":"2022-05-25T10:00:54+00:00","article_modified_time":"2022-09-12T13:02:13+00:00","og_image":[{"width":2048,"height":1536,"url":"https:\/\/contactfm72.fr\/wp-content\/uploads\/2022\/05\/tir-\u00e0-larc.jpg","type":"image\/jpeg"}],"author":"Val\u00e9rie C.","twitter_card":"summary_large_image","twitter_creator":"@contactfm72","twitter_site":"@contactfm72","twitter_misc":{"\u00c9crit par":"Val\u00e9rie C.","Dur\u00e9e de lecture estim\u00e9e":"4 minutes"},"schema":{"@context":"https:\/\/schema.org","@graph":[{"@type":"Article","@id":"https:\/\/contactfm72.fr\/?p=9927#article","isPartOf":{"@id":"https:\/\/contactfm72.fr\/?p=9927"},"author":{"name":"Val\u00e9rie C.","@id":"https:\/\/contactfm72.fr\/#\/schema\/person\/9fdc9d1c2eb029354a4f1535b90ba82d"},"headline":"Montval-sur-Loir. Le jeune archer devient arbitre international","datePublished":"2022-05-25T10:00:54+00:00","dateModified":"2022-09-12T13:02:13+00:00","mainEntityOfPage":{"@id":"https:\/\/contactfm72.fr\/?p=9927"},"wordCount":851,"publisher":{"@id":"https:\/\/contactfm72.fr\/#organization"},"image":{"@id":"https:\/\/contactfm72.fr\/?p=9927#primaryimage"},"thumbnailUrl":"https:\/\/contactfm72.fr\/wp-content\/uploads\/2022\/05\/tir-\u00e0-larc.jpg","articleSection":["Contact FM 72"],"inLanguage":"fr-FR"},{"@type":"WebPage","@id":"https:\/\/contactfm72.fr\/?p=9927","url":"https:\/\/contactfm72.fr\/?p=9927","name":"Montval-sur-Loir. Le jeune archer devient arbitre international - Contact FM 99.3","isPartOf":{"@id":"https:\/\/contactfm72.fr\/#website"},"primaryImageOfPage":{"@id":"https:\/\/contactfm72.fr\/?p=9927#primaryimage"},"image":{"@id":"https:\/\/contactfm72.fr\/?p=9927#primaryimage"},"thumbnailUrl":"https:\/\/contactfm72.fr\/wp-content\/uploads\/2022\/05\/tir-\u00e0-larc.jpg","datePublished":"2022-05-25T10:00:54+00:00","dateModified":"2022-09-12T13:02:13+00:00","breadcrumb":{"@id":"https:\/\/contactfm72.fr\/?p=9927#breadcrumb"},"inLanguage":"fr-FR","potentialAction":[{"@type":"ReadAction","target":["https:\/\/contactfm72.fr\/?p=9927"]}]},{"@type":"ImageObject","inLanguage":"fr-FR","@id":"https:\/\/contactfm72.fr\/?p=9927#primaryimage","url":"https:\/\/contactfm72.fr\/wp-content\/uploads\/2022\/05\/tir-\u00e0-larc.jpg","contentUrl":"https:\/\/contactfm72.fr\/wp-content\/uploads\/2022\/05\/tir-\u00e0-larc.jpg","width":2048,"height":1536,"caption":"De g. \u00e0 dr. Victor Olivier et Yannick Hardy. Lors des comp\u00e9titions, l'arbitre de tir \u00e0 l'arc doit porter un maillot vert fluo afin d'\u00eatre facilement rep\u00e9r\u00e9 sur le pas de tir."},{"@type":"BreadcrumbList","@id":"https:\/\/contactfm72.fr\/?p=9927#breadcrumb","itemListElement":[{"@type":"ListItem","position":1,"name":"Accueil","item":"https:\/\/contactfm72.fr\/"},{"@type":"ListItem","position":2,"name":"Montval-sur-Loir. Le jeune archer devient arbitre international"}]},{"@type":"WebSite","@id":"https:\/\/contactfm72.fr\/#website","url":"https:\/\/contactfm72.fr\/","name":"Contact FM 99.3","description":"Votre radio en vall\u00e9e du Loir","publisher":{"@id":"https:\/\/contactfm72.fr\/#organization"},"potentialAction":[{"@type":"SearchAction","target":{"@type":"EntryPoint","urlTemplate":"https:\/\/contactfm72.fr\/?s={search_term_string}"},"query-input":{"@type":"PropertyValueSpecification","valueRequired":true,"valueName":"search_term_string"}}],"inLanguage":"fr-FR"},{"@type":"Organization","@id":"https:\/\/contactfm72.fr\/#organization","name":"Contact FM 99.3","url":"https:\/\/contactfm72.fr\/","logo":{"@type":"ImageObject","inLanguage":"fr-FR","@id":"https:\/\/contactfm72.fr\/#\/schema\/logo\/image\/","url":"https:\/\/contactfm72.fr\/wp-content\/uploads\/2025\/04\/2025-04-18-2.jpg","contentUrl":"https:\/\/contactfm72.fr\/wp-content\/uploads\/2025\/04\/2025-04-18-2.jpg","width":680,"height":307,"caption":"Contact FM 99.3"},"image":{"@id":"https:\/\/contactfm72.fr\/#\/schema\/logo\/image\/"},"sameAs":["https:\/\/www.facebook.com\/Contactfm.Chateauduloir","https:\/\/x.com\/contactfm72","https:\/\/www.instagram.com\/contact.fm.72?igsh=cGhlMHQ5N2JlNnpp","https:\/\/www.tiktok.com\/@contact.fm"]},{"@type":"Person","@id":"https:\/\/contactfm72.fr\/#\/schema\/person\/9fdc9d1c2eb029354a4f1535b90ba82d","name":"Val\u00e9rie C.","image":{"@type":"ImageObject","inLanguage":"fr-FR","@id":"https:\/\/secure.gravatar.com\/avatar\/2f8aa28f8dfbd7d4420afd1fdcdd0a349923e2c8a38ab28198b0f9d0601e4737?s=96&d=mm&r=g","url":"https:\/\/secure.gravatar.com\/avatar\/2f8aa28f8dfbd7d4420afd1fdcdd0a349923e2c8a38ab28198b0f9d0601e4737?s=96&d=mm&r=g","contentUrl":"https:\/\/secure.gravatar.com\/avatar\/2f8aa28f8dfbd7d4420afd1fdcdd0a349923e2c8a38ab28198b0f9d0601e4737?s=96&d=mm&r=g","caption":"Val\u00e9rie C."},"url":"https:\/\/contactfm72.fr\/?author=4"}]}},"_links":{"self":[{"href":"https:\/\/contactfm72.fr\/index.php?rest_route=\/wp\/v2\/posts\/9927","targetHints":{"allow":["GET"]}}],"collection":[{"href":"https:\/\/contactfm72.fr\/index.php?rest_route=\/wp\/v2\/posts"}],"about":[{"href":"https:\/\/contactfm72.fr\/index.php?rest_route=\/wp\/v2\/types\/post"}],"author":[{"embeddable":true,"href":"https:\/\/contactfm72.fr\/index.php?rest_route=\/wp\/v2\/users\/4"}],"replies":[{"embeddable":true,"href":"https:\/\/contactfm72.fr\/index.php?rest_route=%2Fwp%2Fv2%2Fcomments&post=9927"}],"version-history":[{"count":2,"href":"https:\/\/contactfm72.fr\/index.php?rest_route=\/wp\/v2\/posts\/9927\/revisions"}],"predecessor-version":[{"id":10995,"href":"https:\/\/contactfm72.fr\/index.php?rest_route=\/wp\/v2\/posts\/9927\/revisions\/10995"}],"wp:featuredmedia":[{"embeddable":true,"href":"https:\/\/contactfm72.fr\/index.php?rest_route=\/wp\/v2\/media\/9928"}],"wp:attachment":[{"href":"https:\/\/contactfm72.fr\/index.php?rest_route=%2Fwp%2Fv2%2Fmedia&parent=9927"}],"wp:term":[{"taxonomy":"category","embeddable":true,"href":"https:\/\/contactfm72.fr\/index.php?rest_route=%2Fwp%2Fv2%2Fcategories&post=9927"},{"taxonomy":"post_tag","embeddable":true,"href":"https:\/\/contactfm72.fr\/index.php?rest_route=%2Fwp%2Fv2%2Ftags&post=9927"}],"curies":[{"name":"wp","href":"https:\/\/api.w.org\/{rel}","templated":true}]}}