{"id":9919,"date":"2022-05-24T17:02:08","date_gmt":"2022-05-24T15:02:08","guid":{"rendered":"http:\/\/contactfm72.fr\/?p=9919"},"modified":"2022-05-24T21:46:59","modified_gmt":"2022-05-24T19:46:59","slug":"ruille-sur-loir-a-15-ans-il-devient-porte-drapeau","status":"publish","type":"post","link":"https:\/\/contactfm72.fr\/?p=9919","title":{"rendered":"Ruill\u00e9-sur-Loir. A 15 ans, il devient porte-drapeau"},"content":{"rendered":"<h2>\u00c2g\u00e9 de seulement 15 ans, Ga\u00ebl M\u00e9nard, ruillacois, devient porte-drapeau. Le mardi 24 mai, l\u2019UNACITA a proc\u00e9d\u00e9 \u00e0 sa remise officielle de drapeau et de tenue.<\/h2>\n<p>&nbsp;<\/p>\n<p>Le jeune ruillacois fait le bonheur de ses a\u00een\u00e9s. <strong>Ga\u00ebl M\u00e9nard<\/strong>, jeune habitant de 15 ans de <strong>Ruill\u00e9-sur-Loir<\/strong>, dans la <strong>Sarthe<\/strong>, est devenu<strong> porte-drapeau<\/strong>. Cette c\u00e9r\u00e9monie d\u2019investiture s\u2019est d\u00e9roul\u00e9e au sein de son \u00e9tablissement, le <a href=\"https:\/\/www.lppnazareth.com\/\">lyc\u00e9e Nazareth priv\u00e9<\/a> de Ruill\u00e9-sur-Loir. C\u2019est le pr\u00e9sident de <strong>l\u2019UNACITA<\/strong>, l\u2019association nationale de l\u2019Union Nationale des Anciens Combattants d&#8217;Indochine des T.O.E. et d&#8217;Afrique du Nord, Jean-Paul Heintz, qui a dirig\u00e9 cette c\u00e9r\u00e9monie.<\/p>\n<p>&nbsp;<\/p>\n<h3><strong>Gardien des valeurs de la R\u00e9publique<\/strong><\/h3>\n<p>Ga\u00ebl M\u00e9nard a rejoint les rangs d\u2019une association vieillissante.<\/p>\n<blockquote><p>\u00ab En devenant porte-drapeau, Ga\u00ebl accepte, \u00e0 un si jeune \u00e2ge, d\u2019\u00eatre le gardien de nos couleurs fran\u00e7aises et de ses valeurs, la libert\u00e9, l\u2019\u00e9galit\u00e9 et la fraternit\u00e9. Nous sommes plus qu\u2019heureux que ce jeune homme nous rejoigne et s\u2019engage \u00e0 nos c\u00f4t\u00e9s \u00bb, fait savoir le pr\u00e9sident r\u00e9gional de l\u2019association.<\/p><\/blockquote>\n<p>&nbsp;<\/p>\n<div id=\"attachment_9920\" style=\"width: 2058px\" class=\"wp-caption alignnone\"><img loading=\"lazy\" decoding=\"async\" aria-describedby=\"caption-attachment-9920\" class=\"size-full wp-image-9920\" src=\"http:\/\/contactfm72.fr\/wp-content\/uploads\/2022\/05\/c\u00e9r\u00e9-naz-2.jpg\" alt=\"\" width=\"2048\" height=\"1536\" \/><p id=\"caption-attachment-9920\" class=\"wp-caption-text\">Lors de la c\u00e9r\u00e9monie d&#8217;investiture. Le futur drapeau de Ga\u00ebl M\u00e9nard.<\/p><\/div>\n<h3><strong>Passionn\u00e9 d\u2019histoire<\/strong><\/h3>\n<p>Le jeune homme est en classe de 3<sup>\u00e8me<\/sup> au lyc\u00e9e Nazareth de Ruill\u00e9-sur-Loir, ville o\u00f9 il habite. Passionn\u00e9 d\u2019histoire, c\u2019est d\u2019abord son professeur d\u2019histoire et g\u00e9ographie qui lui propose cet engagement : \u00ab Fr\u00e9d\u00e9ric Buzance, mon professeur, m\u2019a propos\u00e9 de devenir porte-drapeau lorsqu\u2019il a compris \u00e0 quel point j\u2019aimais l\u2019histoire. J\u2019y ai r\u00e9fl\u00e9chi, puis un porte-drapeau a appel\u00e9 ma maman pour lui expliquer ce r\u00f4le \u00bb, informe le jeune homme.<\/p>\n<p>En acceptant de devenir porte-drapeau, Ga\u00ebl M\u00e9nard devient tr\u00e8s probablement le plus jeune d\u2019entre eux. \u00ab J\u2019ai accept\u00e9 le 3 avril 2022. J\u2019ai d\u00e9j\u00e0 fait plusieurs c\u00e9r\u00e9monies et \u00e7a me pla\u00eet beaucoup. Ma premi\u00e8re c\u00e9r\u00e9monie \u00e9tait un hommage \u00e0 un ancien combattant au cimeti\u00e8re de Ruill\u00e9 \u00bb, continue le passionn\u00e9.<\/p>\n<p>Outre l\u2019histoire, Ga\u00ebl M\u00e9nard se dit \u00ab\u00a0passionn\u00e9 sport, pratique le judo, et fait du th\u00e9\u00e2tre\u00a0\u00bb. Il aspire \u00e0 devenir paysagiste.<\/p>\n<p>&nbsp;<\/p>\n<div id=\"attachment_9921\" style=\"width: 2058px\" class=\"wp-caption alignnone\"><img loading=\"lazy\" decoding=\"async\" aria-describedby=\"caption-attachment-9921\" class=\"size-full wp-image-9921\" src=\"http:\/\/contactfm72.fr\/wp-content\/uploads\/2022\/05\/c\u00e9r\u00e9-naz-3.jpg\" alt=\"\" width=\"2048\" height=\"1536\" \/><p id=\"caption-attachment-9921\" class=\"wp-caption-text\">Ga\u00ebl M\u00e9nard, au centre devant, entour\u00e9 de sa famille, des porte-drapeaux, des \u00e9lus et du personnel du lyc\u00e9e Nazareth de Ruill\u00e9-sur-Loir.<\/p><\/div>\n<p>&nbsp;<\/p>\n<p>Le jeune Ruillacois de 15 ans fait la fiert\u00e9 de sa famille, pr\u00e9sente lors de cette c\u00e9r\u00e9monie officielle, de ses professeurs mais surtout de ses futurs compagnons de devoir, heureux de voir la jeune g\u00e9n\u00e9ration s&#8217;int\u00e9resser \u00e0 l\u2019Histoire fran\u00e7aise et d&#8217;occuper un poste si important \u00e0 leurs yeux.<\/p>\n<!-- AddThis Advanced Settings generic via filter on the_content --><!-- AddThis Share Buttons generic via filter on the_content -->","protected":false},"excerpt":{"rendered":"<p>\u00c2g\u00e9 de seulement 15 ans, Ga\u00ebl M\u00e9nard, ruillacois, devient porte-drapeau. Le mardi 24 mai, l\u2019UNACITA a proc\u00e9d\u00e9 \u00e0 sa remise officielle de drapeau et de tenue. &nbsp; Le jeune ruillacois fait le bonheur de ses a\u00een\u00e9s. Ga\u00ebl M\u00e9nard, jeune habitant de 15 ans de Ruill\u00e9-sur-Loir, dans la Sarthe, est devenu porte-drapeau. Cette c\u00e9r\u00e9monie d\u2019investiture s\u2019est&hellip;<!-- AddThis Advanced Settings generic via filter on get_the_excerpt --><!-- AddThis Share Buttons generic via filter on get_the_excerpt --><\/p>\n","protected":false},"author":4,"featured_media":9922,"comment_status":"closed","ping_status":"open","sticky":false,"template":"","format":"standard","meta":{"footnotes":""},"categories":[1],"tags":[],"class_list":["post-9919","post","type-post","status-publish","format-standard","has-post-thumbnail","hentry","category-contact-fm-72","category-1","description-off"],"yoast_head":"<!-- This site is optimized with the Yoast SEO plugin v27.4 - https:\/\/yoast.com\/product\/yoast-seo-wordpress\/ -->\n<title>Ruill\u00e9-sur-Loir. A 15 ans, il devient porte-drapeau - Contact FM 99.3<\/title>\n<meta name=\"robots\" content=\"index, follow, max-snippet:-1, max-image-preview:large, max-video-preview:-1\" \/>\n<link rel=\"canonical\" href=\"https:\/\/contactfm72.fr\/?p=9919\" \/>\n<meta property=\"og:locale\" content=\"fr_FR\" \/>\n<meta property=\"og:type\" content=\"article\" \/>\n<meta property=\"og:title\" content=\"Ruill\u00e9-sur-Loir. A 15 ans, il devient porte-drapeau - Contact FM 99.3\" \/>\n<meta property=\"og:description\" content=\"\u00c2g\u00e9 de seulement 15 ans, Ga\u00ebl M\u00e9nard, ruillacois, devient porte-drapeau. Le mardi 24 mai, l\u2019UNACITA a proc\u00e9d\u00e9 \u00e0 sa remise officielle de drapeau et de tenue. &nbsp; Le jeune ruillacois fait le bonheur de ses a\u00een\u00e9s. Ga\u00ebl M\u00e9nard, jeune habitant de 15 ans de Ruill\u00e9-sur-Loir, dans la Sarthe, est devenu porte-drapeau. Cette c\u00e9r\u00e9monie d\u2019investiture s\u2019est&hellip;\" \/>\n<meta property=\"og:url\" content=\"https:\/\/contactfm72.fr\/?p=9919\" \/>\n<meta property=\"og:site_name\" content=\"Contact FM 99.3\" \/>\n<meta property=\"article:publisher\" content=\"https:\/\/www.facebook.com\/Contactfm.Chateauduloir\" \/>\n<meta property=\"article:published_time\" content=\"2022-05-24T15:02:08+00:00\" \/>\n<meta property=\"article:modified_time\" content=\"2022-05-24T19:46:59+00:00\" \/>\n<meta property=\"og:image\" content=\"https:\/\/contactfm72.fr\/wp-content\/uploads\/2022\/05\/c\u00e9r\u00e9-naz-1.jpg\" \/>\n\t<meta property=\"og:image:width\" content=\"2048\" \/>\n\t<meta property=\"og:image:height\" content=\"1536\" \/>\n\t<meta property=\"og:image:type\" content=\"image\/jpeg\" \/>\n<meta name=\"author\" content=\"Val\u00e9rie C.\" \/>\n<meta name=\"twitter:card\" content=\"summary_large_image\" \/>\n<meta name=\"twitter:creator\" content=\"@contactfm72\" \/>\n<meta name=\"twitter:site\" content=\"@contactfm72\" \/>\n<meta name=\"twitter:label1\" content=\"\u00c9crit par\" \/>\n\t<meta name=\"twitter:data1\" content=\"Val\u00e9rie C.\" \/>\n\t<meta name=\"twitter:label2\" content=\"Dur\u00e9e de lecture estim\u00e9e\" \/>\n\t<meta name=\"twitter:data2\" content=\"2 minutes\" \/>\n<script type=\"application\/ld+json\" class=\"yoast-schema-graph\">{\"@context\":\"https:\\\/\\\/schema.org\",\"@graph\":[{\"@type\":\"Article\",\"@id\":\"https:\\\/\\\/contactfm72.fr\\\/?p=9919#article\",\"isPartOf\":{\"@id\":\"https:\\\/\\\/contactfm72.fr\\\/?p=9919\"},\"author\":{\"name\":\"Val\u00e9rie C.\",\"@id\":\"https:\\\/\\\/contactfm72.fr\\\/#\\\/schema\\\/person\\\/9fdc9d1c2eb029354a4f1535b90ba82d\"},\"headline\":\"Ruill\u00e9-sur-Loir. A 15 ans, il devient porte-drapeau\",\"datePublished\":\"2022-05-24T15:02:08+00:00\",\"dateModified\":\"2022-05-24T19:46:59+00:00\",\"mainEntityOfPage\":{\"@id\":\"https:\\\/\\\/contactfm72.fr\\\/?p=9919\"},\"wordCount\":484,\"publisher\":{\"@id\":\"https:\\\/\\\/contactfm72.fr\\\/#organization\"},\"image\":{\"@id\":\"https:\\\/\\\/contactfm72.fr\\\/?p=9919#primaryimage\"},\"thumbnailUrl\":\"https:\\\/\\\/contactfm72.fr\\\/wp-content\\\/uploads\\\/2022\\\/05\\\/c\u00e9r\u00e9-naz-1.jpg\",\"articleSection\":[\"Contact FM 72\"],\"inLanguage\":\"fr-FR\"},{\"@type\":\"WebPage\",\"@id\":\"https:\\\/\\\/contactfm72.fr\\\/?p=9919\",\"url\":\"https:\\\/\\\/contactfm72.fr\\\/?p=9919\",\"name\":\"Ruill\u00e9-sur-Loir. A 15 ans, il devient porte-drapeau - Contact FM 99.3\",\"isPartOf\":{\"@id\":\"https:\\\/\\\/contactfm72.fr\\\/#website\"},\"primaryImageOfPage\":{\"@id\":\"https:\\\/\\\/contactfm72.fr\\\/?p=9919#primaryimage\"},\"image\":{\"@id\":\"https:\\\/\\\/contactfm72.fr\\\/?p=9919#primaryimage\"},\"thumbnailUrl\":\"https:\\\/\\\/contactfm72.fr\\\/wp-content\\\/uploads\\\/2022\\\/05\\\/c\u00e9r\u00e9-naz-1.jpg\",\"datePublished\":\"2022-05-24T15:02:08+00:00\",\"dateModified\":\"2022-05-24T19:46:59+00:00\",\"breadcrumb\":{\"@id\":\"https:\\\/\\\/contactfm72.fr\\\/?p=9919#breadcrumb\"},\"inLanguage\":\"fr-FR\",\"potentialAction\":[{\"@type\":\"ReadAction\",\"target\":[\"https:\\\/\\\/contactfm72.fr\\\/?p=9919\"]}]},{\"@type\":\"ImageObject\",\"inLanguage\":\"fr-FR\",\"@id\":\"https:\\\/\\\/contactfm72.fr\\\/?p=9919#primaryimage\",\"url\":\"https:\\\/\\\/contactfm72.fr\\\/wp-content\\\/uploads\\\/2022\\\/05\\\/c\u00e9r\u00e9-naz-1.jpg\",\"contentUrl\":\"https:\\\/\\\/contactfm72.fr\\\/wp-content\\\/uploads\\\/2022\\\/05\\\/c\u00e9r\u00e9-naz-1.jpg\",\"width\":2048,\"height\":1536,\"caption\":\"Ga\u00ebl M\u00e9nard est officiellement devenu porte-drapeau, \u00e2g\u00e9 de 15ans seulement.\"},{\"@type\":\"BreadcrumbList\",\"@id\":\"https:\\\/\\\/contactfm72.fr\\\/?p=9919#breadcrumb\",\"itemListElement\":[{\"@type\":\"ListItem\",\"position\":1,\"name\":\"Accueil\",\"item\":\"https:\\\/\\\/contactfm72.fr\\\/\"},{\"@type\":\"ListItem\",\"position\":2,\"name\":\"Ruill\u00e9-sur-Loir. A 15 ans, il devient porte-drapeau\"}]},{\"@type\":\"WebSite\",\"@id\":\"https:\\\/\\\/contactfm72.fr\\\/#website\",\"url\":\"https:\\\/\\\/contactfm72.fr\\\/\",\"name\":\"Contact FM 99.3\",\"description\":\"Votre radio en vall\u00e9e du Loir\",\"publisher\":{\"@id\":\"https:\\\/\\\/contactfm72.fr\\\/#organization\"},\"potentialAction\":[{\"@type\":\"SearchAction\",\"target\":{\"@type\":\"EntryPoint\",\"urlTemplate\":\"https:\\\/\\\/contactfm72.fr\\\/?s={search_term_string}\"},\"query-input\":{\"@type\":\"PropertyValueSpecification\",\"valueRequired\":true,\"valueName\":\"search_term_string\"}}],\"inLanguage\":\"fr-FR\"},{\"@type\":\"Organization\",\"@id\":\"https:\\\/\\\/contactfm72.fr\\\/#organization\",\"name\":\"Contact FM 99.3\",\"url\":\"https:\\\/\\\/contactfm72.fr\\\/\",\"logo\":{\"@type\":\"ImageObject\",\"inLanguage\":\"fr-FR\",\"@id\":\"https:\\\/\\\/contactfm72.fr\\\/#\\\/schema\\\/logo\\\/image\\\/\",\"url\":\"https:\\\/\\\/contactfm72.fr\\\/wp-content\\\/uploads\\\/2025\\\/04\\\/2025-04-18-2.jpg\",\"contentUrl\":\"https:\\\/\\\/contactfm72.fr\\\/wp-content\\\/uploads\\\/2025\\\/04\\\/2025-04-18-2.jpg\",\"width\":680,\"height\":307,\"caption\":\"Contact FM 99.3\"},\"image\":{\"@id\":\"https:\\\/\\\/contactfm72.fr\\\/#\\\/schema\\\/logo\\\/image\\\/\"},\"sameAs\":[\"https:\\\/\\\/www.facebook.com\\\/Contactfm.Chateauduloir\",\"https:\\\/\\\/x.com\\\/contactfm72\",\"https:\\\/\\\/www.instagram.com\\\/contact.fm.72?igsh=cGhlMHQ5N2JlNnpp\",\"https:\\\/\\\/www.tiktok.com\\\/@contact.fm\"]},{\"@type\":\"Person\",\"@id\":\"https:\\\/\\\/contactfm72.fr\\\/#\\\/schema\\\/person\\\/9fdc9d1c2eb029354a4f1535b90ba82d\",\"name\":\"Val\u00e9rie C.\",\"image\":{\"@type\":\"ImageObject\",\"inLanguage\":\"fr-FR\",\"@id\":\"https:\\\/\\\/secure.gravatar.com\\\/avatar\\\/2f8aa28f8dfbd7d4420afd1fdcdd0a349923e2c8a38ab28198b0f9d0601e4737?s=96&d=mm&r=g\",\"url\":\"https:\\\/\\\/secure.gravatar.com\\\/avatar\\\/2f8aa28f8dfbd7d4420afd1fdcdd0a349923e2c8a38ab28198b0f9d0601e4737?s=96&d=mm&r=g\",\"contentUrl\":\"https:\\\/\\\/secure.gravatar.com\\\/avatar\\\/2f8aa28f8dfbd7d4420afd1fdcdd0a349923e2c8a38ab28198b0f9d0601e4737?s=96&d=mm&r=g\",\"caption\":\"Val\u00e9rie C.\"},\"url\":\"https:\\\/\\\/contactfm72.fr\\\/?author=4\"}]}<\/script>\n<!-- \/ Yoast SEO plugin. -->","yoast_head_json":{"title":"Ruill\u00e9-sur-Loir. A 15 ans, il devient porte-drapeau - Contact FM 99.3","robots":{"index":"index","follow":"follow","max-snippet":"max-snippet:-1","max-image-preview":"max-image-preview:large","max-video-preview":"max-video-preview:-1"},"canonical":"https:\/\/contactfm72.fr\/?p=9919","og_locale":"fr_FR","og_type":"article","og_title":"Ruill\u00e9-sur-Loir. A 15 ans, il devient porte-drapeau - Contact FM 99.3","og_description":"\u00c2g\u00e9 de seulement 15 ans, Ga\u00ebl M\u00e9nard, ruillacois, devient porte-drapeau. Le mardi 24 mai, l\u2019UNACITA a proc\u00e9d\u00e9 \u00e0 sa remise officielle de drapeau et de tenue. &nbsp; Le jeune ruillacois fait le bonheur de ses a\u00een\u00e9s. Ga\u00ebl M\u00e9nard, jeune habitant de 15 ans de Ruill\u00e9-sur-Loir, dans la Sarthe, est devenu porte-drapeau. Cette c\u00e9r\u00e9monie d\u2019investiture s\u2019est&hellip;","og_url":"https:\/\/contactfm72.fr\/?p=9919","og_site_name":"Contact FM 99.3","article_publisher":"https:\/\/www.facebook.com\/Contactfm.Chateauduloir","article_published_time":"2022-05-24T15:02:08+00:00","article_modified_time":"2022-05-24T19:46:59+00:00","og_image":[{"width":2048,"height":1536,"url":"https:\/\/contactfm72.fr\/wp-content\/uploads\/2022\/05\/c\u00e9r\u00e9-naz-1.jpg","type":"image\/jpeg"}],"author":"Val\u00e9rie C.","twitter_card":"summary_large_image","twitter_creator":"@contactfm72","twitter_site":"@contactfm72","twitter_misc":{"\u00c9crit par":"Val\u00e9rie C.","Dur\u00e9e de lecture estim\u00e9e":"2 minutes"},"schema":{"@context":"https:\/\/schema.org","@graph":[{"@type":"Article","@id":"https:\/\/contactfm72.fr\/?p=9919#article","isPartOf":{"@id":"https:\/\/contactfm72.fr\/?p=9919"},"author":{"name":"Val\u00e9rie C.","@id":"https:\/\/contactfm72.fr\/#\/schema\/person\/9fdc9d1c2eb029354a4f1535b90ba82d"},"headline":"Ruill\u00e9-sur-Loir. A 15 ans, il devient porte-drapeau","datePublished":"2022-05-24T15:02:08+00:00","dateModified":"2022-05-24T19:46:59+00:00","mainEntityOfPage":{"@id":"https:\/\/contactfm72.fr\/?p=9919"},"wordCount":484,"publisher":{"@id":"https:\/\/contactfm72.fr\/#organization"},"image":{"@id":"https:\/\/contactfm72.fr\/?p=9919#primaryimage"},"thumbnailUrl":"https:\/\/contactfm72.fr\/wp-content\/uploads\/2022\/05\/c\u00e9r\u00e9-naz-1.jpg","articleSection":["Contact FM 72"],"inLanguage":"fr-FR"},{"@type":"WebPage","@id":"https:\/\/contactfm72.fr\/?p=9919","url":"https:\/\/contactfm72.fr\/?p=9919","name":"Ruill\u00e9-sur-Loir. A 15 ans, il devient porte-drapeau - Contact FM 99.3","isPartOf":{"@id":"https:\/\/contactfm72.fr\/#website"},"primaryImageOfPage":{"@id":"https:\/\/contactfm72.fr\/?p=9919#primaryimage"},"image":{"@id":"https:\/\/contactfm72.fr\/?p=9919#primaryimage"},"thumbnailUrl":"https:\/\/contactfm72.fr\/wp-content\/uploads\/2022\/05\/c\u00e9r\u00e9-naz-1.jpg","datePublished":"2022-05-24T15:02:08+00:00","dateModified":"2022-05-24T19:46:59+00:00","breadcrumb":{"@id":"https:\/\/contactfm72.fr\/?p=9919#breadcrumb"},"inLanguage":"fr-FR","potentialAction":[{"@type":"ReadAction","target":["https:\/\/contactfm72.fr\/?p=9919"]}]},{"@type":"ImageObject","inLanguage":"fr-FR","@id":"https:\/\/contactfm72.fr\/?p=9919#primaryimage","url":"https:\/\/contactfm72.fr\/wp-content\/uploads\/2022\/05\/c\u00e9r\u00e9-naz-1.jpg","contentUrl":"https:\/\/contactfm72.fr\/wp-content\/uploads\/2022\/05\/c\u00e9r\u00e9-naz-1.jpg","width":2048,"height":1536,"caption":"Ga\u00ebl M\u00e9nard est officiellement devenu porte-drapeau, \u00e2g\u00e9 de 15ans seulement."},{"@type":"BreadcrumbList","@id":"https:\/\/contactfm72.fr\/?p=9919#breadcrumb","itemListElement":[{"@type":"ListItem","position":1,"name":"Accueil","item":"https:\/\/contactfm72.fr\/"},{"@type":"ListItem","position":2,"name":"Ruill\u00e9-sur-Loir. A 15 ans, il devient porte-drapeau"}]},{"@type":"WebSite","@id":"https:\/\/contactfm72.fr\/#website","url":"https:\/\/contactfm72.fr\/","name":"Contact FM 99.3","description":"Votre radio en vall\u00e9e du Loir","publisher":{"@id":"https:\/\/contactfm72.fr\/#organization"},"potentialAction":[{"@type":"SearchAction","target":{"@type":"EntryPoint","urlTemplate":"https:\/\/contactfm72.fr\/?s={search_term_string}"},"query-input":{"@type":"PropertyValueSpecification","valueRequired":true,"valueName":"search_term_string"}}],"inLanguage":"fr-FR"},{"@type":"Organization","@id":"https:\/\/contactfm72.fr\/#organization","name":"Contact FM 99.3","url":"https:\/\/contactfm72.fr\/","logo":{"@type":"ImageObject","inLanguage":"fr-FR","@id":"https:\/\/contactfm72.fr\/#\/schema\/logo\/image\/","url":"https:\/\/contactfm72.fr\/wp-content\/uploads\/2025\/04\/2025-04-18-2.jpg","contentUrl":"https:\/\/contactfm72.fr\/wp-content\/uploads\/2025\/04\/2025-04-18-2.jpg","width":680,"height":307,"caption":"Contact FM 99.3"},"image":{"@id":"https:\/\/contactfm72.fr\/#\/schema\/logo\/image\/"},"sameAs":["https:\/\/www.facebook.com\/Contactfm.Chateauduloir","https:\/\/x.com\/contactfm72","https:\/\/www.instagram.com\/contact.fm.72?igsh=cGhlMHQ5N2JlNnpp","https:\/\/www.tiktok.com\/@contact.fm"]},{"@type":"Person","@id":"https:\/\/contactfm72.fr\/#\/schema\/person\/9fdc9d1c2eb029354a4f1535b90ba82d","name":"Val\u00e9rie C.","image":{"@type":"ImageObject","inLanguage":"fr-FR","@id":"https:\/\/secure.gravatar.com\/avatar\/2f8aa28f8dfbd7d4420afd1fdcdd0a349923e2c8a38ab28198b0f9d0601e4737?s=96&d=mm&r=g","url":"https:\/\/secure.gravatar.com\/avatar\/2f8aa28f8dfbd7d4420afd1fdcdd0a349923e2c8a38ab28198b0f9d0601e4737?s=96&d=mm&r=g","contentUrl":"https:\/\/secure.gravatar.com\/avatar\/2f8aa28f8dfbd7d4420afd1fdcdd0a349923e2c8a38ab28198b0f9d0601e4737?s=96&d=mm&r=g","caption":"Val\u00e9rie C."},"url":"https:\/\/contactfm72.fr\/?author=4"}]}},"_links":{"self":[{"href":"https:\/\/contactfm72.fr\/index.php?rest_route=\/wp\/v2\/posts\/9919","targetHints":{"allow":["GET"]}}],"collection":[{"href":"https:\/\/contactfm72.fr\/index.php?rest_route=\/wp\/v2\/posts"}],"about":[{"href":"https:\/\/contactfm72.fr\/index.php?rest_route=\/wp\/v2\/types\/post"}],"author":[{"embeddable":true,"href":"https:\/\/contactfm72.fr\/index.php?rest_route=\/wp\/v2\/users\/4"}],"replies":[{"embeddable":true,"href":"https:\/\/contactfm72.fr\/index.php?rest_route=%2Fwp%2Fv2%2Fcomments&post=9919"}],"version-history":[{"count":3,"href":"https:\/\/contactfm72.fr\/index.php?rest_route=\/wp\/v2\/posts\/9919\/revisions"}],"predecessor-version":[{"id":9926,"href":"https:\/\/contactfm72.fr\/index.php?rest_route=\/wp\/v2\/posts\/9919\/revisions\/9926"}],"wp:featuredmedia":[{"embeddable":true,"href":"https:\/\/contactfm72.fr\/index.php?rest_route=\/wp\/v2\/media\/9922"}],"wp:attachment":[{"href":"https:\/\/contactfm72.fr\/index.php?rest_route=%2Fwp%2Fv2%2Fmedia&parent=9919"}],"wp:term":[{"taxonomy":"category","embeddable":true,"href":"https:\/\/contactfm72.fr\/index.php?rest_route=%2Fwp%2Fv2%2Fcategories&post=9919"},{"taxonomy":"post_tag","embeddable":true,"href":"https:\/\/contactfm72.fr\/index.php?rest_route=%2Fwp%2Fv2%2Ftags&post=9919"}],"curies":[{"name":"wp","href":"https:\/\/api.w.org\/{rel}","templated":true}]}}