{"id":9909,"date":"2022-05-23T17:07:35","date_gmt":"2022-05-23T15:07:35","guid":{"rendered":"http:\/\/contactfm72.fr\/?p=9909"},"modified":"2022-05-23T17:07:35","modified_gmt":"2022-05-23T15:07:35","slug":"vaas-le-moulin-de-rotrou-reprend-vie","status":"publish","type":"post","link":"https:\/\/contactfm72.fr\/?p=9909","title":{"rendered":"Vaas. Le Moulin de Rotrou reprend vie"},"content":{"rendered":"<h2>A Vaas, le Moulin de Rotrou a r\u00e9cemment donn\u00e9 son assembl\u00e9e g\u00e9n\u00e9rale. Apr\u00e8s des mois de stagnation en raison de la crise sanitaire, l\u2019association affiche de belles ambitions pour cette saison 2022.<\/h2>\n<p>&nbsp;<\/p>\n<p>La vie reprend pour l\u2019association g\u00e9rant du <strong>Moulin de Rotrou \u00e0 Vaas<\/strong>, dans le sud <strong>Sarthe<\/strong>. La structure a r\u00e9cemment donn\u00e9 son assembl\u00e9e g\u00e9n\u00e9rale, pr\u00e9sid\u00e9e par <strong>Fran\u00e7oise Olivier.<\/strong> Les b\u00e9n\u00e9voles ont \u00e9norm\u00e9ment travaill\u00e9, notamment pour les ext\u00e9rieurs, et affichent de belles rencontres lors de cette saison touristique 2022.<\/p>\n<p>&nbsp;<\/p>\n<h3>L&#8217;embellissement des ext\u00e9rieurs<\/h3>\n<p>En cette saison, les visiteurs auront le luxe de d\u00e9couvrir de <strong>nouveaux espaces ext\u00e9rieurs<\/strong>, \u00e0 l\u2019image de l&#8217;espace cascades et jeux d&#8217;eau cr\u00e9e et confectionn\u00e9 par quatre b\u00e9n\u00e9voles en juillet et ao\u00fbt 2021 avec les canaux munis de barrages, la superbe <strong>maquette<\/strong> avec roue \u00e0 augets et la roue, construite \u00e0 l&#8217;identique de la roue \u00e0 aubes de Rotrou. \u00c9galement, ils pourront d\u00e9couvrir la mise en place d&#8217;un <strong>man\u00e8ge<\/strong>\u00a0permettant par un syst\u00e8me d&#8217;engrenages d&#8217;entra\u00eener une batteuse, mais aussi le <strong>d\u00e9capage<\/strong> des meules de pierre, meules \u00e0 bl\u00e9, meule \u00e0 huile, meules gallo-romaines, \u00e9tal de poissonnier.<\/p>\n<p>Bien entendu, les jardins, les parterres de fleurs, les plantes aromatiques et les jardins p\u00e9dagogiques, sont toujours \u00e0 visiter.<\/p>\n<p>&nbsp;<\/p>\n<h3>Dates \u00e0 retenir<\/h3>\n<p>Plusieurs dates sont \u00e0 retenir concernant les activit\u00e9s \u00e0 Rotrou\u00a0:<\/p>\n<ul>\n<li>La f\u00eate des fou\u00e9es, le dimanche 12 juin<\/li>\n<li>Journ\u00e9e du patrimoine de pays et des moulins le dimanche 26 juin,<\/li>\n<li>Le tour de la Sarthe \u00e0 pied le 1er juillet<\/li>\n<li>la f\u00eate du bl\u00e9 au pain, le samedi 6 ao\u00fbt<\/li>\n<li>Les journ\u00e9es du patrimoine les 17\/18 septembre<\/li>\n<\/ul>\n<p>Les dates r\u00e9guli\u00e8res \u00ab\u00a0d\u2019avant covid\u00a0\u00bb, sont toujours d\u2019actualit\u00e9s\u00a0:<\/p>\n<ul>\n<li>Tous les mardis de 14h \u00e0 16h, rendez-vous \u00ab saveurs et cr\u00e9ations (sauf vacances scolaires)<\/li>\n<li>Tous les mercredis matins de 10h \u00e0 12h, mercredis pitchoun avec enfants de moins de 6 ans, accompagn\u00e9s<\/li>\n<li>Pendant les vacances scolaires, des apr\u00e8s-midis r\u00e9cr\u00e9atifs pour enfants de 5 \u00e0 12 ans accompagn\u00e9s.<\/li>\n<li>Les visites guid\u00e9es : en mai, juin et septembre, les dimanches apr\u00e8s-midis, 15h\/17h30. En juillet et ao\u00fbt, le matin 10h\/12h, l&#8217;apr\u00e8s-midi, 15h\/17h30.<\/li>\n<\/ul>\n<p>Les b\u00e9n\u00e9voles esp\u00e8rent que les visiteurs seront nombreux \u00e0 venir d\u00e9couvrir ou red\u00e9couvrir le moulin, admirer la rivi\u00e8re, le barrage et surtout la grande roue \u00e0 aubes qui entra\u00eene toutes les machines permettant au grain de bl\u00e9 de devenir farine.<\/p>\n<p>&nbsp;<\/p>\n<h5>Pour tous renseignements compl\u00e9mentaires n&#8217;h\u00e9sitez pas \u00e0 contacter l\u2019association au 02 43 79 36 81 ou 07 80 44 62 17, ou par mail, <a href=\"mailto:lemoulinderotrou@gmail.com\">lemoulinderotrou@gmail.com<\/a><\/h5>\n<!-- AddThis Advanced Settings generic via filter on the_content --><!-- AddThis Share Buttons generic via filter on the_content -->","protected":false},"excerpt":{"rendered":"<p>A Vaas, le Moulin de Rotrou a r\u00e9cemment donn\u00e9 son assembl\u00e9e g\u00e9n\u00e9rale. Apr\u00e8s des mois de stagnation en raison de la crise sanitaire, l\u2019association affiche de belles ambitions pour cette saison 2022. &nbsp; La vie reprend pour l\u2019association g\u00e9rant du Moulin de Rotrou \u00e0 Vaas, dans le sud Sarthe. La structure a r\u00e9cemment donn\u00e9 son&hellip;<!-- AddThis Advanced Settings generic via filter on get_the_excerpt --><!-- AddThis Share Buttons generic via filter on get_the_excerpt --><\/p>\n","protected":false},"author":4,"featured_media":9910,"comment_status":"closed","ping_status":"open","sticky":false,"template":"","format":"standard","meta":{"footnotes":""},"categories":[1],"tags":[],"class_list":["post-9909","post","type-post","status-publish","format-standard","has-post-thumbnail","hentry","category-contact-fm-72","category-1","description-off"],"yoast_head":"<!-- This site is optimized with the Yoast SEO plugin v27.4 - https:\/\/yoast.com\/product\/yoast-seo-wordpress\/ -->\n<title>Vaas. Le Moulin de Rotrou reprend vie - Contact FM 99.3<\/title>\n<meta name=\"robots\" content=\"index, follow, max-snippet:-1, max-image-preview:large, max-video-preview:-1\" \/>\n<link rel=\"canonical\" href=\"https:\/\/contactfm72.fr\/?p=9909\" \/>\n<meta property=\"og:locale\" content=\"fr_FR\" \/>\n<meta property=\"og:type\" content=\"article\" \/>\n<meta property=\"og:title\" content=\"Vaas. Le Moulin de Rotrou reprend vie - Contact FM 99.3\" \/>\n<meta property=\"og:description\" content=\"A Vaas, le Moulin de Rotrou a r\u00e9cemment donn\u00e9 son assembl\u00e9e g\u00e9n\u00e9rale. Apr\u00e8s des mois de stagnation en raison de la crise sanitaire, l\u2019association affiche de belles ambitions pour cette saison 2022. &nbsp; La vie reprend pour l\u2019association g\u00e9rant du Moulin de Rotrou \u00e0 Vaas, dans le sud Sarthe. La structure a r\u00e9cemment donn\u00e9 son&hellip;\" \/>\n<meta property=\"og:url\" content=\"https:\/\/contactfm72.fr\/?p=9909\" \/>\n<meta property=\"og:site_name\" content=\"Contact FM 99.3\" \/>\n<meta property=\"article:publisher\" content=\"https:\/\/www.facebook.com\/Contactfm.Chateauduloir\" \/>\n<meta property=\"article:published_time\" content=\"2022-05-23T15:07:35+00:00\" \/>\n<meta property=\"og:image\" content=\"https:\/\/contactfm72.fr\/wp-content\/uploads\/2022\/05\/Ag-rotrou.jpg\" \/>\n\t<meta property=\"og:image:width\" content=\"960\" \/>\n\t<meta property=\"og:image:height\" content=\"720\" \/>\n\t<meta property=\"og:image:type\" content=\"image\/jpeg\" \/>\n<meta name=\"author\" content=\"Val\u00e9rie C.\" \/>\n<meta name=\"twitter:card\" content=\"summary_large_image\" \/>\n<meta name=\"twitter:creator\" content=\"@contactfm72\" \/>\n<meta name=\"twitter:site\" content=\"@contactfm72\" \/>\n<meta name=\"twitter:label1\" content=\"\u00c9crit par\" \/>\n\t<meta name=\"twitter:data1\" content=\"Val\u00e9rie C.\" \/>\n\t<meta name=\"twitter:label2\" content=\"Dur\u00e9e de lecture estim\u00e9e\" \/>\n\t<meta name=\"twitter:data2\" content=\"2 minutes\" \/>\n<script type=\"application\/ld+json\" class=\"yoast-schema-graph\">{\"@context\":\"https:\\\/\\\/schema.org\",\"@graph\":[{\"@type\":\"Article\",\"@id\":\"https:\\\/\\\/contactfm72.fr\\\/?p=9909#article\",\"isPartOf\":{\"@id\":\"https:\\\/\\\/contactfm72.fr\\\/?p=9909\"},\"author\":{\"name\":\"Val\u00e9rie C.\",\"@id\":\"https:\\\/\\\/contactfm72.fr\\\/#\\\/schema\\\/person\\\/9fdc9d1c2eb029354a4f1535b90ba82d\"},\"headline\":\"Vaas. Le Moulin de Rotrou reprend vie\",\"datePublished\":\"2022-05-23T15:07:35+00:00\",\"mainEntityOfPage\":{\"@id\":\"https:\\\/\\\/contactfm72.fr\\\/?p=9909\"},\"wordCount\":451,\"publisher\":{\"@id\":\"https:\\\/\\\/contactfm72.fr\\\/#organization\"},\"image\":{\"@id\":\"https:\\\/\\\/contactfm72.fr\\\/?p=9909#primaryimage\"},\"thumbnailUrl\":\"https:\\\/\\\/contactfm72.fr\\\/wp-content\\\/uploads\\\/2022\\\/05\\\/Ag-rotrou.jpg\",\"articleSection\":[\"Contact FM 72\"],\"inLanguage\":\"fr-FR\"},{\"@type\":\"WebPage\",\"@id\":\"https:\\\/\\\/contactfm72.fr\\\/?p=9909\",\"url\":\"https:\\\/\\\/contactfm72.fr\\\/?p=9909\",\"name\":\"Vaas. Le Moulin de Rotrou reprend vie - Contact FM 99.3\",\"isPartOf\":{\"@id\":\"https:\\\/\\\/contactfm72.fr\\\/#website\"},\"primaryImageOfPage\":{\"@id\":\"https:\\\/\\\/contactfm72.fr\\\/?p=9909#primaryimage\"},\"image\":{\"@id\":\"https:\\\/\\\/contactfm72.fr\\\/?p=9909#primaryimage\"},\"thumbnailUrl\":\"https:\\\/\\\/contactfm72.fr\\\/wp-content\\\/uploads\\\/2022\\\/05\\\/Ag-rotrou.jpg\",\"datePublished\":\"2022-05-23T15:07:35+00:00\",\"breadcrumb\":{\"@id\":\"https:\\\/\\\/contactfm72.fr\\\/?p=9909#breadcrumb\"},\"inLanguage\":\"fr-FR\",\"potentialAction\":[{\"@type\":\"ReadAction\",\"target\":[\"https:\\\/\\\/contactfm72.fr\\\/?p=9909\"]}]},{\"@type\":\"ImageObject\",\"inLanguage\":\"fr-FR\",\"@id\":\"https:\\\/\\\/contactfm72.fr\\\/?p=9909#primaryimage\",\"url\":\"https:\\\/\\\/contactfm72.fr\\\/wp-content\\\/uploads\\\/2022\\\/05\\\/Ag-rotrou.jpg\",\"contentUrl\":\"https:\\\/\\\/contactfm72.fr\\\/wp-content\\\/uploads\\\/2022\\\/05\\\/Ag-rotrou.jpg\",\"width\":960,\"height\":720,\"caption\":\"Le Moulin de Rotrou, \u00e0 Vaas, accueille ses visiteurs. Cr\u00e9dits: Moulin de Rotrou.\"},{\"@type\":\"BreadcrumbList\",\"@id\":\"https:\\\/\\\/contactfm72.fr\\\/?p=9909#breadcrumb\",\"itemListElement\":[{\"@type\":\"ListItem\",\"position\":1,\"name\":\"Accueil\",\"item\":\"https:\\\/\\\/contactfm72.fr\\\/\"},{\"@type\":\"ListItem\",\"position\":2,\"name\":\"Vaas. Le Moulin de Rotrou reprend vie\"}]},{\"@type\":\"WebSite\",\"@id\":\"https:\\\/\\\/contactfm72.fr\\\/#website\",\"url\":\"https:\\\/\\\/contactfm72.fr\\\/\",\"name\":\"Contact FM 99.3\",\"description\":\"Votre radio en vall\u00e9e du Loir\",\"publisher\":{\"@id\":\"https:\\\/\\\/contactfm72.fr\\\/#organization\"},\"potentialAction\":[{\"@type\":\"SearchAction\",\"target\":{\"@type\":\"EntryPoint\",\"urlTemplate\":\"https:\\\/\\\/contactfm72.fr\\\/?s={search_term_string}\"},\"query-input\":{\"@type\":\"PropertyValueSpecification\",\"valueRequired\":true,\"valueName\":\"search_term_string\"}}],\"inLanguage\":\"fr-FR\"},{\"@type\":\"Organization\",\"@id\":\"https:\\\/\\\/contactfm72.fr\\\/#organization\",\"name\":\"Contact FM 99.3\",\"url\":\"https:\\\/\\\/contactfm72.fr\\\/\",\"logo\":{\"@type\":\"ImageObject\",\"inLanguage\":\"fr-FR\",\"@id\":\"https:\\\/\\\/contactfm72.fr\\\/#\\\/schema\\\/logo\\\/image\\\/\",\"url\":\"https:\\\/\\\/contactfm72.fr\\\/wp-content\\\/uploads\\\/2025\\\/04\\\/2025-04-18-2.jpg\",\"contentUrl\":\"https:\\\/\\\/contactfm72.fr\\\/wp-content\\\/uploads\\\/2025\\\/04\\\/2025-04-18-2.jpg\",\"width\":680,\"height\":307,\"caption\":\"Contact FM 99.3\"},\"image\":{\"@id\":\"https:\\\/\\\/contactfm72.fr\\\/#\\\/schema\\\/logo\\\/image\\\/\"},\"sameAs\":[\"https:\\\/\\\/www.facebook.com\\\/Contactfm.Chateauduloir\",\"https:\\\/\\\/x.com\\\/contactfm72\",\"https:\\\/\\\/www.instagram.com\\\/contact.fm.72?igsh=cGhlMHQ5N2JlNnpp\",\"https:\\\/\\\/www.tiktok.com\\\/@contact.fm\"]},{\"@type\":\"Person\",\"@id\":\"https:\\\/\\\/contactfm72.fr\\\/#\\\/schema\\\/person\\\/9fdc9d1c2eb029354a4f1535b90ba82d\",\"name\":\"Val\u00e9rie C.\",\"image\":{\"@type\":\"ImageObject\",\"inLanguage\":\"fr-FR\",\"@id\":\"https:\\\/\\\/secure.gravatar.com\\\/avatar\\\/2f8aa28f8dfbd7d4420afd1fdcdd0a349923e2c8a38ab28198b0f9d0601e4737?s=96&d=mm&r=g\",\"url\":\"https:\\\/\\\/secure.gravatar.com\\\/avatar\\\/2f8aa28f8dfbd7d4420afd1fdcdd0a349923e2c8a38ab28198b0f9d0601e4737?s=96&d=mm&r=g\",\"contentUrl\":\"https:\\\/\\\/secure.gravatar.com\\\/avatar\\\/2f8aa28f8dfbd7d4420afd1fdcdd0a349923e2c8a38ab28198b0f9d0601e4737?s=96&d=mm&r=g\",\"caption\":\"Val\u00e9rie C.\"},\"url\":\"https:\\\/\\\/contactfm72.fr\\\/?author=4\"}]}<\/script>\n<!-- \/ Yoast SEO plugin. -->","yoast_head_json":{"title":"Vaas. Le Moulin de Rotrou reprend vie - Contact FM 99.3","robots":{"index":"index","follow":"follow","max-snippet":"max-snippet:-1","max-image-preview":"max-image-preview:large","max-video-preview":"max-video-preview:-1"},"canonical":"https:\/\/contactfm72.fr\/?p=9909","og_locale":"fr_FR","og_type":"article","og_title":"Vaas. Le Moulin de Rotrou reprend vie - Contact FM 99.3","og_description":"A Vaas, le Moulin de Rotrou a r\u00e9cemment donn\u00e9 son assembl\u00e9e g\u00e9n\u00e9rale. Apr\u00e8s des mois de stagnation en raison de la crise sanitaire, l\u2019association affiche de belles ambitions pour cette saison 2022. &nbsp; La vie reprend pour l\u2019association g\u00e9rant du Moulin de Rotrou \u00e0 Vaas, dans le sud Sarthe. La structure a r\u00e9cemment donn\u00e9 son&hellip;","og_url":"https:\/\/contactfm72.fr\/?p=9909","og_site_name":"Contact FM 99.3","article_publisher":"https:\/\/www.facebook.com\/Contactfm.Chateauduloir","article_published_time":"2022-05-23T15:07:35+00:00","og_image":[{"width":960,"height":720,"url":"https:\/\/contactfm72.fr\/wp-content\/uploads\/2022\/05\/Ag-rotrou.jpg","type":"image\/jpeg"}],"author":"Val\u00e9rie C.","twitter_card":"summary_large_image","twitter_creator":"@contactfm72","twitter_site":"@contactfm72","twitter_misc":{"\u00c9crit par":"Val\u00e9rie C.","Dur\u00e9e de lecture estim\u00e9e":"2 minutes"},"schema":{"@context":"https:\/\/schema.org","@graph":[{"@type":"Article","@id":"https:\/\/contactfm72.fr\/?p=9909#article","isPartOf":{"@id":"https:\/\/contactfm72.fr\/?p=9909"},"author":{"name":"Val\u00e9rie C.","@id":"https:\/\/contactfm72.fr\/#\/schema\/person\/9fdc9d1c2eb029354a4f1535b90ba82d"},"headline":"Vaas. Le Moulin de Rotrou reprend vie","datePublished":"2022-05-23T15:07:35+00:00","mainEntityOfPage":{"@id":"https:\/\/contactfm72.fr\/?p=9909"},"wordCount":451,"publisher":{"@id":"https:\/\/contactfm72.fr\/#organization"},"image":{"@id":"https:\/\/contactfm72.fr\/?p=9909#primaryimage"},"thumbnailUrl":"https:\/\/contactfm72.fr\/wp-content\/uploads\/2022\/05\/Ag-rotrou.jpg","articleSection":["Contact FM 72"],"inLanguage":"fr-FR"},{"@type":"WebPage","@id":"https:\/\/contactfm72.fr\/?p=9909","url":"https:\/\/contactfm72.fr\/?p=9909","name":"Vaas. Le Moulin de Rotrou reprend vie - Contact FM 99.3","isPartOf":{"@id":"https:\/\/contactfm72.fr\/#website"},"primaryImageOfPage":{"@id":"https:\/\/contactfm72.fr\/?p=9909#primaryimage"},"image":{"@id":"https:\/\/contactfm72.fr\/?p=9909#primaryimage"},"thumbnailUrl":"https:\/\/contactfm72.fr\/wp-content\/uploads\/2022\/05\/Ag-rotrou.jpg","datePublished":"2022-05-23T15:07:35+00:00","breadcrumb":{"@id":"https:\/\/contactfm72.fr\/?p=9909#breadcrumb"},"inLanguage":"fr-FR","potentialAction":[{"@type":"ReadAction","target":["https:\/\/contactfm72.fr\/?p=9909"]}]},{"@type":"ImageObject","inLanguage":"fr-FR","@id":"https:\/\/contactfm72.fr\/?p=9909#primaryimage","url":"https:\/\/contactfm72.fr\/wp-content\/uploads\/2022\/05\/Ag-rotrou.jpg","contentUrl":"https:\/\/contactfm72.fr\/wp-content\/uploads\/2022\/05\/Ag-rotrou.jpg","width":960,"height":720,"caption":"Le Moulin de Rotrou, \u00e0 Vaas, accueille ses visiteurs. Cr\u00e9dits: Moulin de Rotrou."},{"@type":"BreadcrumbList","@id":"https:\/\/contactfm72.fr\/?p=9909#breadcrumb","itemListElement":[{"@type":"ListItem","position":1,"name":"Accueil","item":"https:\/\/contactfm72.fr\/"},{"@type":"ListItem","position":2,"name":"Vaas. Le Moulin de Rotrou reprend vie"}]},{"@type":"WebSite","@id":"https:\/\/contactfm72.fr\/#website","url":"https:\/\/contactfm72.fr\/","name":"Contact FM 99.3","description":"Votre radio en vall\u00e9e du Loir","publisher":{"@id":"https:\/\/contactfm72.fr\/#organization"},"potentialAction":[{"@type":"SearchAction","target":{"@type":"EntryPoint","urlTemplate":"https:\/\/contactfm72.fr\/?s={search_term_string}"},"query-input":{"@type":"PropertyValueSpecification","valueRequired":true,"valueName":"search_term_string"}}],"inLanguage":"fr-FR"},{"@type":"Organization","@id":"https:\/\/contactfm72.fr\/#organization","name":"Contact FM 99.3","url":"https:\/\/contactfm72.fr\/","logo":{"@type":"ImageObject","inLanguage":"fr-FR","@id":"https:\/\/contactfm72.fr\/#\/schema\/logo\/image\/","url":"https:\/\/contactfm72.fr\/wp-content\/uploads\/2025\/04\/2025-04-18-2.jpg","contentUrl":"https:\/\/contactfm72.fr\/wp-content\/uploads\/2025\/04\/2025-04-18-2.jpg","width":680,"height":307,"caption":"Contact FM 99.3"},"image":{"@id":"https:\/\/contactfm72.fr\/#\/schema\/logo\/image\/"},"sameAs":["https:\/\/www.facebook.com\/Contactfm.Chateauduloir","https:\/\/x.com\/contactfm72","https:\/\/www.instagram.com\/contact.fm.72?igsh=cGhlMHQ5N2JlNnpp","https:\/\/www.tiktok.com\/@contact.fm"]},{"@type":"Person","@id":"https:\/\/contactfm72.fr\/#\/schema\/person\/9fdc9d1c2eb029354a4f1535b90ba82d","name":"Val\u00e9rie C.","image":{"@type":"ImageObject","inLanguage":"fr-FR","@id":"https:\/\/secure.gravatar.com\/avatar\/2f8aa28f8dfbd7d4420afd1fdcdd0a349923e2c8a38ab28198b0f9d0601e4737?s=96&d=mm&r=g","url":"https:\/\/secure.gravatar.com\/avatar\/2f8aa28f8dfbd7d4420afd1fdcdd0a349923e2c8a38ab28198b0f9d0601e4737?s=96&d=mm&r=g","contentUrl":"https:\/\/secure.gravatar.com\/avatar\/2f8aa28f8dfbd7d4420afd1fdcdd0a349923e2c8a38ab28198b0f9d0601e4737?s=96&d=mm&r=g","caption":"Val\u00e9rie C."},"url":"https:\/\/contactfm72.fr\/?author=4"}]}},"_links":{"self":[{"href":"https:\/\/contactfm72.fr\/index.php?rest_route=\/wp\/v2\/posts\/9909","targetHints":{"allow":["GET"]}}],"collection":[{"href":"https:\/\/contactfm72.fr\/index.php?rest_route=\/wp\/v2\/posts"}],"about":[{"href":"https:\/\/contactfm72.fr\/index.php?rest_route=\/wp\/v2\/types\/post"}],"author":[{"embeddable":true,"href":"https:\/\/contactfm72.fr\/index.php?rest_route=\/wp\/v2\/users\/4"}],"replies":[{"embeddable":true,"href":"https:\/\/contactfm72.fr\/index.php?rest_route=%2Fwp%2Fv2%2Fcomments&post=9909"}],"version-history":[{"count":1,"href":"https:\/\/contactfm72.fr\/index.php?rest_route=\/wp\/v2\/posts\/9909\/revisions"}],"predecessor-version":[{"id":9911,"href":"https:\/\/contactfm72.fr\/index.php?rest_route=\/wp\/v2\/posts\/9909\/revisions\/9911"}],"wp:featuredmedia":[{"embeddable":true,"href":"https:\/\/contactfm72.fr\/index.php?rest_route=\/wp\/v2\/media\/9910"}],"wp:attachment":[{"href":"https:\/\/contactfm72.fr\/index.php?rest_route=%2Fwp%2Fv2%2Fmedia&parent=9909"}],"wp:term":[{"taxonomy":"category","embeddable":true,"href":"https:\/\/contactfm72.fr\/index.php?rest_route=%2Fwp%2Fv2%2Fcategories&post=9909"},{"taxonomy":"post_tag","embeddable":true,"href":"https:\/\/contactfm72.fr\/index.php?rest_route=%2Fwp%2Fv2%2Ftags&post=9909"}],"curies":[{"name":"wp","href":"https:\/\/api.w.org\/{rel}","templated":true}]}}