{"id":9717,"date":"2022-05-05T16:57:47","date_gmt":"2022-05-05T14:57:47","guid":{"rendered":"http:\/\/contactfm72.fr\/?p=9717"},"modified":"2022-05-05T16:57:47","modified_gmt":"2022-05-05T14:57:47","slug":"ruille-sur-loir-les-lyceens-devoues-au-devoir-de-memoire","status":"publish","type":"post","link":"https:\/\/contactfm72.fr\/?p=9717","title":{"rendered":"Ruill\u00e9-sur-Loir. Les lyc\u00e9ens d\u00e9vou\u00e9s au devoir de m\u00e9moire"},"content":{"rendered":"<h2>Le jeudi 5 mai, une c\u00e9r\u00e9monie en hommage au poilu Yvon Van Luyn au cimeti\u00e8re de Ruill\u00e9-sur-Loir a \u00e9t\u00e9 organis\u00e9e. Dans le cadre de leur option \u00ab citoyenne \u00bb, les lyc\u00e9ens ont entretenu un devoir de m\u00e9moire autour de la vie de ce soldat et ont r\u00e9nov\u00e9 sa s\u00e9pulture.<\/h2>\n<p>&nbsp;<\/p>\n<p>Depuis octobre 2021, les 14 \u00e9l\u00e8ves de 3<sup>\u00e8me<\/sup> de l\u2019<strong>option \u00ab\u00a0citoyenne\u00a0\u00bb<\/strong>, dispens\u00e9e au <strong>Lyc\u00e9e Nazareth de Ruille-sur-Loir,<\/strong> commune de Loir-en-Vall\u00e9e, dans le <strong>sud-Sarthe<\/strong>, ont particip\u00e9 au <strong>devoir de m\u00e9moire<\/strong> en restaurant la s\u00e9pulture d\u2019un <strong>soldat de la Premi\u00e8re Guerre Mondiale, Yvon Van Luyn<\/strong>. \u00ab On est tr\u00e8s heureux d\u2019avoir pu finaliser ce projet. On est fier d\u2019avoir particip\u00e9 \u00e0 ce devoir de m\u00e9moire, \u00e7a nous donne une<strong> vision diff\u00e9rente des cours classiques<\/strong> \u00bb, informent Ethan et Nolan, tous deux \u00e9l\u00e8ves en 3\u00e8me.<\/p>\n<p>&nbsp;<\/p>\n<blockquote><p>Fr\u00e9d\u00e9ric Buzance, professeur d\u2019Histoire et G\u00e9ographie au lyc\u00e9e Nazareth, membre d\u2019une unit\u00e9 locale de l\u2019association du Souvenir Fran\u00e7ais et \u00e9galement \u00e0 l\u2019origine de ce projet, en explique la gen\u00e8se\u00a0: \u00ab\u00a0dans le cadre de l\u2019option \u00ab\u00a0citoyenne\u00a0\u00bb, les 14 \u00e9l\u00e8ves de 3<sup>\u00e8me<\/sup> ont travaill\u00e9 sur l\u2019histoire du soldat Yvon Van Luyn. Le but \u00e9tait de retracer sa vie, et r\u00e9nover sa s\u00e9pulture qui se situe dans le cimeti\u00e8re pr\u00e8s du lyc\u00e9e\u00a0\u00bb.<\/p><\/blockquote>\n<p>Pendant huit mois, les \u00e9l\u00e8ves ont d\u00fb\u00a0faire des <strong>recherches sur la vie du soldat<\/strong>, sur son <strong>parcours militaire<\/strong>, sa <strong>g\u00e9n\u00e9alogie<\/strong>, et <strong>rencontrer la famille de l&#8217;homme<\/strong>. Les \u00e9l\u00e8ves ont finalis\u00e9 leurs travaux en participant \u00e0 la <strong>r\u00e9novation de sa s\u00e9pulture, et enfin, \u00e0 la c\u00e9r\u00e9monie de comm\u00e9moration<\/strong>.<\/p>\n<div id=\"attachment_9719\" style=\"width: 2058px\" class=\"wp-caption alignnone\"><img loading=\"lazy\" decoding=\"async\" aria-describedby=\"caption-attachment-9719\" class=\"size-full wp-image-9719\" src=\"http:\/\/contactfm72.fr\/wp-content\/uploads\/2022\/05\/c\u00e9r\u00e9monie-1.jpg\" alt=\"\" width=\"2048\" height=\"1536\" \/><p id=\"caption-attachment-9719\" class=\"wp-caption-text\">Famille, membres d&#8217;associations et lyc\u00e9ens, devant la s\u00e9pulture du soldat mort pour la France.<\/p><\/div>\n<h3><strong><br \/>\nEn pr\u00e9sence de la famille<\/strong><\/h3>\n<blockquote><p>\u00ab\u00a0Yvon Van Luyn, jeune caporal n\u00e9 \u00e0 Ch\u00e2teauroux mais dont la m\u00e8re \u00e9tait de la r\u00e9gion, est mort tout au d\u00e9but de la Premi\u00e8re Guerre Mondiale. Il a contract\u00e9 la fi\u00e8vre typho\u00efde, certainement dans les tranch\u00e9es, et est d\u00e9c\u00e9d\u00e9 \u00e0 Clermont-Ferrand\u00a0\u00bb, font savoir les \u00e9l\u00e8ves.<\/p><\/blockquote>\n<p>Ils ont par ailleurs expos\u00e9 leurs travaux au rez-de-chauss\u00e9e du b\u00e2timent de l\u2019internat du lyc\u00e9e.<\/p>\n<p>Lors de cette comm\u00e9moration, la famille du soldat \u00e9tait par ailleurs invit\u00e9e. \u00ab\u00a0Ce sont les \u00e9l\u00e8ves qui m\u2019ont fait conna\u00eetre l\u2019existence d\u2019Yvon. Il \u00e9tait le cousin de ma grand-m\u00e8re paternelle. Mon grand-p\u00e8re, \u00e0 l\u2019\u00e9poque bless\u00e9 de guerre, a eu la L\u00e9gion d\u2019Honneur. Tout cela fait remonter des vieilles histoires de famille\u00a0\u00bb, explique \u00e9mue Catherine Carton, l\u2019arri\u00e8re-petite-cousine du soldat.<\/p>\n<p>&nbsp;<\/p>\n<h3>\u00ab\u00a0Pour ne pas oublier\u00a0\u00bb<\/h3>\n<p>Josiane Poupon, repr\u00e9sentante d\u00e9partementale de l\u2019association du Souvenir Fran\u00e7ais qui \u0153uvre pour le devoir de m\u00e9moire en restaurant les s\u00e9pultures des soldats, le souligne\u00a0: \u00ab\u00a0on peut \u00eatre fier que des lyc\u00e9ens se d\u00e9vouent ainsi. C\u2019est notre <strong>devoir de transmettre \u00e0 la jeune g\u00e9n\u00e9ration<\/strong>, pour ne pas oublier\u00a0\u00bb.<\/p>\n<p>Le Souvenir Fran\u00e7ais a d\u00e9pos\u00e9 une <strong>cocarde m\u00e9tallique<\/strong> sur la s\u00e9pulture d\u2019Yvon Van Luyn, synonyme de reconnaissance, afin de continuer l\u2019entretien de la derni\u00e8re demeure du soldat mort pour la France.<\/p>\n<!-- AddThis Advanced Settings generic via filter on the_content --><!-- AddThis Share Buttons generic via filter on the_content -->","protected":false},"excerpt":{"rendered":"<p>Le jeudi 5 mai, une c\u00e9r\u00e9monie en hommage au poilu Yvon Van Luyn au cimeti\u00e8re de Ruill\u00e9-sur-Loir a \u00e9t\u00e9 organis\u00e9e. Dans le cadre de leur option \u00ab citoyenne \u00bb, les lyc\u00e9ens ont entretenu un devoir de m\u00e9moire autour de la vie de ce soldat et ont r\u00e9nov\u00e9 sa s\u00e9pulture. &nbsp; Depuis octobre 2021, les 14&hellip;<!-- AddThis Advanced Settings generic via filter on get_the_excerpt --><!-- AddThis Share Buttons generic via filter on get_the_excerpt --><\/p>\n","protected":false},"author":4,"featured_media":9718,"comment_status":"closed","ping_status":"open","sticky":false,"template":"","format":"standard","meta":{"footnotes":""},"categories":[1],"tags":[],"class_list":["post-9717","post","type-post","status-publish","format-standard","has-post-thumbnail","hentry","category-contact-fm-72","category-1","description-off"],"yoast_head":"<!-- This site is optimized with the Yoast SEO plugin v27.4 - https:\/\/yoast.com\/product\/yoast-seo-wordpress\/ -->\n<title>Ruill\u00e9-sur-Loir. Les lyc\u00e9ens d\u00e9vou\u00e9s au devoir de m\u00e9moire - Contact FM 99.3<\/title>\n<meta name=\"robots\" content=\"index, follow, max-snippet:-1, max-image-preview:large, max-video-preview:-1\" \/>\n<link rel=\"canonical\" href=\"https:\/\/contactfm72.fr\/?p=9717\" \/>\n<meta property=\"og:locale\" content=\"fr_FR\" \/>\n<meta property=\"og:type\" content=\"article\" \/>\n<meta property=\"og:title\" content=\"Ruill\u00e9-sur-Loir. Les lyc\u00e9ens d\u00e9vou\u00e9s au devoir de m\u00e9moire - Contact FM 99.3\" \/>\n<meta property=\"og:description\" content=\"Le jeudi 5 mai, une c\u00e9r\u00e9monie en hommage au poilu Yvon Van Luyn au cimeti\u00e8re de Ruill\u00e9-sur-Loir a \u00e9t\u00e9 organis\u00e9e. Dans le cadre de leur option \u00ab citoyenne \u00bb, les lyc\u00e9ens ont entretenu un devoir de m\u00e9moire autour de la vie de ce soldat et ont r\u00e9nov\u00e9 sa s\u00e9pulture. &nbsp; Depuis octobre 2021, les 14&hellip;\" \/>\n<meta property=\"og:url\" content=\"https:\/\/contactfm72.fr\/?p=9717\" \/>\n<meta property=\"og:site_name\" content=\"Contact FM 99.3\" \/>\n<meta property=\"article:publisher\" content=\"https:\/\/www.facebook.com\/Contactfm.Chateauduloir\" \/>\n<meta property=\"article:published_time\" content=\"2022-05-05T14:57:47+00:00\" \/>\n<meta property=\"og:image\" content=\"https:\/\/contactfm72.fr\/wp-content\/uploads\/2022\/05\/c\u00e9r\u00e9monie-2.jpg\" \/>\n\t<meta property=\"og:image:width\" content=\"2048\" \/>\n\t<meta property=\"og:image:height\" content=\"1536\" \/>\n\t<meta property=\"og:image:type\" content=\"image\/jpeg\" \/>\n<meta name=\"author\" content=\"Val\u00e9rie C.\" \/>\n<meta name=\"twitter:card\" content=\"summary_large_image\" \/>\n<meta name=\"twitter:creator\" content=\"@contactfm72\" \/>\n<meta name=\"twitter:site\" content=\"@contactfm72\" \/>\n<meta name=\"twitter:label1\" content=\"\u00c9crit par\" \/>\n\t<meta name=\"twitter:data1\" content=\"Val\u00e9rie C.\" \/>\n\t<meta name=\"twitter:label2\" content=\"Dur\u00e9e de lecture estim\u00e9e\" \/>\n\t<meta name=\"twitter:data2\" content=\"3 minutes\" \/>\n<script type=\"application\/ld+json\" class=\"yoast-schema-graph\">{\"@context\":\"https:\\\/\\\/schema.org\",\"@graph\":[{\"@type\":\"Article\",\"@id\":\"https:\\\/\\\/contactfm72.fr\\\/?p=9717#article\",\"isPartOf\":{\"@id\":\"https:\\\/\\\/contactfm72.fr\\\/?p=9717\"},\"author\":{\"name\":\"Val\u00e9rie C.\",\"@id\":\"https:\\\/\\\/contactfm72.fr\\\/#\\\/schema\\\/person\\\/9fdc9d1c2eb029354a4f1535b90ba82d\"},\"headline\":\"Ruill\u00e9-sur-Loir. Les lyc\u00e9ens d\u00e9vou\u00e9s au devoir de m\u00e9moire\",\"datePublished\":\"2022-05-05T14:57:47+00:00\",\"mainEntityOfPage\":{\"@id\":\"https:\\\/\\\/contactfm72.fr\\\/?p=9717\"},\"wordCount\":577,\"publisher\":{\"@id\":\"https:\\\/\\\/contactfm72.fr\\\/#organization\"},\"image\":{\"@id\":\"https:\\\/\\\/contactfm72.fr\\\/?p=9717#primaryimage\"},\"thumbnailUrl\":\"https:\\\/\\\/contactfm72.fr\\\/wp-content\\\/uploads\\\/2022\\\/05\\\/c\u00e9r\u00e9monie-2.jpg\",\"articleSection\":[\"Contact FM 72\"],\"inLanguage\":\"fr-FR\"},{\"@type\":\"WebPage\",\"@id\":\"https:\\\/\\\/contactfm72.fr\\\/?p=9717\",\"url\":\"https:\\\/\\\/contactfm72.fr\\\/?p=9717\",\"name\":\"Ruill\u00e9-sur-Loir. Les lyc\u00e9ens d\u00e9vou\u00e9s au devoir de m\u00e9moire - Contact FM 99.3\",\"isPartOf\":{\"@id\":\"https:\\\/\\\/contactfm72.fr\\\/#website\"},\"primaryImageOfPage\":{\"@id\":\"https:\\\/\\\/contactfm72.fr\\\/?p=9717#primaryimage\"},\"image\":{\"@id\":\"https:\\\/\\\/contactfm72.fr\\\/?p=9717#primaryimage\"},\"thumbnailUrl\":\"https:\\\/\\\/contactfm72.fr\\\/wp-content\\\/uploads\\\/2022\\\/05\\\/c\u00e9r\u00e9monie-2.jpg\",\"datePublished\":\"2022-05-05T14:57:47+00:00\",\"breadcrumb\":{\"@id\":\"https:\\\/\\\/contactfm72.fr\\\/?p=9717#breadcrumb\"},\"inLanguage\":\"fr-FR\",\"potentialAction\":[{\"@type\":\"ReadAction\",\"target\":[\"https:\\\/\\\/contactfm72.fr\\\/?p=9717\"]}]},{\"@type\":\"ImageObject\",\"inLanguage\":\"fr-FR\",\"@id\":\"https:\\\/\\\/contactfm72.fr\\\/?p=9717#primaryimage\",\"url\":\"https:\\\/\\\/contactfm72.fr\\\/wp-content\\\/uploads\\\/2022\\\/05\\\/c\u00e9r\u00e9monie-2.jpg\",\"contentUrl\":\"https:\\\/\\\/contactfm72.fr\\\/wp-content\\\/uploads\\\/2022\\\/05\\\/c\u00e9r\u00e9monie-2.jpg\",\"width\":2048,\"height\":1536,\"caption\":\"Lors de la c\u00e9r\u00e9monie. La famille et les lyc\u00e9ens ont salu\u00e9 les porte-drapeaux.\"},{\"@type\":\"BreadcrumbList\",\"@id\":\"https:\\\/\\\/contactfm72.fr\\\/?p=9717#breadcrumb\",\"itemListElement\":[{\"@type\":\"ListItem\",\"position\":1,\"name\":\"Accueil\",\"item\":\"https:\\\/\\\/contactfm72.fr\\\/\"},{\"@type\":\"ListItem\",\"position\":2,\"name\":\"Ruill\u00e9-sur-Loir. Les lyc\u00e9ens d\u00e9vou\u00e9s au devoir de m\u00e9moire\"}]},{\"@type\":\"WebSite\",\"@id\":\"https:\\\/\\\/contactfm72.fr\\\/#website\",\"url\":\"https:\\\/\\\/contactfm72.fr\\\/\",\"name\":\"Contact FM 99.3\",\"description\":\"Votre radio en vall\u00e9e du Loir\",\"publisher\":{\"@id\":\"https:\\\/\\\/contactfm72.fr\\\/#organization\"},\"potentialAction\":[{\"@type\":\"SearchAction\",\"target\":{\"@type\":\"EntryPoint\",\"urlTemplate\":\"https:\\\/\\\/contactfm72.fr\\\/?s={search_term_string}\"},\"query-input\":{\"@type\":\"PropertyValueSpecification\",\"valueRequired\":true,\"valueName\":\"search_term_string\"}}],\"inLanguage\":\"fr-FR\"},{\"@type\":\"Organization\",\"@id\":\"https:\\\/\\\/contactfm72.fr\\\/#organization\",\"name\":\"Contact FM 99.3\",\"url\":\"https:\\\/\\\/contactfm72.fr\\\/\",\"logo\":{\"@type\":\"ImageObject\",\"inLanguage\":\"fr-FR\",\"@id\":\"https:\\\/\\\/contactfm72.fr\\\/#\\\/schema\\\/logo\\\/image\\\/\",\"url\":\"https:\\\/\\\/contactfm72.fr\\\/wp-content\\\/uploads\\\/2025\\\/04\\\/2025-04-18-2.jpg\",\"contentUrl\":\"https:\\\/\\\/contactfm72.fr\\\/wp-content\\\/uploads\\\/2025\\\/04\\\/2025-04-18-2.jpg\",\"width\":680,\"height\":307,\"caption\":\"Contact FM 99.3\"},\"image\":{\"@id\":\"https:\\\/\\\/contactfm72.fr\\\/#\\\/schema\\\/logo\\\/image\\\/\"},\"sameAs\":[\"https:\\\/\\\/www.facebook.com\\\/Contactfm.Chateauduloir\",\"https:\\\/\\\/x.com\\\/contactfm72\",\"https:\\\/\\\/www.instagram.com\\\/contact.fm.72?igsh=cGhlMHQ5N2JlNnpp\",\"https:\\\/\\\/www.tiktok.com\\\/@contact.fm\"]},{\"@type\":\"Person\",\"@id\":\"https:\\\/\\\/contactfm72.fr\\\/#\\\/schema\\\/person\\\/9fdc9d1c2eb029354a4f1535b90ba82d\",\"name\":\"Val\u00e9rie C.\",\"image\":{\"@type\":\"ImageObject\",\"inLanguage\":\"fr-FR\",\"@id\":\"https:\\\/\\\/secure.gravatar.com\\\/avatar\\\/2f8aa28f8dfbd7d4420afd1fdcdd0a349923e2c8a38ab28198b0f9d0601e4737?s=96&d=mm&r=g\",\"url\":\"https:\\\/\\\/secure.gravatar.com\\\/avatar\\\/2f8aa28f8dfbd7d4420afd1fdcdd0a349923e2c8a38ab28198b0f9d0601e4737?s=96&d=mm&r=g\",\"contentUrl\":\"https:\\\/\\\/secure.gravatar.com\\\/avatar\\\/2f8aa28f8dfbd7d4420afd1fdcdd0a349923e2c8a38ab28198b0f9d0601e4737?s=96&d=mm&r=g\",\"caption\":\"Val\u00e9rie C.\"},\"url\":\"https:\\\/\\\/contactfm72.fr\\\/?author=4\"}]}<\/script>\n<!-- \/ Yoast SEO plugin. -->","yoast_head_json":{"title":"Ruill\u00e9-sur-Loir. Les lyc\u00e9ens d\u00e9vou\u00e9s au devoir de m\u00e9moire - Contact FM 99.3","robots":{"index":"index","follow":"follow","max-snippet":"max-snippet:-1","max-image-preview":"max-image-preview:large","max-video-preview":"max-video-preview:-1"},"canonical":"https:\/\/contactfm72.fr\/?p=9717","og_locale":"fr_FR","og_type":"article","og_title":"Ruill\u00e9-sur-Loir. Les lyc\u00e9ens d\u00e9vou\u00e9s au devoir de m\u00e9moire - Contact FM 99.3","og_description":"Le jeudi 5 mai, une c\u00e9r\u00e9monie en hommage au poilu Yvon Van Luyn au cimeti\u00e8re de Ruill\u00e9-sur-Loir a \u00e9t\u00e9 organis\u00e9e. Dans le cadre de leur option \u00ab citoyenne \u00bb, les lyc\u00e9ens ont entretenu un devoir de m\u00e9moire autour de la vie de ce soldat et ont r\u00e9nov\u00e9 sa s\u00e9pulture. &nbsp; Depuis octobre 2021, les 14&hellip;","og_url":"https:\/\/contactfm72.fr\/?p=9717","og_site_name":"Contact FM 99.3","article_publisher":"https:\/\/www.facebook.com\/Contactfm.Chateauduloir","article_published_time":"2022-05-05T14:57:47+00:00","og_image":[{"width":2048,"height":1536,"url":"https:\/\/contactfm72.fr\/wp-content\/uploads\/2022\/05\/c\u00e9r\u00e9monie-2.jpg","type":"image\/jpeg"}],"author":"Val\u00e9rie C.","twitter_card":"summary_large_image","twitter_creator":"@contactfm72","twitter_site":"@contactfm72","twitter_misc":{"\u00c9crit par":"Val\u00e9rie C.","Dur\u00e9e de lecture estim\u00e9e":"3 minutes"},"schema":{"@context":"https:\/\/schema.org","@graph":[{"@type":"Article","@id":"https:\/\/contactfm72.fr\/?p=9717#article","isPartOf":{"@id":"https:\/\/contactfm72.fr\/?p=9717"},"author":{"name":"Val\u00e9rie C.","@id":"https:\/\/contactfm72.fr\/#\/schema\/person\/9fdc9d1c2eb029354a4f1535b90ba82d"},"headline":"Ruill\u00e9-sur-Loir. Les lyc\u00e9ens d\u00e9vou\u00e9s au devoir de m\u00e9moire","datePublished":"2022-05-05T14:57:47+00:00","mainEntityOfPage":{"@id":"https:\/\/contactfm72.fr\/?p=9717"},"wordCount":577,"publisher":{"@id":"https:\/\/contactfm72.fr\/#organization"},"image":{"@id":"https:\/\/contactfm72.fr\/?p=9717#primaryimage"},"thumbnailUrl":"https:\/\/contactfm72.fr\/wp-content\/uploads\/2022\/05\/c\u00e9r\u00e9monie-2.jpg","articleSection":["Contact FM 72"],"inLanguage":"fr-FR"},{"@type":"WebPage","@id":"https:\/\/contactfm72.fr\/?p=9717","url":"https:\/\/contactfm72.fr\/?p=9717","name":"Ruill\u00e9-sur-Loir. Les lyc\u00e9ens d\u00e9vou\u00e9s au devoir de m\u00e9moire - Contact FM 99.3","isPartOf":{"@id":"https:\/\/contactfm72.fr\/#website"},"primaryImageOfPage":{"@id":"https:\/\/contactfm72.fr\/?p=9717#primaryimage"},"image":{"@id":"https:\/\/contactfm72.fr\/?p=9717#primaryimage"},"thumbnailUrl":"https:\/\/contactfm72.fr\/wp-content\/uploads\/2022\/05\/c\u00e9r\u00e9monie-2.jpg","datePublished":"2022-05-05T14:57:47+00:00","breadcrumb":{"@id":"https:\/\/contactfm72.fr\/?p=9717#breadcrumb"},"inLanguage":"fr-FR","potentialAction":[{"@type":"ReadAction","target":["https:\/\/contactfm72.fr\/?p=9717"]}]},{"@type":"ImageObject","inLanguage":"fr-FR","@id":"https:\/\/contactfm72.fr\/?p=9717#primaryimage","url":"https:\/\/contactfm72.fr\/wp-content\/uploads\/2022\/05\/c\u00e9r\u00e9monie-2.jpg","contentUrl":"https:\/\/contactfm72.fr\/wp-content\/uploads\/2022\/05\/c\u00e9r\u00e9monie-2.jpg","width":2048,"height":1536,"caption":"Lors de la c\u00e9r\u00e9monie. La famille et les lyc\u00e9ens ont salu\u00e9 les porte-drapeaux."},{"@type":"BreadcrumbList","@id":"https:\/\/contactfm72.fr\/?p=9717#breadcrumb","itemListElement":[{"@type":"ListItem","position":1,"name":"Accueil","item":"https:\/\/contactfm72.fr\/"},{"@type":"ListItem","position":2,"name":"Ruill\u00e9-sur-Loir. Les lyc\u00e9ens d\u00e9vou\u00e9s au devoir de m\u00e9moire"}]},{"@type":"WebSite","@id":"https:\/\/contactfm72.fr\/#website","url":"https:\/\/contactfm72.fr\/","name":"Contact FM 99.3","description":"Votre radio en vall\u00e9e du Loir","publisher":{"@id":"https:\/\/contactfm72.fr\/#organization"},"potentialAction":[{"@type":"SearchAction","target":{"@type":"EntryPoint","urlTemplate":"https:\/\/contactfm72.fr\/?s={search_term_string}"},"query-input":{"@type":"PropertyValueSpecification","valueRequired":true,"valueName":"search_term_string"}}],"inLanguage":"fr-FR"},{"@type":"Organization","@id":"https:\/\/contactfm72.fr\/#organization","name":"Contact FM 99.3","url":"https:\/\/contactfm72.fr\/","logo":{"@type":"ImageObject","inLanguage":"fr-FR","@id":"https:\/\/contactfm72.fr\/#\/schema\/logo\/image\/","url":"https:\/\/contactfm72.fr\/wp-content\/uploads\/2025\/04\/2025-04-18-2.jpg","contentUrl":"https:\/\/contactfm72.fr\/wp-content\/uploads\/2025\/04\/2025-04-18-2.jpg","width":680,"height":307,"caption":"Contact FM 99.3"},"image":{"@id":"https:\/\/contactfm72.fr\/#\/schema\/logo\/image\/"},"sameAs":["https:\/\/www.facebook.com\/Contactfm.Chateauduloir","https:\/\/x.com\/contactfm72","https:\/\/www.instagram.com\/contact.fm.72?igsh=cGhlMHQ5N2JlNnpp","https:\/\/www.tiktok.com\/@contact.fm"]},{"@type":"Person","@id":"https:\/\/contactfm72.fr\/#\/schema\/person\/9fdc9d1c2eb029354a4f1535b90ba82d","name":"Val\u00e9rie C.","image":{"@type":"ImageObject","inLanguage":"fr-FR","@id":"https:\/\/secure.gravatar.com\/avatar\/2f8aa28f8dfbd7d4420afd1fdcdd0a349923e2c8a38ab28198b0f9d0601e4737?s=96&d=mm&r=g","url":"https:\/\/secure.gravatar.com\/avatar\/2f8aa28f8dfbd7d4420afd1fdcdd0a349923e2c8a38ab28198b0f9d0601e4737?s=96&d=mm&r=g","contentUrl":"https:\/\/secure.gravatar.com\/avatar\/2f8aa28f8dfbd7d4420afd1fdcdd0a349923e2c8a38ab28198b0f9d0601e4737?s=96&d=mm&r=g","caption":"Val\u00e9rie C."},"url":"https:\/\/contactfm72.fr\/?author=4"}]}},"_links":{"self":[{"href":"https:\/\/contactfm72.fr\/index.php?rest_route=\/wp\/v2\/posts\/9717","targetHints":{"allow":["GET"]}}],"collection":[{"href":"https:\/\/contactfm72.fr\/index.php?rest_route=\/wp\/v2\/posts"}],"about":[{"href":"https:\/\/contactfm72.fr\/index.php?rest_route=\/wp\/v2\/types\/post"}],"author":[{"embeddable":true,"href":"https:\/\/contactfm72.fr\/index.php?rest_route=\/wp\/v2\/users\/4"}],"replies":[{"embeddable":true,"href":"https:\/\/contactfm72.fr\/index.php?rest_route=%2Fwp%2Fv2%2Fcomments&post=9717"}],"version-history":[{"count":1,"href":"https:\/\/contactfm72.fr\/index.php?rest_route=\/wp\/v2\/posts\/9717\/revisions"}],"predecessor-version":[{"id":9720,"href":"https:\/\/contactfm72.fr\/index.php?rest_route=\/wp\/v2\/posts\/9717\/revisions\/9720"}],"wp:featuredmedia":[{"embeddable":true,"href":"https:\/\/contactfm72.fr\/index.php?rest_route=\/wp\/v2\/media\/9718"}],"wp:attachment":[{"href":"https:\/\/contactfm72.fr\/index.php?rest_route=%2Fwp%2Fv2%2Fmedia&parent=9717"}],"wp:term":[{"taxonomy":"category","embeddable":true,"href":"https:\/\/contactfm72.fr\/index.php?rest_route=%2Fwp%2Fv2%2Fcategories&post=9717"},{"taxonomy":"post_tag","embeddable":true,"href":"https:\/\/contactfm72.fr\/index.php?rest_route=%2Fwp%2Fv2%2Ftags&post=9717"}],"curies":[{"name":"wp","href":"https:\/\/api.w.org\/{rel}","templated":true}]}}