{"id":9710,"date":"2022-05-05T15:18:30","date_gmt":"2022-05-05T13:18:30","guid":{"rendered":"http:\/\/contactfm72.fr\/?p=9710"},"modified":"2022-05-05T15:18:30","modified_gmt":"2022-05-05T13:18:30","slug":"sarthe-une-plateforme-pour-coordonner-et-orienter-les-enfants-presentant-des-troubles-de-lautisme-ou-du-neuro-developpement","status":"publish","type":"post","link":"https:\/\/contactfm72.fr\/?p=9710","title":{"rendered":"Sarthe. Une plateforme pour coordonner et orienter les enfants pr\u00e9sentant des troubles de l\u2019autisme ou du neuro-d\u00e9veloppement"},"content":{"rendered":"<h2>La CPAM de la Sarthe, l\u2019ARS Pays de la Loire et l\u2019EPSM de la Sarthe ont sign\u00e9, ce lundi 2 mai 2022 au Mans, la convention de financement du parcours de bilan et d\u2019intervention pr\u00e9coce aupr\u00e8s des enfants de moins de sept ans pr\u00e9sentant des troubles du neuro-d\u00e9veloppement.<\/h2>\n<p>&nbsp;<\/p>\n<p>La prise en charge pr\u00e9coce des enfants de moins de 7 ans pr\u00e9sentant des troubles du neuro-d\u00e9veloppement (TND), dont les troubles du spectre de l\u2019autisme (TSA), est une priorit\u00e9 de la <strong>strat\u00e9gie nationale autisme et troubles du neuro-d\u00e9veloppement<\/strong>. C\u2019est en ce sens que la <strong>Caisse Primaire d&#8217;Assurance Maladie de la Sarthe, l\u2019Agence R\u00e9gionale de Sant\u00e9 Pays de la Loire et l\u2019Etablissement Public de Sant\u00e9 Mentale de la Sarthe<\/strong> ont sign\u00e9, ce<strong> lundi 2 mai 2022 au Mans<\/strong>, la <strong>convention de financement du parcours de bilan et d\u2019intervention pr\u00e9coce<\/strong> aupr\u00e8s des enfants de <strong>moins de sept ans<\/strong> <strong>pr\u00e9sentant des troubles du neuro-d\u00e9veloppement<\/strong>.<\/p>\n<p>&nbsp;<\/p>\n<p>Ce dispositif a pour objectif de mettre en place un <strong>parcours coordonn\u00e9 de bilan<\/strong> et d\u2019intervention pr\u00e9coce, d\u2019<strong>acc\u00e9l\u00e9rer l\u2019acc\u00e8s au diagnostic et de favoriser les interventions sans attendre<\/strong>, afin de r\u00e9pondre aux probl\u00e9matiques d\u2019errance diagnostique et de r\u00e9duire les \u00ab sur-handicaps \u00bb. Ce dispositif r\u00e9pond aux besoins de l\u2019enfant dans sa prise en charge, mais permet \u00e9galement un soutien et une aide aupr\u00e8s de la famille et des proches de l\u2019enfant. Au sein de ce dispositif, l\u2019ARS Pays de la Loire et la CPAM de la Sarthe assurent le financement des forfaits d\u2019intervention des professionnels de sant\u00e9 lib\u00e9raux impliqu\u00e9s dans le parcours de prise en charge de l\u2019enfant.<\/p>\n<p>&nbsp;<\/p>\n<h3><strong>Mise en place d\u2019une plateforme<\/strong><\/h3>\n<p>En Sarthe, ce parcours est rendu possible par la mise en place d\u2019une plateforme de coordination et d\u2019orientation des troubles du neuro-d\u00e9veloppement (PCO-TND) chez les enfants de moins de sept ans. La plateforme <strong>coordonne l\u2019ensemble des professionnels de sant\u00e9 impliqu\u00e9s<\/strong>, le <strong>diagnostic<\/strong>, puis le <strong>suivi des enfants<\/strong> (psychologues, neuropsychologues, ergoth\u00e9rapeutes, psychomotriciens&#8230;). A ce jour, la plateforme de coordination et d\u2019orientation mobilise <strong>sept professionnels de l\u2019EPSM de la Sarthe et de l\u2019ARPEP<\/strong>, \u00e0 savoir : trois m\u00e9decins, deux m\u00e9decins p\u00e9dopsychiatre dont un m\u00e9decin coordinateur et un p\u00e9diatre ; une infirmi\u00e8re coordinatrice ; un psychologue, un neuropsychologue ; et une secr\u00e9taire.<\/p>\n<p>&nbsp;<\/p>\n<h3><strong>Comment l\u2019utiliser\u00a0? <\/strong><\/h3>\n<p>Pour qu\u2019un enfant soit suivi par la plateforme, un <strong>rep\u00e9rage<\/strong> doit avoir \u00e9t\u00e9 r\u00e9alis\u00e9 par un <strong>m\u00e9decin \u00ab de premi\u00e8re ligne \u00bb<\/strong> (m\u00e9decin g\u00e9n\u00e9raliste, p\u00e9diatre, PMI). Le m\u00e9decin saisit la plateforme, apr\u00e8s avoir compl\u00e9t\u00e9\/renseign\u00e9 le guide national de rep\u00e9rage des TND, outil lui permettant de d\u00e9tecter facilement les \u00e9carts de d\u00e9veloppement. Apr\u00e8s avoir \u00e9t\u00e9 contact\u00e9e par le m\u00e9decin, la plateforme est charg\u00e9e de coordonner le parcours de diagnostic et d\u2019intervention. Elle peut mobiliser des professionnels lib\u00e9raux pour r\u00e9aliser les bilans, les \u00e9valuations et les interventions n\u00e9cessaires en fonction des besoins de l\u2019enfant. La plateforme s\u2019assure, en lien avec le m\u00e9decin et la famille, du bon suivi du parcours de l\u2019enfant ; parcours pouvant s\u2019\u00e9tendre sur une dur\u00e9e de 15 mois.<\/p>\n<blockquote><p>\u00ab Une telle plateforme a pour objectif de limiter l\u2019errance diagnostique, l\u2019aggravation des troubles, de soutenir les familles et les m\u00e9decins qui nous adressent de jeunes patients. Elle offre la possibilit\u00e9 aux enfants pr\u00e9sentant un trouble du neuro-d\u00e9veloppement d\u2019avoir acc\u00e8s \u00e0 un panel de professionnels de sant\u00e9 qui se coordonnent pour former un guichet unique \u00e0 destination des familles\u00a0\u00bb, souligne C\u00e9line Lagrais, Directrice de l\u2019EPSM de la Sarthe<\/p><\/blockquote>\n<p>&nbsp;<\/p>\n<h3><strong>17 dossiers re\u00e7us<\/strong><\/h3>\n<p>\u00abLa PCO-TND est pr\u00eate et op\u00e9rationnelle.\u00a0Nous avons d\u00e9j\u00e0 re\u00e7u dix-sept dossiers de demandes. Avec une prise en charge rapide des professionnels et l\u2019appui de la famille, nous tentons de rattraper la ligne de d\u00e9veloppement de l\u2019enfant autant que possible \u00bb, explique le Docteur Poirier Garcia, psychiatre et m\u00e9decin coordinateur de la plateforme. En aidant au rep\u00e9rage des enfants de 0 \u00e0 6 ans r\u00e9volus pr\u00e9sentant un trouble ou un retard de d\u00e9veloppement et en les orientant dans un parcours de prise en charge adapt\u00e9e, ce dispositif vise \u00e0 faire en sorte que ce <strong>retard n\u2019aboutisse pas \u00e0 un sur-handicap<\/strong>.<\/p>\n<p>&nbsp;<\/p>\n<p><strong>La CPAM et l\u2019ARS financent et accompagnent la plateforme<\/strong><\/p>\n<p>Cette plateforme s\u2019articule avec des professionnels lib\u00e9raux du d\u00e9partement selon les besoins de l\u2019enfant.<\/p>\n<blockquote><p>\u00ab L\u2019ARS s\u2019inscrit en d\u00e9clinaison de la \u00ab Strat\u00e9gie nationale autisme et troubles du neuro-d\u00e9veloppement \u00bb pour mettre en place la PCO-TND dans chaque d\u00e9partement. Apr\u00e8s avoir lanc\u00e9 un appel \u00e0 manifestation d\u2019int\u00e9r\u00eat en Sarthe, c\u2019est l\u2019EPSM et l\u2019ARPEP qui ont \u00e9t\u00e9 choisis pour porter cette plateforme \u00bb, explique Stephan Domingo, Directeur Territorial de l\u2019Agence R\u00e9gionale de Sant\u00e9.<\/p><\/blockquote>\n<p>\u00ab Il n\u2019y a pas de reste \u00e0 charge pour les familles s\u2019agissant des bilans et des interventions des ergoth\u00e9rapeutes et des psychomotriciens ainsi que des bilans des psychologues. Les consultations des professionnels de sant\u00e9 lib\u00e9raux sont prises en charge de fa\u00e7on habituelle \u00bb, pr\u00e9cise Pascal Rochois, Directeur de la CPAM de la Sarthe.<\/p>\n<p>La CPAM de la Sarthe et l\u2019ARS Pays de la Loire <strong>financent un forfait de consultations des professionnels lib\u00e9raux<\/strong> ayant conventionn\u00e9 aupr\u00e8s de la plateforme, ergoth\u00e9rapeutes, psychologues, psychomotriciens, qui r\u00e9alisent les bilans, \u00e9valuations et interventions n\u00e9cessaires selon les besoins de l\u2019enfant.<\/p>\n<!-- AddThis Advanced Settings generic via filter on the_content --><!-- AddThis Share Buttons generic via filter on the_content -->","protected":false},"excerpt":{"rendered":"<p>La CPAM de la Sarthe, l\u2019ARS Pays de la Loire et l\u2019EPSM de la Sarthe ont sign\u00e9, ce lundi 2 mai 2022 au Mans, la convention de financement du parcours de bilan et d\u2019intervention pr\u00e9coce aupr\u00e8s des enfants de moins de sept ans pr\u00e9sentant des troubles du neuro-d\u00e9veloppement. &nbsp; La prise en charge pr\u00e9coce des&hellip;<!-- AddThis Advanced Settings generic via filter on get_the_excerpt --><!-- AddThis Share Buttons generic via filter on get_the_excerpt --><\/p>\n","protected":false},"author":4,"featured_media":9711,"comment_status":"closed","ping_status":"open","sticky":false,"template":"","format":"standard","meta":{"footnotes":""},"categories":[1],"tags":[],"class_list":["post-9710","post","type-post","status-publish","format-standard","has-post-thumbnail","hentry","category-contact-fm-72","category-1","description-off"],"yoast_head":"<!-- This site is optimized with the Yoast SEO plugin v27.4 - https:\/\/yoast.com\/product\/yoast-seo-wordpress\/ -->\n<title>Sarthe. Une plateforme pour coordonner et orienter les enfants pr\u00e9sentant des troubles de l\u2019autisme ou du neuro-d\u00e9veloppement - Contact FM 99.3<\/title>\n<meta name=\"robots\" content=\"index, follow, max-snippet:-1, max-image-preview:large, max-video-preview:-1\" \/>\n<link rel=\"canonical\" href=\"https:\/\/contactfm72.fr\/?p=9710\" \/>\n<meta property=\"og:locale\" content=\"fr_FR\" \/>\n<meta property=\"og:type\" content=\"article\" \/>\n<meta property=\"og:title\" content=\"Sarthe. Une plateforme pour coordonner et orienter les enfants pr\u00e9sentant des troubles de l\u2019autisme ou du neuro-d\u00e9veloppement - Contact FM 99.3\" \/>\n<meta property=\"og:description\" content=\"La CPAM de la Sarthe, l\u2019ARS Pays de la Loire et l\u2019EPSM de la Sarthe ont sign\u00e9, ce lundi 2 mai 2022 au Mans, la convention de financement du parcours de bilan et d\u2019intervention pr\u00e9coce aupr\u00e8s des enfants de moins de sept ans pr\u00e9sentant des troubles du neuro-d\u00e9veloppement. &nbsp; La prise en charge pr\u00e9coce des&hellip;\" \/>\n<meta property=\"og:url\" content=\"https:\/\/contactfm72.fr\/?p=9710\" \/>\n<meta property=\"og:site_name\" content=\"Contact FM 99.3\" \/>\n<meta property=\"article:publisher\" content=\"https:\/\/www.facebook.com\/Contactfm.Chateauduloir\" \/>\n<meta property=\"article:published_time\" content=\"2022-05-05T13:18:30+00:00\" \/>\n<meta property=\"og:image\" content=\"https:\/\/contactfm72.fr\/wp-content\/uploads\/2022\/05\/nouvelle-platforme.jpg\" \/>\n\t<meta property=\"og:image:width\" content=\"621\" \/>\n\t<meta property=\"og:image:height\" content=\"328\" \/>\n\t<meta property=\"og:image:type\" content=\"image\/jpeg\" \/>\n<meta name=\"author\" content=\"Val\u00e9rie C.\" \/>\n<meta name=\"twitter:card\" content=\"summary_large_image\" \/>\n<meta name=\"twitter:creator\" content=\"@contactfm72\" \/>\n<meta name=\"twitter:site\" content=\"@contactfm72\" \/>\n<meta name=\"twitter:label1\" content=\"\u00c9crit par\" \/>\n\t<meta name=\"twitter:data1\" content=\"Val\u00e9rie C.\" \/>\n\t<meta name=\"twitter:label2\" content=\"Dur\u00e9e de lecture estim\u00e9e\" \/>\n\t<meta name=\"twitter:data2\" content=\"5 minutes\" \/>\n<script type=\"application\/ld+json\" class=\"yoast-schema-graph\">{\"@context\":\"https:\\\/\\\/schema.org\",\"@graph\":[{\"@type\":\"Article\",\"@id\":\"https:\\\/\\\/contactfm72.fr\\\/?p=9710#article\",\"isPartOf\":{\"@id\":\"https:\\\/\\\/contactfm72.fr\\\/?p=9710\"},\"author\":{\"name\":\"Val\u00e9rie C.\",\"@id\":\"https:\\\/\\\/contactfm72.fr\\\/#\\\/schema\\\/person\\\/9fdc9d1c2eb029354a4f1535b90ba82d\"},\"headline\":\"Sarthe. Une plateforme pour coordonner et orienter les enfants pr\u00e9sentant des troubles de l\u2019autisme ou du neuro-d\u00e9veloppement\",\"datePublished\":\"2022-05-05T13:18:30+00:00\",\"mainEntityOfPage\":{\"@id\":\"https:\\\/\\\/contactfm72.fr\\\/?p=9710\"},\"wordCount\":970,\"publisher\":{\"@id\":\"https:\\\/\\\/contactfm72.fr\\\/#organization\"},\"image\":{\"@id\":\"https:\\\/\\\/contactfm72.fr\\\/?p=9710#primaryimage\"},\"thumbnailUrl\":\"https:\\\/\\\/contactfm72.fr\\\/wp-content\\\/uploads\\\/2022\\\/05\\\/nouvelle-platforme.jpg\",\"articleSection\":[\"Contact FM 72\"],\"inLanguage\":\"fr-FR\"},{\"@type\":\"WebPage\",\"@id\":\"https:\\\/\\\/contactfm72.fr\\\/?p=9710\",\"url\":\"https:\\\/\\\/contactfm72.fr\\\/?p=9710\",\"name\":\"Sarthe. Une plateforme pour coordonner et orienter les enfants pr\u00e9sentant des troubles de l\u2019autisme ou du neuro-d\u00e9veloppement - Contact FM 99.3\",\"isPartOf\":{\"@id\":\"https:\\\/\\\/contactfm72.fr\\\/#website\"},\"primaryImageOfPage\":{\"@id\":\"https:\\\/\\\/contactfm72.fr\\\/?p=9710#primaryimage\"},\"image\":{\"@id\":\"https:\\\/\\\/contactfm72.fr\\\/?p=9710#primaryimage\"},\"thumbnailUrl\":\"https:\\\/\\\/contactfm72.fr\\\/wp-content\\\/uploads\\\/2022\\\/05\\\/nouvelle-platforme.jpg\",\"datePublished\":\"2022-05-05T13:18:30+00:00\",\"breadcrumb\":{\"@id\":\"https:\\\/\\\/contactfm72.fr\\\/?p=9710#breadcrumb\"},\"inLanguage\":\"fr-FR\",\"potentialAction\":[{\"@type\":\"ReadAction\",\"target\":[\"https:\\\/\\\/contactfm72.fr\\\/?p=9710\"]}]},{\"@type\":\"ImageObject\",\"inLanguage\":\"fr-FR\",\"@id\":\"https:\\\/\\\/contactfm72.fr\\\/?p=9710#primaryimage\",\"url\":\"https:\\\/\\\/contactfm72.fr\\\/wp-content\\\/uploads\\\/2022\\\/05\\\/nouvelle-platforme.jpg\",\"contentUrl\":\"https:\\\/\\\/contactfm72.fr\\\/wp-content\\\/uploads\\\/2022\\\/05\\\/nouvelle-platforme.jpg\",\"width\":621,\"height\":328,\"caption\":\"Lors de la signature de la convention de financement du parcours de bilan et d\u2019intervention pr\u00e9coce visant les enfants de moins de sept ans pr\u00e9sentant des troubles du neuro-d\u00e9veloppement, lundi 2 mai 2022.\"},{\"@type\":\"BreadcrumbList\",\"@id\":\"https:\\\/\\\/contactfm72.fr\\\/?p=9710#breadcrumb\",\"itemListElement\":[{\"@type\":\"ListItem\",\"position\":1,\"name\":\"Accueil\",\"item\":\"https:\\\/\\\/contactfm72.fr\\\/\"},{\"@type\":\"ListItem\",\"position\":2,\"name\":\"Sarthe. Une plateforme pour coordonner et orienter les enfants pr\u00e9sentant des troubles de l\u2019autisme ou du neuro-d\u00e9veloppement\"}]},{\"@type\":\"WebSite\",\"@id\":\"https:\\\/\\\/contactfm72.fr\\\/#website\",\"url\":\"https:\\\/\\\/contactfm72.fr\\\/\",\"name\":\"Contact FM 99.3\",\"description\":\"Votre radio en vall\u00e9e du Loir\",\"publisher\":{\"@id\":\"https:\\\/\\\/contactfm72.fr\\\/#organization\"},\"potentialAction\":[{\"@type\":\"SearchAction\",\"target\":{\"@type\":\"EntryPoint\",\"urlTemplate\":\"https:\\\/\\\/contactfm72.fr\\\/?s={search_term_string}\"},\"query-input\":{\"@type\":\"PropertyValueSpecification\",\"valueRequired\":true,\"valueName\":\"search_term_string\"}}],\"inLanguage\":\"fr-FR\"},{\"@type\":\"Organization\",\"@id\":\"https:\\\/\\\/contactfm72.fr\\\/#organization\",\"name\":\"Contact FM 99.3\",\"url\":\"https:\\\/\\\/contactfm72.fr\\\/\",\"logo\":{\"@type\":\"ImageObject\",\"inLanguage\":\"fr-FR\",\"@id\":\"https:\\\/\\\/contactfm72.fr\\\/#\\\/schema\\\/logo\\\/image\\\/\",\"url\":\"https:\\\/\\\/contactfm72.fr\\\/wp-content\\\/uploads\\\/2025\\\/04\\\/2025-04-18-2.jpg\",\"contentUrl\":\"https:\\\/\\\/contactfm72.fr\\\/wp-content\\\/uploads\\\/2025\\\/04\\\/2025-04-18-2.jpg\",\"width\":680,\"height\":307,\"caption\":\"Contact FM 99.3\"},\"image\":{\"@id\":\"https:\\\/\\\/contactfm72.fr\\\/#\\\/schema\\\/logo\\\/image\\\/\"},\"sameAs\":[\"https:\\\/\\\/www.facebook.com\\\/Contactfm.Chateauduloir\",\"https:\\\/\\\/x.com\\\/contactfm72\",\"https:\\\/\\\/www.instagram.com\\\/contact.fm.72?igsh=cGhlMHQ5N2JlNnpp\",\"https:\\\/\\\/www.tiktok.com\\\/@contact.fm\"]},{\"@type\":\"Person\",\"@id\":\"https:\\\/\\\/contactfm72.fr\\\/#\\\/schema\\\/person\\\/9fdc9d1c2eb029354a4f1535b90ba82d\",\"name\":\"Val\u00e9rie C.\",\"image\":{\"@type\":\"ImageObject\",\"inLanguage\":\"fr-FR\",\"@id\":\"https:\\\/\\\/secure.gravatar.com\\\/avatar\\\/2f8aa28f8dfbd7d4420afd1fdcdd0a349923e2c8a38ab28198b0f9d0601e4737?s=96&d=mm&r=g\",\"url\":\"https:\\\/\\\/secure.gravatar.com\\\/avatar\\\/2f8aa28f8dfbd7d4420afd1fdcdd0a349923e2c8a38ab28198b0f9d0601e4737?s=96&d=mm&r=g\",\"contentUrl\":\"https:\\\/\\\/secure.gravatar.com\\\/avatar\\\/2f8aa28f8dfbd7d4420afd1fdcdd0a349923e2c8a38ab28198b0f9d0601e4737?s=96&d=mm&r=g\",\"caption\":\"Val\u00e9rie C.\"},\"url\":\"https:\\\/\\\/contactfm72.fr\\\/?author=4\"}]}<\/script>\n<!-- \/ Yoast SEO plugin. -->","yoast_head_json":{"title":"Sarthe. Une plateforme pour coordonner et orienter les enfants pr\u00e9sentant des troubles de l\u2019autisme ou du neuro-d\u00e9veloppement - Contact FM 99.3","robots":{"index":"index","follow":"follow","max-snippet":"max-snippet:-1","max-image-preview":"max-image-preview:large","max-video-preview":"max-video-preview:-1"},"canonical":"https:\/\/contactfm72.fr\/?p=9710","og_locale":"fr_FR","og_type":"article","og_title":"Sarthe. Une plateforme pour coordonner et orienter les enfants pr\u00e9sentant des troubles de l\u2019autisme ou du neuro-d\u00e9veloppement - Contact FM 99.3","og_description":"La CPAM de la Sarthe, l\u2019ARS Pays de la Loire et l\u2019EPSM de la Sarthe ont sign\u00e9, ce lundi 2 mai 2022 au Mans, la convention de financement du parcours de bilan et d\u2019intervention pr\u00e9coce aupr\u00e8s des enfants de moins de sept ans pr\u00e9sentant des troubles du neuro-d\u00e9veloppement. &nbsp; La prise en charge pr\u00e9coce des&hellip;","og_url":"https:\/\/contactfm72.fr\/?p=9710","og_site_name":"Contact FM 99.3","article_publisher":"https:\/\/www.facebook.com\/Contactfm.Chateauduloir","article_published_time":"2022-05-05T13:18:30+00:00","og_image":[{"width":621,"height":328,"url":"https:\/\/contactfm72.fr\/wp-content\/uploads\/2022\/05\/nouvelle-platforme.jpg","type":"image\/jpeg"}],"author":"Val\u00e9rie C.","twitter_card":"summary_large_image","twitter_creator":"@contactfm72","twitter_site":"@contactfm72","twitter_misc":{"\u00c9crit par":"Val\u00e9rie C.","Dur\u00e9e de lecture estim\u00e9e":"5 minutes"},"schema":{"@context":"https:\/\/schema.org","@graph":[{"@type":"Article","@id":"https:\/\/contactfm72.fr\/?p=9710#article","isPartOf":{"@id":"https:\/\/contactfm72.fr\/?p=9710"},"author":{"name":"Val\u00e9rie C.","@id":"https:\/\/contactfm72.fr\/#\/schema\/person\/9fdc9d1c2eb029354a4f1535b90ba82d"},"headline":"Sarthe. Une plateforme pour coordonner et orienter les enfants pr\u00e9sentant des troubles de l\u2019autisme ou du neuro-d\u00e9veloppement","datePublished":"2022-05-05T13:18:30+00:00","mainEntityOfPage":{"@id":"https:\/\/contactfm72.fr\/?p=9710"},"wordCount":970,"publisher":{"@id":"https:\/\/contactfm72.fr\/#organization"},"image":{"@id":"https:\/\/contactfm72.fr\/?p=9710#primaryimage"},"thumbnailUrl":"https:\/\/contactfm72.fr\/wp-content\/uploads\/2022\/05\/nouvelle-platforme.jpg","articleSection":["Contact FM 72"],"inLanguage":"fr-FR"},{"@type":"WebPage","@id":"https:\/\/contactfm72.fr\/?p=9710","url":"https:\/\/contactfm72.fr\/?p=9710","name":"Sarthe. Une plateforme pour coordonner et orienter les enfants pr\u00e9sentant des troubles de l\u2019autisme ou du neuro-d\u00e9veloppement - Contact FM 99.3","isPartOf":{"@id":"https:\/\/contactfm72.fr\/#website"},"primaryImageOfPage":{"@id":"https:\/\/contactfm72.fr\/?p=9710#primaryimage"},"image":{"@id":"https:\/\/contactfm72.fr\/?p=9710#primaryimage"},"thumbnailUrl":"https:\/\/contactfm72.fr\/wp-content\/uploads\/2022\/05\/nouvelle-platforme.jpg","datePublished":"2022-05-05T13:18:30+00:00","breadcrumb":{"@id":"https:\/\/contactfm72.fr\/?p=9710#breadcrumb"},"inLanguage":"fr-FR","potentialAction":[{"@type":"ReadAction","target":["https:\/\/contactfm72.fr\/?p=9710"]}]},{"@type":"ImageObject","inLanguage":"fr-FR","@id":"https:\/\/contactfm72.fr\/?p=9710#primaryimage","url":"https:\/\/contactfm72.fr\/wp-content\/uploads\/2022\/05\/nouvelle-platforme.jpg","contentUrl":"https:\/\/contactfm72.fr\/wp-content\/uploads\/2022\/05\/nouvelle-platforme.jpg","width":621,"height":328,"caption":"Lors de la signature de la convention de financement du parcours de bilan et d\u2019intervention pr\u00e9coce visant les enfants de moins de sept ans pr\u00e9sentant des troubles du neuro-d\u00e9veloppement, lundi 2 mai 2022."},{"@type":"BreadcrumbList","@id":"https:\/\/contactfm72.fr\/?p=9710#breadcrumb","itemListElement":[{"@type":"ListItem","position":1,"name":"Accueil","item":"https:\/\/contactfm72.fr\/"},{"@type":"ListItem","position":2,"name":"Sarthe. Une plateforme pour coordonner et orienter les enfants pr\u00e9sentant des troubles de l\u2019autisme ou du neuro-d\u00e9veloppement"}]},{"@type":"WebSite","@id":"https:\/\/contactfm72.fr\/#website","url":"https:\/\/contactfm72.fr\/","name":"Contact FM 99.3","description":"Votre radio en vall\u00e9e du Loir","publisher":{"@id":"https:\/\/contactfm72.fr\/#organization"},"potentialAction":[{"@type":"SearchAction","target":{"@type":"EntryPoint","urlTemplate":"https:\/\/contactfm72.fr\/?s={search_term_string}"},"query-input":{"@type":"PropertyValueSpecification","valueRequired":true,"valueName":"search_term_string"}}],"inLanguage":"fr-FR"},{"@type":"Organization","@id":"https:\/\/contactfm72.fr\/#organization","name":"Contact FM 99.3","url":"https:\/\/contactfm72.fr\/","logo":{"@type":"ImageObject","inLanguage":"fr-FR","@id":"https:\/\/contactfm72.fr\/#\/schema\/logo\/image\/","url":"https:\/\/contactfm72.fr\/wp-content\/uploads\/2025\/04\/2025-04-18-2.jpg","contentUrl":"https:\/\/contactfm72.fr\/wp-content\/uploads\/2025\/04\/2025-04-18-2.jpg","width":680,"height":307,"caption":"Contact FM 99.3"},"image":{"@id":"https:\/\/contactfm72.fr\/#\/schema\/logo\/image\/"},"sameAs":["https:\/\/www.facebook.com\/Contactfm.Chateauduloir","https:\/\/x.com\/contactfm72","https:\/\/www.instagram.com\/contact.fm.72?igsh=cGhlMHQ5N2JlNnpp","https:\/\/www.tiktok.com\/@contact.fm"]},{"@type":"Person","@id":"https:\/\/contactfm72.fr\/#\/schema\/person\/9fdc9d1c2eb029354a4f1535b90ba82d","name":"Val\u00e9rie C.","image":{"@type":"ImageObject","inLanguage":"fr-FR","@id":"https:\/\/secure.gravatar.com\/avatar\/2f8aa28f8dfbd7d4420afd1fdcdd0a349923e2c8a38ab28198b0f9d0601e4737?s=96&d=mm&r=g","url":"https:\/\/secure.gravatar.com\/avatar\/2f8aa28f8dfbd7d4420afd1fdcdd0a349923e2c8a38ab28198b0f9d0601e4737?s=96&d=mm&r=g","contentUrl":"https:\/\/secure.gravatar.com\/avatar\/2f8aa28f8dfbd7d4420afd1fdcdd0a349923e2c8a38ab28198b0f9d0601e4737?s=96&d=mm&r=g","caption":"Val\u00e9rie C."},"url":"https:\/\/contactfm72.fr\/?author=4"}]}},"_links":{"self":[{"href":"https:\/\/contactfm72.fr\/index.php?rest_route=\/wp\/v2\/posts\/9710","targetHints":{"allow":["GET"]}}],"collection":[{"href":"https:\/\/contactfm72.fr\/index.php?rest_route=\/wp\/v2\/posts"}],"about":[{"href":"https:\/\/contactfm72.fr\/index.php?rest_route=\/wp\/v2\/types\/post"}],"author":[{"embeddable":true,"href":"https:\/\/contactfm72.fr\/index.php?rest_route=\/wp\/v2\/users\/4"}],"replies":[{"embeddable":true,"href":"https:\/\/contactfm72.fr\/index.php?rest_route=%2Fwp%2Fv2%2Fcomments&post=9710"}],"version-history":[{"count":1,"href":"https:\/\/contactfm72.fr\/index.php?rest_route=\/wp\/v2\/posts\/9710\/revisions"}],"predecessor-version":[{"id":9712,"href":"https:\/\/contactfm72.fr\/index.php?rest_route=\/wp\/v2\/posts\/9710\/revisions\/9712"}],"wp:featuredmedia":[{"embeddable":true,"href":"https:\/\/contactfm72.fr\/index.php?rest_route=\/wp\/v2\/media\/9711"}],"wp:attachment":[{"href":"https:\/\/contactfm72.fr\/index.php?rest_route=%2Fwp%2Fv2%2Fmedia&parent=9710"}],"wp:term":[{"taxonomy":"category","embeddable":true,"href":"https:\/\/contactfm72.fr\/index.php?rest_route=%2Fwp%2Fv2%2Fcategories&post=9710"},{"taxonomy":"post_tag","embeddable":true,"href":"https:\/\/contactfm72.fr\/index.php?rest_route=%2Fwp%2Fv2%2Ftags&post=9710"}],"curies":[{"name":"wp","href":"https:\/\/api.w.org\/{rel}","templated":true}]}}