{"id":9681,"date":"2022-05-04T16:28:07","date_gmt":"2022-05-04T14:28:07","guid":{"rendered":"http:\/\/contactfm72.fr\/?p=9681"},"modified":"2022-05-04T16:28:07","modified_gmt":"2022-05-04T14:28:07","slug":"dispositif-hebergement-temporaire-chez-lhabitant-a-la-recherche-dhebergeurs","status":"publish","type":"post","link":"https:\/\/contactfm72.fr\/?p=9681","title":{"rendered":"Dispositif H\u00e9bergement Temporaire chez l\u2019Habitant : A la recherche d\u2019h\u00e9bergeurs"},"content":{"rendered":"<h2>Le dispositif H\u00e9bergement Temporaire chez l\u2019Habitant se d\u00e9ploie \u00e0 pr\u00e9sent dans le territoire de la communaut\u00e9 de communes Loir-Luc\u00e9-Berc\u00e9. Convention sign\u00e9e, l\u2019association est \u00e0 pr\u00e9sent \u00e0 la recherche d\u2019h\u00e9bergeur.<\/h2>\n<p>&nbsp;<\/p>\n<p>Ils viennent de <a href=\"http:\/\/contactfm72.fr\/?p=9486\">signer leur partenariat avec la communaut\u00e9 de communes Sud-Sarthe<\/a>. C\u2019est maintenant au tour de celle <strong>Loir-Luc\u00e9-Berc\u00e9<\/strong>. Le dispositif <strong>h\u00e9bergement temporaire chez l&#8217;habitant,<\/strong> en lien avec la R\u00e9gion des Pays de la Loire et port\u00e9e par l\u2019association <strong>Mancelle Flore Habitat Jeunes<\/strong>, ne cesse de se d\u00e9ployer dans le d\u00e9partement sarthois.<\/p>\n<blockquote><p>\u00ab\u00a0C\u2019est un projet concret dont on est fier de porter. Il ne concerne pas seulement l\u2019apprentissage, mais aussi l\u2019emploi ou encore les stages. Tout endroit est susceptible d\u2019\u00eatre un lieu d\u2019h\u00e9bergement. Ce dispositif est une vraie r\u00e9ponse \u00e0 nos difficult\u00e9s de territoires ruraux\u00a0\u00bb, informe B\u00e9atrice Latouche, repr\u00e9sentante de la R\u00e9gion.<\/p><\/blockquote>\n<p>Pour Myriam Lucas, membre de l\u2019association, ce dispositif est \u00ab une <strong>r\u00e9elle facilit\u00e9 au niveau administratif.<\/strong> On travaille sur le local, on \u00e9tudie les dossiers, on sert de m\u00e9diateur, on intervient et on g\u00e8re le sujet. On rassure les h\u00e9berg\u00e9s et h\u00e9bergeurs \u00bb.<\/p>\n<p>&nbsp;<\/p>\n<h3><strong>Pour les jeunes de 15 \u00e0 30 ans <\/strong><\/h3>\n<p>Ce dispositif permet aux jeunes de 15 \u00e0 30 ans de b\u00e9n\u00e9ficier d\u2019un logement \u00e0<strong> moindre co\u00fbt<\/strong> chez l\u2019habitant avec un projet professionnel ou de formation cons\u00e9quent (apprentis, alternance, en int\u00e9rim, CDD\u2026). Le but de ce dispositif est de lever les freins \u00e0 l\u2019emploi pour les jeunes\u00a0: double logement, mobilit\u00e9s importantes, besoin de r\u00e9ponse dans l\u2019urgence. <strong>La nuit\u00e9e est fix\u00e9e \u00e0 15\u20ac dans une limite de 270\u20ac par mois<\/strong>. Ce dispositif ne permet pas le recours aux aides personnalis\u00e9es au logement.<\/p>\n<p>&nbsp;<\/p>\n<h3><strong>Profil de l\u2019h\u00e9bergeur<\/strong><\/h3>\n<p>Il n\u2019y<strong> aucun profil ou crit\u00e8re<\/strong> demand\u00e9 pour proposer un h\u00e9bergement\u00a0: \u00ab\u00a0ils peuvent \u00eatre actifs ou retrait\u00e9s. La doyenne a 90 ans et les plus jeunes ont 30 ans\u00a0\u00bb, pr\u00e9cise Myriam Lucas. L\u2019association accorde une importance particuli\u00e8re \u00e0 la chambre lou\u00e9e\u00a0: \u00ab\u00a0l\u2019h\u00e9bergement doit r\u00e9pondre aux normes d\u2019habitation classique. Les draps sont fournis par l\u2019h\u00e9bergeur. Ils peuvent inclure la possibilit\u00e9 de partager un petit-d\u00e9jeuner et le repas\u00a0\u00bb, pr\u00e9cise le pr\u00e9sident, Jean-No\u00ebl Bou\u00e9. La cuisine doit \u00e9galement \u00eatre commune et la salle de bain doit \u00eatre privative ou partag\u00e9e\u00a0: \u00ab\u00a0on a besoin de faire attention. On doit pouvoir rassurer les parents qui laissent partir leurs enfants\u00a0\u00bb, continue les membres.<\/p>\n<p>&nbsp;<\/p>\n<p>L\u2019association tient \u00e0 faire savoir que \u00ab\u00a0le nombre de bin\u00f4mes h\u00e9berg\u00e9\/h\u00e9bergeur sur l\u2019ann\u00e9e 2021 est d\u00e9j\u00e0 atteint pour cette ann\u00e9e 2022\u00a0\u00bb.<\/p>\n<blockquote><p>\u00ab\u00a0Cette s\u00e9curisation permet de donner la note au parcours professionnel des jeunes. Avec la crise que l\u2019on vient de vivre, il est important de remettre l\u2019humain au centre de nos pr\u00e9occupations. Ce projet a \u00e9t\u00e9 pr\u00e9sent\u00e9 aupr\u00e8s des pr\u00e9fets de France et de la ministre du travail, Elizabeth Borne\u00a0\u00bb, informe la sous-pr\u00e9f\u00e8te V\u00e9ronique Ortet.<\/p><\/blockquote>\n<p>Les organismes souhaitent \u00e0 pr\u00e9sent trouver les h\u00e9bergeurs et accueillir rapidement les jeunes sur le territoire. Les \u00e9lus esp\u00e8rent un <strong>d\u00e9ploiement du dispositif pour la rentr\u00e9e 2022<\/strong>.<\/p>\n<p>&nbsp;<\/p>\n<h5>Contact\u00a0: Le Flore Habitat Jeunes, 02 43 81 27 55 ou <a href=\"mailto:contact@leflore.info\">contact@leflore.info<\/a><\/h5>\n<p>&nbsp;<\/p>\n<!-- AddThis Advanced Settings generic via filter on the_content --><!-- AddThis Share Buttons generic via filter on the_content -->","protected":false},"excerpt":{"rendered":"<p>Le dispositif H\u00e9bergement Temporaire chez l\u2019Habitant se d\u00e9ploie \u00e0 pr\u00e9sent dans le territoire de la communaut\u00e9 de communes Loir-Luc\u00e9-Berc\u00e9. Convention sign\u00e9e, l\u2019association est \u00e0 pr\u00e9sent \u00e0 la recherche d\u2019h\u00e9bergeur. &nbsp; Ils viennent de signer leur partenariat avec la communaut\u00e9 de communes Sud-Sarthe. C\u2019est maintenant au tour de celle Loir-Luc\u00e9-Berc\u00e9. Le dispositif h\u00e9bergement temporaire chez l&#8217;habitant,&hellip;<!-- AddThis Advanced Settings generic via filter on get_the_excerpt --><!-- AddThis Share Buttons generic via filter on get_the_excerpt --><\/p>\n","protected":false},"author":4,"featured_media":9682,"comment_status":"closed","ping_status":"open","sticky":false,"template":"","format":"standard","meta":{"footnotes":""},"categories":[1],"tags":[],"class_list":["post-9681","post","type-post","status-publish","format-standard","has-post-thumbnail","hentry","category-contact-fm-72","category-1","description-off"],"yoast_head":"<!-- This site is optimized with the Yoast SEO plugin v27.4 - https:\/\/yoast.com\/product\/yoast-seo-wordpress\/ -->\n<title>Dispositif H\u00e9bergement Temporaire chez l\u2019Habitant : A la recherche d\u2019h\u00e9bergeurs - Contact FM 99.3<\/title>\n<meta name=\"robots\" content=\"index, follow, max-snippet:-1, max-image-preview:large, max-video-preview:-1\" \/>\n<link rel=\"canonical\" href=\"https:\/\/contactfm72.fr\/?p=9681\" \/>\n<meta property=\"og:locale\" content=\"fr_FR\" \/>\n<meta property=\"og:type\" content=\"article\" \/>\n<meta property=\"og:title\" content=\"Dispositif H\u00e9bergement Temporaire chez l\u2019Habitant : A la recherche d\u2019h\u00e9bergeurs - Contact FM 99.3\" \/>\n<meta property=\"og:description\" content=\"Le dispositif H\u00e9bergement Temporaire chez l\u2019Habitant se d\u00e9ploie \u00e0 pr\u00e9sent dans le territoire de la communaut\u00e9 de communes Loir-Luc\u00e9-Berc\u00e9. Convention sign\u00e9e, l\u2019association est \u00e0 pr\u00e9sent \u00e0 la recherche d\u2019h\u00e9bergeur. &nbsp; Ils viennent de signer leur partenariat avec la communaut\u00e9 de communes Sud-Sarthe. C\u2019est maintenant au tour de celle Loir-Luc\u00e9-Berc\u00e9. Le dispositif h\u00e9bergement temporaire chez l&#8217;habitant,&hellip;\" \/>\n<meta property=\"og:url\" content=\"https:\/\/contactfm72.fr\/?p=9681\" \/>\n<meta property=\"og:site_name\" content=\"Contact FM 99.3\" \/>\n<meta property=\"article:publisher\" content=\"https:\/\/www.facebook.com\/Contactfm.Chateauduloir\" \/>\n<meta property=\"article:published_time\" content=\"2022-05-04T14:28:07+00:00\" \/>\n<meta property=\"og:image\" content=\"https:\/\/contactfm72.fr\/wp-content\/uploads\/2022\/05\/LLB-hth.jpg\" \/>\n\t<meta property=\"og:image:width\" content=\"2048\" \/>\n\t<meta property=\"og:image:height\" content=\"1536\" \/>\n\t<meta property=\"og:image:type\" content=\"image\/jpeg\" \/>\n<meta name=\"author\" content=\"Val\u00e9rie C.\" \/>\n<meta name=\"twitter:card\" content=\"summary_large_image\" \/>\n<meta name=\"twitter:creator\" content=\"@contactfm72\" \/>\n<meta name=\"twitter:site\" content=\"@contactfm72\" \/>\n<meta name=\"twitter:label1\" content=\"\u00c9crit par\" \/>\n\t<meta name=\"twitter:data1\" content=\"Val\u00e9rie C.\" \/>\n\t<meta name=\"twitter:label2\" content=\"Dur\u00e9e de lecture estim\u00e9e\" \/>\n\t<meta name=\"twitter:data2\" content=\"3 minutes\" \/>\n<script type=\"application\/ld+json\" class=\"yoast-schema-graph\">{\"@context\":\"https:\\\/\\\/schema.org\",\"@graph\":[{\"@type\":\"Article\",\"@id\":\"https:\\\/\\\/contactfm72.fr\\\/?p=9681#article\",\"isPartOf\":{\"@id\":\"https:\\\/\\\/contactfm72.fr\\\/?p=9681\"},\"author\":{\"name\":\"Val\u00e9rie C.\",\"@id\":\"https:\\\/\\\/contactfm72.fr\\\/#\\\/schema\\\/person\\\/9fdc9d1c2eb029354a4f1535b90ba82d\"},\"headline\":\"Dispositif H\u00e9bergement Temporaire chez l\u2019Habitant : A la recherche d\u2019h\u00e9bergeurs\",\"datePublished\":\"2022-05-04T14:28:07+00:00\",\"mainEntityOfPage\":{\"@id\":\"https:\\\/\\\/contactfm72.fr\\\/?p=9681\"},\"wordCount\":574,\"publisher\":{\"@id\":\"https:\\\/\\\/contactfm72.fr\\\/#organization\"},\"image\":{\"@id\":\"https:\\\/\\\/contactfm72.fr\\\/?p=9681#primaryimage\"},\"thumbnailUrl\":\"https:\\\/\\\/contactfm72.fr\\\/wp-content\\\/uploads\\\/2022\\\/05\\\/LLB-hth.jpg\",\"articleSection\":[\"Contact FM 72\"],\"inLanguage\":\"fr-FR\"},{\"@type\":\"WebPage\",\"@id\":\"https:\\\/\\\/contactfm72.fr\\\/?p=9681\",\"url\":\"https:\\\/\\\/contactfm72.fr\\\/?p=9681\",\"name\":\"Dispositif H\u00e9bergement Temporaire chez l\u2019Habitant : A la recherche d\u2019h\u00e9bergeurs - Contact FM 99.3\",\"isPartOf\":{\"@id\":\"https:\\\/\\\/contactfm72.fr\\\/#website\"},\"primaryImageOfPage\":{\"@id\":\"https:\\\/\\\/contactfm72.fr\\\/?p=9681#primaryimage\"},\"image\":{\"@id\":\"https:\\\/\\\/contactfm72.fr\\\/?p=9681#primaryimage\"},\"thumbnailUrl\":\"https:\\\/\\\/contactfm72.fr\\\/wp-content\\\/uploads\\\/2022\\\/05\\\/LLB-hth.jpg\",\"datePublished\":\"2022-05-04T14:28:07+00:00\",\"breadcrumb\":{\"@id\":\"https:\\\/\\\/contactfm72.fr\\\/?p=9681#breadcrumb\"},\"inLanguage\":\"fr-FR\",\"potentialAction\":[{\"@type\":\"ReadAction\",\"target\":[\"https:\\\/\\\/contactfm72.fr\\\/?p=9681\"]}]},{\"@type\":\"ImageObject\",\"inLanguage\":\"fr-FR\",\"@id\":\"https:\\\/\\\/contactfm72.fr\\\/?p=9681#primaryimage\",\"url\":\"https:\\\/\\\/contactfm72.fr\\\/wp-content\\\/uploads\\\/2022\\\/05\\\/LLB-hth.jpg\",\"contentUrl\":\"https:\\\/\\\/contactfm72.fr\\\/wp-content\\\/uploads\\\/2022\\\/05\\\/LLB-hth.jpg\",\"width\":2048,\"height\":1536,\"caption\":\"Lors de la signature de la convention dans les locaux de Loircowork, \u00e0 Loir-en-Vall\u00e9e.\"},{\"@type\":\"BreadcrumbList\",\"@id\":\"https:\\\/\\\/contactfm72.fr\\\/?p=9681#breadcrumb\",\"itemListElement\":[{\"@type\":\"ListItem\",\"position\":1,\"name\":\"Accueil\",\"item\":\"https:\\\/\\\/contactfm72.fr\\\/\"},{\"@type\":\"ListItem\",\"position\":2,\"name\":\"Dispositif H\u00e9bergement Temporaire chez l\u2019Habitant : A la recherche d\u2019h\u00e9bergeurs\"}]},{\"@type\":\"WebSite\",\"@id\":\"https:\\\/\\\/contactfm72.fr\\\/#website\",\"url\":\"https:\\\/\\\/contactfm72.fr\\\/\",\"name\":\"Contact FM 99.3\",\"description\":\"Votre radio en vall\u00e9e du Loir\",\"publisher\":{\"@id\":\"https:\\\/\\\/contactfm72.fr\\\/#organization\"},\"potentialAction\":[{\"@type\":\"SearchAction\",\"target\":{\"@type\":\"EntryPoint\",\"urlTemplate\":\"https:\\\/\\\/contactfm72.fr\\\/?s={search_term_string}\"},\"query-input\":{\"@type\":\"PropertyValueSpecification\",\"valueRequired\":true,\"valueName\":\"search_term_string\"}}],\"inLanguage\":\"fr-FR\"},{\"@type\":\"Organization\",\"@id\":\"https:\\\/\\\/contactfm72.fr\\\/#organization\",\"name\":\"Contact FM 99.3\",\"url\":\"https:\\\/\\\/contactfm72.fr\\\/\",\"logo\":{\"@type\":\"ImageObject\",\"inLanguage\":\"fr-FR\",\"@id\":\"https:\\\/\\\/contactfm72.fr\\\/#\\\/schema\\\/logo\\\/image\\\/\",\"url\":\"https:\\\/\\\/contactfm72.fr\\\/wp-content\\\/uploads\\\/2025\\\/04\\\/2025-04-18-2.jpg\",\"contentUrl\":\"https:\\\/\\\/contactfm72.fr\\\/wp-content\\\/uploads\\\/2025\\\/04\\\/2025-04-18-2.jpg\",\"width\":680,\"height\":307,\"caption\":\"Contact FM 99.3\"},\"image\":{\"@id\":\"https:\\\/\\\/contactfm72.fr\\\/#\\\/schema\\\/logo\\\/image\\\/\"},\"sameAs\":[\"https:\\\/\\\/www.facebook.com\\\/Contactfm.Chateauduloir\",\"https:\\\/\\\/x.com\\\/contactfm72\",\"https:\\\/\\\/www.instagram.com\\\/contact.fm.72?igsh=cGhlMHQ5N2JlNnpp\",\"https:\\\/\\\/www.tiktok.com\\\/@contact.fm\"]},{\"@type\":\"Person\",\"@id\":\"https:\\\/\\\/contactfm72.fr\\\/#\\\/schema\\\/person\\\/9fdc9d1c2eb029354a4f1535b90ba82d\",\"name\":\"Val\u00e9rie C.\",\"image\":{\"@type\":\"ImageObject\",\"inLanguage\":\"fr-FR\",\"@id\":\"https:\\\/\\\/secure.gravatar.com\\\/avatar\\\/2f8aa28f8dfbd7d4420afd1fdcdd0a349923e2c8a38ab28198b0f9d0601e4737?s=96&d=mm&r=g\",\"url\":\"https:\\\/\\\/secure.gravatar.com\\\/avatar\\\/2f8aa28f8dfbd7d4420afd1fdcdd0a349923e2c8a38ab28198b0f9d0601e4737?s=96&d=mm&r=g\",\"contentUrl\":\"https:\\\/\\\/secure.gravatar.com\\\/avatar\\\/2f8aa28f8dfbd7d4420afd1fdcdd0a349923e2c8a38ab28198b0f9d0601e4737?s=96&d=mm&r=g\",\"caption\":\"Val\u00e9rie C.\"},\"url\":\"https:\\\/\\\/contactfm72.fr\\\/?author=4\"}]}<\/script>\n<!-- \/ Yoast SEO plugin. -->","yoast_head_json":{"title":"Dispositif H\u00e9bergement Temporaire chez l\u2019Habitant : A la recherche d\u2019h\u00e9bergeurs - Contact FM 99.3","robots":{"index":"index","follow":"follow","max-snippet":"max-snippet:-1","max-image-preview":"max-image-preview:large","max-video-preview":"max-video-preview:-1"},"canonical":"https:\/\/contactfm72.fr\/?p=9681","og_locale":"fr_FR","og_type":"article","og_title":"Dispositif H\u00e9bergement Temporaire chez l\u2019Habitant : A la recherche d\u2019h\u00e9bergeurs - Contact FM 99.3","og_description":"Le dispositif H\u00e9bergement Temporaire chez l\u2019Habitant se d\u00e9ploie \u00e0 pr\u00e9sent dans le territoire de la communaut\u00e9 de communes Loir-Luc\u00e9-Berc\u00e9. Convention sign\u00e9e, l\u2019association est \u00e0 pr\u00e9sent \u00e0 la recherche d\u2019h\u00e9bergeur. &nbsp; Ils viennent de signer leur partenariat avec la communaut\u00e9 de communes Sud-Sarthe. C\u2019est maintenant au tour de celle Loir-Luc\u00e9-Berc\u00e9. Le dispositif h\u00e9bergement temporaire chez l&#8217;habitant,&hellip;","og_url":"https:\/\/contactfm72.fr\/?p=9681","og_site_name":"Contact FM 99.3","article_publisher":"https:\/\/www.facebook.com\/Contactfm.Chateauduloir","article_published_time":"2022-05-04T14:28:07+00:00","og_image":[{"width":2048,"height":1536,"url":"https:\/\/contactfm72.fr\/wp-content\/uploads\/2022\/05\/LLB-hth.jpg","type":"image\/jpeg"}],"author":"Val\u00e9rie C.","twitter_card":"summary_large_image","twitter_creator":"@contactfm72","twitter_site":"@contactfm72","twitter_misc":{"\u00c9crit par":"Val\u00e9rie C.","Dur\u00e9e de lecture estim\u00e9e":"3 minutes"},"schema":{"@context":"https:\/\/schema.org","@graph":[{"@type":"Article","@id":"https:\/\/contactfm72.fr\/?p=9681#article","isPartOf":{"@id":"https:\/\/contactfm72.fr\/?p=9681"},"author":{"name":"Val\u00e9rie C.","@id":"https:\/\/contactfm72.fr\/#\/schema\/person\/9fdc9d1c2eb029354a4f1535b90ba82d"},"headline":"Dispositif H\u00e9bergement Temporaire chez l\u2019Habitant : A la recherche d\u2019h\u00e9bergeurs","datePublished":"2022-05-04T14:28:07+00:00","mainEntityOfPage":{"@id":"https:\/\/contactfm72.fr\/?p=9681"},"wordCount":574,"publisher":{"@id":"https:\/\/contactfm72.fr\/#organization"},"image":{"@id":"https:\/\/contactfm72.fr\/?p=9681#primaryimage"},"thumbnailUrl":"https:\/\/contactfm72.fr\/wp-content\/uploads\/2022\/05\/LLB-hth.jpg","articleSection":["Contact FM 72"],"inLanguage":"fr-FR"},{"@type":"WebPage","@id":"https:\/\/contactfm72.fr\/?p=9681","url":"https:\/\/contactfm72.fr\/?p=9681","name":"Dispositif H\u00e9bergement Temporaire chez l\u2019Habitant : A la recherche d\u2019h\u00e9bergeurs - Contact FM 99.3","isPartOf":{"@id":"https:\/\/contactfm72.fr\/#website"},"primaryImageOfPage":{"@id":"https:\/\/contactfm72.fr\/?p=9681#primaryimage"},"image":{"@id":"https:\/\/contactfm72.fr\/?p=9681#primaryimage"},"thumbnailUrl":"https:\/\/contactfm72.fr\/wp-content\/uploads\/2022\/05\/LLB-hth.jpg","datePublished":"2022-05-04T14:28:07+00:00","breadcrumb":{"@id":"https:\/\/contactfm72.fr\/?p=9681#breadcrumb"},"inLanguage":"fr-FR","potentialAction":[{"@type":"ReadAction","target":["https:\/\/contactfm72.fr\/?p=9681"]}]},{"@type":"ImageObject","inLanguage":"fr-FR","@id":"https:\/\/contactfm72.fr\/?p=9681#primaryimage","url":"https:\/\/contactfm72.fr\/wp-content\/uploads\/2022\/05\/LLB-hth.jpg","contentUrl":"https:\/\/contactfm72.fr\/wp-content\/uploads\/2022\/05\/LLB-hth.jpg","width":2048,"height":1536,"caption":"Lors de la signature de la convention dans les locaux de Loircowork, \u00e0 Loir-en-Vall\u00e9e."},{"@type":"BreadcrumbList","@id":"https:\/\/contactfm72.fr\/?p=9681#breadcrumb","itemListElement":[{"@type":"ListItem","position":1,"name":"Accueil","item":"https:\/\/contactfm72.fr\/"},{"@type":"ListItem","position":2,"name":"Dispositif H\u00e9bergement Temporaire chez l\u2019Habitant : A la recherche d\u2019h\u00e9bergeurs"}]},{"@type":"WebSite","@id":"https:\/\/contactfm72.fr\/#website","url":"https:\/\/contactfm72.fr\/","name":"Contact FM 99.3","description":"Votre radio en vall\u00e9e du Loir","publisher":{"@id":"https:\/\/contactfm72.fr\/#organization"},"potentialAction":[{"@type":"SearchAction","target":{"@type":"EntryPoint","urlTemplate":"https:\/\/contactfm72.fr\/?s={search_term_string}"},"query-input":{"@type":"PropertyValueSpecification","valueRequired":true,"valueName":"search_term_string"}}],"inLanguage":"fr-FR"},{"@type":"Organization","@id":"https:\/\/contactfm72.fr\/#organization","name":"Contact FM 99.3","url":"https:\/\/contactfm72.fr\/","logo":{"@type":"ImageObject","inLanguage":"fr-FR","@id":"https:\/\/contactfm72.fr\/#\/schema\/logo\/image\/","url":"https:\/\/contactfm72.fr\/wp-content\/uploads\/2025\/04\/2025-04-18-2.jpg","contentUrl":"https:\/\/contactfm72.fr\/wp-content\/uploads\/2025\/04\/2025-04-18-2.jpg","width":680,"height":307,"caption":"Contact FM 99.3"},"image":{"@id":"https:\/\/contactfm72.fr\/#\/schema\/logo\/image\/"},"sameAs":["https:\/\/www.facebook.com\/Contactfm.Chateauduloir","https:\/\/x.com\/contactfm72","https:\/\/www.instagram.com\/contact.fm.72?igsh=cGhlMHQ5N2JlNnpp","https:\/\/www.tiktok.com\/@contact.fm"]},{"@type":"Person","@id":"https:\/\/contactfm72.fr\/#\/schema\/person\/9fdc9d1c2eb029354a4f1535b90ba82d","name":"Val\u00e9rie C.","image":{"@type":"ImageObject","inLanguage":"fr-FR","@id":"https:\/\/secure.gravatar.com\/avatar\/2f8aa28f8dfbd7d4420afd1fdcdd0a349923e2c8a38ab28198b0f9d0601e4737?s=96&d=mm&r=g","url":"https:\/\/secure.gravatar.com\/avatar\/2f8aa28f8dfbd7d4420afd1fdcdd0a349923e2c8a38ab28198b0f9d0601e4737?s=96&d=mm&r=g","contentUrl":"https:\/\/secure.gravatar.com\/avatar\/2f8aa28f8dfbd7d4420afd1fdcdd0a349923e2c8a38ab28198b0f9d0601e4737?s=96&d=mm&r=g","caption":"Val\u00e9rie C."},"url":"https:\/\/contactfm72.fr\/?author=4"}]}},"_links":{"self":[{"href":"https:\/\/contactfm72.fr\/index.php?rest_route=\/wp\/v2\/posts\/9681","targetHints":{"allow":["GET"]}}],"collection":[{"href":"https:\/\/contactfm72.fr\/index.php?rest_route=\/wp\/v2\/posts"}],"about":[{"href":"https:\/\/contactfm72.fr\/index.php?rest_route=\/wp\/v2\/types\/post"}],"author":[{"embeddable":true,"href":"https:\/\/contactfm72.fr\/index.php?rest_route=\/wp\/v2\/users\/4"}],"replies":[{"embeddable":true,"href":"https:\/\/contactfm72.fr\/index.php?rest_route=%2Fwp%2Fv2%2Fcomments&post=9681"}],"version-history":[{"count":1,"href":"https:\/\/contactfm72.fr\/index.php?rest_route=\/wp\/v2\/posts\/9681\/revisions"}],"predecessor-version":[{"id":9683,"href":"https:\/\/contactfm72.fr\/index.php?rest_route=\/wp\/v2\/posts\/9681\/revisions\/9683"}],"wp:featuredmedia":[{"embeddable":true,"href":"https:\/\/contactfm72.fr\/index.php?rest_route=\/wp\/v2\/media\/9682"}],"wp:attachment":[{"href":"https:\/\/contactfm72.fr\/index.php?rest_route=%2Fwp%2Fv2%2Fmedia&parent=9681"}],"wp:term":[{"taxonomy":"category","embeddable":true,"href":"https:\/\/contactfm72.fr\/index.php?rest_route=%2Fwp%2Fv2%2Fcategories&post=9681"},{"taxonomy":"post_tag","embeddable":true,"href":"https:\/\/contactfm72.fr\/index.php?rest_route=%2Fwp%2Fv2%2Ftags&post=9681"}],"curies":[{"name":"wp","href":"https:\/\/api.w.org\/{rel}","templated":true}]}}