{"id":9671,"date":"2022-05-04T15:50:10","date_gmt":"2022-05-04T13:50:10","guid":{"rendered":"http:\/\/contactfm72.fr\/?p=9671"},"modified":"2022-05-04T15:50:10","modified_gmt":"2022-05-04T13:50:10","slug":"inauguration-de-loircowork-lexcellence-du-monde-rural","status":"publish","type":"post","link":"https:\/\/contactfm72.fr\/?p=9671","title":{"rendered":"Inauguration de Loircowork : l\u2019excellence du monde rural"},"content":{"rendered":"<h2>Loircowork, la maison de l\u2019\u00e9conomie et de l\u2019innovation situ\u00e9e dans la Zone d\u2019Activit\u00e9s \u00c9conomiques de l\u2019Auri\u00e8re \u00e0 Loir en Vall\u00e9e, a officiellement \u00e9t\u00e9 inaugur\u00e9 le mardi 3 mai, en pr\u00e9sence de nombreux \u00e9lus du territoire.<\/h2>\n<p>&nbsp;<\/p>\n<p>C\u2019est probablement le projet le plus ambitieux du pr\u00e9c\u00e9dent mandat communautaire. <strong>Loircowork<\/strong> est enfin inaugur\u00e9. Le <strong>mardi 3 mai, dans le Sud-Sarthe<\/strong>, une centaine de personnes \u00e9taient pr\u00e9sentes pour d\u00e9couvrir cette maison de l\u2019innovation, synonyme de r\u00e9ussite \u00e9conomique. La sous-pr\u00e9f\u00e8te V\u00e9ronique Ortet, la conseill\u00e8re r\u00e9gionale Anne-Gaelle Chabagno, la d\u00e9put\u00e9e de la 3<sup>\u00e8me<\/sup> circonscription Pascale Fontenel Personne, le pr\u00e9sident du conseil d\u00e9partemental Dominique Le M\u00e9ner, le pr\u00e9sident de la communaut\u00e9 de communes Loir-Luc\u00e9-Berc\u00e9 Herv\u00e9 Ronci\u00e8re, \u00e9lus communautaires et municipaux \u00e9taient notamment pr\u00e9sents pour d\u00e9couvrir ce nouveau lieu.<\/p>\n<blockquote><p>Gali\u00e8ne Cohu, l\u2019une des \u00e9lues \u00e0 l\u2019origine de ce projet, et actuelle conseill\u00e8re d\u00e9partementale, l\u2019atteste\u00a0: \u00ab\u00a0C\u2019est une p\u00e9pite pour notre territoire rural. Loircowork repr\u00e9sente un r\u00e9el enjeu de dynamique du territoire\u00a0\u00bb.<\/p><\/blockquote>\n<p>&nbsp;<\/p>\n<h3>Quatre grands axes<\/h3>\n<p>Loircowork r\u00e9pond \u00e0 quatre grands axes, d\u00e9velopp\u00e9s par la <strong>communaut\u00e9 de communes<\/strong>\u00a0:<\/p>\n<ul>\n<li>acc\u00e9l\u00e9rer la transition digitale<\/li>\n<li>favoriser et accompagner les m\u00e9thodes de travail<\/li>\n<li>encourager l\u2019entreprenariat<\/li>\n<li>d\u00e9velopper l\u2019attractivit\u00e9 du territoire.<\/li>\n<\/ul>\n<p>Loircowork pr\u00e9sente un b\u00e2timent qui totalise une superficie de<strong> 670m\u00b2<\/strong> avec huit bureaux tertiaires, deux salles de formation, un espace de cr\u00e9ativit\u00e9, un espace de coworking, un espace de restauration, un <a href=\"http:\/\/contactfm72.fr\/?p=8712\">makerspace g\u00e9r\u00e9 par l\u2019association Eureka Lab<\/a>, une salle de r\u00e9union, et des locaux techniques.<\/p>\n<p>&nbsp;<\/p>\n<blockquote><p>\u00ab Loircowork r\u00e9pond aux normes de construction et des exigences environnementales puisqu\u2019il a \u00e9t\u00e9 construit \u00a0en mat\u00e9riaux bio-sourc\u00e9s, qu\u2019il b\u00e9n\u00e9ficie de la production d\u2019\u00e9lectricit\u00e9 par panneaux photovolta\u00efques, est donc en autoconsommation, et muni d\u2019un chauffage et d\u2019un syst\u00e8me de rafraichissement par pompes \u00e0 chaleur \u00bb, pr\u00e9cise le pr\u00e9sident de la communaut\u00e9 de communes.<\/p><\/blockquote>\n<p>&nbsp;<\/p>\n<h3>Les services disponibles<\/h3>\n<p>A Loircowork, ce sont d\u00e9j\u00e0 <strong>100 coworkers qui utilisent les locaux et ses services depuis 2019<\/strong>. La fibre optique, un b\u00e2timent accessible 24h\/24 et 7j\/7, phone-box, visioconf\u00e9rence, parking gratuit et borne de recharge \u00e9lectrique\u00a0; mais aussi des services compl\u00e9mentaires, avec une possibilit\u00e9 de domiciliation des entreprises, ou encore les locations de salles.<\/p>\n<p>&nbsp;<\/p>\n<h3>Montant global de 2 millions d\u2019euros<\/h3>\n<p>Herv\u00e9 Ronci\u00e8re est revenu sur le montant global de Loircowork. Avec l\u2019am\u00e9nagement de l\u2019atelier num\u00e9rique, Loircowork pr\u00e9sente un <strong>co\u00fbt global de 1\u00a0956\u00a0862\u20ac<\/strong>. Mais la communaut\u00e9 de communes a b\u00e9n\u00e9fici\u00e9 de <strong>nombreux financements<\/strong>. L\u2019\u00c9tat a particip\u00e9 \u00e0 hauteur de 129\u00a0645\u20ac, la R\u00e9gion a consacr\u00e9 pr\u00e8s de 53% du financement global, soit 1\u00a0028\u00a0328\u20ac, et l\u00e9 d\u00e9partement a contribu\u00e9 \u00e0 environ 4%, soit 74\u00a0708\u20ac. Finalement, la communaut\u00e9 de communes pr\u00e9sente un reste \u00e0 charge s\u2019\u00e9levant \u00e0 environ <strong>724\u00a0000\u20ac.<\/strong><\/p>\n<p><strong>\u00a0<\/strong><\/p>\n<h3>Un investissement pour l\u2019avenir<\/h3>\n<p>La communaut\u00e9 de communes Loir-Luc\u00e9-Berc\u00e9 a initi\u00e9 depuis plusieurs ann\u00e9es une dynamique permettant de <strong>favoriser l\u2019\u00e9cosyst\u00e8me \u00e9conomique du territoire<\/strong>. Elle soutient les projets et les innovations locales. En ce sens, Loircowork peut accueillir des travailleurs ind\u00e9pendants, des salari\u00e9s, des entrepreneurs et bien plus encore, dans une optique de cadre de travail diff\u00e9rent\u00a0:<\/p>\n<blockquote><p>\u00ab\u00a0Nous ne dissimulons pas l\u2019ambition de d\u00e9velopper et d\u2019attirer de nouvelles entreprises qui renforceront notre tissu \u00e9conomique et assureront la cr\u00e9ation d\u2019emplois\u00a0\u00bb, poursuit le pr\u00e9sident.<\/p><\/blockquote>\n<p>Soutenu par le d\u00e9partement depuis 2016, le dispositif <strong>Sarthe Num\u00e9rique<\/strong> a permis le d\u00e9ploiement de la fibre optique sur le territoire \u00e0 hauteur de 400 millions d\u2019euros. \u00ab Nous avons su prendre \u00e0 contre-pied les op\u00e9rateurs historiques, anticiper la fracture num\u00e9rique et aider \u00e0 l\u2019installation de 2700 entreprises sur le territoire gr\u00e2ce \u00e0 la fibre \u00bb, pr\u00e9cise Dominique le M\u00e9ner.<\/p>\n<p>&nbsp;<\/p>\n<h3>Remise de troph\u00e9e<\/h3>\n<p>L\u2019inauguration s\u2019est achev\u00e9e sur la remise du prix de l\u2019innovation et de l\u2019industrie que les \u00e9lus souhaitent perdurer. Bient\u00f4t 100 ans d\u2019existence et un produit ancr\u00e9 dans le langage courant tout comme dans le paysage de la Chartre-sur-le-Loir, c\u2019est l\u2019<strong>entreprise Rustin<\/strong>, repr\u00e9sent\u00e9 par son pr\u00e9sident Louis Rustin,\u00a0qui a eu l\u2019honneur d\u2019\u00eatre le premier laur\u00e9at. Tout un symbole.<\/p>\n<p>&nbsp;<\/p>\n<div id=\"attachment_9675\" style=\"width: 2058px\" class=\"wp-caption alignnone\"><img loading=\"lazy\" decoding=\"async\" aria-describedby=\"caption-attachment-9675\" class=\"size-full wp-image-9675\" src=\"http:\/\/contactfm72.fr\/wp-content\/uploads\/2022\/05\/loircowork-rustin.jpg\" alt=\"\" width=\"2048\" height=\"1536\" \/><p id=\"caption-attachment-9675\" class=\"wp-caption-text\">Lors de la remise du prix.<\/p><\/div>\n<p>&nbsp;<\/p>\n<h5><a href=\"https:\/\/www.loircowork.com\/\">https:\/\/www.loircowork.com\/<\/a>. Zone d\u2019Activit\u00e9s \u00c9conomiques de l\u2019Auri\u00e8re, 4 all\u00e9e des Aulnes, 72340 Loir en Vall\u00e9e.<\/h5>\n<!-- AddThis Advanced Settings generic via filter on the_content --><!-- AddThis Share Buttons generic via filter on the_content -->","protected":false},"excerpt":{"rendered":"<p>Loircowork, la maison de l\u2019\u00e9conomie et de l\u2019innovation situ\u00e9e dans la Zone d\u2019Activit\u00e9s \u00c9conomiques de l\u2019Auri\u00e8re \u00e0 Loir en Vall\u00e9e, a officiellement \u00e9t\u00e9 inaugur\u00e9 le mardi 3 mai, en pr\u00e9sence de nombreux \u00e9lus du territoire. &nbsp; C\u2019est probablement le projet le plus ambitieux du pr\u00e9c\u00e9dent mandat communautaire. Loircowork est enfin inaugur\u00e9. Le mardi 3 mai,&hellip;<!-- AddThis Advanced Settings generic via filter on get_the_excerpt --><!-- AddThis Share Buttons generic via filter on get_the_excerpt --><\/p>\n","protected":false},"author":4,"featured_media":9674,"comment_status":"closed","ping_status":"open","sticky":false,"template":"","format":"standard","meta":{"footnotes":""},"categories":[1],"tags":[],"class_list":["post-9671","post","type-post","status-publish","format-standard","has-post-thumbnail","hentry","category-contact-fm-72","category-1","description-off"],"yoast_head":"<!-- This site is optimized with the Yoast SEO plugin v27.4 - https:\/\/yoast.com\/product\/yoast-seo-wordpress\/ -->\n<title>Inauguration de Loircowork : l\u2019excellence du monde rural - Contact FM 99.3<\/title>\n<meta name=\"robots\" content=\"index, follow, max-snippet:-1, max-image-preview:large, max-video-preview:-1\" \/>\n<link rel=\"canonical\" href=\"https:\/\/contactfm72.fr\/?p=9671\" \/>\n<meta property=\"og:locale\" content=\"fr_FR\" \/>\n<meta property=\"og:type\" content=\"article\" \/>\n<meta property=\"og:title\" content=\"Inauguration de Loircowork : l\u2019excellence du monde rural - Contact FM 99.3\" \/>\n<meta property=\"og:description\" content=\"Loircowork, la maison de l\u2019\u00e9conomie et de l\u2019innovation situ\u00e9e dans la Zone d\u2019Activit\u00e9s \u00c9conomiques de l\u2019Auri\u00e8re \u00e0 Loir en Vall\u00e9e, a officiellement \u00e9t\u00e9 inaugur\u00e9 le mardi 3 mai, en pr\u00e9sence de nombreux \u00e9lus du territoire. &nbsp; C\u2019est probablement le projet le plus ambitieux du pr\u00e9c\u00e9dent mandat communautaire. Loircowork est enfin inaugur\u00e9. Le mardi 3 mai,&hellip;\" \/>\n<meta property=\"og:url\" content=\"https:\/\/contactfm72.fr\/?p=9671\" \/>\n<meta property=\"og:site_name\" content=\"Contact FM 99.3\" \/>\n<meta property=\"article:publisher\" content=\"https:\/\/www.facebook.com\/Contactfm.Chateauduloir\" \/>\n<meta property=\"article:published_time\" content=\"2022-05-04T13:50:10+00:00\" \/>\n<meta property=\"og:image\" content=\"https:\/\/contactfm72.fr\/wp-content\/uploads\/2022\/05\/loircowork-dehors.jpg\" \/>\n\t<meta property=\"og:image:width\" content=\"2048\" \/>\n\t<meta property=\"og:image:height\" content=\"1517\" \/>\n\t<meta property=\"og:image:type\" content=\"image\/jpeg\" \/>\n<meta name=\"author\" content=\"Val\u00e9rie C.\" \/>\n<meta name=\"twitter:card\" content=\"summary_large_image\" \/>\n<meta name=\"twitter:creator\" content=\"@contactfm72\" \/>\n<meta name=\"twitter:site\" content=\"@contactfm72\" \/>\n<meta name=\"twitter:label1\" content=\"\u00c9crit par\" \/>\n\t<meta name=\"twitter:data1\" content=\"Val\u00e9rie C.\" \/>\n\t<meta name=\"twitter:label2\" content=\"Dur\u00e9e de lecture estim\u00e9e\" \/>\n\t<meta name=\"twitter:data2\" content=\"4 minutes\" \/>\n<script type=\"application\/ld+json\" class=\"yoast-schema-graph\">{\"@context\":\"https:\\\/\\\/schema.org\",\"@graph\":[{\"@type\":\"Article\",\"@id\":\"https:\\\/\\\/contactfm72.fr\\\/?p=9671#article\",\"isPartOf\":{\"@id\":\"https:\\\/\\\/contactfm72.fr\\\/?p=9671\"},\"author\":{\"name\":\"Val\u00e9rie C.\",\"@id\":\"https:\\\/\\\/contactfm72.fr\\\/#\\\/schema\\\/person\\\/9fdc9d1c2eb029354a4f1535b90ba82d\"},\"headline\":\"Inauguration de Loircowork : l\u2019excellence du monde rural\",\"datePublished\":\"2022-05-04T13:50:10+00:00\",\"mainEntityOfPage\":{\"@id\":\"https:\\\/\\\/contactfm72.fr\\\/?p=9671\"},\"wordCount\":767,\"publisher\":{\"@id\":\"https:\\\/\\\/contactfm72.fr\\\/#organization\"},\"image\":{\"@id\":\"https:\\\/\\\/contactfm72.fr\\\/?p=9671#primaryimage\"},\"thumbnailUrl\":\"https:\\\/\\\/contactfm72.fr\\\/wp-content\\\/uploads\\\/2022\\\/05\\\/loircowork-dehors.jpg\",\"articleSection\":[\"Contact FM 72\"],\"inLanguage\":\"fr-FR\"},{\"@type\":\"WebPage\",\"@id\":\"https:\\\/\\\/contactfm72.fr\\\/?p=9671\",\"url\":\"https:\\\/\\\/contactfm72.fr\\\/?p=9671\",\"name\":\"Inauguration de Loircowork : l\u2019excellence du monde rural - Contact FM 99.3\",\"isPartOf\":{\"@id\":\"https:\\\/\\\/contactfm72.fr\\\/#website\"},\"primaryImageOfPage\":{\"@id\":\"https:\\\/\\\/contactfm72.fr\\\/?p=9671#primaryimage\"},\"image\":{\"@id\":\"https:\\\/\\\/contactfm72.fr\\\/?p=9671#primaryimage\"},\"thumbnailUrl\":\"https:\\\/\\\/contactfm72.fr\\\/wp-content\\\/uploads\\\/2022\\\/05\\\/loircowork-dehors.jpg\",\"datePublished\":\"2022-05-04T13:50:10+00:00\",\"breadcrumb\":{\"@id\":\"https:\\\/\\\/contactfm72.fr\\\/?p=9671#breadcrumb\"},\"inLanguage\":\"fr-FR\",\"potentialAction\":[{\"@type\":\"ReadAction\",\"target\":[\"https:\\\/\\\/contactfm72.fr\\\/?p=9671\"]}]},{\"@type\":\"ImageObject\",\"inLanguage\":\"fr-FR\",\"@id\":\"https:\\\/\\\/contactfm72.fr\\\/?p=9671#primaryimage\",\"url\":\"https:\\\/\\\/contactfm72.fr\\\/wp-content\\\/uploads\\\/2022\\\/05\\\/loircowork-dehors.jpg\",\"contentUrl\":\"https:\\\/\\\/contactfm72.fr\\\/wp-content\\\/uploads\\\/2022\\\/05\\\/loircowork-dehors.jpg\",\"width\":2048,\"height\":1517,\"caption\":\"Lors de l'inauguration, en pr\u00e9sence de nombreux \u00e9lus, devant Loircowork, \u00e0 Loir-en-Vall\u00e9e.\"},{\"@type\":\"BreadcrumbList\",\"@id\":\"https:\\\/\\\/contactfm72.fr\\\/?p=9671#breadcrumb\",\"itemListElement\":[{\"@type\":\"ListItem\",\"position\":1,\"name\":\"Accueil\",\"item\":\"https:\\\/\\\/contactfm72.fr\\\/\"},{\"@type\":\"ListItem\",\"position\":2,\"name\":\"Inauguration de Loircowork : l\u2019excellence du monde rural\"}]},{\"@type\":\"WebSite\",\"@id\":\"https:\\\/\\\/contactfm72.fr\\\/#website\",\"url\":\"https:\\\/\\\/contactfm72.fr\\\/\",\"name\":\"Contact FM 99.3\",\"description\":\"Votre radio en vall\u00e9e du Loir\",\"publisher\":{\"@id\":\"https:\\\/\\\/contactfm72.fr\\\/#organization\"},\"potentialAction\":[{\"@type\":\"SearchAction\",\"target\":{\"@type\":\"EntryPoint\",\"urlTemplate\":\"https:\\\/\\\/contactfm72.fr\\\/?s={search_term_string}\"},\"query-input\":{\"@type\":\"PropertyValueSpecification\",\"valueRequired\":true,\"valueName\":\"search_term_string\"}}],\"inLanguage\":\"fr-FR\"},{\"@type\":\"Organization\",\"@id\":\"https:\\\/\\\/contactfm72.fr\\\/#organization\",\"name\":\"Contact FM 99.3\",\"url\":\"https:\\\/\\\/contactfm72.fr\\\/\",\"logo\":{\"@type\":\"ImageObject\",\"inLanguage\":\"fr-FR\",\"@id\":\"https:\\\/\\\/contactfm72.fr\\\/#\\\/schema\\\/logo\\\/image\\\/\",\"url\":\"https:\\\/\\\/contactfm72.fr\\\/wp-content\\\/uploads\\\/2025\\\/04\\\/2025-04-18-2.jpg\",\"contentUrl\":\"https:\\\/\\\/contactfm72.fr\\\/wp-content\\\/uploads\\\/2025\\\/04\\\/2025-04-18-2.jpg\",\"width\":680,\"height\":307,\"caption\":\"Contact FM 99.3\"},\"image\":{\"@id\":\"https:\\\/\\\/contactfm72.fr\\\/#\\\/schema\\\/logo\\\/image\\\/\"},\"sameAs\":[\"https:\\\/\\\/www.facebook.com\\\/Contactfm.Chateauduloir\",\"https:\\\/\\\/x.com\\\/contactfm72\",\"https:\\\/\\\/www.instagram.com\\\/contact.fm.72?igsh=cGhlMHQ5N2JlNnpp\",\"https:\\\/\\\/www.tiktok.com\\\/@contact.fm\"]},{\"@type\":\"Person\",\"@id\":\"https:\\\/\\\/contactfm72.fr\\\/#\\\/schema\\\/person\\\/9fdc9d1c2eb029354a4f1535b90ba82d\",\"name\":\"Val\u00e9rie C.\",\"image\":{\"@type\":\"ImageObject\",\"inLanguage\":\"fr-FR\",\"@id\":\"https:\\\/\\\/secure.gravatar.com\\\/avatar\\\/2f8aa28f8dfbd7d4420afd1fdcdd0a349923e2c8a38ab28198b0f9d0601e4737?s=96&d=mm&r=g\",\"url\":\"https:\\\/\\\/secure.gravatar.com\\\/avatar\\\/2f8aa28f8dfbd7d4420afd1fdcdd0a349923e2c8a38ab28198b0f9d0601e4737?s=96&d=mm&r=g\",\"contentUrl\":\"https:\\\/\\\/secure.gravatar.com\\\/avatar\\\/2f8aa28f8dfbd7d4420afd1fdcdd0a349923e2c8a38ab28198b0f9d0601e4737?s=96&d=mm&r=g\",\"caption\":\"Val\u00e9rie C.\"},\"url\":\"https:\\\/\\\/contactfm72.fr\\\/?author=4\"}]}<\/script>\n<!-- \/ Yoast SEO plugin. -->","yoast_head_json":{"title":"Inauguration de Loircowork : l\u2019excellence du monde rural - Contact FM 99.3","robots":{"index":"index","follow":"follow","max-snippet":"max-snippet:-1","max-image-preview":"max-image-preview:large","max-video-preview":"max-video-preview:-1"},"canonical":"https:\/\/contactfm72.fr\/?p=9671","og_locale":"fr_FR","og_type":"article","og_title":"Inauguration de Loircowork : l\u2019excellence du monde rural - Contact FM 99.3","og_description":"Loircowork, la maison de l\u2019\u00e9conomie et de l\u2019innovation situ\u00e9e dans la Zone d\u2019Activit\u00e9s \u00c9conomiques de l\u2019Auri\u00e8re \u00e0 Loir en Vall\u00e9e, a officiellement \u00e9t\u00e9 inaugur\u00e9 le mardi 3 mai, en pr\u00e9sence de nombreux \u00e9lus du territoire. &nbsp; C\u2019est probablement le projet le plus ambitieux du pr\u00e9c\u00e9dent mandat communautaire. Loircowork est enfin inaugur\u00e9. Le mardi 3 mai,&hellip;","og_url":"https:\/\/contactfm72.fr\/?p=9671","og_site_name":"Contact FM 99.3","article_publisher":"https:\/\/www.facebook.com\/Contactfm.Chateauduloir","article_published_time":"2022-05-04T13:50:10+00:00","og_image":[{"width":2048,"height":1517,"url":"https:\/\/contactfm72.fr\/wp-content\/uploads\/2022\/05\/loircowork-dehors.jpg","type":"image\/jpeg"}],"author":"Val\u00e9rie C.","twitter_card":"summary_large_image","twitter_creator":"@contactfm72","twitter_site":"@contactfm72","twitter_misc":{"\u00c9crit par":"Val\u00e9rie C.","Dur\u00e9e de lecture estim\u00e9e":"4 minutes"},"schema":{"@context":"https:\/\/schema.org","@graph":[{"@type":"Article","@id":"https:\/\/contactfm72.fr\/?p=9671#article","isPartOf":{"@id":"https:\/\/contactfm72.fr\/?p=9671"},"author":{"name":"Val\u00e9rie C.","@id":"https:\/\/contactfm72.fr\/#\/schema\/person\/9fdc9d1c2eb029354a4f1535b90ba82d"},"headline":"Inauguration de Loircowork : l\u2019excellence du monde rural","datePublished":"2022-05-04T13:50:10+00:00","mainEntityOfPage":{"@id":"https:\/\/contactfm72.fr\/?p=9671"},"wordCount":767,"publisher":{"@id":"https:\/\/contactfm72.fr\/#organization"},"image":{"@id":"https:\/\/contactfm72.fr\/?p=9671#primaryimage"},"thumbnailUrl":"https:\/\/contactfm72.fr\/wp-content\/uploads\/2022\/05\/loircowork-dehors.jpg","articleSection":["Contact FM 72"],"inLanguage":"fr-FR"},{"@type":"WebPage","@id":"https:\/\/contactfm72.fr\/?p=9671","url":"https:\/\/contactfm72.fr\/?p=9671","name":"Inauguration de Loircowork : l\u2019excellence du monde rural - Contact FM 99.3","isPartOf":{"@id":"https:\/\/contactfm72.fr\/#website"},"primaryImageOfPage":{"@id":"https:\/\/contactfm72.fr\/?p=9671#primaryimage"},"image":{"@id":"https:\/\/contactfm72.fr\/?p=9671#primaryimage"},"thumbnailUrl":"https:\/\/contactfm72.fr\/wp-content\/uploads\/2022\/05\/loircowork-dehors.jpg","datePublished":"2022-05-04T13:50:10+00:00","breadcrumb":{"@id":"https:\/\/contactfm72.fr\/?p=9671#breadcrumb"},"inLanguage":"fr-FR","potentialAction":[{"@type":"ReadAction","target":["https:\/\/contactfm72.fr\/?p=9671"]}]},{"@type":"ImageObject","inLanguage":"fr-FR","@id":"https:\/\/contactfm72.fr\/?p=9671#primaryimage","url":"https:\/\/contactfm72.fr\/wp-content\/uploads\/2022\/05\/loircowork-dehors.jpg","contentUrl":"https:\/\/contactfm72.fr\/wp-content\/uploads\/2022\/05\/loircowork-dehors.jpg","width":2048,"height":1517,"caption":"Lors de l'inauguration, en pr\u00e9sence de nombreux \u00e9lus, devant Loircowork, \u00e0 Loir-en-Vall\u00e9e."},{"@type":"BreadcrumbList","@id":"https:\/\/contactfm72.fr\/?p=9671#breadcrumb","itemListElement":[{"@type":"ListItem","position":1,"name":"Accueil","item":"https:\/\/contactfm72.fr\/"},{"@type":"ListItem","position":2,"name":"Inauguration de Loircowork : l\u2019excellence du monde rural"}]},{"@type":"WebSite","@id":"https:\/\/contactfm72.fr\/#website","url":"https:\/\/contactfm72.fr\/","name":"Contact FM 99.3","description":"Votre radio en vall\u00e9e du Loir","publisher":{"@id":"https:\/\/contactfm72.fr\/#organization"},"potentialAction":[{"@type":"SearchAction","target":{"@type":"EntryPoint","urlTemplate":"https:\/\/contactfm72.fr\/?s={search_term_string}"},"query-input":{"@type":"PropertyValueSpecification","valueRequired":true,"valueName":"search_term_string"}}],"inLanguage":"fr-FR"},{"@type":"Organization","@id":"https:\/\/contactfm72.fr\/#organization","name":"Contact FM 99.3","url":"https:\/\/contactfm72.fr\/","logo":{"@type":"ImageObject","inLanguage":"fr-FR","@id":"https:\/\/contactfm72.fr\/#\/schema\/logo\/image\/","url":"https:\/\/contactfm72.fr\/wp-content\/uploads\/2025\/04\/2025-04-18-2.jpg","contentUrl":"https:\/\/contactfm72.fr\/wp-content\/uploads\/2025\/04\/2025-04-18-2.jpg","width":680,"height":307,"caption":"Contact FM 99.3"},"image":{"@id":"https:\/\/contactfm72.fr\/#\/schema\/logo\/image\/"},"sameAs":["https:\/\/www.facebook.com\/Contactfm.Chateauduloir","https:\/\/x.com\/contactfm72","https:\/\/www.instagram.com\/contact.fm.72?igsh=cGhlMHQ5N2JlNnpp","https:\/\/www.tiktok.com\/@contact.fm"]},{"@type":"Person","@id":"https:\/\/contactfm72.fr\/#\/schema\/person\/9fdc9d1c2eb029354a4f1535b90ba82d","name":"Val\u00e9rie C.","image":{"@type":"ImageObject","inLanguage":"fr-FR","@id":"https:\/\/secure.gravatar.com\/avatar\/2f8aa28f8dfbd7d4420afd1fdcdd0a349923e2c8a38ab28198b0f9d0601e4737?s=96&d=mm&r=g","url":"https:\/\/secure.gravatar.com\/avatar\/2f8aa28f8dfbd7d4420afd1fdcdd0a349923e2c8a38ab28198b0f9d0601e4737?s=96&d=mm&r=g","contentUrl":"https:\/\/secure.gravatar.com\/avatar\/2f8aa28f8dfbd7d4420afd1fdcdd0a349923e2c8a38ab28198b0f9d0601e4737?s=96&d=mm&r=g","caption":"Val\u00e9rie C."},"url":"https:\/\/contactfm72.fr\/?author=4"}]}},"_links":{"self":[{"href":"https:\/\/contactfm72.fr\/index.php?rest_route=\/wp\/v2\/posts\/9671","targetHints":{"allow":["GET"]}}],"collection":[{"href":"https:\/\/contactfm72.fr\/index.php?rest_route=\/wp\/v2\/posts"}],"about":[{"href":"https:\/\/contactfm72.fr\/index.php?rest_route=\/wp\/v2\/types\/post"}],"author":[{"embeddable":true,"href":"https:\/\/contactfm72.fr\/index.php?rest_route=\/wp\/v2\/users\/4"}],"replies":[{"embeddable":true,"href":"https:\/\/contactfm72.fr\/index.php?rest_route=%2Fwp%2Fv2%2Fcomments&post=9671"}],"version-history":[{"count":1,"href":"https:\/\/contactfm72.fr\/index.php?rest_route=\/wp\/v2\/posts\/9671\/revisions"}],"predecessor-version":[{"id":9680,"href":"https:\/\/contactfm72.fr\/index.php?rest_route=\/wp\/v2\/posts\/9671\/revisions\/9680"}],"wp:featuredmedia":[{"embeddable":true,"href":"https:\/\/contactfm72.fr\/index.php?rest_route=\/wp\/v2\/media\/9674"}],"wp:attachment":[{"href":"https:\/\/contactfm72.fr\/index.php?rest_route=%2Fwp%2Fv2%2Fmedia&parent=9671"}],"wp:term":[{"taxonomy":"category","embeddable":true,"href":"https:\/\/contactfm72.fr\/index.php?rest_route=%2Fwp%2Fv2%2Fcategories&post=9671"},{"taxonomy":"post_tag","embeddable":true,"href":"https:\/\/contactfm72.fr\/index.php?rest_route=%2Fwp%2Fv2%2Ftags&post=9671"}],"curies":[{"name":"wp","href":"https:\/\/api.w.org\/{rel}","templated":true}]}}