{"id":9657,"date":"2022-05-03T14:47:10","date_gmt":"2022-05-03T12:47:10","guid":{"rendered":"http:\/\/contactfm72.fr\/?p=9657"},"modified":"2022-05-03T14:49:56","modified_gmt":"2022-05-03T12:49:56","slug":"petanque-jeunes-en-10-ans-plus-de-100-titres-pour-lecole-de-la-vallee-du-loir","status":"publish","type":"post","link":"https:\/\/contactfm72.fr\/?p=9657","title":{"rendered":"P\u00e9tanque Jeunes. En 10 ans, plus de 100 titres pour l\u2019\u00e9cole de la Vall\u00e9e du Loir"},"content":{"rendered":"<h3>Cr\u00e9\u00e9e il y a 10 ans, l\u2019\u00e9cole de p\u00e9tanque de la Vall\u00e9e du Loir s\u2019est vue remporter son 100<sup>\u00e8me<\/sup> troph\u00e9e samedi 30 avril \u00e0 la Fl\u00e8che.<\/h3>\n<p><strong>\u00a0<\/strong><\/p>\n<p>La formation paie toujours. R\u00e9p\u00e9tant inlassablement leurs gammes lors des ateliers techniques du mercredi, les<strong> jeunes joueurs de p\u00e9tanque de la Vall\u00e9e du Loir, dans le sud Sarthe,<\/strong> voient leurs efforts r\u00e9compens\u00e9s.<\/p>\n<p>Ce samedi 30 avril, \u00e0 La Fl\u00e8che, les jeunes ont remport\u00e9 les <strong>deux titres de champions de Sarthe par \u00e9quipe<\/strong>. \u00ab Tout sauf un hasard \u00bb, pour leur <strong>\u00e9ducateur et responsable de l\u2019\u00e9cole, Alain Pin\u00e7on<\/strong>.<\/p>\n<p>Un bonheur n\u2019arrivant jamais seul, le <strong>troph\u00e9e HEJ<\/strong> (Honneur \u2013 Elites \u2013 Jeunes) du dimanche 1<sup>er<\/sup> mai, organis\u00e9 par le <strong>Comit\u00e9 D\u00e9partemental \u00e0 Allonnes<\/strong> pour faire la promotion de sa politique jeune a \u00e9t\u00e9 remport\u00e9 par un jeune de l\u2019\u00e9cole de la Vall\u00e9e du Loir en Cadet juniors.<\/p>\n<p>Un week-end bien rempli pour ces boulistes.<\/p>\n<p>&nbsp;<\/p>\n<h3>Champions de Sarthe cadet \/ junior et benjamin \/ minime<\/h3>\n<p>En<strong> cadet \/ junior<\/strong>, le nul contre La Fl\u00e8che lors de la pr\u00e9c\u00e9dente journ\u00e9e laiss\u00e9 augurer d\u2019un championnat tr\u00e8s serr\u00e9. Ce fut le cas jusqu\u2019au bout\u00a0: si les jeunes sud-sarthois ont battu Saint-Calais ais\u00e9ment ce samedi 30 avril, le dernier match de l\u2019apr\u00e8s-midi contre La Suze \u00e9tait tr\u00e8s serr\u00e9. L\u2019\u00e9cole de p\u00e9tanque de la Vall\u00e9e du Loir l\u2019<strong>a emport\u00e9 de justesse 14 \u00e0 10<\/strong> gr\u00e2ce au tir de pr\u00e9cision. Le classement final voyait La Fl\u00e8che finir \u00e0 \u00e9galit\u00e9 de point mais le titre de champion est revenu \u00e0 l\u2019\u00e9cole de p\u00e9tanque de la Vall\u00e9e du Loir gr\u00e2ce \u00e0 un <strong>goal-average\u00a0favorable<\/strong> : + 28 contre + 24 pour La Fl\u00e8che.<\/p>\n<p>&nbsp;<\/p>\n<p>En<strong> benjamin \/ minime<\/strong>, la victoire initiale 18 \u00e0 6 contre La Fl\u00e8che valait son pesant d\u2019or. En effet, le nul 12 \u00e0 12 le matin contre l\u2019entente Allonnes \/ PAC Des Sources Le Mans a contraint les minimes sud-sarthois de gagner le dernier match contre l\u2019\u00e9quipe 1 des JS Allonnes. Vainqueurs des <strong>t\u00eates \u00e0 t\u00eate et des doublettes<\/strong>, les jeunes de l\u2019\u00e9cole de la Vall\u00e9e du Loir ont pris l\u2019ascendant sur leurs adversaires pour<strong> triompher 14 \u00e0 10<\/strong> et empocher le titre de champion de Sarthe tout comme leurs ain\u00e9s.<\/p>\n<p>&nbsp;<\/p>\n<h3>Championnat R\u00e9gional des Clubs des Pays de Loire<\/h3>\n<p>Ces <strong>deux \u00e9quipes repr\u00e9senteront la Sarthe lors des championnats r\u00e9gionaux par \u00e9quipes des Pays de la Loire<\/strong> qui se d\u00e9rouleront \u00e0 <strong>Ch\u00e2teau du Loir, les 10 et 11 septembre 2022<\/strong>. Les jeunes locaux affronteront les champions des autres d\u00e9partements des Pays de Loire sur les terrains du foirail. De belles parties en perspective et une belle animation sportive suppl\u00e9mentaire dans le cadre du forum <strong>Destin\u2019asso<\/strong>, organis\u00e9 tous les ans par la municipalit\u00e9. Ce championnat se d\u00e9roulera seulement deux semaines apr\u00e8s le <strong>1<sup>er<\/sup> National jeunes de la Vall\u00e9e du Loir qui se d\u00e9roulera le samedi 27 ao\u00fbt 2022<\/strong> et qui verra les meilleurs jeunes fran\u00e7ais en d\u00e9coudre.<\/p>\n<p>&nbsp;<\/p>\n<h3>Troph\u00e9e Honneur Elite Jeune\u00a0&#8211; nouvelle comp\u00e9tition et nouvelle victoire<\/h3>\n<p>Le Comit\u00e9 D\u00e9partemental, fervent d\u00e9fenseur d\u2019une <strong>politique jeune novatrice<\/strong>, a organis\u00e9 ce dimanche 1<sup>er<\/sup> mai 2022, un <strong>troph\u00e9e bas\u00e9 sur 3 concours\u00a0en doublettes<\/strong> : un concours senior r\u00e9serv\u00e9 aux joueurs class\u00e9s Elite ou Honneur, un concours benjamin minime et un concours cadet junior. Les deux Cast\u00e9loriens Loris Chapin et Dorian Chartier ont fini 3<sup>\u00e8me<\/sup> et ont pu jouer une partie honorifique avec le <strong>champion d\u2019Europe Thibaud Vaillant<\/strong>. En cadet junior, Malo Pin\u00e7on Assez (Val de Loir P\u00e9tanque 72), associ\u00e9 au fl\u00e9chois Tom Delhommeau Forget a gagn\u00e9 le troph\u00e9e en cadet junior. Pour ne pas \u00eatre en reste, Alain Pin\u00e7on, \u00e9ducateur de l\u2019\u00e9cole, et M\u00e9wenn Bourlier, jeune senior 1<sup>\u00e8re<\/sup> ann\u00e9e form\u00e9 \u00e0 l\u2019\u00e9cole (Val de Loir P\u00e9tanque 72) ont fini 4<sup>\u00e8me<\/sup> au concours senior Honneur Elite.<\/p>\n<p>&nbsp;<\/p>\n<h3>Le cap des 100 titres<\/h3>\n<p>Depuis 10 ans, entre les championnats des clubs, les championnats t\u00eate \u00e0 t\u00eate, doublette et triplette, les jeunes de l\u2019\u00e9cole de p\u00e9tanque de la Vall\u00e9e du Loir ont cumul\u00e9 <strong>67 titres d\u00e9partementaux et 32 titres r\u00e9gionaux<\/strong>. Le cap des 100 titres a donc \u00e9t\u00e9 franchi lors des comp\u00e9titions organis\u00e9es \u00e0 la Fl\u00e8che. Il faut ajouter \u00e0 ce bilan un <strong>titre de vice-champion de France par \u00e9quipes en benjamin minime \u00e0 Rouen en 2016<\/strong> et un<strong> titre de champion de France juniors triplette \u00e0 Nevers en 2013<\/strong>.<\/p>\n<p>&nbsp;<\/p>\n<p>&nbsp;<\/p>\n<!-- AddThis Advanced Settings generic via filter on the_content --><!-- AddThis Share Buttons generic via filter on the_content -->","protected":false},"excerpt":{"rendered":"<p>Cr\u00e9\u00e9e il y a 10 ans, l\u2019\u00e9cole de p\u00e9tanque de la Vall\u00e9e du Loir s\u2019est vue remporter son 100\u00e8me troph\u00e9e samedi 30 avril \u00e0 la Fl\u00e8che. \u00a0 La formation paie toujours. R\u00e9p\u00e9tant inlassablement leurs gammes lors des ateliers techniques du mercredi, les jeunes joueurs de p\u00e9tanque de la Vall\u00e9e du Loir, dans le sud Sarthe,&hellip;<!-- AddThis Advanced Settings generic via filter on get_the_excerpt --><!-- AddThis Share Buttons generic via filter on get_the_excerpt --><\/p>\n","protected":false},"author":4,"featured_media":9658,"comment_status":"closed","ping_status":"open","sticky":false,"template":"","format":"standard","meta":{"footnotes":""},"categories":[1],"tags":[],"class_list":["post-9657","post","type-post","status-publish","format-standard","has-post-thumbnail","hentry","category-contact-fm-72","category-1","description-off"],"yoast_head":"<!-- This site is optimized with the Yoast SEO plugin v27.4 - https:\/\/yoast.com\/product\/yoast-seo-wordpress\/ -->\n<title>P\u00e9tanque Jeunes. En 10 ans, plus de 100 titres pour l\u2019\u00e9cole de la Vall\u00e9e du Loir - Contact FM 99.3<\/title>\n<meta name=\"robots\" content=\"index, follow, max-snippet:-1, max-image-preview:large, max-video-preview:-1\" \/>\n<link rel=\"canonical\" href=\"https:\/\/contactfm72.fr\/?p=9657\" \/>\n<meta property=\"og:locale\" content=\"fr_FR\" \/>\n<meta property=\"og:type\" content=\"article\" \/>\n<meta property=\"og:title\" content=\"P\u00e9tanque Jeunes. En 10 ans, plus de 100 titres pour l\u2019\u00e9cole de la Vall\u00e9e du Loir - Contact FM 99.3\" \/>\n<meta property=\"og:description\" content=\"Cr\u00e9\u00e9e il y a 10 ans, l\u2019\u00e9cole de p\u00e9tanque de la Vall\u00e9e du Loir s\u2019est vue remporter son 100\u00e8me troph\u00e9e samedi 30 avril \u00e0 la Fl\u00e8che. \u00a0 La formation paie toujours. R\u00e9p\u00e9tant inlassablement leurs gammes lors des ateliers techniques du mercredi, les jeunes joueurs de p\u00e9tanque de la Vall\u00e9e du Loir, dans le sud Sarthe,&hellip;\" \/>\n<meta property=\"og:url\" content=\"https:\/\/contactfm72.fr\/?p=9657\" \/>\n<meta property=\"og:site_name\" content=\"Contact FM 99.3\" \/>\n<meta property=\"article:publisher\" content=\"https:\/\/www.facebook.com\/Contactfm.Chateauduloir\" \/>\n<meta property=\"article:published_time\" content=\"2022-05-03T12:47:10+00:00\" \/>\n<meta property=\"article:modified_time\" content=\"2022-05-03T12:49:56+00:00\" \/>\n<meta property=\"og:image\" content=\"https:\/\/contactfm72.fr\/wp-content\/uploads\/2022\/05\/Champions-CDC-Benj-Minime-2022.jpg\" \/>\n\t<meta property=\"og:image:width\" content=\"4223\" \/>\n\t<meta property=\"og:image:height\" content=\"2622\" \/>\n\t<meta property=\"og:image:type\" content=\"image\/jpeg\" \/>\n<meta name=\"author\" content=\"Val\u00e9rie C.\" \/>\n<meta name=\"twitter:card\" content=\"summary_large_image\" \/>\n<meta name=\"twitter:creator\" content=\"@contactfm72\" \/>\n<meta name=\"twitter:site\" content=\"@contactfm72\" \/>\n<meta name=\"twitter:label1\" content=\"\u00c9crit par\" \/>\n\t<meta name=\"twitter:data1\" content=\"Val\u00e9rie C.\" \/>\n\t<meta name=\"twitter:label2\" content=\"Dur\u00e9e de lecture estim\u00e9e\" \/>\n\t<meta name=\"twitter:data2\" content=\"4 minutes\" \/>\n<script type=\"application\/ld+json\" class=\"yoast-schema-graph\">{\"@context\":\"https:\\\/\\\/schema.org\",\"@graph\":[{\"@type\":\"Article\",\"@id\":\"https:\\\/\\\/contactfm72.fr\\\/?p=9657#article\",\"isPartOf\":{\"@id\":\"https:\\\/\\\/contactfm72.fr\\\/?p=9657\"},\"author\":{\"name\":\"Val\u00e9rie C.\",\"@id\":\"https:\\\/\\\/contactfm72.fr\\\/#\\\/schema\\\/person\\\/9fdc9d1c2eb029354a4f1535b90ba82d\"},\"headline\":\"P\u00e9tanque Jeunes. En 10 ans, plus de 100 titres pour l\u2019\u00e9cole de la Vall\u00e9e du Loir\",\"datePublished\":\"2022-05-03T12:47:10+00:00\",\"dateModified\":\"2022-05-03T12:49:56+00:00\",\"mainEntityOfPage\":{\"@id\":\"https:\\\/\\\/contactfm72.fr\\\/?p=9657\"},\"wordCount\":761,\"publisher\":{\"@id\":\"https:\\\/\\\/contactfm72.fr\\\/#organization\"},\"image\":{\"@id\":\"https:\\\/\\\/contactfm72.fr\\\/?p=9657#primaryimage\"},\"thumbnailUrl\":\"https:\\\/\\\/contactfm72.fr\\\/wp-content\\\/uploads\\\/2022\\\/05\\\/Champions-CDC-Benj-Minime-2022.jpg\",\"articleSection\":[\"Contact FM 72\"],\"inLanguage\":\"fr-FR\"},{\"@type\":\"WebPage\",\"@id\":\"https:\\\/\\\/contactfm72.fr\\\/?p=9657\",\"url\":\"https:\\\/\\\/contactfm72.fr\\\/?p=9657\",\"name\":\"P\u00e9tanque Jeunes. En 10 ans, plus de 100 titres pour l\u2019\u00e9cole de la Vall\u00e9e du Loir - Contact FM 99.3\",\"isPartOf\":{\"@id\":\"https:\\\/\\\/contactfm72.fr\\\/#website\"},\"primaryImageOfPage\":{\"@id\":\"https:\\\/\\\/contactfm72.fr\\\/?p=9657#primaryimage\"},\"image\":{\"@id\":\"https:\\\/\\\/contactfm72.fr\\\/?p=9657#primaryimage\"},\"thumbnailUrl\":\"https:\\\/\\\/contactfm72.fr\\\/wp-content\\\/uploads\\\/2022\\\/05\\\/Champions-CDC-Benj-Minime-2022.jpg\",\"datePublished\":\"2022-05-03T12:47:10+00:00\",\"dateModified\":\"2022-05-03T12:49:56+00:00\",\"breadcrumb\":{\"@id\":\"https:\\\/\\\/contactfm72.fr\\\/?p=9657#breadcrumb\"},\"inLanguage\":\"fr-FR\",\"potentialAction\":[{\"@type\":\"ReadAction\",\"target\":[\"https:\\\/\\\/contactfm72.fr\\\/?p=9657\"]}]},{\"@type\":\"ImageObject\",\"inLanguage\":\"fr-FR\",\"@id\":\"https:\\\/\\\/contactfm72.fr\\\/?p=9657#primaryimage\",\"url\":\"https:\\\/\\\/contactfm72.fr\\\/wp-content\\\/uploads\\\/2022\\\/05\\\/Champions-CDC-Benj-Minime-2022.jpg\",\"contentUrl\":\"https:\\\/\\\/contactfm72.fr\\\/wp-content\\\/uploads\\\/2022\\\/05\\\/Champions-CDC-Benj-Minime-2022.jpg\",\"width\":4223,\"height\":2622,\"caption\":\"Lors de la remise des r\u00e9compenses. Les champions Benjamin Minime 2022 de l'\u00e9cole de la Vall\u00e9e du Loir.\"},{\"@type\":\"BreadcrumbList\",\"@id\":\"https:\\\/\\\/contactfm72.fr\\\/?p=9657#breadcrumb\",\"itemListElement\":[{\"@type\":\"ListItem\",\"position\":1,\"name\":\"Accueil\",\"item\":\"https:\\\/\\\/contactfm72.fr\\\/\"},{\"@type\":\"ListItem\",\"position\":2,\"name\":\"P\u00e9tanque Jeunes. En 10 ans, plus de 100 titres pour l\u2019\u00e9cole de la Vall\u00e9e du Loir\"}]},{\"@type\":\"WebSite\",\"@id\":\"https:\\\/\\\/contactfm72.fr\\\/#website\",\"url\":\"https:\\\/\\\/contactfm72.fr\\\/\",\"name\":\"Contact FM 99.3\",\"description\":\"Votre radio en vall\u00e9e du Loir\",\"publisher\":{\"@id\":\"https:\\\/\\\/contactfm72.fr\\\/#organization\"},\"potentialAction\":[{\"@type\":\"SearchAction\",\"target\":{\"@type\":\"EntryPoint\",\"urlTemplate\":\"https:\\\/\\\/contactfm72.fr\\\/?s={search_term_string}\"},\"query-input\":{\"@type\":\"PropertyValueSpecification\",\"valueRequired\":true,\"valueName\":\"search_term_string\"}}],\"inLanguage\":\"fr-FR\"},{\"@type\":\"Organization\",\"@id\":\"https:\\\/\\\/contactfm72.fr\\\/#organization\",\"name\":\"Contact FM 99.3\",\"url\":\"https:\\\/\\\/contactfm72.fr\\\/\",\"logo\":{\"@type\":\"ImageObject\",\"inLanguage\":\"fr-FR\",\"@id\":\"https:\\\/\\\/contactfm72.fr\\\/#\\\/schema\\\/logo\\\/image\\\/\",\"url\":\"https:\\\/\\\/contactfm72.fr\\\/wp-content\\\/uploads\\\/2025\\\/04\\\/2025-04-18-2.jpg\",\"contentUrl\":\"https:\\\/\\\/contactfm72.fr\\\/wp-content\\\/uploads\\\/2025\\\/04\\\/2025-04-18-2.jpg\",\"width\":680,\"height\":307,\"caption\":\"Contact FM 99.3\"},\"image\":{\"@id\":\"https:\\\/\\\/contactfm72.fr\\\/#\\\/schema\\\/logo\\\/image\\\/\"},\"sameAs\":[\"https:\\\/\\\/www.facebook.com\\\/Contactfm.Chateauduloir\",\"https:\\\/\\\/x.com\\\/contactfm72\",\"https:\\\/\\\/www.instagram.com\\\/contact.fm.72?igsh=cGhlMHQ5N2JlNnpp\",\"https:\\\/\\\/www.tiktok.com\\\/@contact.fm\"]},{\"@type\":\"Person\",\"@id\":\"https:\\\/\\\/contactfm72.fr\\\/#\\\/schema\\\/person\\\/9fdc9d1c2eb029354a4f1535b90ba82d\",\"name\":\"Val\u00e9rie C.\",\"image\":{\"@type\":\"ImageObject\",\"inLanguage\":\"fr-FR\",\"@id\":\"https:\\\/\\\/secure.gravatar.com\\\/avatar\\\/2f8aa28f8dfbd7d4420afd1fdcdd0a349923e2c8a38ab28198b0f9d0601e4737?s=96&d=mm&r=g\",\"url\":\"https:\\\/\\\/secure.gravatar.com\\\/avatar\\\/2f8aa28f8dfbd7d4420afd1fdcdd0a349923e2c8a38ab28198b0f9d0601e4737?s=96&d=mm&r=g\",\"contentUrl\":\"https:\\\/\\\/secure.gravatar.com\\\/avatar\\\/2f8aa28f8dfbd7d4420afd1fdcdd0a349923e2c8a38ab28198b0f9d0601e4737?s=96&d=mm&r=g\",\"caption\":\"Val\u00e9rie C.\"},\"url\":\"https:\\\/\\\/contactfm72.fr\\\/?author=4\"}]}<\/script>\n<!-- \/ Yoast SEO plugin. -->","yoast_head_json":{"title":"P\u00e9tanque Jeunes. En 10 ans, plus de 100 titres pour l\u2019\u00e9cole de la Vall\u00e9e du Loir - Contact FM 99.3","robots":{"index":"index","follow":"follow","max-snippet":"max-snippet:-1","max-image-preview":"max-image-preview:large","max-video-preview":"max-video-preview:-1"},"canonical":"https:\/\/contactfm72.fr\/?p=9657","og_locale":"fr_FR","og_type":"article","og_title":"P\u00e9tanque Jeunes. En 10 ans, plus de 100 titres pour l\u2019\u00e9cole de la Vall\u00e9e du Loir - Contact FM 99.3","og_description":"Cr\u00e9\u00e9e il y a 10 ans, l\u2019\u00e9cole de p\u00e9tanque de la Vall\u00e9e du Loir s\u2019est vue remporter son 100\u00e8me troph\u00e9e samedi 30 avril \u00e0 la Fl\u00e8che. \u00a0 La formation paie toujours. R\u00e9p\u00e9tant inlassablement leurs gammes lors des ateliers techniques du mercredi, les jeunes joueurs de p\u00e9tanque de la Vall\u00e9e du Loir, dans le sud Sarthe,&hellip;","og_url":"https:\/\/contactfm72.fr\/?p=9657","og_site_name":"Contact FM 99.3","article_publisher":"https:\/\/www.facebook.com\/Contactfm.Chateauduloir","article_published_time":"2022-05-03T12:47:10+00:00","article_modified_time":"2022-05-03T12:49:56+00:00","og_image":[{"width":4223,"height":2622,"url":"https:\/\/contactfm72.fr\/wp-content\/uploads\/2022\/05\/Champions-CDC-Benj-Minime-2022.jpg","type":"image\/jpeg"}],"author":"Val\u00e9rie C.","twitter_card":"summary_large_image","twitter_creator":"@contactfm72","twitter_site":"@contactfm72","twitter_misc":{"\u00c9crit par":"Val\u00e9rie C.","Dur\u00e9e de lecture estim\u00e9e":"4 minutes"},"schema":{"@context":"https:\/\/schema.org","@graph":[{"@type":"Article","@id":"https:\/\/contactfm72.fr\/?p=9657#article","isPartOf":{"@id":"https:\/\/contactfm72.fr\/?p=9657"},"author":{"name":"Val\u00e9rie C.","@id":"https:\/\/contactfm72.fr\/#\/schema\/person\/9fdc9d1c2eb029354a4f1535b90ba82d"},"headline":"P\u00e9tanque Jeunes. En 10 ans, plus de 100 titres pour l\u2019\u00e9cole de la Vall\u00e9e du Loir","datePublished":"2022-05-03T12:47:10+00:00","dateModified":"2022-05-03T12:49:56+00:00","mainEntityOfPage":{"@id":"https:\/\/contactfm72.fr\/?p=9657"},"wordCount":761,"publisher":{"@id":"https:\/\/contactfm72.fr\/#organization"},"image":{"@id":"https:\/\/contactfm72.fr\/?p=9657#primaryimage"},"thumbnailUrl":"https:\/\/contactfm72.fr\/wp-content\/uploads\/2022\/05\/Champions-CDC-Benj-Minime-2022.jpg","articleSection":["Contact FM 72"],"inLanguage":"fr-FR"},{"@type":"WebPage","@id":"https:\/\/contactfm72.fr\/?p=9657","url":"https:\/\/contactfm72.fr\/?p=9657","name":"P\u00e9tanque Jeunes. En 10 ans, plus de 100 titres pour l\u2019\u00e9cole de la Vall\u00e9e du Loir - Contact FM 99.3","isPartOf":{"@id":"https:\/\/contactfm72.fr\/#website"},"primaryImageOfPage":{"@id":"https:\/\/contactfm72.fr\/?p=9657#primaryimage"},"image":{"@id":"https:\/\/contactfm72.fr\/?p=9657#primaryimage"},"thumbnailUrl":"https:\/\/contactfm72.fr\/wp-content\/uploads\/2022\/05\/Champions-CDC-Benj-Minime-2022.jpg","datePublished":"2022-05-03T12:47:10+00:00","dateModified":"2022-05-03T12:49:56+00:00","breadcrumb":{"@id":"https:\/\/contactfm72.fr\/?p=9657#breadcrumb"},"inLanguage":"fr-FR","potentialAction":[{"@type":"ReadAction","target":["https:\/\/contactfm72.fr\/?p=9657"]}]},{"@type":"ImageObject","inLanguage":"fr-FR","@id":"https:\/\/contactfm72.fr\/?p=9657#primaryimage","url":"https:\/\/contactfm72.fr\/wp-content\/uploads\/2022\/05\/Champions-CDC-Benj-Minime-2022.jpg","contentUrl":"https:\/\/contactfm72.fr\/wp-content\/uploads\/2022\/05\/Champions-CDC-Benj-Minime-2022.jpg","width":4223,"height":2622,"caption":"Lors de la remise des r\u00e9compenses. Les champions Benjamin Minime 2022 de l'\u00e9cole de la Vall\u00e9e du Loir."},{"@type":"BreadcrumbList","@id":"https:\/\/contactfm72.fr\/?p=9657#breadcrumb","itemListElement":[{"@type":"ListItem","position":1,"name":"Accueil","item":"https:\/\/contactfm72.fr\/"},{"@type":"ListItem","position":2,"name":"P\u00e9tanque Jeunes. En 10 ans, plus de 100 titres pour l\u2019\u00e9cole de la Vall\u00e9e du Loir"}]},{"@type":"WebSite","@id":"https:\/\/contactfm72.fr\/#website","url":"https:\/\/contactfm72.fr\/","name":"Contact FM 99.3","description":"Votre radio en vall\u00e9e du Loir","publisher":{"@id":"https:\/\/contactfm72.fr\/#organization"},"potentialAction":[{"@type":"SearchAction","target":{"@type":"EntryPoint","urlTemplate":"https:\/\/contactfm72.fr\/?s={search_term_string}"},"query-input":{"@type":"PropertyValueSpecification","valueRequired":true,"valueName":"search_term_string"}}],"inLanguage":"fr-FR"},{"@type":"Organization","@id":"https:\/\/contactfm72.fr\/#organization","name":"Contact FM 99.3","url":"https:\/\/contactfm72.fr\/","logo":{"@type":"ImageObject","inLanguage":"fr-FR","@id":"https:\/\/contactfm72.fr\/#\/schema\/logo\/image\/","url":"https:\/\/contactfm72.fr\/wp-content\/uploads\/2025\/04\/2025-04-18-2.jpg","contentUrl":"https:\/\/contactfm72.fr\/wp-content\/uploads\/2025\/04\/2025-04-18-2.jpg","width":680,"height":307,"caption":"Contact FM 99.3"},"image":{"@id":"https:\/\/contactfm72.fr\/#\/schema\/logo\/image\/"},"sameAs":["https:\/\/www.facebook.com\/Contactfm.Chateauduloir","https:\/\/x.com\/contactfm72","https:\/\/www.instagram.com\/contact.fm.72?igsh=cGhlMHQ5N2JlNnpp","https:\/\/www.tiktok.com\/@contact.fm"]},{"@type":"Person","@id":"https:\/\/contactfm72.fr\/#\/schema\/person\/9fdc9d1c2eb029354a4f1535b90ba82d","name":"Val\u00e9rie C.","image":{"@type":"ImageObject","inLanguage":"fr-FR","@id":"https:\/\/secure.gravatar.com\/avatar\/2f8aa28f8dfbd7d4420afd1fdcdd0a349923e2c8a38ab28198b0f9d0601e4737?s=96&d=mm&r=g","url":"https:\/\/secure.gravatar.com\/avatar\/2f8aa28f8dfbd7d4420afd1fdcdd0a349923e2c8a38ab28198b0f9d0601e4737?s=96&d=mm&r=g","contentUrl":"https:\/\/secure.gravatar.com\/avatar\/2f8aa28f8dfbd7d4420afd1fdcdd0a349923e2c8a38ab28198b0f9d0601e4737?s=96&d=mm&r=g","caption":"Val\u00e9rie C."},"url":"https:\/\/contactfm72.fr\/?author=4"}]}},"_links":{"self":[{"href":"https:\/\/contactfm72.fr\/index.php?rest_route=\/wp\/v2\/posts\/9657","targetHints":{"allow":["GET"]}}],"collection":[{"href":"https:\/\/contactfm72.fr\/index.php?rest_route=\/wp\/v2\/posts"}],"about":[{"href":"https:\/\/contactfm72.fr\/index.php?rest_route=\/wp\/v2\/types\/post"}],"author":[{"embeddable":true,"href":"https:\/\/contactfm72.fr\/index.php?rest_route=\/wp\/v2\/users\/4"}],"replies":[{"embeddable":true,"href":"https:\/\/contactfm72.fr\/index.php?rest_route=%2Fwp%2Fv2%2Fcomments&post=9657"}],"version-history":[{"count":3,"href":"https:\/\/contactfm72.fr\/index.php?rest_route=\/wp\/v2\/posts\/9657\/revisions"}],"predecessor-version":[{"id":9663,"href":"https:\/\/contactfm72.fr\/index.php?rest_route=\/wp\/v2\/posts\/9657\/revisions\/9663"}],"wp:featuredmedia":[{"embeddable":true,"href":"https:\/\/contactfm72.fr\/index.php?rest_route=\/wp\/v2\/media\/9658"}],"wp:attachment":[{"href":"https:\/\/contactfm72.fr\/index.php?rest_route=%2Fwp%2Fv2%2Fmedia&parent=9657"}],"wp:term":[{"taxonomy":"category","embeddable":true,"href":"https:\/\/contactfm72.fr\/index.php?rest_route=%2Fwp%2Fv2%2Fcategories&post=9657"},{"taxonomy":"post_tag","embeddable":true,"href":"https:\/\/contactfm72.fr\/index.php?rest_route=%2Fwp%2Fv2%2Ftags&post=9657"}],"curies":[{"name":"wp","href":"https:\/\/api.w.org\/{rel}","templated":true}]}}