{"id":9650,"date":"2022-05-02T14:20:01","date_gmt":"2022-05-02T12:20:01","guid":{"rendered":"http:\/\/contactfm72.fr\/?p=9650"},"modified":"2022-05-02T14:20:44","modified_gmt":"2022-05-02T12:20:44","slug":"9650","status":"publish","type":"post","link":"https:\/\/contactfm72.fr\/?p=9650","title":{"rendered":"F\u00eate de l&#8217;environnement. Il attise la curiosit\u00e9 avec son four solaire"},"content":{"rendered":"<h2>Samedi 30 avril, aux R\u00e9collets de Montval-sur-Loir, la commission extra-municipale citoyennet\u00e9 et environnement a organis\u00e9 la f\u00eate de l&#8217;environnement, un franc succ\u00e8s pour cette premi\u00e8re \u00e9dition o\u00f9 bons nombres de particuliers ont d\u00e9couvert de nouvelles astuces, dont le four solaire qui a attir\u00e9 des curieux.<\/h2>\n<p>&nbsp;<\/p>\n<p>Nombreux \u00e9taient les visiteurs \u00e0 d\u00e9ambuler le long des stands install\u00e9s sp\u00e9cialement pour l&#8217;occasion sur l&#8217;esplanade des <strong>R\u00e9collets de Montval-sur-Loir, dans la Sarthe<\/strong>, ce samedi 30 avril 2022. <a href=\"http:\/\/contactfm72.fr\/?p=9598\">Comme annonc\u00e9<\/a>, plusieurs ateliers \u00e9taient propos\u00e9s : fabrication de nichoirs, observation du compost, ou encore d\u00e9couverte du monde des abeilles et jardinage.<\/p>\n<p>La biblioth\u00e8que a ouvert ses portes afin d&#8217;accueillir l&#8217;\u00e9laboration de <strong>bombes de graines<\/strong> et la lecture d&#8217;histoires en lien avec l&#8217;environnement, la salle des R\u00e9collets a h\u00e9berg\u00e9 le <strong>traditionnel Troc&#8217; Plantes<\/strong>, le <strong>Syndicat mixte du Val de Loir<\/strong> a \u00e9galement tenu un stand et a <strong>fait gagner des poules et des composteurs<\/strong> gr\u00e2ce \u00e0 des quiz et les jeunes conseillers municipaux ont distribu\u00e9 des <strong>pochettes de graines<\/strong> \u00e0 tous les visiteurs.<\/p>\n<p><strong>\u00a0<\/strong><\/p>\n<h3><strong>Un four solaire, comment \u00e7a fonctionne ? <\/strong><\/h3>\n<p>Cette f\u00eate repr\u00e9sentait l&#8217;opportunit\u00e9 de partager les connaissances des particuliers en mati\u00e8re d&#8217;\u00e9cologie, \u00e0 l&#8217;image de <strong>Christian B\u00e9chu, Montvalois<\/strong> et soucieux de l&#8217;environnement, qui a expos\u00e9 pour l&#8217;occasion son <strong>four solaire<\/strong>. Comme son nom l&#8217;indique, c&#8217;est un four qui fonctionne gr\u00e2ce au soleil.<\/p>\n<p>Pour cuire les aliments, le four solaire <strong>transforme la lumi\u00e8re en chaleur<\/strong>. Il dirige une partie du rayonnement solaire gr\u00e2ce \u00e0 des r\u00e9flecteurs sur un support en m\u00e9tal. Dans le cas du four solaire de Christian B\u00e9chu, les r\u00e9flecteurs sont de simples feuilles d\u2019aluminium sur des planches en bois. Toute cette \u00e9nergie est transmise vers le plat, situ\u00e9 derri\u00e8re le couvercle en verre.<\/p>\n<p>Expos\u00e9 au soleil, le plat devient br\u00fblant et transmet son \u00e9nergie thermique \u00e0 la nourriture. La transmission a lieu \u00e0 l\u2019int\u00e9rieur du caisson en verre qui laisse passer les rayons du soleil, mais retient la chaleur. Par accumulation, la<strong> temp\u00e9rature augmente progressivement \u00e0 l\u2019int\u00e9rieur de la bo\u00eete<\/strong>, la vitre et le mat\u00e9riau isolant, le bois dans ce cas, des parois pr\u00e9venant toute d\u00e9perdition de chaleur.<\/p>\n<p>Pour bien capter la lumi\u00e8re, l\u2019appareil doit \u00eatre parfaitement orient\u00e9. Il faut donc<strong> incliner les planches d&#8217;aluminium en fonction de la rotation du soleil<\/strong>.<\/p>\n<p>&nbsp;<\/p>\n<h3><strong>Pour moins de 100\u20ac <\/strong><\/h3>\n<p>Deux ans de vie et extr\u00eamement performant, le four solaire de Christian B\u00e9chu n&#8217;a plus rien \u00e0 prouver :<\/p>\n<blockquote><p>\u00ab j&#8217;ai achet\u00e9 tous les mat\u00e9riaux en magasin pour moins de 100 euros et je l&#8217;ai fabriqu\u00e9 moi-m\u00eame en moins d&#8217;une semaine, sans forcer \u00bb.<\/p><\/blockquote>\n<p>Des <strong>planches en bois<\/strong>, un<strong> couvercle en verre<\/strong>, du<strong> papier aluminium<\/strong>, de la <strong>ficelle<\/strong> et un <strong>thermostat<\/strong> ont suffi pour le confectionner :<\/p>\n<blockquote><p>\u00ab C&#8217;est tr\u00e8s bien isol\u00e9, sans risque de flamme. Le seul inconv\u00e9nient est qu&#8217;il faut tout anticiper dans la pr\u00e9paration du plat d\u00e8s le d\u00e9but de journ\u00e9e. Je conseille de faire mijoter du poisson avec des l\u00e9gumes de jardin. Le poisson cuit tr\u00e8s vite et c&#8217;est succulent \u00bb, explique Christian B\u00e9chu.<\/p><\/blockquote>\n<p>&nbsp;<\/p>\n<h3><strong>Une r\u00e9elle \u00e9conomie\u00a0? <\/strong><\/h3>\n<p>Les fours solaires ouverts permettent rarement d\u2019atteindre des temp\u00e9ratures \u00e9lev\u00e9es (&lt;100\u00b0C). En effet, le contact direct de l\u2019air ambiant refroidit tr\u00e8s vite la casserole. Et le four de Christian B\u00e9chu n&#8217;a indiqu\u00e9 pas plus de 85\u00b0C toute la matin\u00e9e.\u00a0La temp\u00e9rature ext\u00e9rieure n\u2019est pas un frein \u00e0 l\u2019utilisation du four solaire. Si le ciel est d\u00e9gag\u00e9, il est possible d\u2019obtenir une chaleur int\u00e9ressante, m\u00eame quand il fait froid.<\/p>\n<p>Jour de la f\u00eate de l&#8217;environnement, Christian B\u00e9chu a pr\u00e9par\u00e9 \u00ab merguez, chipo et l\u00e9gumes du jardin \u00bb, expos\u00e9s au soleil d\u00e8s son arriv\u00e9e et <strong>pratiquement cuits \u00e0 la mi-journ\u00e9e<\/strong>. A l&#8217;heure o\u00f9 le prix de l&#8217;\u00e9nergie ne cesse de grimper, le four solaire peut \u00eatre un moyen avantageux de faire des \u00e9conomies. N\u00e9anmoins, le Montvalois affirme qu\u2019il ne l\u2019utilise <strong>pas encore assez pour directement voir des \u00e9conomies sur ses factures<\/strong>.<\/p>\n<p>&nbsp;<\/p>\n<p>Christian B\u00e9chu confie par ailleurs vouloir obtenir un nouvel \u00e9lectrom\u00e9nager 100% \u00e9cologie:<strong> la machine \u00e0 laver \u00e0 p\u00e9dales<\/strong>.<\/p>\n<!-- AddThis Advanced Settings generic via filter on the_content --><!-- AddThis Share Buttons generic via filter on the_content -->","protected":false},"excerpt":{"rendered":"<p>Samedi 30 avril, aux R\u00e9collets de Montval-sur-Loir, la commission extra-municipale citoyennet\u00e9 et environnement a organis\u00e9 la f\u00eate de l&#8217;environnement, un franc succ\u00e8s pour cette premi\u00e8re \u00e9dition o\u00f9 bons nombres de particuliers ont d\u00e9couvert de nouvelles astuces, dont le four solaire qui a attir\u00e9 des curieux. &nbsp; Nombreux \u00e9taient les visiteurs \u00e0 d\u00e9ambuler le long des&hellip;<!-- AddThis Advanced Settings generic via filter on get_the_excerpt --><!-- AddThis Share Buttons generic via filter on get_the_excerpt --><\/p>\n","protected":false},"author":4,"featured_media":9651,"comment_status":"closed","ping_status":"open","sticky":false,"template":"","format":"standard","meta":{"footnotes":""},"categories":[1],"tags":[],"class_list":["post-9650","post","type-post","status-publish","format-standard","has-post-thumbnail","hentry","category-contact-fm-72","category-1","description-off"],"yoast_head":"<!-- This site is optimized with the Yoast SEO plugin v27.4 - https:\/\/yoast.com\/product\/yoast-seo-wordpress\/ -->\n<title>F\u00eate de l&#039;environnement. Il attise la curiosit\u00e9 avec son four solaire - Contact FM 99.3<\/title>\n<meta name=\"robots\" content=\"index, follow, max-snippet:-1, max-image-preview:large, max-video-preview:-1\" \/>\n<link rel=\"canonical\" href=\"https:\/\/contactfm72.fr\/?p=9650\" \/>\n<meta property=\"og:locale\" content=\"fr_FR\" \/>\n<meta property=\"og:type\" content=\"article\" \/>\n<meta property=\"og:title\" content=\"F\u00eate de l&#039;environnement. Il attise la curiosit\u00e9 avec son four solaire - Contact FM 99.3\" \/>\n<meta property=\"og:description\" content=\"Samedi 30 avril, aux R\u00e9collets de Montval-sur-Loir, la commission extra-municipale citoyennet\u00e9 et environnement a organis\u00e9 la f\u00eate de l&#8217;environnement, un franc succ\u00e8s pour cette premi\u00e8re \u00e9dition o\u00f9 bons nombres de particuliers ont d\u00e9couvert de nouvelles astuces, dont le four solaire qui a attir\u00e9 des curieux. &nbsp; Nombreux \u00e9taient les visiteurs \u00e0 d\u00e9ambuler le long des&hellip;\" \/>\n<meta property=\"og:url\" content=\"https:\/\/contactfm72.fr\/?p=9650\" \/>\n<meta property=\"og:site_name\" content=\"Contact FM 99.3\" \/>\n<meta property=\"article:publisher\" content=\"https:\/\/www.facebook.com\/Contactfm.Chateauduloir\" \/>\n<meta property=\"article:published_time\" content=\"2022-05-02T12:20:01+00:00\" \/>\n<meta property=\"article:modified_time\" content=\"2022-05-02T12:20:44+00:00\" \/>\n<meta property=\"og:image\" content=\"https:\/\/contactfm72.fr\/wp-content\/uploads\/2022\/05\/christian-b\u00e9chu-four-solaire.jpg\" \/>\n\t<meta property=\"og:image:width\" content=\"2048\" \/>\n\t<meta property=\"og:image:height\" content=\"1536\" \/>\n\t<meta property=\"og:image:type\" content=\"image\/jpeg\" \/>\n<meta name=\"author\" content=\"Val\u00e9rie C.\" \/>\n<meta name=\"twitter:card\" content=\"summary_large_image\" \/>\n<meta name=\"twitter:creator\" content=\"@contactfm72\" \/>\n<meta name=\"twitter:site\" content=\"@contactfm72\" \/>\n<meta name=\"twitter:label1\" content=\"\u00c9crit par\" \/>\n\t<meta name=\"twitter:data1\" content=\"Val\u00e9rie C.\" \/>\n\t<meta name=\"twitter:label2\" content=\"Dur\u00e9e de lecture estim\u00e9e\" \/>\n\t<meta name=\"twitter:data2\" content=\"4 minutes\" \/>\n<script type=\"application\/ld+json\" class=\"yoast-schema-graph\">{\"@context\":\"https:\\\/\\\/schema.org\",\"@graph\":[{\"@type\":\"Article\",\"@id\":\"https:\\\/\\\/contactfm72.fr\\\/?p=9650#article\",\"isPartOf\":{\"@id\":\"https:\\\/\\\/contactfm72.fr\\\/?p=9650\"},\"author\":{\"name\":\"Val\u00e9rie C.\",\"@id\":\"https:\\\/\\\/contactfm72.fr\\\/#\\\/schema\\\/person\\\/9fdc9d1c2eb029354a4f1535b90ba82d\"},\"headline\":\"F\u00eate de l&#8217;environnement. Il attise la curiosit\u00e9 avec son four solaire\",\"datePublished\":\"2022-05-02T12:20:01+00:00\",\"dateModified\":\"2022-05-02T12:20:44+00:00\",\"mainEntityOfPage\":{\"@id\":\"https:\\\/\\\/contactfm72.fr\\\/?p=9650\"},\"wordCount\":748,\"publisher\":{\"@id\":\"https:\\\/\\\/contactfm72.fr\\\/#organization\"},\"image\":{\"@id\":\"https:\\\/\\\/contactfm72.fr\\\/?p=9650#primaryimage\"},\"thumbnailUrl\":\"https:\\\/\\\/contactfm72.fr\\\/wp-content\\\/uploads\\\/2022\\\/05\\\/christian-b\u00e9chu-four-solaire.jpg\",\"articleSection\":[\"Contact FM 72\"],\"inLanguage\":\"fr-FR\"},{\"@type\":\"WebPage\",\"@id\":\"https:\\\/\\\/contactfm72.fr\\\/?p=9650\",\"url\":\"https:\\\/\\\/contactfm72.fr\\\/?p=9650\",\"name\":\"F\u00eate de l'environnement. Il attise la curiosit\u00e9 avec son four solaire - Contact FM 99.3\",\"isPartOf\":{\"@id\":\"https:\\\/\\\/contactfm72.fr\\\/#website\"},\"primaryImageOfPage\":{\"@id\":\"https:\\\/\\\/contactfm72.fr\\\/?p=9650#primaryimage\"},\"image\":{\"@id\":\"https:\\\/\\\/contactfm72.fr\\\/?p=9650#primaryimage\"},\"thumbnailUrl\":\"https:\\\/\\\/contactfm72.fr\\\/wp-content\\\/uploads\\\/2022\\\/05\\\/christian-b\u00e9chu-four-solaire.jpg\",\"datePublished\":\"2022-05-02T12:20:01+00:00\",\"dateModified\":\"2022-05-02T12:20:44+00:00\",\"breadcrumb\":{\"@id\":\"https:\\\/\\\/contactfm72.fr\\\/?p=9650#breadcrumb\"},\"inLanguage\":\"fr-FR\",\"potentialAction\":[{\"@type\":\"ReadAction\",\"target\":[\"https:\\\/\\\/contactfm72.fr\\\/?p=9650\"]}]},{\"@type\":\"ImageObject\",\"inLanguage\":\"fr-FR\",\"@id\":\"https:\\\/\\\/contactfm72.fr\\\/?p=9650#primaryimage\",\"url\":\"https:\\\/\\\/contactfm72.fr\\\/wp-content\\\/uploads\\\/2022\\\/05\\\/christian-b\u00e9chu-four-solaire.jpg\",\"contentUrl\":\"https:\\\/\\\/contactfm72.fr\\\/wp-content\\\/uploads\\\/2022\\\/05\\\/christian-b\u00e9chu-four-solaire.jpg\",\"width\":2048,\"height\":1536,\"caption\":\"Christian B\u00e9chu a pr\u00e9par\u00e9 merguez, chipolatas, et l\u00e9gumes du jardin, lors de la f\u00eate de l'environnement, \u00e0 Ch\u00e2teau-du-Loir, gr\u00e2ce \u00e0 son four solaire.\"},{\"@type\":\"BreadcrumbList\",\"@id\":\"https:\\\/\\\/contactfm72.fr\\\/?p=9650#breadcrumb\",\"itemListElement\":[{\"@type\":\"ListItem\",\"position\":1,\"name\":\"Accueil\",\"item\":\"https:\\\/\\\/contactfm72.fr\\\/\"},{\"@type\":\"ListItem\",\"position\":2,\"name\":\"F\u00eate de l&#8217;environnement. Il attise la curiosit\u00e9 avec son four solaire\"}]},{\"@type\":\"WebSite\",\"@id\":\"https:\\\/\\\/contactfm72.fr\\\/#website\",\"url\":\"https:\\\/\\\/contactfm72.fr\\\/\",\"name\":\"Contact FM 99.3\",\"description\":\"Votre radio en vall\u00e9e du Loir\",\"publisher\":{\"@id\":\"https:\\\/\\\/contactfm72.fr\\\/#organization\"},\"potentialAction\":[{\"@type\":\"SearchAction\",\"target\":{\"@type\":\"EntryPoint\",\"urlTemplate\":\"https:\\\/\\\/contactfm72.fr\\\/?s={search_term_string}\"},\"query-input\":{\"@type\":\"PropertyValueSpecification\",\"valueRequired\":true,\"valueName\":\"search_term_string\"}}],\"inLanguage\":\"fr-FR\"},{\"@type\":\"Organization\",\"@id\":\"https:\\\/\\\/contactfm72.fr\\\/#organization\",\"name\":\"Contact FM 99.3\",\"url\":\"https:\\\/\\\/contactfm72.fr\\\/\",\"logo\":{\"@type\":\"ImageObject\",\"inLanguage\":\"fr-FR\",\"@id\":\"https:\\\/\\\/contactfm72.fr\\\/#\\\/schema\\\/logo\\\/image\\\/\",\"url\":\"https:\\\/\\\/contactfm72.fr\\\/wp-content\\\/uploads\\\/2025\\\/04\\\/2025-04-18-2.jpg\",\"contentUrl\":\"https:\\\/\\\/contactfm72.fr\\\/wp-content\\\/uploads\\\/2025\\\/04\\\/2025-04-18-2.jpg\",\"width\":680,\"height\":307,\"caption\":\"Contact FM 99.3\"},\"image\":{\"@id\":\"https:\\\/\\\/contactfm72.fr\\\/#\\\/schema\\\/logo\\\/image\\\/\"},\"sameAs\":[\"https:\\\/\\\/www.facebook.com\\\/Contactfm.Chateauduloir\",\"https:\\\/\\\/x.com\\\/contactfm72\",\"https:\\\/\\\/www.instagram.com\\\/contact.fm.72?igsh=cGhlMHQ5N2JlNnpp\",\"https:\\\/\\\/www.tiktok.com\\\/@contact.fm\"]},{\"@type\":\"Person\",\"@id\":\"https:\\\/\\\/contactfm72.fr\\\/#\\\/schema\\\/person\\\/9fdc9d1c2eb029354a4f1535b90ba82d\",\"name\":\"Val\u00e9rie C.\",\"image\":{\"@type\":\"ImageObject\",\"inLanguage\":\"fr-FR\",\"@id\":\"https:\\\/\\\/secure.gravatar.com\\\/avatar\\\/2f8aa28f8dfbd7d4420afd1fdcdd0a349923e2c8a38ab28198b0f9d0601e4737?s=96&d=mm&r=g\",\"url\":\"https:\\\/\\\/secure.gravatar.com\\\/avatar\\\/2f8aa28f8dfbd7d4420afd1fdcdd0a349923e2c8a38ab28198b0f9d0601e4737?s=96&d=mm&r=g\",\"contentUrl\":\"https:\\\/\\\/secure.gravatar.com\\\/avatar\\\/2f8aa28f8dfbd7d4420afd1fdcdd0a349923e2c8a38ab28198b0f9d0601e4737?s=96&d=mm&r=g\",\"caption\":\"Val\u00e9rie C.\"},\"url\":\"https:\\\/\\\/contactfm72.fr\\\/?author=4\"}]}<\/script>\n<!-- \/ Yoast SEO plugin. -->","yoast_head_json":{"title":"F\u00eate de l'environnement. Il attise la curiosit\u00e9 avec son four solaire - Contact FM 99.3","robots":{"index":"index","follow":"follow","max-snippet":"max-snippet:-1","max-image-preview":"max-image-preview:large","max-video-preview":"max-video-preview:-1"},"canonical":"https:\/\/contactfm72.fr\/?p=9650","og_locale":"fr_FR","og_type":"article","og_title":"F\u00eate de l'environnement. Il attise la curiosit\u00e9 avec son four solaire - Contact FM 99.3","og_description":"Samedi 30 avril, aux R\u00e9collets de Montval-sur-Loir, la commission extra-municipale citoyennet\u00e9 et environnement a organis\u00e9 la f\u00eate de l&#8217;environnement, un franc succ\u00e8s pour cette premi\u00e8re \u00e9dition o\u00f9 bons nombres de particuliers ont d\u00e9couvert de nouvelles astuces, dont le four solaire qui a attir\u00e9 des curieux. &nbsp; Nombreux \u00e9taient les visiteurs \u00e0 d\u00e9ambuler le long des&hellip;","og_url":"https:\/\/contactfm72.fr\/?p=9650","og_site_name":"Contact FM 99.3","article_publisher":"https:\/\/www.facebook.com\/Contactfm.Chateauduloir","article_published_time":"2022-05-02T12:20:01+00:00","article_modified_time":"2022-05-02T12:20:44+00:00","og_image":[{"width":2048,"height":1536,"url":"https:\/\/contactfm72.fr\/wp-content\/uploads\/2022\/05\/christian-b\u00e9chu-four-solaire.jpg","type":"image\/jpeg"}],"author":"Val\u00e9rie C.","twitter_card":"summary_large_image","twitter_creator":"@contactfm72","twitter_site":"@contactfm72","twitter_misc":{"\u00c9crit par":"Val\u00e9rie C.","Dur\u00e9e de lecture estim\u00e9e":"4 minutes"},"schema":{"@context":"https:\/\/schema.org","@graph":[{"@type":"Article","@id":"https:\/\/contactfm72.fr\/?p=9650#article","isPartOf":{"@id":"https:\/\/contactfm72.fr\/?p=9650"},"author":{"name":"Val\u00e9rie C.","@id":"https:\/\/contactfm72.fr\/#\/schema\/person\/9fdc9d1c2eb029354a4f1535b90ba82d"},"headline":"F\u00eate de l&#8217;environnement. Il attise la curiosit\u00e9 avec son four solaire","datePublished":"2022-05-02T12:20:01+00:00","dateModified":"2022-05-02T12:20:44+00:00","mainEntityOfPage":{"@id":"https:\/\/contactfm72.fr\/?p=9650"},"wordCount":748,"publisher":{"@id":"https:\/\/contactfm72.fr\/#organization"},"image":{"@id":"https:\/\/contactfm72.fr\/?p=9650#primaryimage"},"thumbnailUrl":"https:\/\/contactfm72.fr\/wp-content\/uploads\/2022\/05\/christian-b\u00e9chu-four-solaire.jpg","articleSection":["Contact FM 72"],"inLanguage":"fr-FR"},{"@type":"WebPage","@id":"https:\/\/contactfm72.fr\/?p=9650","url":"https:\/\/contactfm72.fr\/?p=9650","name":"F\u00eate de l'environnement. Il attise la curiosit\u00e9 avec son four solaire - Contact FM 99.3","isPartOf":{"@id":"https:\/\/contactfm72.fr\/#website"},"primaryImageOfPage":{"@id":"https:\/\/contactfm72.fr\/?p=9650#primaryimage"},"image":{"@id":"https:\/\/contactfm72.fr\/?p=9650#primaryimage"},"thumbnailUrl":"https:\/\/contactfm72.fr\/wp-content\/uploads\/2022\/05\/christian-b\u00e9chu-four-solaire.jpg","datePublished":"2022-05-02T12:20:01+00:00","dateModified":"2022-05-02T12:20:44+00:00","breadcrumb":{"@id":"https:\/\/contactfm72.fr\/?p=9650#breadcrumb"},"inLanguage":"fr-FR","potentialAction":[{"@type":"ReadAction","target":["https:\/\/contactfm72.fr\/?p=9650"]}]},{"@type":"ImageObject","inLanguage":"fr-FR","@id":"https:\/\/contactfm72.fr\/?p=9650#primaryimage","url":"https:\/\/contactfm72.fr\/wp-content\/uploads\/2022\/05\/christian-b\u00e9chu-four-solaire.jpg","contentUrl":"https:\/\/contactfm72.fr\/wp-content\/uploads\/2022\/05\/christian-b\u00e9chu-four-solaire.jpg","width":2048,"height":1536,"caption":"Christian B\u00e9chu a pr\u00e9par\u00e9 merguez, chipolatas, et l\u00e9gumes du jardin, lors de la f\u00eate de l'environnement, \u00e0 Ch\u00e2teau-du-Loir, gr\u00e2ce \u00e0 son four solaire."},{"@type":"BreadcrumbList","@id":"https:\/\/contactfm72.fr\/?p=9650#breadcrumb","itemListElement":[{"@type":"ListItem","position":1,"name":"Accueil","item":"https:\/\/contactfm72.fr\/"},{"@type":"ListItem","position":2,"name":"F\u00eate de l&#8217;environnement. Il attise la curiosit\u00e9 avec son four solaire"}]},{"@type":"WebSite","@id":"https:\/\/contactfm72.fr\/#website","url":"https:\/\/contactfm72.fr\/","name":"Contact FM 99.3","description":"Votre radio en vall\u00e9e du Loir","publisher":{"@id":"https:\/\/contactfm72.fr\/#organization"},"potentialAction":[{"@type":"SearchAction","target":{"@type":"EntryPoint","urlTemplate":"https:\/\/contactfm72.fr\/?s={search_term_string}"},"query-input":{"@type":"PropertyValueSpecification","valueRequired":true,"valueName":"search_term_string"}}],"inLanguage":"fr-FR"},{"@type":"Organization","@id":"https:\/\/contactfm72.fr\/#organization","name":"Contact FM 99.3","url":"https:\/\/contactfm72.fr\/","logo":{"@type":"ImageObject","inLanguage":"fr-FR","@id":"https:\/\/contactfm72.fr\/#\/schema\/logo\/image\/","url":"https:\/\/contactfm72.fr\/wp-content\/uploads\/2025\/04\/2025-04-18-2.jpg","contentUrl":"https:\/\/contactfm72.fr\/wp-content\/uploads\/2025\/04\/2025-04-18-2.jpg","width":680,"height":307,"caption":"Contact FM 99.3"},"image":{"@id":"https:\/\/contactfm72.fr\/#\/schema\/logo\/image\/"},"sameAs":["https:\/\/www.facebook.com\/Contactfm.Chateauduloir","https:\/\/x.com\/contactfm72","https:\/\/www.instagram.com\/contact.fm.72?igsh=cGhlMHQ5N2JlNnpp","https:\/\/www.tiktok.com\/@contact.fm"]},{"@type":"Person","@id":"https:\/\/contactfm72.fr\/#\/schema\/person\/9fdc9d1c2eb029354a4f1535b90ba82d","name":"Val\u00e9rie C.","image":{"@type":"ImageObject","inLanguage":"fr-FR","@id":"https:\/\/secure.gravatar.com\/avatar\/2f8aa28f8dfbd7d4420afd1fdcdd0a349923e2c8a38ab28198b0f9d0601e4737?s=96&d=mm&r=g","url":"https:\/\/secure.gravatar.com\/avatar\/2f8aa28f8dfbd7d4420afd1fdcdd0a349923e2c8a38ab28198b0f9d0601e4737?s=96&d=mm&r=g","contentUrl":"https:\/\/secure.gravatar.com\/avatar\/2f8aa28f8dfbd7d4420afd1fdcdd0a349923e2c8a38ab28198b0f9d0601e4737?s=96&d=mm&r=g","caption":"Val\u00e9rie C."},"url":"https:\/\/contactfm72.fr\/?author=4"}]}},"_links":{"self":[{"href":"https:\/\/contactfm72.fr\/index.php?rest_route=\/wp\/v2\/posts\/9650","targetHints":{"allow":["GET"]}}],"collection":[{"href":"https:\/\/contactfm72.fr\/index.php?rest_route=\/wp\/v2\/posts"}],"about":[{"href":"https:\/\/contactfm72.fr\/index.php?rest_route=\/wp\/v2\/types\/post"}],"author":[{"embeddable":true,"href":"https:\/\/contactfm72.fr\/index.php?rest_route=\/wp\/v2\/users\/4"}],"replies":[{"embeddable":true,"href":"https:\/\/contactfm72.fr\/index.php?rest_route=%2Fwp%2Fv2%2Fcomments&post=9650"}],"version-history":[{"count":3,"href":"https:\/\/contactfm72.fr\/index.php?rest_route=\/wp\/v2\/posts\/9650\/revisions"}],"predecessor-version":[{"id":9654,"href":"https:\/\/contactfm72.fr\/index.php?rest_route=\/wp\/v2\/posts\/9650\/revisions\/9654"}],"wp:featuredmedia":[{"embeddable":true,"href":"https:\/\/contactfm72.fr\/index.php?rest_route=\/wp\/v2\/media\/9651"}],"wp:attachment":[{"href":"https:\/\/contactfm72.fr\/index.php?rest_route=%2Fwp%2Fv2%2Fmedia&parent=9650"}],"wp:term":[{"taxonomy":"category","embeddable":true,"href":"https:\/\/contactfm72.fr\/index.php?rest_route=%2Fwp%2Fv2%2Fcategories&post=9650"},{"taxonomy":"post_tag","embeddable":true,"href":"https:\/\/contactfm72.fr\/index.php?rest_route=%2Fwp%2Fv2%2Ftags&post=9650"}],"curies":[{"name":"wp","href":"https:\/\/api.w.org\/{rel}","templated":true}]}}