{"id":9642,"date":"2022-05-02T18:00:31","date_gmt":"2022-05-02T16:00:31","guid":{"rendered":"http:\/\/contactfm72.fr\/?p=9642"},"modified":"2022-05-02T13:47:31","modified_gmt":"2022-05-02T11:47:31","slug":"liberte-egalite-fraternite-valeurs-obsoletes-theme-du-talk-show-faut-quon-en-parle","status":"publish","type":"post","link":"https:\/\/contactfm72.fr\/?p=9642","title":{"rendered":"Libert\u00e9, \u00c9galit\u00e9, Fraternit\u00e9 : valeurs obsol\u00e8tes ?, th\u00e8me du talk-show &#8220;Faut qu&#8217;on en parle&#8221;"},"content":{"rendered":"<p class=\"ox-4503b55ed0-MsoNormal\" style=\"text-align: left;\" align=\"center\">Libert\u00e9, \u00c9galit\u00e9, Fraternit\u00e9 : les valeurs de la R\u00e9publique fran\u00e7aise que tout le monde connait et apprends \u00e0 l\u2019\u00e9cole\u2026 Mais, avec les diff\u00e9rentes crises ces derni\u00e8res ann\u00e9es et en pleine p\u00e9riode \u00e9lectorale, nous pouvons nous demander si ces valeurs sont toujours d\u2019actualit\u00e9s.<\/p>\n<p class=\"ox-4503b55ed0-MsoNormal\" style=\"text-align: left;\" align=\"center\">Des sp\u00e9cialistes, Jean-Claude SAMOUILLER, vice-pr\u00e9sident d\u2019Amnesty International France, Claude ARDID, journaliste, grand reporter et \u00e9crivain, Christophe CAS, avocat au barreau de Toulon et Eric LUCE, professeur d\u2019histoire g\u00e9ographie, r\u00e9pondront \u00e0 ces questions, lundi 2 mai de 20h \u00e0 22h dans le talk-show &#8220;Faut qu&#8217;on en parle&#8221;.<\/p>\n<!-- AddThis Advanced Settings generic via filter on the_content --><!-- AddThis Share Buttons generic via filter on the_content -->","protected":false},"excerpt":{"rendered":"<p>Libert\u00e9, \u00c9galit\u00e9, Fraternit\u00e9 : les valeurs de la R\u00e9publique fran\u00e7aise que tout le monde connait et apprends \u00e0 l\u2019\u00e9cole\u2026 Mais, avec les diff\u00e9rentes crises ces derni\u00e8res ann\u00e9es et en pleine p\u00e9riode \u00e9lectorale, nous pouvons nous demander si ces valeurs sont toujours d\u2019actualit\u00e9s. Des sp\u00e9cialistes, Jean-Claude SAMOUILLER, vice-pr\u00e9sident d\u2019Amnesty International France, Claude ARDID, journaliste, grand reporter&hellip;<!-- AddThis Advanced Settings generic via filter on get_the_excerpt --><!-- AddThis Share Buttons generic via filter on get_the_excerpt --><\/p>\n","protected":false},"author":4,"featured_media":9643,"comment_status":"closed","ping_status":"open","sticky":false,"template":"","format":"standard","meta":{"footnotes":""},"categories":[1],"tags":[],"class_list":["post-9642","post","type-post","status-publish","format-standard","has-post-thumbnail","hentry","category-contact-fm-72","category-1","description-off"],"yoast_head":"<!-- This site is optimized with the Yoast SEO plugin v27.4 - https:\/\/yoast.com\/product\/yoast-seo-wordpress\/ -->\n<title>Libert\u00e9, \u00c9galit\u00e9, Fraternit\u00e9 : valeurs obsol\u00e8tes ?, th\u00e8me du talk-show &quot;Faut qu&#039;on en parle&quot; - Contact FM 99.3<\/title>\n<meta name=\"robots\" content=\"index, follow, max-snippet:-1, max-image-preview:large, max-video-preview:-1\" \/>\n<link rel=\"canonical\" href=\"https:\/\/contactfm72.fr\/?p=9642\" \/>\n<meta property=\"og:locale\" content=\"fr_FR\" \/>\n<meta property=\"og:type\" content=\"article\" \/>\n<meta property=\"og:title\" content=\"Libert\u00e9, \u00c9galit\u00e9, Fraternit\u00e9 : valeurs obsol\u00e8tes ?, th\u00e8me du talk-show &quot;Faut qu&#039;on en parle&quot; - Contact FM 99.3\" \/>\n<meta property=\"og:description\" content=\"Libert\u00e9, \u00c9galit\u00e9, Fraternit\u00e9 : les valeurs de la R\u00e9publique fran\u00e7aise que tout le monde connait et apprends \u00e0 l\u2019\u00e9cole\u2026 Mais, avec les diff\u00e9rentes crises ces derni\u00e8res ann\u00e9es et en pleine p\u00e9riode \u00e9lectorale, nous pouvons nous demander si ces valeurs sont toujours d\u2019actualit\u00e9s. Des sp\u00e9cialistes, Jean-Claude SAMOUILLER, vice-pr\u00e9sident d\u2019Amnesty International France, Claude ARDID, journaliste, grand reporter&hellip;\" \/>\n<meta property=\"og:url\" content=\"https:\/\/contactfm72.fr\/?p=9642\" \/>\n<meta property=\"og:site_name\" content=\"Contact FM 99.3\" \/>\n<meta property=\"article:publisher\" content=\"https:\/\/www.facebook.com\/Contactfm.Chateauduloir\" \/>\n<meta property=\"article:published_time\" content=\"2022-05-02T16:00:31+00:00\" \/>\n<meta property=\"og:image\" content=\"https:\/\/contactfm72.fr\/wp-content\/uploads\/2022\/05\/S8-E7-r\u00e9seaux-Copier.jpg\" \/>\n\t<meta property=\"og:image:width\" content=\"825\" \/>\n\t<meta property=\"og:image:height\" content=\"619\" \/>\n\t<meta property=\"og:image:type\" content=\"image\/jpeg\" \/>\n<meta name=\"author\" content=\"Val\u00e9rie C.\" \/>\n<meta name=\"twitter:card\" content=\"summary_large_image\" \/>\n<meta name=\"twitter:creator\" content=\"@contactfm72\" \/>\n<meta name=\"twitter:site\" content=\"@contactfm72\" \/>\n<meta name=\"twitter:label1\" content=\"\u00c9crit par\" \/>\n\t<meta name=\"twitter:data1\" content=\"Val\u00e9rie C.\" \/>\n<script type=\"application\/ld+json\" class=\"yoast-schema-graph\">{\"@context\":\"https:\\\/\\\/schema.org\",\"@graph\":[{\"@type\":\"Article\",\"@id\":\"https:\\\/\\\/contactfm72.fr\\\/?p=9642#article\",\"isPartOf\":{\"@id\":\"https:\\\/\\\/contactfm72.fr\\\/?p=9642\"},\"author\":{\"name\":\"Val\u00e9rie C.\",\"@id\":\"https:\\\/\\\/contactfm72.fr\\\/#\\\/schema\\\/person\\\/9fdc9d1c2eb029354a4f1535b90ba82d\"},\"headline\":\"Libert\u00e9, \u00c9galit\u00e9, Fraternit\u00e9 : valeurs obsol\u00e8tes ?, th\u00e8me du talk-show &#8220;Faut qu&#8217;on en parle&#8221;\",\"datePublished\":\"2022-05-02T16:00:31+00:00\",\"mainEntityOfPage\":{\"@id\":\"https:\\\/\\\/contactfm72.fr\\\/?p=9642\"},\"wordCount\":114,\"publisher\":{\"@id\":\"https:\\\/\\\/contactfm72.fr\\\/#organization\"},\"image\":{\"@id\":\"https:\\\/\\\/contactfm72.fr\\\/?p=9642#primaryimage\"},\"thumbnailUrl\":\"https:\\\/\\\/contactfm72.fr\\\/wp-content\\\/uploads\\\/2022\\\/05\\\/S8-E7-r\u00e9seaux-Copier.jpg\",\"articleSection\":[\"Contact FM 72\"],\"inLanguage\":\"fr-FR\"},{\"@type\":\"WebPage\",\"@id\":\"https:\\\/\\\/contactfm72.fr\\\/?p=9642\",\"url\":\"https:\\\/\\\/contactfm72.fr\\\/?p=9642\",\"name\":\"Libert\u00e9, \u00c9galit\u00e9, Fraternit\u00e9 : valeurs obsol\u00e8tes ?, th\u00e8me du talk-show \\\"Faut qu'on en parle\\\" - Contact FM 99.3\",\"isPartOf\":{\"@id\":\"https:\\\/\\\/contactfm72.fr\\\/#website\"},\"primaryImageOfPage\":{\"@id\":\"https:\\\/\\\/contactfm72.fr\\\/?p=9642#primaryimage\"},\"image\":{\"@id\":\"https:\\\/\\\/contactfm72.fr\\\/?p=9642#primaryimage\"},\"thumbnailUrl\":\"https:\\\/\\\/contactfm72.fr\\\/wp-content\\\/uploads\\\/2022\\\/05\\\/S8-E7-r\u00e9seaux-Copier.jpg\",\"datePublished\":\"2022-05-02T16:00:31+00:00\",\"breadcrumb\":{\"@id\":\"https:\\\/\\\/contactfm72.fr\\\/?p=9642#breadcrumb\"},\"inLanguage\":\"fr-FR\",\"potentialAction\":[{\"@type\":\"ReadAction\",\"target\":[\"https:\\\/\\\/contactfm72.fr\\\/?p=9642\"]}]},{\"@type\":\"ImageObject\",\"inLanguage\":\"fr-FR\",\"@id\":\"https:\\\/\\\/contactfm72.fr\\\/?p=9642#primaryimage\",\"url\":\"https:\\\/\\\/contactfm72.fr\\\/wp-content\\\/uploads\\\/2022\\\/05\\\/S8-E7-r\u00e9seaux-Copier.jpg\",\"contentUrl\":\"https:\\\/\\\/contactfm72.fr\\\/wp-content\\\/uploads\\\/2022\\\/05\\\/S8-E7-r\u00e9seaux-Copier.jpg\",\"width\":825,\"height\":619},{\"@type\":\"BreadcrumbList\",\"@id\":\"https:\\\/\\\/contactfm72.fr\\\/?p=9642#breadcrumb\",\"itemListElement\":[{\"@type\":\"ListItem\",\"position\":1,\"name\":\"Accueil\",\"item\":\"https:\\\/\\\/contactfm72.fr\\\/\"},{\"@type\":\"ListItem\",\"position\":2,\"name\":\"Libert\u00e9, \u00c9galit\u00e9, Fraternit\u00e9 : valeurs obsol\u00e8tes ?, th\u00e8me du talk-show &#8220;Faut qu&#8217;on en parle&#8221;\"}]},{\"@type\":\"WebSite\",\"@id\":\"https:\\\/\\\/contactfm72.fr\\\/#website\",\"url\":\"https:\\\/\\\/contactfm72.fr\\\/\",\"name\":\"Contact FM 99.3\",\"description\":\"Votre radio en vall\u00e9e du Loir\",\"publisher\":{\"@id\":\"https:\\\/\\\/contactfm72.fr\\\/#organization\"},\"potentialAction\":[{\"@type\":\"SearchAction\",\"target\":{\"@type\":\"EntryPoint\",\"urlTemplate\":\"https:\\\/\\\/contactfm72.fr\\\/?s={search_term_string}\"},\"query-input\":{\"@type\":\"PropertyValueSpecification\",\"valueRequired\":true,\"valueName\":\"search_term_string\"}}],\"inLanguage\":\"fr-FR\"},{\"@type\":\"Organization\",\"@id\":\"https:\\\/\\\/contactfm72.fr\\\/#organization\",\"name\":\"Contact FM 99.3\",\"url\":\"https:\\\/\\\/contactfm72.fr\\\/\",\"logo\":{\"@type\":\"ImageObject\",\"inLanguage\":\"fr-FR\",\"@id\":\"https:\\\/\\\/contactfm72.fr\\\/#\\\/schema\\\/logo\\\/image\\\/\",\"url\":\"https:\\\/\\\/contactfm72.fr\\\/wp-content\\\/uploads\\\/2025\\\/04\\\/2025-04-18-2.jpg\",\"contentUrl\":\"https:\\\/\\\/contactfm72.fr\\\/wp-content\\\/uploads\\\/2025\\\/04\\\/2025-04-18-2.jpg\",\"width\":680,\"height\":307,\"caption\":\"Contact FM 99.3\"},\"image\":{\"@id\":\"https:\\\/\\\/contactfm72.fr\\\/#\\\/schema\\\/logo\\\/image\\\/\"},\"sameAs\":[\"https:\\\/\\\/www.facebook.com\\\/Contactfm.Chateauduloir\",\"https:\\\/\\\/x.com\\\/contactfm72\",\"https:\\\/\\\/www.instagram.com\\\/contact.fm.72?igsh=cGhlMHQ5N2JlNnpp\",\"https:\\\/\\\/www.tiktok.com\\\/@contact.fm\"]},{\"@type\":\"Person\",\"@id\":\"https:\\\/\\\/contactfm72.fr\\\/#\\\/schema\\\/person\\\/9fdc9d1c2eb029354a4f1535b90ba82d\",\"name\":\"Val\u00e9rie C.\",\"image\":{\"@type\":\"ImageObject\",\"inLanguage\":\"fr-FR\",\"@id\":\"https:\\\/\\\/secure.gravatar.com\\\/avatar\\\/2f8aa28f8dfbd7d4420afd1fdcdd0a349923e2c8a38ab28198b0f9d0601e4737?s=96&d=mm&r=g\",\"url\":\"https:\\\/\\\/secure.gravatar.com\\\/avatar\\\/2f8aa28f8dfbd7d4420afd1fdcdd0a349923e2c8a38ab28198b0f9d0601e4737?s=96&d=mm&r=g\",\"contentUrl\":\"https:\\\/\\\/secure.gravatar.com\\\/avatar\\\/2f8aa28f8dfbd7d4420afd1fdcdd0a349923e2c8a38ab28198b0f9d0601e4737?s=96&d=mm&r=g\",\"caption\":\"Val\u00e9rie C.\"},\"url\":\"https:\\\/\\\/contactfm72.fr\\\/?author=4\"}]}<\/script>\n<!-- \/ Yoast SEO plugin. -->","yoast_head_json":{"title":"Libert\u00e9, \u00c9galit\u00e9, Fraternit\u00e9 : valeurs obsol\u00e8tes ?, th\u00e8me du talk-show \"Faut qu'on en parle\" - Contact FM 99.3","robots":{"index":"index","follow":"follow","max-snippet":"max-snippet:-1","max-image-preview":"max-image-preview:large","max-video-preview":"max-video-preview:-1"},"canonical":"https:\/\/contactfm72.fr\/?p=9642","og_locale":"fr_FR","og_type":"article","og_title":"Libert\u00e9, \u00c9galit\u00e9, Fraternit\u00e9 : valeurs obsol\u00e8tes ?, th\u00e8me du talk-show \"Faut qu'on en parle\" - Contact FM 99.3","og_description":"Libert\u00e9, \u00c9galit\u00e9, Fraternit\u00e9 : les valeurs de la R\u00e9publique fran\u00e7aise que tout le monde connait et apprends \u00e0 l\u2019\u00e9cole\u2026 Mais, avec les diff\u00e9rentes crises ces derni\u00e8res ann\u00e9es et en pleine p\u00e9riode \u00e9lectorale, nous pouvons nous demander si ces valeurs sont toujours d\u2019actualit\u00e9s. Des sp\u00e9cialistes, Jean-Claude SAMOUILLER, vice-pr\u00e9sident d\u2019Amnesty International France, Claude ARDID, journaliste, grand reporter&hellip;","og_url":"https:\/\/contactfm72.fr\/?p=9642","og_site_name":"Contact FM 99.3","article_publisher":"https:\/\/www.facebook.com\/Contactfm.Chateauduloir","article_published_time":"2022-05-02T16:00:31+00:00","og_image":[{"width":825,"height":619,"url":"https:\/\/contactfm72.fr\/wp-content\/uploads\/2022\/05\/S8-E7-r\u00e9seaux-Copier.jpg","type":"image\/jpeg"}],"author":"Val\u00e9rie C.","twitter_card":"summary_large_image","twitter_creator":"@contactfm72","twitter_site":"@contactfm72","twitter_misc":{"\u00c9crit par":"Val\u00e9rie C."},"schema":{"@context":"https:\/\/schema.org","@graph":[{"@type":"Article","@id":"https:\/\/contactfm72.fr\/?p=9642#article","isPartOf":{"@id":"https:\/\/contactfm72.fr\/?p=9642"},"author":{"name":"Val\u00e9rie C.","@id":"https:\/\/contactfm72.fr\/#\/schema\/person\/9fdc9d1c2eb029354a4f1535b90ba82d"},"headline":"Libert\u00e9, \u00c9galit\u00e9, Fraternit\u00e9 : valeurs obsol\u00e8tes ?, th\u00e8me du talk-show &#8220;Faut qu&#8217;on en parle&#8221;","datePublished":"2022-05-02T16:00:31+00:00","mainEntityOfPage":{"@id":"https:\/\/contactfm72.fr\/?p=9642"},"wordCount":114,"publisher":{"@id":"https:\/\/contactfm72.fr\/#organization"},"image":{"@id":"https:\/\/contactfm72.fr\/?p=9642#primaryimage"},"thumbnailUrl":"https:\/\/contactfm72.fr\/wp-content\/uploads\/2022\/05\/S8-E7-r\u00e9seaux-Copier.jpg","articleSection":["Contact FM 72"],"inLanguage":"fr-FR"},{"@type":"WebPage","@id":"https:\/\/contactfm72.fr\/?p=9642","url":"https:\/\/contactfm72.fr\/?p=9642","name":"Libert\u00e9, \u00c9galit\u00e9, Fraternit\u00e9 : valeurs obsol\u00e8tes ?, th\u00e8me du talk-show \"Faut qu'on en parle\" - Contact FM 99.3","isPartOf":{"@id":"https:\/\/contactfm72.fr\/#website"},"primaryImageOfPage":{"@id":"https:\/\/contactfm72.fr\/?p=9642#primaryimage"},"image":{"@id":"https:\/\/contactfm72.fr\/?p=9642#primaryimage"},"thumbnailUrl":"https:\/\/contactfm72.fr\/wp-content\/uploads\/2022\/05\/S8-E7-r\u00e9seaux-Copier.jpg","datePublished":"2022-05-02T16:00:31+00:00","breadcrumb":{"@id":"https:\/\/contactfm72.fr\/?p=9642#breadcrumb"},"inLanguage":"fr-FR","potentialAction":[{"@type":"ReadAction","target":["https:\/\/contactfm72.fr\/?p=9642"]}]},{"@type":"ImageObject","inLanguage":"fr-FR","@id":"https:\/\/contactfm72.fr\/?p=9642#primaryimage","url":"https:\/\/contactfm72.fr\/wp-content\/uploads\/2022\/05\/S8-E7-r\u00e9seaux-Copier.jpg","contentUrl":"https:\/\/contactfm72.fr\/wp-content\/uploads\/2022\/05\/S8-E7-r\u00e9seaux-Copier.jpg","width":825,"height":619},{"@type":"BreadcrumbList","@id":"https:\/\/contactfm72.fr\/?p=9642#breadcrumb","itemListElement":[{"@type":"ListItem","position":1,"name":"Accueil","item":"https:\/\/contactfm72.fr\/"},{"@type":"ListItem","position":2,"name":"Libert\u00e9, \u00c9galit\u00e9, Fraternit\u00e9 : valeurs obsol\u00e8tes ?, th\u00e8me du talk-show &#8220;Faut qu&#8217;on en parle&#8221;"}]},{"@type":"WebSite","@id":"https:\/\/contactfm72.fr\/#website","url":"https:\/\/contactfm72.fr\/","name":"Contact FM 99.3","description":"Votre radio en vall\u00e9e du Loir","publisher":{"@id":"https:\/\/contactfm72.fr\/#organization"},"potentialAction":[{"@type":"SearchAction","target":{"@type":"EntryPoint","urlTemplate":"https:\/\/contactfm72.fr\/?s={search_term_string}"},"query-input":{"@type":"PropertyValueSpecification","valueRequired":true,"valueName":"search_term_string"}}],"inLanguage":"fr-FR"},{"@type":"Organization","@id":"https:\/\/contactfm72.fr\/#organization","name":"Contact FM 99.3","url":"https:\/\/contactfm72.fr\/","logo":{"@type":"ImageObject","inLanguage":"fr-FR","@id":"https:\/\/contactfm72.fr\/#\/schema\/logo\/image\/","url":"https:\/\/contactfm72.fr\/wp-content\/uploads\/2025\/04\/2025-04-18-2.jpg","contentUrl":"https:\/\/contactfm72.fr\/wp-content\/uploads\/2025\/04\/2025-04-18-2.jpg","width":680,"height":307,"caption":"Contact FM 99.3"},"image":{"@id":"https:\/\/contactfm72.fr\/#\/schema\/logo\/image\/"},"sameAs":["https:\/\/www.facebook.com\/Contactfm.Chateauduloir","https:\/\/x.com\/contactfm72","https:\/\/www.instagram.com\/contact.fm.72?igsh=cGhlMHQ5N2JlNnpp","https:\/\/www.tiktok.com\/@contact.fm"]},{"@type":"Person","@id":"https:\/\/contactfm72.fr\/#\/schema\/person\/9fdc9d1c2eb029354a4f1535b90ba82d","name":"Val\u00e9rie C.","image":{"@type":"ImageObject","inLanguage":"fr-FR","@id":"https:\/\/secure.gravatar.com\/avatar\/2f8aa28f8dfbd7d4420afd1fdcdd0a349923e2c8a38ab28198b0f9d0601e4737?s=96&d=mm&r=g","url":"https:\/\/secure.gravatar.com\/avatar\/2f8aa28f8dfbd7d4420afd1fdcdd0a349923e2c8a38ab28198b0f9d0601e4737?s=96&d=mm&r=g","contentUrl":"https:\/\/secure.gravatar.com\/avatar\/2f8aa28f8dfbd7d4420afd1fdcdd0a349923e2c8a38ab28198b0f9d0601e4737?s=96&d=mm&r=g","caption":"Val\u00e9rie C."},"url":"https:\/\/contactfm72.fr\/?author=4"}]}},"_links":{"self":[{"href":"https:\/\/contactfm72.fr\/index.php?rest_route=\/wp\/v2\/posts\/9642","targetHints":{"allow":["GET"]}}],"collection":[{"href":"https:\/\/contactfm72.fr\/index.php?rest_route=\/wp\/v2\/posts"}],"about":[{"href":"https:\/\/contactfm72.fr\/index.php?rest_route=\/wp\/v2\/types\/post"}],"author":[{"embeddable":true,"href":"https:\/\/contactfm72.fr\/index.php?rest_route=\/wp\/v2\/users\/4"}],"replies":[{"embeddable":true,"href":"https:\/\/contactfm72.fr\/index.php?rest_route=%2Fwp%2Fv2%2Fcomments&post=9642"}],"version-history":[{"count":5,"href":"https:\/\/contactfm72.fr\/index.php?rest_route=\/wp\/v2\/posts\/9642\/revisions"}],"predecessor-version":[{"id":9645,"href":"https:\/\/contactfm72.fr\/index.php?rest_route=\/wp\/v2\/posts\/9642\/revisions\/9645"}],"wp:featuredmedia":[{"embeddable":true,"href":"https:\/\/contactfm72.fr\/index.php?rest_route=\/wp\/v2\/media\/9643"}],"wp:attachment":[{"href":"https:\/\/contactfm72.fr\/index.php?rest_route=%2Fwp%2Fv2%2Fmedia&parent=9642"}],"wp:term":[{"taxonomy":"category","embeddable":true,"href":"https:\/\/contactfm72.fr\/index.php?rest_route=%2Fwp%2Fv2%2Fcategories&post=9642"},{"taxonomy":"post_tag","embeddable":true,"href":"https:\/\/contactfm72.fr\/index.php?rest_route=%2Fwp%2Fv2%2Ftags&post=9642"}],"curies":[{"name":"wp","href":"https:\/\/api.w.org\/{rel}","templated":true}]}}