{"id":9605,"date":"2022-05-02T11:30:38","date_gmt":"2022-05-02T09:30:38","guid":{"rendered":"http:\/\/contactfm72.fr\/?p=9605"},"modified":"2022-04-27T11:36:17","modified_gmt":"2022-04-27T09:36:17","slug":"culturissimo-mathias-malzieu-a-la-castelorienne-le-5-mai","status":"publish","type":"post","link":"https:\/\/contactfm72.fr\/?p=9605","title":{"rendered":"Culturissimo. Mathias Malzieu \u00e0 la Cast\u00e9lorienne le 5 mai"},"content":{"rendered":"<h2>Dans le cadre du festival Culturissimo, Mathias Malzieu donnera une lecture musicale de son livre \u00ab Le guerrier de porcelaine \u00bb, le jeudi 5 mai \u00e0 20h \u00e0 la Cast\u00e9lorienne de Montval-sur-Loir.<\/h2>\n<p>&nbsp;<\/p>\n<p>\u00ab Cette ann\u00e9e est la 9e \u00e9dition du festival <strong>Culturissimo<\/strong>, mais c\u2019est la 2<sup>\u00e8me<\/sup> fois qu\u2019on l\u2019organise \u00e0 la <strong>Cast\u00e9lorienne<\/strong>. J\u2019ai eu la chance de visiter cette magnifique salle lors de son inauguration. On souhaite donc en profiter \u00bb, fait savoir C\u00e9cile Trassard, directrice du centre Leclerc de Vouvray-sur-Loir.<\/p>\n<p>Le festival est organis\u00e9 par les <strong>centres Leclerc<\/strong>. Le but est de promouvoir la lecture et plus g\u00e9n\u00e9ralement la <strong>Culture pour tous<\/strong>. Un objectif commun avec la <strong>communaut\u00e9 de communes Loir Luc\u00e9 Berc\u00e9<\/strong>.<\/p>\n<p>Mathias Malzieu, musicien, chanteur du groupe <strong>Dionysos<\/strong>, \u00e9crivain, po\u00e8te, et bien plus encore, donnera une lecture musicale de son livre <strong>\u00ab Le guerrier de porcelaine \u00bb<\/strong>, \u00e0 la Cast\u00e9lorienne le jeudi 5 mai \u00e0 20h, accompagn\u00e9 de Mike Ponton, guitariste de Dionysos, et Olivier Daviaud, compositeur et arrangeur.<\/p>\n<blockquote><p>\u00ab C\u2019est une chance d\u2019avoir ces trois artistes. Habituellement, \u00e0 la Cast\u00e9lorienne, on propose majoritairement du th\u00e9\u00e2tre et des concerts. Avec cette lecture musicale, on va mixer deux genres en attirant un autre public \u00bb, confie Sophie Jousse, directrice du service culturel.<\/p><\/blockquote>\n<p>&nbsp;<\/p>\n<h3>\u00ab\u00a0Le guerrier de porcelaine\u00a0\u00bb<\/h3>\n<p>A travers ce livre publi\u00e9 en 2021, l\u2019auteur propose une <strong>histoire intime, bouleversante et po\u00e9tique<\/strong>, en revenant sur l\u2019histoire de Mainou, \u00e2g\u00e9 de 9 ans, en 1944. Orphelin de sa m\u00e8re, il est envoy\u00e9 dans la ferme lorraine de sa grand-m\u00e8re.<\/p>\n<blockquote><p>\u00ab C\u2019est tout simplement l\u2019histoire du papa de Mathias Malzieu. On a le r\u00e9cit de la guerre \u00e0 travers les yeux d\u2019un enfant, c\u2019est tristement joyeux ou joyeusement triste \u00bb, explique Sophie Jousse.<\/p><\/blockquote>\n<h5>Pratique\u00a0: Lecture musicale de \u00ab\u00a0Le guerrier de porcelaine\u00a0\u00bb, le jeudi 5 mai \u00e0 20h \u00e0 la Cast\u00e9lorienne. Entr\u00e9e gratuite. R\u00e9servation sur Yurplan, ou bien aupr\u00e8s de la Cast\u00e9lorienne, 02 43 79 47 97. Suivi d\u2019une s\u00e9ance d\u2019achat et de d\u00e9dicace du livre.<\/h5>\n<!-- AddThis Advanced Settings generic via filter on the_content --><!-- AddThis Share Buttons generic via filter on the_content -->","protected":false},"excerpt":{"rendered":"<p>Dans le cadre du festival Culturissimo, Mathias Malzieu donnera une lecture musicale de son livre \u00ab Le guerrier de porcelaine \u00bb, le jeudi 5 mai \u00e0 20h \u00e0 la Cast\u00e9lorienne de Montval-sur-Loir. &nbsp; \u00ab Cette ann\u00e9e est la 9e \u00e9dition du festival Culturissimo, mais c\u2019est la 2\u00e8me fois qu\u2019on l\u2019organise \u00e0 la Cast\u00e9lorienne. J\u2019ai eu&hellip;<!-- AddThis Advanced Settings generic via filter on get_the_excerpt --><!-- AddThis Share Buttons generic via filter on get_the_excerpt --><\/p>\n","protected":false},"author":4,"featured_media":9606,"comment_status":"closed","ping_status":"open","sticky":false,"template":"","format":"standard","meta":{"footnotes":""},"categories":[1],"tags":[],"class_list":["post-9605","post","type-post","status-publish","format-standard","has-post-thumbnail","hentry","category-contact-fm-72","category-1","description-off"],"yoast_head":"<!-- This site is optimized with the Yoast SEO plugin v27.4 - https:\/\/yoast.com\/product\/yoast-seo-wordpress\/ -->\n<title>Culturissimo. Mathias Malzieu \u00e0 la Cast\u00e9lorienne le 5 mai - Contact FM 99.3<\/title>\n<meta name=\"robots\" content=\"index, follow, max-snippet:-1, max-image-preview:large, max-video-preview:-1\" \/>\n<link rel=\"canonical\" href=\"https:\/\/contactfm72.fr\/?p=9605\" \/>\n<meta property=\"og:locale\" content=\"fr_FR\" \/>\n<meta property=\"og:type\" content=\"article\" \/>\n<meta property=\"og:title\" content=\"Culturissimo. Mathias Malzieu \u00e0 la Cast\u00e9lorienne le 5 mai - Contact FM 99.3\" \/>\n<meta property=\"og:description\" content=\"Dans le cadre du festival Culturissimo, Mathias Malzieu donnera une lecture musicale de son livre \u00ab Le guerrier de porcelaine \u00bb, le jeudi 5 mai \u00e0 20h \u00e0 la Cast\u00e9lorienne de Montval-sur-Loir. &nbsp; \u00ab Cette ann\u00e9e est la 9e \u00e9dition du festival Culturissimo, mais c\u2019est la 2\u00e8me fois qu\u2019on l\u2019organise \u00e0 la Cast\u00e9lorienne. J\u2019ai eu&hellip;\" \/>\n<meta property=\"og:url\" content=\"https:\/\/contactfm72.fr\/?p=9605\" \/>\n<meta property=\"og:site_name\" content=\"Contact FM 99.3\" \/>\n<meta property=\"article:publisher\" content=\"https:\/\/www.facebook.com\/Contactfm.Chateauduloir\" \/>\n<meta property=\"article:published_time\" content=\"2022-05-02T09:30:38+00:00\" \/>\n<meta property=\"og:image\" content=\"https:\/\/contactfm72.fr\/wp-content\/uploads\/2022\/04\/mathieu-malzieu-DARIA-NELSON.jpg\" \/>\n\t<meta property=\"og:image:width\" content=\"1260\" \/>\n\t<meta property=\"og:image:height\" content=\"1888\" \/>\n\t<meta property=\"og:image:type\" content=\"image\/jpeg\" \/>\n<meta name=\"author\" content=\"Val\u00e9rie C.\" \/>\n<meta name=\"twitter:card\" content=\"summary_large_image\" \/>\n<meta name=\"twitter:creator\" content=\"@contactfm72\" \/>\n<meta name=\"twitter:site\" content=\"@contactfm72\" \/>\n<meta name=\"twitter:label1\" content=\"\u00c9crit par\" \/>\n\t<meta name=\"twitter:data1\" content=\"Val\u00e9rie C.\" \/>\n\t<meta name=\"twitter:label2\" content=\"Dur\u00e9e de lecture estim\u00e9e\" \/>\n\t<meta name=\"twitter:data2\" content=\"2 minutes\" \/>\n<script type=\"application\/ld+json\" class=\"yoast-schema-graph\">{\"@context\":\"https:\\\/\\\/schema.org\",\"@graph\":[{\"@type\":\"Article\",\"@id\":\"https:\\\/\\\/contactfm72.fr\\\/?p=9605#article\",\"isPartOf\":{\"@id\":\"https:\\\/\\\/contactfm72.fr\\\/?p=9605\"},\"author\":{\"name\":\"Val\u00e9rie C.\",\"@id\":\"https:\\\/\\\/contactfm72.fr\\\/#\\\/schema\\\/person\\\/9fdc9d1c2eb029354a4f1535b90ba82d\"},\"headline\":\"Culturissimo. Mathias Malzieu \u00e0 la Cast\u00e9lorienne le 5 mai\",\"datePublished\":\"2022-05-02T09:30:38+00:00\",\"mainEntityOfPage\":{\"@id\":\"https:\\\/\\\/contactfm72.fr\\\/?p=9605\"},\"wordCount\":339,\"publisher\":{\"@id\":\"https:\\\/\\\/contactfm72.fr\\\/#organization\"},\"image\":{\"@id\":\"https:\\\/\\\/contactfm72.fr\\\/?p=9605#primaryimage\"},\"thumbnailUrl\":\"https:\\\/\\\/contactfm72.fr\\\/wp-content\\\/uploads\\\/2022\\\/04\\\/mathieu-malzieu-DARIA-NELSON.jpg\",\"articleSection\":[\"Contact FM 72\"],\"inLanguage\":\"fr-FR\"},{\"@type\":\"WebPage\",\"@id\":\"https:\\\/\\\/contactfm72.fr\\\/?p=9605\",\"url\":\"https:\\\/\\\/contactfm72.fr\\\/?p=9605\",\"name\":\"Culturissimo. Mathias Malzieu \u00e0 la Cast\u00e9lorienne le 5 mai - Contact FM 99.3\",\"isPartOf\":{\"@id\":\"https:\\\/\\\/contactfm72.fr\\\/#website\"},\"primaryImageOfPage\":{\"@id\":\"https:\\\/\\\/contactfm72.fr\\\/?p=9605#primaryimage\"},\"image\":{\"@id\":\"https:\\\/\\\/contactfm72.fr\\\/?p=9605#primaryimage\"},\"thumbnailUrl\":\"https:\\\/\\\/contactfm72.fr\\\/wp-content\\\/uploads\\\/2022\\\/04\\\/mathieu-malzieu-DARIA-NELSON.jpg\",\"datePublished\":\"2022-05-02T09:30:38+00:00\",\"breadcrumb\":{\"@id\":\"https:\\\/\\\/contactfm72.fr\\\/?p=9605#breadcrumb\"},\"inLanguage\":\"fr-FR\",\"potentialAction\":[{\"@type\":\"ReadAction\",\"target\":[\"https:\\\/\\\/contactfm72.fr\\\/?p=9605\"]}]},{\"@type\":\"ImageObject\",\"inLanguage\":\"fr-FR\",\"@id\":\"https:\\\/\\\/contactfm72.fr\\\/?p=9605#primaryimage\",\"url\":\"https:\\\/\\\/contactfm72.fr\\\/wp-content\\\/uploads\\\/2022\\\/04\\\/mathieu-malzieu-DARIA-NELSON.jpg\",\"contentUrl\":\"https:\\\/\\\/contactfm72.fr\\\/wp-content\\\/uploads\\\/2022\\\/04\\\/mathieu-malzieu-DARIA-NELSON.jpg\",\"width\":1260,\"height\":1888,\"caption\":\"Mathias Malzieu sera pr\u00e9sent \u00e0 la Cast\u00e9lorienne le jeudi 5 mai \u00e0 20h. Cr\u00e9dits: DARIA NELSON\"},{\"@type\":\"BreadcrumbList\",\"@id\":\"https:\\\/\\\/contactfm72.fr\\\/?p=9605#breadcrumb\",\"itemListElement\":[{\"@type\":\"ListItem\",\"position\":1,\"name\":\"Accueil\",\"item\":\"https:\\\/\\\/contactfm72.fr\\\/\"},{\"@type\":\"ListItem\",\"position\":2,\"name\":\"Culturissimo. Mathias Malzieu \u00e0 la Cast\u00e9lorienne le 5 mai\"}]},{\"@type\":\"WebSite\",\"@id\":\"https:\\\/\\\/contactfm72.fr\\\/#website\",\"url\":\"https:\\\/\\\/contactfm72.fr\\\/\",\"name\":\"Contact FM 99.3\",\"description\":\"Votre radio en vall\u00e9e du Loir\",\"publisher\":{\"@id\":\"https:\\\/\\\/contactfm72.fr\\\/#organization\"},\"potentialAction\":[{\"@type\":\"SearchAction\",\"target\":{\"@type\":\"EntryPoint\",\"urlTemplate\":\"https:\\\/\\\/contactfm72.fr\\\/?s={search_term_string}\"},\"query-input\":{\"@type\":\"PropertyValueSpecification\",\"valueRequired\":true,\"valueName\":\"search_term_string\"}}],\"inLanguage\":\"fr-FR\"},{\"@type\":\"Organization\",\"@id\":\"https:\\\/\\\/contactfm72.fr\\\/#organization\",\"name\":\"Contact FM 99.3\",\"url\":\"https:\\\/\\\/contactfm72.fr\\\/\",\"logo\":{\"@type\":\"ImageObject\",\"inLanguage\":\"fr-FR\",\"@id\":\"https:\\\/\\\/contactfm72.fr\\\/#\\\/schema\\\/logo\\\/image\\\/\",\"url\":\"https:\\\/\\\/contactfm72.fr\\\/wp-content\\\/uploads\\\/2025\\\/04\\\/2025-04-18-2.jpg\",\"contentUrl\":\"https:\\\/\\\/contactfm72.fr\\\/wp-content\\\/uploads\\\/2025\\\/04\\\/2025-04-18-2.jpg\",\"width\":680,\"height\":307,\"caption\":\"Contact FM 99.3\"},\"image\":{\"@id\":\"https:\\\/\\\/contactfm72.fr\\\/#\\\/schema\\\/logo\\\/image\\\/\"},\"sameAs\":[\"https:\\\/\\\/www.facebook.com\\\/Contactfm.Chateauduloir\",\"https:\\\/\\\/x.com\\\/contactfm72\",\"https:\\\/\\\/www.instagram.com\\\/contact.fm.72?igsh=cGhlMHQ5N2JlNnpp\",\"https:\\\/\\\/www.tiktok.com\\\/@contact.fm\"]},{\"@type\":\"Person\",\"@id\":\"https:\\\/\\\/contactfm72.fr\\\/#\\\/schema\\\/person\\\/9fdc9d1c2eb029354a4f1535b90ba82d\",\"name\":\"Val\u00e9rie C.\",\"image\":{\"@type\":\"ImageObject\",\"inLanguage\":\"fr-FR\",\"@id\":\"https:\\\/\\\/secure.gravatar.com\\\/avatar\\\/2f8aa28f8dfbd7d4420afd1fdcdd0a349923e2c8a38ab28198b0f9d0601e4737?s=96&d=mm&r=g\",\"url\":\"https:\\\/\\\/secure.gravatar.com\\\/avatar\\\/2f8aa28f8dfbd7d4420afd1fdcdd0a349923e2c8a38ab28198b0f9d0601e4737?s=96&d=mm&r=g\",\"contentUrl\":\"https:\\\/\\\/secure.gravatar.com\\\/avatar\\\/2f8aa28f8dfbd7d4420afd1fdcdd0a349923e2c8a38ab28198b0f9d0601e4737?s=96&d=mm&r=g\",\"caption\":\"Val\u00e9rie C.\"},\"url\":\"https:\\\/\\\/contactfm72.fr\\\/?author=4\"}]}<\/script>\n<!-- \/ Yoast SEO plugin. -->","yoast_head_json":{"title":"Culturissimo. Mathias Malzieu \u00e0 la Cast\u00e9lorienne le 5 mai - Contact FM 99.3","robots":{"index":"index","follow":"follow","max-snippet":"max-snippet:-1","max-image-preview":"max-image-preview:large","max-video-preview":"max-video-preview:-1"},"canonical":"https:\/\/contactfm72.fr\/?p=9605","og_locale":"fr_FR","og_type":"article","og_title":"Culturissimo. Mathias Malzieu \u00e0 la Cast\u00e9lorienne le 5 mai - Contact FM 99.3","og_description":"Dans le cadre du festival Culturissimo, Mathias Malzieu donnera une lecture musicale de son livre \u00ab Le guerrier de porcelaine \u00bb, le jeudi 5 mai \u00e0 20h \u00e0 la Cast\u00e9lorienne de Montval-sur-Loir. &nbsp; \u00ab Cette ann\u00e9e est la 9e \u00e9dition du festival Culturissimo, mais c\u2019est la 2\u00e8me fois qu\u2019on l\u2019organise \u00e0 la Cast\u00e9lorienne. J\u2019ai eu&hellip;","og_url":"https:\/\/contactfm72.fr\/?p=9605","og_site_name":"Contact FM 99.3","article_publisher":"https:\/\/www.facebook.com\/Contactfm.Chateauduloir","article_published_time":"2022-05-02T09:30:38+00:00","og_image":[{"width":1260,"height":1888,"url":"https:\/\/contactfm72.fr\/wp-content\/uploads\/2022\/04\/mathieu-malzieu-DARIA-NELSON.jpg","type":"image\/jpeg"}],"author":"Val\u00e9rie C.","twitter_card":"summary_large_image","twitter_creator":"@contactfm72","twitter_site":"@contactfm72","twitter_misc":{"\u00c9crit par":"Val\u00e9rie C.","Dur\u00e9e de lecture estim\u00e9e":"2 minutes"},"schema":{"@context":"https:\/\/schema.org","@graph":[{"@type":"Article","@id":"https:\/\/contactfm72.fr\/?p=9605#article","isPartOf":{"@id":"https:\/\/contactfm72.fr\/?p=9605"},"author":{"name":"Val\u00e9rie C.","@id":"https:\/\/contactfm72.fr\/#\/schema\/person\/9fdc9d1c2eb029354a4f1535b90ba82d"},"headline":"Culturissimo. Mathias Malzieu \u00e0 la Cast\u00e9lorienne le 5 mai","datePublished":"2022-05-02T09:30:38+00:00","mainEntityOfPage":{"@id":"https:\/\/contactfm72.fr\/?p=9605"},"wordCount":339,"publisher":{"@id":"https:\/\/contactfm72.fr\/#organization"},"image":{"@id":"https:\/\/contactfm72.fr\/?p=9605#primaryimage"},"thumbnailUrl":"https:\/\/contactfm72.fr\/wp-content\/uploads\/2022\/04\/mathieu-malzieu-DARIA-NELSON.jpg","articleSection":["Contact FM 72"],"inLanguage":"fr-FR"},{"@type":"WebPage","@id":"https:\/\/contactfm72.fr\/?p=9605","url":"https:\/\/contactfm72.fr\/?p=9605","name":"Culturissimo. Mathias Malzieu \u00e0 la Cast\u00e9lorienne le 5 mai - Contact FM 99.3","isPartOf":{"@id":"https:\/\/contactfm72.fr\/#website"},"primaryImageOfPage":{"@id":"https:\/\/contactfm72.fr\/?p=9605#primaryimage"},"image":{"@id":"https:\/\/contactfm72.fr\/?p=9605#primaryimage"},"thumbnailUrl":"https:\/\/contactfm72.fr\/wp-content\/uploads\/2022\/04\/mathieu-malzieu-DARIA-NELSON.jpg","datePublished":"2022-05-02T09:30:38+00:00","breadcrumb":{"@id":"https:\/\/contactfm72.fr\/?p=9605#breadcrumb"},"inLanguage":"fr-FR","potentialAction":[{"@type":"ReadAction","target":["https:\/\/contactfm72.fr\/?p=9605"]}]},{"@type":"ImageObject","inLanguage":"fr-FR","@id":"https:\/\/contactfm72.fr\/?p=9605#primaryimage","url":"https:\/\/contactfm72.fr\/wp-content\/uploads\/2022\/04\/mathieu-malzieu-DARIA-NELSON.jpg","contentUrl":"https:\/\/contactfm72.fr\/wp-content\/uploads\/2022\/04\/mathieu-malzieu-DARIA-NELSON.jpg","width":1260,"height":1888,"caption":"Mathias Malzieu sera pr\u00e9sent \u00e0 la Cast\u00e9lorienne le jeudi 5 mai \u00e0 20h. Cr\u00e9dits: DARIA NELSON"},{"@type":"BreadcrumbList","@id":"https:\/\/contactfm72.fr\/?p=9605#breadcrumb","itemListElement":[{"@type":"ListItem","position":1,"name":"Accueil","item":"https:\/\/contactfm72.fr\/"},{"@type":"ListItem","position":2,"name":"Culturissimo. Mathias Malzieu \u00e0 la Cast\u00e9lorienne le 5 mai"}]},{"@type":"WebSite","@id":"https:\/\/contactfm72.fr\/#website","url":"https:\/\/contactfm72.fr\/","name":"Contact FM 99.3","description":"Votre radio en vall\u00e9e du Loir","publisher":{"@id":"https:\/\/contactfm72.fr\/#organization"},"potentialAction":[{"@type":"SearchAction","target":{"@type":"EntryPoint","urlTemplate":"https:\/\/contactfm72.fr\/?s={search_term_string}"},"query-input":{"@type":"PropertyValueSpecification","valueRequired":true,"valueName":"search_term_string"}}],"inLanguage":"fr-FR"},{"@type":"Organization","@id":"https:\/\/contactfm72.fr\/#organization","name":"Contact FM 99.3","url":"https:\/\/contactfm72.fr\/","logo":{"@type":"ImageObject","inLanguage":"fr-FR","@id":"https:\/\/contactfm72.fr\/#\/schema\/logo\/image\/","url":"https:\/\/contactfm72.fr\/wp-content\/uploads\/2025\/04\/2025-04-18-2.jpg","contentUrl":"https:\/\/contactfm72.fr\/wp-content\/uploads\/2025\/04\/2025-04-18-2.jpg","width":680,"height":307,"caption":"Contact FM 99.3"},"image":{"@id":"https:\/\/contactfm72.fr\/#\/schema\/logo\/image\/"},"sameAs":["https:\/\/www.facebook.com\/Contactfm.Chateauduloir","https:\/\/x.com\/contactfm72","https:\/\/www.instagram.com\/contact.fm.72?igsh=cGhlMHQ5N2JlNnpp","https:\/\/www.tiktok.com\/@contact.fm"]},{"@type":"Person","@id":"https:\/\/contactfm72.fr\/#\/schema\/person\/9fdc9d1c2eb029354a4f1535b90ba82d","name":"Val\u00e9rie C.","image":{"@type":"ImageObject","inLanguage":"fr-FR","@id":"https:\/\/secure.gravatar.com\/avatar\/2f8aa28f8dfbd7d4420afd1fdcdd0a349923e2c8a38ab28198b0f9d0601e4737?s=96&d=mm&r=g","url":"https:\/\/secure.gravatar.com\/avatar\/2f8aa28f8dfbd7d4420afd1fdcdd0a349923e2c8a38ab28198b0f9d0601e4737?s=96&d=mm&r=g","contentUrl":"https:\/\/secure.gravatar.com\/avatar\/2f8aa28f8dfbd7d4420afd1fdcdd0a349923e2c8a38ab28198b0f9d0601e4737?s=96&d=mm&r=g","caption":"Val\u00e9rie C."},"url":"https:\/\/contactfm72.fr\/?author=4"}]}},"_links":{"self":[{"href":"https:\/\/contactfm72.fr\/index.php?rest_route=\/wp\/v2\/posts\/9605","targetHints":{"allow":["GET"]}}],"collection":[{"href":"https:\/\/contactfm72.fr\/index.php?rest_route=\/wp\/v2\/posts"}],"about":[{"href":"https:\/\/contactfm72.fr\/index.php?rest_route=\/wp\/v2\/types\/post"}],"author":[{"embeddable":true,"href":"https:\/\/contactfm72.fr\/index.php?rest_route=\/wp\/v2\/users\/4"}],"replies":[{"embeddable":true,"href":"https:\/\/contactfm72.fr\/index.php?rest_route=%2Fwp%2Fv2%2Fcomments&post=9605"}],"version-history":[{"count":1,"href":"https:\/\/contactfm72.fr\/index.php?rest_route=\/wp\/v2\/posts\/9605\/revisions"}],"predecessor-version":[{"id":9607,"href":"https:\/\/contactfm72.fr\/index.php?rest_route=\/wp\/v2\/posts\/9605\/revisions\/9607"}],"wp:featuredmedia":[{"embeddable":true,"href":"https:\/\/contactfm72.fr\/index.php?rest_route=\/wp\/v2\/media\/9606"}],"wp:attachment":[{"href":"https:\/\/contactfm72.fr\/index.php?rest_route=%2Fwp%2Fv2%2Fmedia&parent=9605"}],"wp:term":[{"taxonomy":"category","embeddable":true,"href":"https:\/\/contactfm72.fr\/index.php?rest_route=%2Fwp%2Fv2%2Fcategories&post=9605"},{"taxonomy":"post_tag","embeddable":true,"href":"https:\/\/contactfm72.fr\/index.php?rest_route=%2Fwp%2Fv2%2Ftags&post=9605"}],"curies":[{"name":"wp","href":"https:\/\/api.w.org\/{rel}","templated":true}]}}