{"id":9602,"date":"2022-04-29T14:30:53","date_gmt":"2022-04-29T12:30:53","guid":{"rendered":"http:\/\/contactfm72.fr\/?p=9602"},"modified":"2022-04-29T10:54:45","modified_gmt":"2022-04-29T08:54:45","slug":"20eme-salon-international-de-la-photographie-de-mayet-ils-exposent-les-photos-de-thomas-pesquet","status":"publish","type":"post","link":"https:\/\/contactfm72.fr\/?p=9602","title":{"rendered":"20\u00e8me Salon International de la Photographie de Mayet : Ils exposent les photos de Thomas Pesquet"},"content":{"rendered":"<h2>L\u2019association Photo Vid\u00e9o Club Georges-M\u00e9li\u00e8s organise son 20<sup>\u00e8me<\/sup> salon International de la Photographie \u00e0 Mayet, du 7 au 15 mai. Deux autres expositions in\u00e9dites seront disponibles tout au long du mois de mai, avec notamment, 21 clich\u00e9s du spationaute Thomas Pesquet.<\/h2>\n<p>&nbsp;<\/p>\n<p>Il se faisait attendre, il est enfin l\u00e0\u00a0! Le <a href=\"https:\/\/photoclub-mayet72-over-blog-com.over-blog.com\/2021\/01\/repport-probable-jugement-et-salon-de-mayet.html\"><strong>20<sup>\u00e8me<\/sup> salon international de la photographie de Mayet, <\/strong><\/a>se d\u00e9roulera du<strong> 7 au 15 mai \u00e0 la salle des f\u00eates, dans le Sud-Sarthe<\/strong>. Pour cette \u00e9dition, le club pr\u00e9sente en plus de son salon \u00ab\u00a0classique\u00a0\u00bb, deux autres expositions totalement in\u00e9dites.<\/p>\n<p>&nbsp;<\/p>\n<h3>La Terre vue de l\u2019espace<\/h3>\n<p>\u00ab\u00a0Organiser le 20<sup>\u00e8me<\/sup> salon de la photographie engage une offre cons\u00e9quente. Il nous fallait un grand nom, quelqu\u2019un que tout le monde conna\u00eet. On s\u2019est dit\u00a0: pourquoi pas Thomas Pesquet\u00a0?\u00a0\u00bb, r\u00e9sume Marc Blach\u00e8re, pr\u00e9sident de l\u2019association le Photo Vid\u00e9o Club Georges-M\u00e9li\u00e8s. Le club organisateur de l\u2019\u00e9v\u00e8nement embl\u00e9matique du Sud-Sarthe a pu obtenir <strong>21 photos du spationaute<\/strong>, en partenariat avec l\u2019<strong>agence spatiale europ\u00e9enne<\/strong>.<\/p>\n<blockquote><p>\u00ab Nous avons choisi des commentaires de Thomas Pesquet pour les l\u00e9gender, fait les ajustements techniques et d\u00e9cid\u00e9 de les r\u00e9aliser au format de 150&#215;100 cm. Ce travail a \u00e9t\u00e9 valid\u00e9 par l\u2019ESA, European Space Agency. Les 21 photos sont compl\u00e9t\u00e9es par 5 panneaux sur les missions de l\u2019agence \u00bb, continue Marc Blach\u00e8re.<\/p><\/blockquote>\n<p>L\u2019exposition <strong>\u00ab La Terre vue de l\u2019espace \u00bb<\/strong> sera disponible sur le parvis de la m\u00e9diath\u00e8que du <strong>1<sup>er<\/sup> au 31 mai<\/strong>.<\/p>\n<p>&nbsp;<\/p>\n<h3>La Terre qui nourrit les hommes<\/h3>\n<p>En parall\u00e8le des photos de l\u2019espace, le club expose \u00e9galement <strong>20 paysages fa\u00e7onn\u00e9s par une diversit\u00e9 de pratiques agricoles \u00e0 travers le monde<\/strong>. Cette s\u00e9rie de clich\u00e9s de 120&#215;80 cm est l\u2019\u0153uvre de photographes membres de l\u2019association Image Sans Fronti\u00e8re, expos\u00e9e lors de l\u2019\u00e9dition de <strong>2015 du festival de la Gacilly<\/strong>. Cette exposition <strong>\u00ab La Terre qui nourrit les hommes \u00bb <\/strong>sera disponible sur le parking des \u00e9coles primaires de Mayet, du <strong>1<sup>er<\/sup> au 31 mai<\/strong>.<\/p>\n<p>&nbsp;<\/p>\n<h3>Photos concours<\/h3>\n<p>La salle des f\u00eates accueillera le salon en lui-m\u00eame du 7 au 15 mai. Pr\u00e8s de <strong>250 photographies s\u00e9lectionn\u00e9es lors du concours<\/strong> jug\u00e9 les 5 et 6 mars dernier, seront disponibles. S\u2019y ajoutent un aper\u00e7u des <strong>travaux des membres du club de passionn\u00e9s<\/strong> et une <strong>s\u00e9lection d\u2019images num\u00e9riques issue de concours nationaux de la F\u00e9d\u00e9ration Photographique de France<\/strong>.<\/p>\n<blockquote><p>\u00ab\u00a0Un concert sera organis\u00e9 le 13 mai en soir\u00e9e. Le groupe vocal 3-4 proposera deux interpr\u00e9tations de chants du monde, de classique et de jazz, a capella\u00a0\u00bb, fait savoir Francis Coulon, membre.<\/p><\/blockquote>\n<p>Pr\u00e9senter un si riche programme implique un<strong> budget \u00e9lev\u00e9<\/strong>. \u00ab\u00a0C\u2019est le double du co\u00fbt habituel, mais gr\u00e2ce au soutien des collectivit\u00e9s, des commer\u00e7ants et d\u2019entreprises m\u00e9c\u00e8nes, le budget a \u00e9t\u00e9 enti\u00e8rement rembours\u00e9\u00a0\u00bb, termine Marc Blach\u00e8re.<\/p>\n<p>&nbsp;<\/p>\n<h5>Vernissage le 6 mai d\u00e8s 18h au parvis des \u00e9coles primaires, avenue du Pique-Prune \u00e0 Mayet. D\u00e9ambulation dans les rues jusqu\u2019aux deux expositions.<\/h5>\n<h5>Entr\u00e9e libre et r\u00e9servation vivement conseill\u00e9e pour le concert, car nombre de places limit\u00e9. Contact\u00a0: <a href=\"mailto:photoclubgm@orange.fr\">photoclubgm@orange.fr<\/a> ou 06 80 73 06 34.<\/h5>\n<!-- AddThis Advanced Settings generic via filter on the_content --><!-- AddThis Share Buttons generic via filter on the_content -->","protected":false},"excerpt":{"rendered":"<p>L\u2019association Photo Vid\u00e9o Club Georges-M\u00e9li\u00e8s organise son 20\u00e8me salon International de la Photographie \u00e0 Mayet, du 7 au 15 mai. Deux autres expositions in\u00e9dites seront disponibles tout au long du mois de mai, avec notamment, 21 clich\u00e9s du spationaute Thomas Pesquet. &nbsp; Il se faisait attendre, il est enfin l\u00e0\u00a0! Le 20\u00e8me salon international de&hellip;<!-- AddThis Advanced Settings generic via filter on get_the_excerpt --><!-- AddThis Share Buttons generic via filter on get_the_excerpt --><\/p>\n","protected":false},"author":4,"featured_media":9603,"comment_status":"closed","ping_status":"open","sticky":false,"template":"","format":"standard","meta":{"footnotes":""},"categories":[1],"tags":[],"class_list":["post-9602","post","type-post","status-publish","format-standard","has-post-thumbnail","hentry","category-contact-fm-72","category-1","description-off"],"yoast_head":"<!-- This site is optimized with the Yoast SEO plugin v27.4 - https:\/\/yoast.com\/product\/yoast-seo-wordpress\/ -->\n<title>20\u00e8me Salon International de la Photographie de Mayet : Ils exposent les photos de Thomas Pesquet - Contact FM 99.3<\/title>\n<meta name=\"robots\" content=\"index, follow, max-snippet:-1, max-image-preview:large, max-video-preview:-1\" \/>\n<link rel=\"canonical\" href=\"https:\/\/contactfm72.fr\/?p=9602\" \/>\n<meta property=\"og:locale\" content=\"fr_FR\" \/>\n<meta property=\"og:type\" content=\"article\" \/>\n<meta property=\"og:title\" content=\"20\u00e8me Salon International de la Photographie de Mayet : Ils exposent les photos de Thomas Pesquet - Contact FM 99.3\" \/>\n<meta property=\"og:description\" content=\"L\u2019association Photo Vid\u00e9o Club Georges-M\u00e9li\u00e8s organise son 20\u00e8me salon International de la Photographie \u00e0 Mayet, du 7 au 15 mai. Deux autres expositions in\u00e9dites seront disponibles tout au long du mois de mai, avec notamment, 21 clich\u00e9s du spationaute Thomas Pesquet. &nbsp; Il se faisait attendre, il est enfin l\u00e0\u00a0! Le 20\u00e8me salon international de&hellip;\" \/>\n<meta property=\"og:url\" content=\"https:\/\/contactfm72.fr\/?p=9602\" \/>\n<meta property=\"og:site_name\" content=\"Contact FM 99.3\" \/>\n<meta property=\"article:publisher\" content=\"https:\/\/www.facebook.com\/Contactfm.Chateauduloir\" \/>\n<meta property=\"article:published_time\" content=\"2022-04-29T12:30:53+00:00\" \/>\n<meta property=\"og:image\" content=\"https:\/\/contactfm72.fr\/wp-content\/uploads\/2022\/04\/salon-de-la-photo.jpg\" \/>\n\t<meta property=\"og:image:width\" content=\"2048\" \/>\n\t<meta property=\"og:image:height\" content=\"1536\" \/>\n\t<meta property=\"og:image:type\" content=\"image\/jpeg\" \/>\n<meta name=\"author\" content=\"Val\u00e9rie C.\" \/>\n<meta name=\"twitter:card\" content=\"summary_large_image\" \/>\n<meta name=\"twitter:creator\" content=\"@contactfm72\" \/>\n<meta name=\"twitter:site\" content=\"@contactfm72\" \/>\n<meta name=\"twitter:label1\" content=\"\u00c9crit par\" \/>\n\t<meta name=\"twitter:data1\" content=\"Val\u00e9rie C.\" \/>\n\t<meta name=\"twitter:label2\" content=\"Dur\u00e9e de lecture estim\u00e9e\" \/>\n\t<meta name=\"twitter:data2\" content=\"3 minutes\" \/>\n<script type=\"application\/ld+json\" class=\"yoast-schema-graph\">{\"@context\":\"https:\\\/\\\/schema.org\",\"@graph\":[{\"@type\":\"Article\",\"@id\":\"https:\\\/\\\/contactfm72.fr\\\/?p=9602#article\",\"isPartOf\":{\"@id\":\"https:\\\/\\\/contactfm72.fr\\\/?p=9602\"},\"author\":{\"name\":\"Val\u00e9rie C.\",\"@id\":\"https:\\\/\\\/contactfm72.fr\\\/#\\\/schema\\\/person\\\/9fdc9d1c2eb029354a4f1535b90ba82d\"},\"headline\":\"20\u00e8me Salon International de la Photographie de Mayet : Ils exposent les photos de Thomas Pesquet\",\"datePublished\":\"2022-04-29T12:30:53+00:00\",\"mainEntityOfPage\":{\"@id\":\"https:\\\/\\\/contactfm72.fr\\\/?p=9602\"},\"wordCount\":555,\"publisher\":{\"@id\":\"https:\\\/\\\/contactfm72.fr\\\/#organization\"},\"image\":{\"@id\":\"https:\\\/\\\/contactfm72.fr\\\/?p=9602#primaryimage\"},\"thumbnailUrl\":\"https:\\\/\\\/contactfm72.fr\\\/wp-content\\\/uploads\\\/2022\\\/04\\\/salon-de-la-photo.jpg\",\"articleSection\":[\"Contact FM 72\"],\"inLanguage\":\"fr-FR\"},{\"@type\":\"WebPage\",\"@id\":\"https:\\\/\\\/contactfm72.fr\\\/?p=9602\",\"url\":\"https:\\\/\\\/contactfm72.fr\\\/?p=9602\",\"name\":\"20\u00e8me Salon International de la Photographie de Mayet : Ils exposent les photos de Thomas Pesquet - Contact FM 99.3\",\"isPartOf\":{\"@id\":\"https:\\\/\\\/contactfm72.fr\\\/#website\"},\"primaryImageOfPage\":{\"@id\":\"https:\\\/\\\/contactfm72.fr\\\/?p=9602#primaryimage\"},\"image\":{\"@id\":\"https:\\\/\\\/contactfm72.fr\\\/?p=9602#primaryimage\"},\"thumbnailUrl\":\"https:\\\/\\\/contactfm72.fr\\\/wp-content\\\/uploads\\\/2022\\\/04\\\/salon-de-la-photo.jpg\",\"datePublished\":\"2022-04-29T12:30:53+00:00\",\"breadcrumb\":{\"@id\":\"https:\\\/\\\/contactfm72.fr\\\/?p=9602#breadcrumb\"},\"inLanguage\":\"fr-FR\",\"potentialAction\":[{\"@type\":\"ReadAction\",\"target\":[\"https:\\\/\\\/contactfm72.fr\\\/?p=9602\"]}]},{\"@type\":\"ImageObject\",\"inLanguage\":\"fr-FR\",\"@id\":\"https:\\\/\\\/contactfm72.fr\\\/?p=9602#primaryimage\",\"url\":\"https:\\\/\\\/contactfm72.fr\\\/wp-content\\\/uploads\\\/2022\\\/04\\\/salon-de-la-photo.jpg\",\"contentUrl\":\"https:\\\/\\\/contactfm72.fr\\\/wp-content\\\/uploads\\\/2022\\\/04\\\/salon-de-la-photo.jpg\",\"width\":2048,\"height\":1536,\"caption\":\"Francis Coulon, Jeanne Renard et Marc Blach\u00e8re.\"},{\"@type\":\"BreadcrumbList\",\"@id\":\"https:\\\/\\\/contactfm72.fr\\\/?p=9602#breadcrumb\",\"itemListElement\":[{\"@type\":\"ListItem\",\"position\":1,\"name\":\"Accueil\",\"item\":\"https:\\\/\\\/contactfm72.fr\\\/\"},{\"@type\":\"ListItem\",\"position\":2,\"name\":\"20\u00e8me Salon International de la Photographie de Mayet : Ils exposent les photos de Thomas Pesquet\"}]},{\"@type\":\"WebSite\",\"@id\":\"https:\\\/\\\/contactfm72.fr\\\/#website\",\"url\":\"https:\\\/\\\/contactfm72.fr\\\/\",\"name\":\"Contact FM 99.3\",\"description\":\"Votre radio en vall\u00e9e du Loir\",\"publisher\":{\"@id\":\"https:\\\/\\\/contactfm72.fr\\\/#organization\"},\"potentialAction\":[{\"@type\":\"SearchAction\",\"target\":{\"@type\":\"EntryPoint\",\"urlTemplate\":\"https:\\\/\\\/contactfm72.fr\\\/?s={search_term_string}\"},\"query-input\":{\"@type\":\"PropertyValueSpecification\",\"valueRequired\":true,\"valueName\":\"search_term_string\"}}],\"inLanguage\":\"fr-FR\"},{\"@type\":\"Organization\",\"@id\":\"https:\\\/\\\/contactfm72.fr\\\/#organization\",\"name\":\"Contact FM 99.3\",\"url\":\"https:\\\/\\\/contactfm72.fr\\\/\",\"logo\":{\"@type\":\"ImageObject\",\"inLanguage\":\"fr-FR\",\"@id\":\"https:\\\/\\\/contactfm72.fr\\\/#\\\/schema\\\/logo\\\/image\\\/\",\"url\":\"https:\\\/\\\/contactfm72.fr\\\/wp-content\\\/uploads\\\/2025\\\/04\\\/2025-04-18-2.jpg\",\"contentUrl\":\"https:\\\/\\\/contactfm72.fr\\\/wp-content\\\/uploads\\\/2025\\\/04\\\/2025-04-18-2.jpg\",\"width\":680,\"height\":307,\"caption\":\"Contact FM 99.3\"},\"image\":{\"@id\":\"https:\\\/\\\/contactfm72.fr\\\/#\\\/schema\\\/logo\\\/image\\\/\"},\"sameAs\":[\"https:\\\/\\\/www.facebook.com\\\/Contactfm.Chateauduloir\",\"https:\\\/\\\/x.com\\\/contactfm72\",\"https:\\\/\\\/www.instagram.com\\\/contact.fm.72?igsh=cGhlMHQ5N2JlNnpp\",\"https:\\\/\\\/www.tiktok.com\\\/@contact.fm\"]},{\"@type\":\"Person\",\"@id\":\"https:\\\/\\\/contactfm72.fr\\\/#\\\/schema\\\/person\\\/9fdc9d1c2eb029354a4f1535b90ba82d\",\"name\":\"Val\u00e9rie C.\",\"image\":{\"@type\":\"ImageObject\",\"inLanguage\":\"fr-FR\",\"@id\":\"https:\\\/\\\/secure.gravatar.com\\\/avatar\\\/2f8aa28f8dfbd7d4420afd1fdcdd0a349923e2c8a38ab28198b0f9d0601e4737?s=96&d=mm&r=g\",\"url\":\"https:\\\/\\\/secure.gravatar.com\\\/avatar\\\/2f8aa28f8dfbd7d4420afd1fdcdd0a349923e2c8a38ab28198b0f9d0601e4737?s=96&d=mm&r=g\",\"contentUrl\":\"https:\\\/\\\/secure.gravatar.com\\\/avatar\\\/2f8aa28f8dfbd7d4420afd1fdcdd0a349923e2c8a38ab28198b0f9d0601e4737?s=96&d=mm&r=g\",\"caption\":\"Val\u00e9rie C.\"},\"url\":\"https:\\\/\\\/contactfm72.fr\\\/?author=4\"}]}<\/script>\n<!-- \/ Yoast SEO plugin. -->","yoast_head_json":{"title":"20\u00e8me Salon International de la Photographie de Mayet : Ils exposent les photos de Thomas Pesquet - Contact FM 99.3","robots":{"index":"index","follow":"follow","max-snippet":"max-snippet:-1","max-image-preview":"max-image-preview:large","max-video-preview":"max-video-preview:-1"},"canonical":"https:\/\/contactfm72.fr\/?p=9602","og_locale":"fr_FR","og_type":"article","og_title":"20\u00e8me Salon International de la Photographie de Mayet : Ils exposent les photos de Thomas Pesquet - Contact FM 99.3","og_description":"L\u2019association Photo Vid\u00e9o Club Georges-M\u00e9li\u00e8s organise son 20\u00e8me salon International de la Photographie \u00e0 Mayet, du 7 au 15 mai. Deux autres expositions in\u00e9dites seront disponibles tout au long du mois de mai, avec notamment, 21 clich\u00e9s du spationaute Thomas Pesquet. &nbsp; Il se faisait attendre, il est enfin l\u00e0\u00a0! Le 20\u00e8me salon international de&hellip;","og_url":"https:\/\/contactfm72.fr\/?p=9602","og_site_name":"Contact FM 99.3","article_publisher":"https:\/\/www.facebook.com\/Contactfm.Chateauduloir","article_published_time":"2022-04-29T12:30:53+00:00","og_image":[{"width":2048,"height":1536,"url":"https:\/\/contactfm72.fr\/wp-content\/uploads\/2022\/04\/salon-de-la-photo.jpg","type":"image\/jpeg"}],"author":"Val\u00e9rie C.","twitter_card":"summary_large_image","twitter_creator":"@contactfm72","twitter_site":"@contactfm72","twitter_misc":{"\u00c9crit par":"Val\u00e9rie C.","Dur\u00e9e de lecture estim\u00e9e":"3 minutes"},"schema":{"@context":"https:\/\/schema.org","@graph":[{"@type":"Article","@id":"https:\/\/contactfm72.fr\/?p=9602#article","isPartOf":{"@id":"https:\/\/contactfm72.fr\/?p=9602"},"author":{"name":"Val\u00e9rie C.","@id":"https:\/\/contactfm72.fr\/#\/schema\/person\/9fdc9d1c2eb029354a4f1535b90ba82d"},"headline":"20\u00e8me Salon International de la Photographie de Mayet : Ils exposent les photos de Thomas Pesquet","datePublished":"2022-04-29T12:30:53+00:00","mainEntityOfPage":{"@id":"https:\/\/contactfm72.fr\/?p=9602"},"wordCount":555,"publisher":{"@id":"https:\/\/contactfm72.fr\/#organization"},"image":{"@id":"https:\/\/contactfm72.fr\/?p=9602#primaryimage"},"thumbnailUrl":"https:\/\/contactfm72.fr\/wp-content\/uploads\/2022\/04\/salon-de-la-photo.jpg","articleSection":["Contact FM 72"],"inLanguage":"fr-FR"},{"@type":"WebPage","@id":"https:\/\/contactfm72.fr\/?p=9602","url":"https:\/\/contactfm72.fr\/?p=9602","name":"20\u00e8me Salon International de la Photographie de Mayet : Ils exposent les photos de Thomas Pesquet - Contact FM 99.3","isPartOf":{"@id":"https:\/\/contactfm72.fr\/#website"},"primaryImageOfPage":{"@id":"https:\/\/contactfm72.fr\/?p=9602#primaryimage"},"image":{"@id":"https:\/\/contactfm72.fr\/?p=9602#primaryimage"},"thumbnailUrl":"https:\/\/contactfm72.fr\/wp-content\/uploads\/2022\/04\/salon-de-la-photo.jpg","datePublished":"2022-04-29T12:30:53+00:00","breadcrumb":{"@id":"https:\/\/contactfm72.fr\/?p=9602#breadcrumb"},"inLanguage":"fr-FR","potentialAction":[{"@type":"ReadAction","target":["https:\/\/contactfm72.fr\/?p=9602"]}]},{"@type":"ImageObject","inLanguage":"fr-FR","@id":"https:\/\/contactfm72.fr\/?p=9602#primaryimage","url":"https:\/\/contactfm72.fr\/wp-content\/uploads\/2022\/04\/salon-de-la-photo.jpg","contentUrl":"https:\/\/contactfm72.fr\/wp-content\/uploads\/2022\/04\/salon-de-la-photo.jpg","width":2048,"height":1536,"caption":"Francis Coulon, Jeanne Renard et Marc Blach\u00e8re."},{"@type":"BreadcrumbList","@id":"https:\/\/contactfm72.fr\/?p=9602#breadcrumb","itemListElement":[{"@type":"ListItem","position":1,"name":"Accueil","item":"https:\/\/contactfm72.fr\/"},{"@type":"ListItem","position":2,"name":"20\u00e8me Salon International de la Photographie de Mayet : Ils exposent les photos de Thomas Pesquet"}]},{"@type":"WebSite","@id":"https:\/\/contactfm72.fr\/#website","url":"https:\/\/contactfm72.fr\/","name":"Contact FM 99.3","description":"Votre radio en vall\u00e9e du Loir","publisher":{"@id":"https:\/\/contactfm72.fr\/#organization"},"potentialAction":[{"@type":"SearchAction","target":{"@type":"EntryPoint","urlTemplate":"https:\/\/contactfm72.fr\/?s={search_term_string}"},"query-input":{"@type":"PropertyValueSpecification","valueRequired":true,"valueName":"search_term_string"}}],"inLanguage":"fr-FR"},{"@type":"Organization","@id":"https:\/\/contactfm72.fr\/#organization","name":"Contact FM 99.3","url":"https:\/\/contactfm72.fr\/","logo":{"@type":"ImageObject","inLanguage":"fr-FR","@id":"https:\/\/contactfm72.fr\/#\/schema\/logo\/image\/","url":"https:\/\/contactfm72.fr\/wp-content\/uploads\/2025\/04\/2025-04-18-2.jpg","contentUrl":"https:\/\/contactfm72.fr\/wp-content\/uploads\/2025\/04\/2025-04-18-2.jpg","width":680,"height":307,"caption":"Contact FM 99.3"},"image":{"@id":"https:\/\/contactfm72.fr\/#\/schema\/logo\/image\/"},"sameAs":["https:\/\/www.facebook.com\/Contactfm.Chateauduloir","https:\/\/x.com\/contactfm72","https:\/\/www.instagram.com\/contact.fm.72?igsh=cGhlMHQ5N2JlNnpp","https:\/\/www.tiktok.com\/@contact.fm"]},{"@type":"Person","@id":"https:\/\/contactfm72.fr\/#\/schema\/person\/9fdc9d1c2eb029354a4f1535b90ba82d","name":"Val\u00e9rie C.","image":{"@type":"ImageObject","inLanguage":"fr-FR","@id":"https:\/\/secure.gravatar.com\/avatar\/2f8aa28f8dfbd7d4420afd1fdcdd0a349923e2c8a38ab28198b0f9d0601e4737?s=96&d=mm&r=g","url":"https:\/\/secure.gravatar.com\/avatar\/2f8aa28f8dfbd7d4420afd1fdcdd0a349923e2c8a38ab28198b0f9d0601e4737?s=96&d=mm&r=g","contentUrl":"https:\/\/secure.gravatar.com\/avatar\/2f8aa28f8dfbd7d4420afd1fdcdd0a349923e2c8a38ab28198b0f9d0601e4737?s=96&d=mm&r=g","caption":"Val\u00e9rie C."},"url":"https:\/\/contactfm72.fr\/?author=4"}]}},"_links":{"self":[{"href":"https:\/\/contactfm72.fr\/index.php?rest_route=\/wp\/v2\/posts\/9602","targetHints":{"allow":["GET"]}}],"collection":[{"href":"https:\/\/contactfm72.fr\/index.php?rest_route=\/wp\/v2\/posts"}],"about":[{"href":"https:\/\/contactfm72.fr\/index.php?rest_route=\/wp\/v2\/types\/post"}],"author":[{"embeddable":true,"href":"https:\/\/contactfm72.fr\/index.php?rest_route=\/wp\/v2\/users\/4"}],"replies":[{"embeddable":true,"href":"https:\/\/contactfm72.fr\/index.php?rest_route=%2Fwp%2Fv2%2Fcomments&post=9602"}],"version-history":[{"count":1,"href":"https:\/\/contactfm72.fr\/index.php?rest_route=\/wp\/v2\/posts\/9602\/revisions"}],"predecessor-version":[{"id":9604,"href":"https:\/\/contactfm72.fr\/index.php?rest_route=\/wp\/v2\/posts\/9602\/revisions\/9604"}],"wp:featuredmedia":[{"embeddable":true,"href":"https:\/\/contactfm72.fr\/index.php?rest_route=\/wp\/v2\/media\/9603"}],"wp:attachment":[{"href":"https:\/\/contactfm72.fr\/index.php?rest_route=%2Fwp%2Fv2%2Fmedia&parent=9602"}],"wp:term":[{"taxonomy":"category","embeddable":true,"href":"https:\/\/contactfm72.fr\/index.php?rest_route=%2Fwp%2Fv2%2Fcategories&post=9602"},{"taxonomy":"post_tag","embeddable":true,"href":"https:\/\/contactfm72.fr\/index.php?rest_route=%2Fwp%2Fv2%2Ftags&post=9602"}],"curies":[{"name":"wp","href":"https:\/\/api.w.org\/{rel}","templated":true}]}}