{"id":9598,"date":"2022-04-28T15:30:19","date_gmt":"2022-04-28T13:30:19","guid":{"rendered":"http:\/\/contactfm72.fr\/?p=9598"},"modified":"2022-09-12T15:08:11","modified_gmt":"2022-09-12T13:08:11","slug":"une-journee-pour-feter-lenvironnement","status":"publish","type":"post","link":"https:\/\/contactfm72.fr\/?p=9598","title":{"rendered":"Montval-sur-Loir. Une journ\u00e9e pour f\u00eater l&#8217;environnement"},"content":{"rendered":"<h2>Le samedi 30 avril, la commission extra-municipale environnement et citoyennet\u00e9 de Montval-sur-Loir (Sarthe) organise la premi\u00e8re f\u00eate de l&#8217;environnement. Au programme : animations, sorties, conf\u00e9rences et d\u00e9couvertes autour de l&#8217;environnement.<\/h2>\n<p>&nbsp;<\/p>\n<p>\u00ab\u00a0C&#8217;est le premier grand rendez-vous de notre commission. L&#8217;id\u00e9e est de rencontrer la population et de valoriser toutes les initiatives personnelles. On aimerait que cette f\u00eate devienne p\u00e9renne\u00a0\u00bb, informe <strong>Martial M\u00e9aude, \u00e9lu et membre de la commission citoyennet\u00e9 et environnement <\/strong>de <strong>Montval-sur-Loir, <\/strong>dans la<strong> Sarthe<\/strong>.<\/p>\n<p>&nbsp;<\/p>\n<p>La premi\u00e8re f\u00eate de l&#8217;environnement de la mandature aurait d\u00fb se d\u00e9rouler l&#8217;an dernier. Or, en raison de la crise sanitaire, elle a d\u00fb \u00eatre report\u00e9e\u00a0:<\/p>\n<blockquote><p>\u00ab Nous souhaitons rassembler tous les acteurs, et surtout leurs connaissances, autour de la nature, de l&#8217;environnement, de l&#8217;\u00e9cologie. On retrouvera nos trois axes de travail : la d\u00e9marche d\u2019\u00e9co-responsabilit\u00e9, la mobilit\u00e9 et la gestion des d\u00e9chets \u00bb fait savoir Pierre Huger, membre de la commission.<\/p><\/blockquote>\n<p>&nbsp;<\/p>\n<p>Pour se faire, le <strong>samedi 30 avril, de 9h \u00e0 17h<\/strong>, une grande f\u00eate autour de l&#8217;environnement est organis\u00e9e \u00e0 l&#8217;espace des<strong> R\u00e9collets de Ch\u00e2teau-du-Loir<\/strong>, avec au programme plusieurs animations, des stands, des conf\u00e9rences ou encore des sorties observations.<\/p>\n<p>&nbsp;<\/p>\n<h3><strong>Stands et animations<\/strong><\/h3>\n<p>Lors de cette journ\u00e9e, plusieurs stands seront install\u00e9s\u00a0: la biblioth\u00e8que proposera des<strong> tables th\u00e9matiques de livres et jeux sur le jardin<\/strong>, une animation autour du <strong>broyage au terreau<\/strong> avec Christian B\u00e9chu et l&#8217;observation d&#8217;un <strong>compost<\/strong>, des <strong>astuces z\u00e9ro d\u00e9chets<\/strong>, de la <strong>permaculture avec l&#8217;asso Croccus<\/strong>, le<strong> jardinier sarthois<\/strong> sera \u00e9galement pr\u00e9sent, tout comme l&#8217;<strong>association Atre<\/strong>, ou encore de la <strong>fabrication de nichoirs avec l&#8217;association l&#8217;outil en main.<\/strong><\/p>\n<blockquote><p>\u00ab L&#8217;entreprise Starway de v\u00e9lo \u00e0 assistance \u00e9lectrique sera \u00e9galement pr\u00e9sente afin de faire des d\u00e9monstrations et essais. Ce sera l&#8217;occasion de mettre en avant nos aides pour les usagers \u00bb, explique Martial M\u00e9aude.<\/p><\/blockquote>\n<p><strong>\u00a0<\/strong><\/p>\n<h3><strong>Des quiz toutes les heures<\/strong><\/h3>\n<p>Toute la journ\u00e9e, en plus de pr\u00e9senter des astuces bio d\u00e9chets, le <strong>Syndicat Mixte Val de Loir<\/strong> organisera des quiz afin de gagner des poules et des composteurs\u00a0: \u00ab\u00a0C&#8217;est un partenariat avec le vendeur de poules du march\u00e9. C&#8217;est un ticket qui vous sera remis. D\u00e8s lors, il vous sera proposer une promotion pour acheter une 2\u00e8me poule\u00a0\u00bb, font savoir les membres.<\/p>\n<p><strong>\u00a0<\/strong><\/p>\n<h3>Programme d\u00e9taill\u00e9<\/h3>\n<p>La journ\u00e9e se d\u00e9roulera comme suit, de 9h \u00e0 17h, sur l&#8217;esplanade des R\u00e9collets de Montval-sur-Loir\u00a0:<\/p>\n<ul>\n<li>9h\u00a0: Ouverture du Troc Plantes, o\u00f9 le syst\u00e8me d&#8217;\u00e9change de plantes sera toujours en vigueur, sur toute la journ\u00e9e.<\/li>\n<li>10h-11h et 16h-17h\u00a0: Conf\u00e9rence sur les papillons de jour et de nuit locaux par Cor Van den Ham.<\/li>\n<li>10h30-12h\u00a0: Atelier peinture v\u00e9g\u00e9tale et art floral.<\/li>\n<li>11h30-12h30\u00a0: Diaporama sur les oiseaux de la Sarthe par la Ligue de Protection des Oiseaux.<\/li>\n<li>14h-14h30\u00a0: A la biblioth\u00e8que, graines de conte en germination.<\/li>\n<li>14h30-16h\u00a0: Atelier peinture v\u00e9g\u00e9tale.<\/li>\n<li>15h-16h\u00a0: Sortie botanique plantes sauvages comestibles avec Nadine Cherron. Animation Asso Croccus, qu&#8217;est ce qu&#8217;un \u00e9co-syst\u00e8me\u00a0? Atelier familial \u00e0 la biblioth\u00e8que \u00ab\u00a0fabrication de bombes \u00e0 graines\u00a0\u00bb. Conf\u00e9rence autour de l&#8217;observation des oiseaux.<\/li>\n<\/ul>\n<p>&nbsp;<\/p>\n<p>Pour les conf\u00e9rences et les sorties, il est pr\u00e9f\u00e9rable de vous inscrire au pr\u00e9alable afin de vous assurer une place. Pour la sortie observation des oiseaux, si possible, apporter des jumelles. Le club ados du centre social proposera une restauration cr\u00eapes et boisson.<\/p>\n<p>&nbsp;<\/p>\n<h5>Rendez-vous le samedi 30 avril, de 9h \u00e0 17h, sur l&#8217;esplanade des R\u00e9collets \u00e0 Ch\u00e2teau-du-Loir.<\/h5>\n<!-- AddThis Advanced Settings generic via filter on the_content --><!-- AddThis Share Buttons generic via filter on the_content -->","protected":false},"excerpt":{"rendered":"<p>Le samedi 30 avril, la commission extra-municipale environnement et citoyennet\u00e9 de Montval-sur-Loir (Sarthe) organise la premi\u00e8re f\u00eate de l&#8217;environnement. Au programme : animations, sorties, conf\u00e9rences et d\u00e9couvertes autour de l&#8217;environnement. &nbsp; \u00ab\u00a0C&#8217;est le premier grand rendez-vous de notre commission. L&#8217;id\u00e9e est de rencontrer la population et de valoriser toutes les initiatives personnelles. On aimerait que&hellip;<!-- AddThis Advanced Settings generic via filter on get_the_excerpt --><!-- AddThis Share Buttons generic via filter on get_the_excerpt --><\/p>\n","protected":false},"author":4,"featured_media":9599,"comment_status":"closed","ping_status":"open","sticky":false,"template":"","format":"standard","meta":{"footnotes":""},"categories":[1],"tags":[],"class_list":["post-9598","post","type-post","status-publish","format-standard","has-post-thumbnail","hentry","category-contact-fm-72","category-1","description-off"],"yoast_head":"<!-- This site is optimized with the Yoast SEO plugin v27.4 - https:\/\/yoast.com\/product\/yoast-seo-wordpress\/ -->\n<title>Montval-sur-Loir. Une journ\u00e9e pour f\u00eater l&#039;environnement - Contact FM 99.3<\/title>\n<meta name=\"robots\" content=\"index, follow, max-snippet:-1, max-image-preview:large, max-video-preview:-1\" \/>\n<link rel=\"canonical\" href=\"https:\/\/contactfm72.fr\/?p=9598\" \/>\n<meta property=\"og:locale\" content=\"fr_FR\" \/>\n<meta property=\"og:type\" content=\"article\" \/>\n<meta property=\"og:title\" content=\"Montval-sur-Loir. Une journ\u00e9e pour f\u00eater l&#039;environnement - Contact FM 99.3\" \/>\n<meta property=\"og:description\" content=\"Le samedi 30 avril, la commission extra-municipale environnement et citoyennet\u00e9 de Montval-sur-Loir (Sarthe) organise la premi\u00e8re f\u00eate de l&#8217;environnement. Au programme : animations, sorties, conf\u00e9rences et d\u00e9couvertes autour de l&#8217;environnement. &nbsp; \u00ab\u00a0C&#8217;est le premier grand rendez-vous de notre commission. L&#8217;id\u00e9e est de rencontrer la population et de valoriser toutes les initiatives personnelles. On aimerait que&hellip;\" \/>\n<meta property=\"og:url\" content=\"https:\/\/contactfm72.fr\/?p=9598\" \/>\n<meta property=\"og:site_name\" content=\"Contact FM 99.3\" \/>\n<meta property=\"article:publisher\" content=\"https:\/\/www.facebook.com\/Contactfm.Chateauduloir\" \/>\n<meta property=\"article:published_time\" content=\"2022-04-28T13:30:19+00:00\" \/>\n<meta property=\"article:modified_time\" content=\"2022-09-12T13:08:11+00:00\" \/>\n<meta property=\"og:image\" content=\"https:\/\/contactfm72.fr\/wp-content\/uploads\/2022\/04\/f\u00eate-de-lenvironnement.jpg\" \/>\n\t<meta property=\"og:image:width\" content=\"2048\" \/>\n\t<meta property=\"og:image:height\" content=\"1536\" \/>\n\t<meta property=\"og:image:type\" content=\"image\/jpeg\" \/>\n<meta name=\"author\" content=\"Val\u00e9rie C.\" \/>\n<meta name=\"twitter:card\" content=\"summary_large_image\" \/>\n<meta name=\"twitter:creator\" content=\"@contactfm72\" \/>\n<meta name=\"twitter:site\" content=\"@contactfm72\" \/>\n<meta name=\"twitter:label1\" content=\"\u00c9crit par\" \/>\n\t<meta name=\"twitter:data1\" content=\"Val\u00e9rie C.\" \/>\n\t<meta name=\"twitter:label2\" content=\"Dur\u00e9e de lecture estim\u00e9e\" \/>\n\t<meta name=\"twitter:data2\" content=\"3 minutes\" \/>\n<script type=\"application\/ld+json\" class=\"yoast-schema-graph\">{\"@context\":\"https:\\\/\\\/schema.org\",\"@graph\":[{\"@type\":\"Article\",\"@id\":\"https:\\\/\\\/contactfm72.fr\\\/?p=9598#article\",\"isPartOf\":{\"@id\":\"https:\\\/\\\/contactfm72.fr\\\/?p=9598\"},\"author\":{\"name\":\"Val\u00e9rie C.\",\"@id\":\"https:\\\/\\\/contactfm72.fr\\\/#\\\/schema\\\/person\\\/9fdc9d1c2eb029354a4f1535b90ba82d\"},\"headline\":\"Montval-sur-Loir. Une journ\u00e9e pour f\u00eater l&#8217;environnement\",\"datePublished\":\"2022-04-28T13:30:19+00:00\",\"dateModified\":\"2022-09-12T13:08:11+00:00\",\"mainEntityOfPage\":{\"@id\":\"https:\\\/\\\/contactfm72.fr\\\/?p=9598\"},\"wordCount\":629,\"publisher\":{\"@id\":\"https:\\\/\\\/contactfm72.fr\\\/#organization\"},\"image\":{\"@id\":\"https:\\\/\\\/contactfm72.fr\\\/?p=9598#primaryimage\"},\"thumbnailUrl\":\"https:\\\/\\\/contactfm72.fr\\\/wp-content\\\/uploads\\\/2022\\\/04\\\/f\u00eate-de-lenvironnement.jpg\",\"articleSection\":[\"Contact FM 72\"],\"inLanguage\":\"fr-FR\"},{\"@type\":\"WebPage\",\"@id\":\"https:\\\/\\\/contactfm72.fr\\\/?p=9598\",\"url\":\"https:\\\/\\\/contactfm72.fr\\\/?p=9598\",\"name\":\"Montval-sur-Loir. Une journ\u00e9e pour f\u00eater l'environnement - Contact FM 99.3\",\"isPartOf\":{\"@id\":\"https:\\\/\\\/contactfm72.fr\\\/#website\"},\"primaryImageOfPage\":{\"@id\":\"https:\\\/\\\/contactfm72.fr\\\/?p=9598#primaryimage\"},\"image\":{\"@id\":\"https:\\\/\\\/contactfm72.fr\\\/?p=9598#primaryimage\"},\"thumbnailUrl\":\"https:\\\/\\\/contactfm72.fr\\\/wp-content\\\/uploads\\\/2022\\\/04\\\/f\u00eate-de-lenvironnement.jpg\",\"datePublished\":\"2022-04-28T13:30:19+00:00\",\"dateModified\":\"2022-09-12T13:08:11+00:00\",\"breadcrumb\":{\"@id\":\"https:\\\/\\\/contactfm72.fr\\\/?p=9598#breadcrumb\"},\"inLanguage\":\"fr-FR\",\"potentialAction\":[{\"@type\":\"ReadAction\",\"target\":[\"https:\\\/\\\/contactfm72.fr\\\/?p=9598\"]}]},{\"@type\":\"ImageObject\",\"inLanguage\":\"fr-FR\",\"@id\":\"https:\\\/\\\/contactfm72.fr\\\/?p=9598#primaryimage\",\"url\":\"https:\\\/\\\/contactfm72.fr\\\/wp-content\\\/uploads\\\/2022\\\/04\\\/f\u00eate-de-lenvironnement.jpg\",\"contentUrl\":\"https:\\\/\\\/contactfm72.fr\\\/wp-content\\\/uploads\\\/2022\\\/04\\\/f\u00eate-de-lenvironnement.jpg\",\"width\":2048,\"height\":1536,\"caption\":\"Pierre Huger et Martial M\u00e9aude font tous les deux partis de la commission extra-municipale citoyennet\u00e9 et environnement de Montval-sur-Loir.\"},{\"@type\":\"BreadcrumbList\",\"@id\":\"https:\\\/\\\/contactfm72.fr\\\/?p=9598#breadcrumb\",\"itemListElement\":[{\"@type\":\"ListItem\",\"position\":1,\"name\":\"Accueil\",\"item\":\"https:\\\/\\\/contactfm72.fr\\\/\"},{\"@type\":\"ListItem\",\"position\":2,\"name\":\"Montval-sur-Loir. Une journ\u00e9e pour f\u00eater l&#8217;environnement\"}]},{\"@type\":\"WebSite\",\"@id\":\"https:\\\/\\\/contactfm72.fr\\\/#website\",\"url\":\"https:\\\/\\\/contactfm72.fr\\\/\",\"name\":\"Contact FM 99.3\",\"description\":\"Votre radio en vall\u00e9e du Loir\",\"publisher\":{\"@id\":\"https:\\\/\\\/contactfm72.fr\\\/#organization\"},\"potentialAction\":[{\"@type\":\"SearchAction\",\"target\":{\"@type\":\"EntryPoint\",\"urlTemplate\":\"https:\\\/\\\/contactfm72.fr\\\/?s={search_term_string}\"},\"query-input\":{\"@type\":\"PropertyValueSpecification\",\"valueRequired\":true,\"valueName\":\"search_term_string\"}}],\"inLanguage\":\"fr-FR\"},{\"@type\":\"Organization\",\"@id\":\"https:\\\/\\\/contactfm72.fr\\\/#organization\",\"name\":\"Contact FM 99.3\",\"url\":\"https:\\\/\\\/contactfm72.fr\\\/\",\"logo\":{\"@type\":\"ImageObject\",\"inLanguage\":\"fr-FR\",\"@id\":\"https:\\\/\\\/contactfm72.fr\\\/#\\\/schema\\\/logo\\\/image\\\/\",\"url\":\"https:\\\/\\\/contactfm72.fr\\\/wp-content\\\/uploads\\\/2025\\\/04\\\/2025-04-18-2.jpg\",\"contentUrl\":\"https:\\\/\\\/contactfm72.fr\\\/wp-content\\\/uploads\\\/2025\\\/04\\\/2025-04-18-2.jpg\",\"width\":680,\"height\":307,\"caption\":\"Contact FM 99.3\"},\"image\":{\"@id\":\"https:\\\/\\\/contactfm72.fr\\\/#\\\/schema\\\/logo\\\/image\\\/\"},\"sameAs\":[\"https:\\\/\\\/www.facebook.com\\\/Contactfm.Chateauduloir\",\"https:\\\/\\\/x.com\\\/contactfm72\",\"https:\\\/\\\/www.instagram.com\\\/contact.fm.72?igsh=cGhlMHQ5N2JlNnpp\",\"https:\\\/\\\/www.tiktok.com\\\/@contact.fm\"]},{\"@type\":\"Person\",\"@id\":\"https:\\\/\\\/contactfm72.fr\\\/#\\\/schema\\\/person\\\/9fdc9d1c2eb029354a4f1535b90ba82d\",\"name\":\"Val\u00e9rie C.\",\"image\":{\"@type\":\"ImageObject\",\"inLanguage\":\"fr-FR\",\"@id\":\"https:\\\/\\\/secure.gravatar.com\\\/avatar\\\/2f8aa28f8dfbd7d4420afd1fdcdd0a349923e2c8a38ab28198b0f9d0601e4737?s=96&d=mm&r=g\",\"url\":\"https:\\\/\\\/secure.gravatar.com\\\/avatar\\\/2f8aa28f8dfbd7d4420afd1fdcdd0a349923e2c8a38ab28198b0f9d0601e4737?s=96&d=mm&r=g\",\"contentUrl\":\"https:\\\/\\\/secure.gravatar.com\\\/avatar\\\/2f8aa28f8dfbd7d4420afd1fdcdd0a349923e2c8a38ab28198b0f9d0601e4737?s=96&d=mm&r=g\",\"caption\":\"Val\u00e9rie C.\"},\"url\":\"https:\\\/\\\/contactfm72.fr\\\/?author=4\"}]}<\/script>\n<!-- \/ Yoast SEO plugin. -->","yoast_head_json":{"title":"Montval-sur-Loir. Une journ\u00e9e pour f\u00eater l'environnement - Contact FM 99.3","robots":{"index":"index","follow":"follow","max-snippet":"max-snippet:-1","max-image-preview":"max-image-preview:large","max-video-preview":"max-video-preview:-1"},"canonical":"https:\/\/contactfm72.fr\/?p=9598","og_locale":"fr_FR","og_type":"article","og_title":"Montval-sur-Loir. Une journ\u00e9e pour f\u00eater l'environnement - Contact FM 99.3","og_description":"Le samedi 30 avril, la commission extra-municipale environnement et citoyennet\u00e9 de Montval-sur-Loir (Sarthe) organise la premi\u00e8re f\u00eate de l&#8217;environnement. Au programme : animations, sorties, conf\u00e9rences et d\u00e9couvertes autour de l&#8217;environnement. &nbsp; \u00ab\u00a0C&#8217;est le premier grand rendez-vous de notre commission. L&#8217;id\u00e9e est de rencontrer la population et de valoriser toutes les initiatives personnelles. On aimerait que&hellip;","og_url":"https:\/\/contactfm72.fr\/?p=9598","og_site_name":"Contact FM 99.3","article_publisher":"https:\/\/www.facebook.com\/Contactfm.Chateauduloir","article_published_time":"2022-04-28T13:30:19+00:00","article_modified_time":"2022-09-12T13:08:11+00:00","og_image":[{"width":2048,"height":1536,"url":"https:\/\/contactfm72.fr\/wp-content\/uploads\/2022\/04\/f\u00eate-de-lenvironnement.jpg","type":"image\/jpeg"}],"author":"Val\u00e9rie C.","twitter_card":"summary_large_image","twitter_creator":"@contactfm72","twitter_site":"@contactfm72","twitter_misc":{"\u00c9crit par":"Val\u00e9rie C.","Dur\u00e9e de lecture estim\u00e9e":"3 minutes"},"schema":{"@context":"https:\/\/schema.org","@graph":[{"@type":"Article","@id":"https:\/\/contactfm72.fr\/?p=9598#article","isPartOf":{"@id":"https:\/\/contactfm72.fr\/?p=9598"},"author":{"name":"Val\u00e9rie C.","@id":"https:\/\/contactfm72.fr\/#\/schema\/person\/9fdc9d1c2eb029354a4f1535b90ba82d"},"headline":"Montval-sur-Loir. Une journ\u00e9e pour f\u00eater l&#8217;environnement","datePublished":"2022-04-28T13:30:19+00:00","dateModified":"2022-09-12T13:08:11+00:00","mainEntityOfPage":{"@id":"https:\/\/contactfm72.fr\/?p=9598"},"wordCount":629,"publisher":{"@id":"https:\/\/contactfm72.fr\/#organization"},"image":{"@id":"https:\/\/contactfm72.fr\/?p=9598#primaryimage"},"thumbnailUrl":"https:\/\/contactfm72.fr\/wp-content\/uploads\/2022\/04\/f\u00eate-de-lenvironnement.jpg","articleSection":["Contact FM 72"],"inLanguage":"fr-FR"},{"@type":"WebPage","@id":"https:\/\/contactfm72.fr\/?p=9598","url":"https:\/\/contactfm72.fr\/?p=9598","name":"Montval-sur-Loir. Une journ\u00e9e pour f\u00eater l'environnement - Contact FM 99.3","isPartOf":{"@id":"https:\/\/contactfm72.fr\/#website"},"primaryImageOfPage":{"@id":"https:\/\/contactfm72.fr\/?p=9598#primaryimage"},"image":{"@id":"https:\/\/contactfm72.fr\/?p=9598#primaryimage"},"thumbnailUrl":"https:\/\/contactfm72.fr\/wp-content\/uploads\/2022\/04\/f\u00eate-de-lenvironnement.jpg","datePublished":"2022-04-28T13:30:19+00:00","dateModified":"2022-09-12T13:08:11+00:00","breadcrumb":{"@id":"https:\/\/contactfm72.fr\/?p=9598#breadcrumb"},"inLanguage":"fr-FR","potentialAction":[{"@type":"ReadAction","target":["https:\/\/contactfm72.fr\/?p=9598"]}]},{"@type":"ImageObject","inLanguage":"fr-FR","@id":"https:\/\/contactfm72.fr\/?p=9598#primaryimage","url":"https:\/\/contactfm72.fr\/wp-content\/uploads\/2022\/04\/f\u00eate-de-lenvironnement.jpg","contentUrl":"https:\/\/contactfm72.fr\/wp-content\/uploads\/2022\/04\/f\u00eate-de-lenvironnement.jpg","width":2048,"height":1536,"caption":"Pierre Huger et Martial M\u00e9aude font tous les deux partis de la commission extra-municipale citoyennet\u00e9 et environnement de Montval-sur-Loir."},{"@type":"BreadcrumbList","@id":"https:\/\/contactfm72.fr\/?p=9598#breadcrumb","itemListElement":[{"@type":"ListItem","position":1,"name":"Accueil","item":"https:\/\/contactfm72.fr\/"},{"@type":"ListItem","position":2,"name":"Montval-sur-Loir. Une journ\u00e9e pour f\u00eater l&#8217;environnement"}]},{"@type":"WebSite","@id":"https:\/\/contactfm72.fr\/#website","url":"https:\/\/contactfm72.fr\/","name":"Contact FM 99.3","description":"Votre radio en vall\u00e9e du Loir","publisher":{"@id":"https:\/\/contactfm72.fr\/#organization"},"potentialAction":[{"@type":"SearchAction","target":{"@type":"EntryPoint","urlTemplate":"https:\/\/contactfm72.fr\/?s={search_term_string}"},"query-input":{"@type":"PropertyValueSpecification","valueRequired":true,"valueName":"search_term_string"}}],"inLanguage":"fr-FR"},{"@type":"Organization","@id":"https:\/\/contactfm72.fr\/#organization","name":"Contact FM 99.3","url":"https:\/\/contactfm72.fr\/","logo":{"@type":"ImageObject","inLanguage":"fr-FR","@id":"https:\/\/contactfm72.fr\/#\/schema\/logo\/image\/","url":"https:\/\/contactfm72.fr\/wp-content\/uploads\/2025\/04\/2025-04-18-2.jpg","contentUrl":"https:\/\/contactfm72.fr\/wp-content\/uploads\/2025\/04\/2025-04-18-2.jpg","width":680,"height":307,"caption":"Contact FM 99.3"},"image":{"@id":"https:\/\/contactfm72.fr\/#\/schema\/logo\/image\/"},"sameAs":["https:\/\/www.facebook.com\/Contactfm.Chateauduloir","https:\/\/x.com\/contactfm72","https:\/\/www.instagram.com\/contact.fm.72?igsh=cGhlMHQ5N2JlNnpp","https:\/\/www.tiktok.com\/@contact.fm"]},{"@type":"Person","@id":"https:\/\/contactfm72.fr\/#\/schema\/person\/9fdc9d1c2eb029354a4f1535b90ba82d","name":"Val\u00e9rie C.","image":{"@type":"ImageObject","inLanguage":"fr-FR","@id":"https:\/\/secure.gravatar.com\/avatar\/2f8aa28f8dfbd7d4420afd1fdcdd0a349923e2c8a38ab28198b0f9d0601e4737?s=96&d=mm&r=g","url":"https:\/\/secure.gravatar.com\/avatar\/2f8aa28f8dfbd7d4420afd1fdcdd0a349923e2c8a38ab28198b0f9d0601e4737?s=96&d=mm&r=g","contentUrl":"https:\/\/secure.gravatar.com\/avatar\/2f8aa28f8dfbd7d4420afd1fdcdd0a349923e2c8a38ab28198b0f9d0601e4737?s=96&d=mm&r=g","caption":"Val\u00e9rie C."},"url":"https:\/\/contactfm72.fr\/?author=4"}]}},"_links":{"self":[{"href":"https:\/\/contactfm72.fr\/index.php?rest_route=\/wp\/v2\/posts\/9598","targetHints":{"allow":["GET"]}}],"collection":[{"href":"https:\/\/contactfm72.fr\/index.php?rest_route=\/wp\/v2\/posts"}],"about":[{"href":"https:\/\/contactfm72.fr\/index.php?rest_route=\/wp\/v2\/types\/post"}],"author":[{"embeddable":true,"href":"https:\/\/contactfm72.fr\/index.php?rest_route=\/wp\/v2\/users\/4"}],"replies":[{"embeddable":true,"href":"https:\/\/contactfm72.fr\/index.php?rest_route=%2Fwp%2Fv2%2Fcomments&post=9598"}],"version-history":[{"count":5,"href":"https:\/\/contactfm72.fr\/index.php?rest_route=\/wp\/v2\/posts\/9598\/revisions"}],"predecessor-version":[{"id":10998,"href":"https:\/\/contactfm72.fr\/index.php?rest_route=\/wp\/v2\/posts\/9598\/revisions\/10998"}],"wp:featuredmedia":[{"embeddable":true,"href":"https:\/\/contactfm72.fr\/index.php?rest_route=\/wp\/v2\/media\/9599"}],"wp:attachment":[{"href":"https:\/\/contactfm72.fr\/index.php?rest_route=%2Fwp%2Fv2%2Fmedia&parent=9598"}],"wp:term":[{"taxonomy":"category","embeddable":true,"href":"https:\/\/contactfm72.fr\/index.php?rest_route=%2Fwp%2Fv2%2Fcategories&post=9598"},{"taxonomy":"post_tag","embeddable":true,"href":"https:\/\/contactfm72.fr\/index.php?rest_route=%2Fwp%2Fv2%2Ftags&post=9598"}],"curies":[{"name":"wp","href":"https:\/\/api.w.org\/{rel}","templated":true}]}}