{"id":9594,"date":"2022-04-25T16:14:00","date_gmt":"2022-04-25T14:14:00","guid":{"rendered":"http:\/\/contactfm72.fr\/?p=9594"},"modified":"2022-09-12T15:09:25","modified_gmt":"2022-09-12T13:09:25","slug":"quand-la-danse-rencontre-la-boxe","status":"publish","type":"post","link":"https:\/\/contactfm72.fr\/?p=9594","title":{"rendered":"La Chartre-sur-le-Loir. Quand la danse rencontre la boxe"},"content":{"rendered":"<h2 class=\"Standard\">Florence Loison et Jeremy Bonola, respectivement danseuse et boxeur professionnels, ont d\u00e9marr\u00e9 leur premier stage danse &amp; boxe, \u00e0 la Chartre-sur-le-Loir. Tous deux veulent r\u00e9duire \u00e0 n\u00e9ant les st\u00e9r\u00e9otypes du genre gr\u00e2ce \u00e0 l&#8217;enseignement de leur discipline.<\/h2>\n<p class=\"Standard\">C&#8217;\u00e9tait une premi\u00e8re. La <strong>chor\u00e9graphe danseuse de Zutana Bazar<\/strong>, <strong>Florence Loison, et Jeremy Bonola, boxeur professionnel<\/strong>, se sont associ\u00e9s afin de proposer un stage &#8220;danse &amp; boxe&#8221;. A la <strong>Chartre-sur-le-Loir<\/strong>, dans la <strong>Sarthe<\/strong>, vendredi 22 avril, deux s\u00e9ances \u00e9taient propos\u00e9es : un stage pour jeunes avec neuf adolescents du centre social Val-de-Loir et un autre stage pour adultes, compos\u00e9 que de femmes.<\/p>\n<blockquote>\n<p class=\"Standard\">\u00ab Les jeunes ont beaucoup aim\u00e9, m\u00eame si faire de la danse \u00e9tait compliqu\u00e9 pour certains, ce qui est en soi un v\u00e9ritable paradoxe. Dans leur mouvement, ils \u00e9taient plus libres dans la danse que dans la boxe \u00bb, informe Florence Loison.<\/p>\n<\/blockquote>\n<h3 class=\"Standard\">Deux disciplines communes<\/h3>\n<blockquote>\n<p class=\"Standard\">\u00ab\u00a0Jeremy m&#8217;a coach\u00e9 en boxe anglaise pour mon propre d\u00e9veloppement en tant que danseuse professionnelle. Les sports de combat en g\u00e9n\u00e9ral sont tr\u00e8s int\u00e9ressants pour les danseurs afin de d\u00e9velopper son axe et son centre pour la coordination des mouvements\u00a0\u00bb, explique Florence Loison.<\/p>\n<\/blockquote>\n<p class=\"Standard\">Dans sa derni\u00e8re cr\u00e9ation <strong>\u00ab\u00a0Human Scale\u00a0\u00bb<\/strong>, la compagnie de danse aborde par ailleurs les notions de<strong> territoire, d&#8217;attaque et de d\u00e9fense<\/strong>, ce qui explique donc l&#8217;int\u00e9r\u00eat de la danseuse pour les <strong>sports de combat<\/strong>. \u00ab\u00a0Le boxeur a besoin <strong>d&#8217;agilit\u00e9, de l\u00e9g\u00e8ret\u00e9 dans ses mouvements<\/strong>. Ils se <strong>nourrissent de la danse<\/strong>. Lorsque j&#8217;emm\u00e8ne des jeunes en comp\u00e9tition, on ne parle que de performances, toujours dans un rapport violent. L\u00e0, on voit comment laisser sortir ses \u00e9motions et les contr\u00f4ler. On inculque des valeurs utiles dans la vie de tous les jours\u00a0\u00bb, continue Jeremy Bonola.<\/p>\n<p class=\"Standard\">En somme, <strong>deux disciplines compl\u00e9mentaires<\/strong> avec un d\u00e9nominateur commun, le corps.<\/p>\n<h3 class=\"Standard\"><b>Faire taire les pr\u00e9jug\u00e9s<\/b><\/h3>\n<p class=\"Standard\">Outre l&#8217;apprentissage de ses deux disciplines, les deux professionnels souhaitent passer un <strong>message essentiel<\/strong>, celui de casser les pr\u00e9jug\u00e9s dans une optique de st\u00e9r\u00e9otypes du genre.<\/p>\n<blockquote>\n<p class=\"Standard\">\u00ab\u00a0On a trop entendu dire que la danse est une discipline pour femmes, et la boxe, pour les hommes. C&#8217;est faux. Les deux sont compl\u00e9mentaires. La plupart des grands boxeurs ont fait de la danse classique. Ce sont deux disciplines tr\u00e8s proches\u00a0\u00bb fait savoir Florence Loison.<\/p>\n<\/blockquote>\n<p class=\"Standard\">Les stages danse &amp; boxe ne font que commencer, mais les deux professionnels souhaitent bien entendu d\u00e9velopper ce format.<\/p>\n<p>&nbsp;<\/p>\n<h5 class=\"Standard\">Plus de renseignements : <a href=\"https:\/\/www.zutanobazar.fr\/stage-danse-boxe\/\">site internet de la compagnie<\/a>.<\/h5>\n<p class=\"Standard\">\n<!-- AddThis Advanced Settings generic via filter on the_content --><!-- AddThis Share Buttons generic via filter on the_content -->","protected":false},"excerpt":{"rendered":"<p>Florence Loison et Jeremy Bonola, respectivement danseuse et boxeur professionnels, ont d\u00e9marr\u00e9 leur premier stage danse &amp; boxe, \u00e0 la Chartre-sur-le-Loir. Tous deux veulent r\u00e9duire \u00e0 n\u00e9ant les st\u00e9r\u00e9otypes du genre gr\u00e2ce \u00e0 l&#8217;enseignement de leur discipline. C&#8217;\u00e9tait une premi\u00e8re. La chor\u00e9graphe danseuse de Zutana Bazar, Florence Loison, et Jeremy Bonola, boxeur professionnel, se sont&hellip;<!-- AddThis Advanced Settings generic via filter on get_the_excerpt --><!-- AddThis Share Buttons generic via filter on get_the_excerpt --><\/p>\n","protected":false},"author":4,"featured_media":9595,"comment_status":"closed","ping_status":"open","sticky":false,"template":"","format":"standard","meta":{"footnotes":""},"categories":[1],"tags":[],"class_list":["post-9594","post","type-post","status-publish","format-standard","has-post-thumbnail","hentry","category-contact-fm-72","category-1","description-off"],"yoast_head":"<!-- This site is optimized with the Yoast SEO plugin v27.4 - https:\/\/yoast.com\/product\/yoast-seo-wordpress\/ -->\n<title>La Chartre-sur-le-Loir. Quand la danse rencontre la boxe - Contact FM 99.3<\/title>\n<meta name=\"robots\" content=\"index, follow, max-snippet:-1, max-image-preview:large, max-video-preview:-1\" \/>\n<link rel=\"canonical\" href=\"https:\/\/contactfm72.fr\/?p=9594\" \/>\n<meta property=\"og:locale\" content=\"fr_FR\" \/>\n<meta property=\"og:type\" content=\"article\" \/>\n<meta property=\"og:title\" content=\"La Chartre-sur-le-Loir. Quand la danse rencontre la boxe - Contact FM 99.3\" \/>\n<meta property=\"og:description\" content=\"Florence Loison et Jeremy Bonola, respectivement danseuse et boxeur professionnels, ont d\u00e9marr\u00e9 leur premier stage danse &amp; boxe, \u00e0 la Chartre-sur-le-Loir. Tous deux veulent r\u00e9duire \u00e0 n\u00e9ant les st\u00e9r\u00e9otypes du genre gr\u00e2ce \u00e0 l&#8217;enseignement de leur discipline. C&#8217;\u00e9tait une premi\u00e8re. La chor\u00e9graphe danseuse de Zutana Bazar, Florence Loison, et Jeremy Bonola, boxeur professionnel, se sont&hellip;\" \/>\n<meta property=\"og:url\" content=\"https:\/\/contactfm72.fr\/?p=9594\" \/>\n<meta property=\"og:site_name\" content=\"Contact FM 99.3\" \/>\n<meta property=\"article:publisher\" content=\"https:\/\/www.facebook.com\/Contactfm.Chateauduloir\" \/>\n<meta property=\"article:published_time\" content=\"2022-04-25T14:14:00+00:00\" \/>\n<meta property=\"article:modified_time\" content=\"2022-09-12T13:09:25+00:00\" \/>\n<meta property=\"og:image\" content=\"https:\/\/contactfm72.fr\/wp-content\/uploads\/2022\/04\/boxe-danse.jpg\" \/>\n\t<meta property=\"og:image:width\" content=\"2048\" \/>\n\t<meta property=\"og:image:height\" content=\"1536\" \/>\n\t<meta property=\"og:image:type\" content=\"image\/jpeg\" \/>\n<meta name=\"author\" content=\"Val\u00e9rie C.\" \/>\n<meta name=\"twitter:card\" content=\"summary_large_image\" \/>\n<meta name=\"twitter:creator\" content=\"@contactfm72\" \/>\n<meta name=\"twitter:site\" content=\"@contactfm72\" \/>\n<meta name=\"twitter:label1\" content=\"\u00c9crit par\" \/>\n\t<meta name=\"twitter:data1\" content=\"Val\u00e9rie C.\" \/>\n\t<meta name=\"twitter:label2\" content=\"Dur\u00e9e de lecture estim\u00e9e\" \/>\n\t<meta name=\"twitter:data2\" content=\"2 minutes\" \/>\n<script type=\"application\/ld+json\" class=\"yoast-schema-graph\">{\"@context\":\"https:\\\/\\\/schema.org\",\"@graph\":[{\"@type\":\"Article\",\"@id\":\"https:\\\/\\\/contactfm72.fr\\\/?p=9594#article\",\"isPartOf\":{\"@id\":\"https:\\\/\\\/contactfm72.fr\\\/?p=9594\"},\"author\":{\"name\":\"Val\u00e9rie C.\",\"@id\":\"https:\\\/\\\/contactfm72.fr\\\/#\\\/schema\\\/person\\\/9fdc9d1c2eb029354a4f1535b90ba82d\"},\"headline\":\"La Chartre-sur-le-Loir. Quand la danse rencontre la boxe\",\"datePublished\":\"2022-04-25T14:14:00+00:00\",\"dateModified\":\"2022-09-12T13:09:25+00:00\",\"mainEntityOfPage\":{\"@id\":\"https:\\\/\\\/contactfm72.fr\\\/?p=9594\"},\"wordCount\":445,\"publisher\":{\"@id\":\"https:\\\/\\\/contactfm72.fr\\\/#organization\"},\"image\":{\"@id\":\"https:\\\/\\\/contactfm72.fr\\\/?p=9594#primaryimage\"},\"thumbnailUrl\":\"https:\\\/\\\/contactfm72.fr\\\/wp-content\\\/uploads\\\/2022\\\/04\\\/boxe-danse.jpg\",\"articleSection\":[\"Contact FM 72\"],\"inLanguage\":\"fr-FR\"},{\"@type\":\"WebPage\",\"@id\":\"https:\\\/\\\/contactfm72.fr\\\/?p=9594\",\"url\":\"https:\\\/\\\/contactfm72.fr\\\/?p=9594\",\"name\":\"La Chartre-sur-le-Loir. Quand la danse rencontre la boxe - Contact FM 99.3\",\"isPartOf\":{\"@id\":\"https:\\\/\\\/contactfm72.fr\\\/#website\"},\"primaryImageOfPage\":{\"@id\":\"https:\\\/\\\/contactfm72.fr\\\/?p=9594#primaryimage\"},\"image\":{\"@id\":\"https:\\\/\\\/contactfm72.fr\\\/?p=9594#primaryimage\"},\"thumbnailUrl\":\"https:\\\/\\\/contactfm72.fr\\\/wp-content\\\/uploads\\\/2022\\\/04\\\/boxe-danse.jpg\",\"datePublished\":\"2022-04-25T14:14:00+00:00\",\"dateModified\":\"2022-09-12T13:09:25+00:00\",\"breadcrumb\":{\"@id\":\"https:\\\/\\\/contactfm72.fr\\\/?p=9594#breadcrumb\"},\"inLanguage\":\"fr-FR\",\"potentialAction\":[{\"@type\":\"ReadAction\",\"target\":[\"https:\\\/\\\/contactfm72.fr\\\/?p=9594\"]}]},{\"@type\":\"ImageObject\",\"inLanguage\":\"fr-FR\",\"@id\":\"https:\\\/\\\/contactfm72.fr\\\/?p=9594#primaryimage\",\"url\":\"https:\\\/\\\/contactfm72.fr\\\/wp-content\\\/uploads\\\/2022\\\/04\\\/boxe-danse.jpg\",\"contentUrl\":\"https:\\\/\\\/contactfm72.fr\\\/wp-content\\\/uploads\\\/2022\\\/04\\\/boxe-danse.jpg\",\"width\":2048,\"height\":1536,\"caption\":\"Jeremy Bonola et Florence Loison\"},{\"@type\":\"BreadcrumbList\",\"@id\":\"https:\\\/\\\/contactfm72.fr\\\/?p=9594#breadcrumb\",\"itemListElement\":[{\"@type\":\"ListItem\",\"position\":1,\"name\":\"Accueil\",\"item\":\"https:\\\/\\\/contactfm72.fr\\\/\"},{\"@type\":\"ListItem\",\"position\":2,\"name\":\"La Chartre-sur-le-Loir. Quand la danse rencontre la boxe\"}]},{\"@type\":\"WebSite\",\"@id\":\"https:\\\/\\\/contactfm72.fr\\\/#website\",\"url\":\"https:\\\/\\\/contactfm72.fr\\\/\",\"name\":\"Contact FM 99.3\",\"description\":\"Votre radio en vall\u00e9e du Loir\",\"publisher\":{\"@id\":\"https:\\\/\\\/contactfm72.fr\\\/#organization\"},\"potentialAction\":[{\"@type\":\"SearchAction\",\"target\":{\"@type\":\"EntryPoint\",\"urlTemplate\":\"https:\\\/\\\/contactfm72.fr\\\/?s={search_term_string}\"},\"query-input\":{\"@type\":\"PropertyValueSpecification\",\"valueRequired\":true,\"valueName\":\"search_term_string\"}}],\"inLanguage\":\"fr-FR\"},{\"@type\":\"Organization\",\"@id\":\"https:\\\/\\\/contactfm72.fr\\\/#organization\",\"name\":\"Contact FM 99.3\",\"url\":\"https:\\\/\\\/contactfm72.fr\\\/\",\"logo\":{\"@type\":\"ImageObject\",\"inLanguage\":\"fr-FR\",\"@id\":\"https:\\\/\\\/contactfm72.fr\\\/#\\\/schema\\\/logo\\\/image\\\/\",\"url\":\"https:\\\/\\\/contactfm72.fr\\\/wp-content\\\/uploads\\\/2025\\\/04\\\/2025-04-18-2.jpg\",\"contentUrl\":\"https:\\\/\\\/contactfm72.fr\\\/wp-content\\\/uploads\\\/2025\\\/04\\\/2025-04-18-2.jpg\",\"width\":680,\"height\":307,\"caption\":\"Contact FM 99.3\"},\"image\":{\"@id\":\"https:\\\/\\\/contactfm72.fr\\\/#\\\/schema\\\/logo\\\/image\\\/\"},\"sameAs\":[\"https:\\\/\\\/www.facebook.com\\\/Contactfm.Chateauduloir\",\"https:\\\/\\\/x.com\\\/contactfm72\",\"https:\\\/\\\/www.instagram.com\\\/contact.fm.72?igsh=cGhlMHQ5N2JlNnpp\",\"https:\\\/\\\/www.tiktok.com\\\/@contact.fm\"]},{\"@type\":\"Person\",\"@id\":\"https:\\\/\\\/contactfm72.fr\\\/#\\\/schema\\\/person\\\/9fdc9d1c2eb029354a4f1535b90ba82d\",\"name\":\"Val\u00e9rie C.\",\"image\":{\"@type\":\"ImageObject\",\"inLanguage\":\"fr-FR\",\"@id\":\"https:\\\/\\\/secure.gravatar.com\\\/avatar\\\/2f8aa28f8dfbd7d4420afd1fdcdd0a349923e2c8a38ab28198b0f9d0601e4737?s=96&d=mm&r=g\",\"url\":\"https:\\\/\\\/secure.gravatar.com\\\/avatar\\\/2f8aa28f8dfbd7d4420afd1fdcdd0a349923e2c8a38ab28198b0f9d0601e4737?s=96&d=mm&r=g\",\"contentUrl\":\"https:\\\/\\\/secure.gravatar.com\\\/avatar\\\/2f8aa28f8dfbd7d4420afd1fdcdd0a349923e2c8a38ab28198b0f9d0601e4737?s=96&d=mm&r=g\",\"caption\":\"Val\u00e9rie C.\"},\"url\":\"https:\\\/\\\/contactfm72.fr\\\/?author=4\"}]}<\/script>\n<!-- \/ Yoast SEO plugin. -->","yoast_head_json":{"title":"La Chartre-sur-le-Loir. Quand la danse rencontre la boxe - Contact FM 99.3","robots":{"index":"index","follow":"follow","max-snippet":"max-snippet:-1","max-image-preview":"max-image-preview:large","max-video-preview":"max-video-preview:-1"},"canonical":"https:\/\/contactfm72.fr\/?p=9594","og_locale":"fr_FR","og_type":"article","og_title":"La Chartre-sur-le-Loir. Quand la danse rencontre la boxe - Contact FM 99.3","og_description":"Florence Loison et Jeremy Bonola, respectivement danseuse et boxeur professionnels, ont d\u00e9marr\u00e9 leur premier stage danse &amp; boxe, \u00e0 la Chartre-sur-le-Loir. Tous deux veulent r\u00e9duire \u00e0 n\u00e9ant les st\u00e9r\u00e9otypes du genre gr\u00e2ce \u00e0 l&#8217;enseignement de leur discipline. C&#8217;\u00e9tait une premi\u00e8re. La chor\u00e9graphe danseuse de Zutana Bazar, Florence Loison, et Jeremy Bonola, boxeur professionnel, se sont&hellip;","og_url":"https:\/\/contactfm72.fr\/?p=9594","og_site_name":"Contact FM 99.3","article_publisher":"https:\/\/www.facebook.com\/Contactfm.Chateauduloir","article_published_time":"2022-04-25T14:14:00+00:00","article_modified_time":"2022-09-12T13:09:25+00:00","og_image":[{"width":2048,"height":1536,"url":"https:\/\/contactfm72.fr\/wp-content\/uploads\/2022\/04\/boxe-danse.jpg","type":"image\/jpeg"}],"author":"Val\u00e9rie C.","twitter_card":"summary_large_image","twitter_creator":"@contactfm72","twitter_site":"@contactfm72","twitter_misc":{"\u00c9crit par":"Val\u00e9rie C.","Dur\u00e9e de lecture estim\u00e9e":"2 minutes"},"schema":{"@context":"https:\/\/schema.org","@graph":[{"@type":"Article","@id":"https:\/\/contactfm72.fr\/?p=9594#article","isPartOf":{"@id":"https:\/\/contactfm72.fr\/?p=9594"},"author":{"name":"Val\u00e9rie C.","@id":"https:\/\/contactfm72.fr\/#\/schema\/person\/9fdc9d1c2eb029354a4f1535b90ba82d"},"headline":"La Chartre-sur-le-Loir. Quand la danse rencontre la boxe","datePublished":"2022-04-25T14:14:00+00:00","dateModified":"2022-09-12T13:09:25+00:00","mainEntityOfPage":{"@id":"https:\/\/contactfm72.fr\/?p=9594"},"wordCount":445,"publisher":{"@id":"https:\/\/contactfm72.fr\/#organization"},"image":{"@id":"https:\/\/contactfm72.fr\/?p=9594#primaryimage"},"thumbnailUrl":"https:\/\/contactfm72.fr\/wp-content\/uploads\/2022\/04\/boxe-danse.jpg","articleSection":["Contact FM 72"],"inLanguage":"fr-FR"},{"@type":"WebPage","@id":"https:\/\/contactfm72.fr\/?p=9594","url":"https:\/\/contactfm72.fr\/?p=9594","name":"La Chartre-sur-le-Loir. Quand la danse rencontre la boxe - Contact FM 99.3","isPartOf":{"@id":"https:\/\/contactfm72.fr\/#website"},"primaryImageOfPage":{"@id":"https:\/\/contactfm72.fr\/?p=9594#primaryimage"},"image":{"@id":"https:\/\/contactfm72.fr\/?p=9594#primaryimage"},"thumbnailUrl":"https:\/\/contactfm72.fr\/wp-content\/uploads\/2022\/04\/boxe-danse.jpg","datePublished":"2022-04-25T14:14:00+00:00","dateModified":"2022-09-12T13:09:25+00:00","breadcrumb":{"@id":"https:\/\/contactfm72.fr\/?p=9594#breadcrumb"},"inLanguage":"fr-FR","potentialAction":[{"@type":"ReadAction","target":["https:\/\/contactfm72.fr\/?p=9594"]}]},{"@type":"ImageObject","inLanguage":"fr-FR","@id":"https:\/\/contactfm72.fr\/?p=9594#primaryimage","url":"https:\/\/contactfm72.fr\/wp-content\/uploads\/2022\/04\/boxe-danse.jpg","contentUrl":"https:\/\/contactfm72.fr\/wp-content\/uploads\/2022\/04\/boxe-danse.jpg","width":2048,"height":1536,"caption":"Jeremy Bonola et Florence Loison"},{"@type":"BreadcrumbList","@id":"https:\/\/contactfm72.fr\/?p=9594#breadcrumb","itemListElement":[{"@type":"ListItem","position":1,"name":"Accueil","item":"https:\/\/contactfm72.fr\/"},{"@type":"ListItem","position":2,"name":"La Chartre-sur-le-Loir. Quand la danse rencontre la boxe"}]},{"@type":"WebSite","@id":"https:\/\/contactfm72.fr\/#website","url":"https:\/\/contactfm72.fr\/","name":"Contact FM 99.3","description":"Votre radio en vall\u00e9e du Loir","publisher":{"@id":"https:\/\/contactfm72.fr\/#organization"},"potentialAction":[{"@type":"SearchAction","target":{"@type":"EntryPoint","urlTemplate":"https:\/\/contactfm72.fr\/?s={search_term_string}"},"query-input":{"@type":"PropertyValueSpecification","valueRequired":true,"valueName":"search_term_string"}}],"inLanguage":"fr-FR"},{"@type":"Organization","@id":"https:\/\/contactfm72.fr\/#organization","name":"Contact FM 99.3","url":"https:\/\/contactfm72.fr\/","logo":{"@type":"ImageObject","inLanguage":"fr-FR","@id":"https:\/\/contactfm72.fr\/#\/schema\/logo\/image\/","url":"https:\/\/contactfm72.fr\/wp-content\/uploads\/2025\/04\/2025-04-18-2.jpg","contentUrl":"https:\/\/contactfm72.fr\/wp-content\/uploads\/2025\/04\/2025-04-18-2.jpg","width":680,"height":307,"caption":"Contact FM 99.3"},"image":{"@id":"https:\/\/contactfm72.fr\/#\/schema\/logo\/image\/"},"sameAs":["https:\/\/www.facebook.com\/Contactfm.Chateauduloir","https:\/\/x.com\/contactfm72","https:\/\/www.instagram.com\/contact.fm.72?igsh=cGhlMHQ5N2JlNnpp","https:\/\/www.tiktok.com\/@contact.fm"]},{"@type":"Person","@id":"https:\/\/contactfm72.fr\/#\/schema\/person\/9fdc9d1c2eb029354a4f1535b90ba82d","name":"Val\u00e9rie C.","image":{"@type":"ImageObject","inLanguage":"fr-FR","@id":"https:\/\/secure.gravatar.com\/avatar\/2f8aa28f8dfbd7d4420afd1fdcdd0a349923e2c8a38ab28198b0f9d0601e4737?s=96&d=mm&r=g","url":"https:\/\/secure.gravatar.com\/avatar\/2f8aa28f8dfbd7d4420afd1fdcdd0a349923e2c8a38ab28198b0f9d0601e4737?s=96&d=mm&r=g","contentUrl":"https:\/\/secure.gravatar.com\/avatar\/2f8aa28f8dfbd7d4420afd1fdcdd0a349923e2c8a38ab28198b0f9d0601e4737?s=96&d=mm&r=g","caption":"Val\u00e9rie C."},"url":"https:\/\/contactfm72.fr\/?author=4"}]}},"_links":{"self":[{"href":"https:\/\/contactfm72.fr\/index.php?rest_route=\/wp\/v2\/posts\/9594","targetHints":{"allow":["GET"]}}],"collection":[{"href":"https:\/\/contactfm72.fr\/index.php?rest_route=\/wp\/v2\/posts"}],"about":[{"href":"https:\/\/contactfm72.fr\/index.php?rest_route=\/wp\/v2\/types\/post"}],"author":[{"embeddable":true,"href":"https:\/\/contactfm72.fr\/index.php?rest_route=\/wp\/v2\/users\/4"}],"replies":[{"embeddable":true,"href":"https:\/\/contactfm72.fr\/index.php?rest_route=%2Fwp%2Fv2%2Fcomments&post=9594"}],"version-history":[{"count":2,"href":"https:\/\/contactfm72.fr\/index.php?rest_route=\/wp\/v2\/posts\/9594\/revisions"}],"predecessor-version":[{"id":11001,"href":"https:\/\/contactfm72.fr\/index.php?rest_route=\/wp\/v2\/posts\/9594\/revisions\/11001"}],"wp:featuredmedia":[{"embeddable":true,"href":"https:\/\/contactfm72.fr\/index.php?rest_route=\/wp\/v2\/media\/9595"}],"wp:attachment":[{"href":"https:\/\/contactfm72.fr\/index.php?rest_route=%2Fwp%2Fv2%2Fmedia&parent=9594"}],"wp:term":[{"taxonomy":"category","embeddable":true,"href":"https:\/\/contactfm72.fr\/index.php?rest_route=%2Fwp%2Fv2%2Fcategories&post=9594"},{"taxonomy":"post_tag","embeddable":true,"href":"https:\/\/contactfm72.fr\/index.php?rest_route=%2Fwp%2Fv2%2Ftags&post=9594"}],"curies":[{"name":"wp","href":"https:\/\/api.w.org\/{rel}","templated":true}]}}