{"id":9562,"date":"2022-04-21T16:14:13","date_gmt":"2022-04-21T14:14:13","guid":{"rendered":"http:\/\/contactfm72.fr\/?p=9562"},"modified":"2022-09-12T15:09:07","modified_gmt":"2022-09-12T13:09:07","slug":"trois-jeunes-obtiennent-de-largent-de-poche-pendant-leurs-vacances","status":"publish","type":"post","link":"https:\/\/contactfm72.fr\/?p=9562","title":{"rendered":"Lavernat. Trois jeunes obtiennent de l\u2019argent de poche pendant leurs vacances"},"content":{"rendered":"<h2>Vendredi 21 avril, \u00e0 Lavernat (Sarthe), trois jeunes ont \u00e9t\u00e9 r\u00e9compens\u00e9s de leur participation \u00e0 l\u2019op\u00e9ration \u00ab argent de poche \u00bb. Une action reconduite par le centre social intercommunal Loir et Berc\u00e9.<\/h2>\n<p>&nbsp;<\/p>\n<p>C\u2019est la deuxi\u00e8me fois que le <strong>centre social intercommunal Loir et Berc\u00e9<\/strong>, en <strong>Sarthe<\/strong>, reconduit l&#8217;op\u00e9ration <strong>\u00ab\u00a0chantier argent de poche\u00a0\u00bb<\/strong>.<\/p>\n<p>Karine Le Bourhis revient sur ce dispositif qui a d\u00e9j\u00e0 fait de nombreux heureux l\u2019an pass\u00e9\u00a0:<\/p>\n<blockquote><p>\u00ab Il s\u2019agit en premier lieu d\u2019une demande des jeunes qui correspond au constat que nous avons fait que les 14 \u00e0 17 ans ont du mal \u00e0 trouver un job d\u2019\u00e9t\u00e9. Nous avons propos\u00e9 cette action aux communes du territoire l&#8217;ann\u00e9e derni\u00e8re. Montval et Jupilles y ont r\u00e9pondu favorablement. Pour cette ann\u00e9e, c\u2019est la premi\u00e8re fois que Lavernat participe \u00e0 cette op\u00e9ration. L\u2019ann\u00e9e derni\u00e8re, ce chantier \u00e9tait propos\u00e9 que pour les vacances d\u2019\u00e9t\u00e9. Pour cette deuxi\u00e8me ann\u00e9e, on a reconduit cette op\u00e9ration \u00e9galement pour les vacances de printemps \u00bb, explique la directrice du centre social Karine Le Bourhis.<\/p><\/blockquote>\n<p>Deux nouvelles communes ont donc rejoint cette op\u00e9ration, <strong>Luceau et Lavernat<\/strong>, \u00ab et nous sommes tr\u00e8s heureux que cette op\u00e9ration plaisent \u00e0 de nouvelles communes \u00bb, se r\u00e9jouit la directrice.<\/p>\n<p>&nbsp;<\/p>\n<h3>Les objectifs de cette op\u00e9ration<\/h3>\n<p>Pour certains, ces chantiers de trois demi-journ\u00e9es, peuvent \u00eatre une <strong>premi\u00e8re exp\u00e9rience de travail<\/strong>. \u00c0 travers ces chantiers, ils d\u00e9couvrent des <strong>secteurs d\u2019activit\u00e9<\/strong> et des m\u00e9tiers. Ils am\u00e9lioreront le cadre de vie des habitants et des utilisateurs de services municipaux. Les jeunes travailleront<strong> 3 heures par jour<\/strong> et percevront une indemnit\u00e9 de<strong> 15 \u20ac par jour<\/strong>. La dur\u00e9e des chantiers va de 3 \u00e0 5 journ\u00e9es et les jeunes ont l\u2019obligation d\u2019\u00eatre pr\u00e9sents sur sa dur\u00e9e totale. L\u2019encadrement est assur\u00e9 par des agents municipaux ou des b\u00e9n\u00e9voles comp\u00e9tents.<\/p>\n<p><strong>\u00a0<\/strong><\/p>\n<h3>Une belle exp\u00e9rience<\/h3>\n<p>Annie Menou, 1<sup>\u00e8re<\/sup> adjointe \u00e0 la municipalit\u00e9 de Lavernat, explique le d\u00e9roulement du chantier\u00a0:<\/p>\n<blockquote><p>\u00ab\u00a0nous avions un local que l\u2019on voulait restaurer. Pour diff\u00e9rentes raisons, ces travaux ont toujours \u00e9t\u00e9 retard\u00e9s. On a donc saisi l\u2019opportunit\u00e9 de cette op\u00e9ration pour embaucher trois jeunes. Ils ont repeint la porte, assembl\u00e9 une armoire et nettoy\u00e9 enti\u00e8rement ce futur local de troc \u00e0 objets \u00a0\u00bb.<\/p><\/blockquote>\n<p>Pour ce chantier de trois demi-journ\u00e9es, <strong>Damien<\/strong>,<strong> Thomas et Lou-Anne, tous les trois 14 ans<\/strong>, ont donc travaill\u00e9 pour 15\u20ac par demi-journ\u00e9e. Respectivement originaire de Dissay-sous-Courcillon, de Luceau et de Lavernat, ces quatre jeunes ont \u00e9t\u00e9 satisfaits du travail et ont donn\u00e9 une belle impression \u00e0 la municipalit\u00e9 : \u00ab C\u2019est vraiment une belle exp\u00e9rience, tr\u00e8s enrichissante. Ces trois jeunes ont \u00e9t\u00e9 courageux et souriants. Ils ont su se d\u00e9brouiller, ils donnent une belle image de la jeunesse. Ils pourront valoriser ce travail sur leur CV \u00e0 l\u2019avenir \u00bb, confie les \u00e9lus, unanimes.<\/p>\n<p>Heureux, les trois jeunes confient vouloir \u00e9conomiser cet argent pour Damien et Lou-Anne, et de \u00ab tout d\u00e9penser dans ma moto \u00bb pour Thomas.<\/p>\n<p>&nbsp;<\/p>\n<p>Alain Moran\u00e7ais, maire, confie que l\u2019op\u00e9ration sera tr\u00e8s certainement reconduite\u00a0:\u00a0\u00ab\u00a0les jeunes ont vraiment \u00e9t\u00e9 agr\u00e9ables. On participera une nouvelle fois \u00e0 cette op\u00e9ration, il y a toujours \u00e0 faire\u00a0\u00bb.<\/p>\n<!-- AddThis Advanced Settings generic via filter on the_content --><!-- AddThis Share Buttons generic via filter on the_content -->","protected":false},"excerpt":{"rendered":"<p>Vendredi 21 avril, \u00e0 Lavernat (Sarthe), trois jeunes ont \u00e9t\u00e9 r\u00e9compens\u00e9s de leur participation \u00e0 l\u2019op\u00e9ration \u00ab argent de poche \u00bb. Une action reconduite par le centre social intercommunal Loir et Berc\u00e9. &nbsp; C\u2019est la deuxi\u00e8me fois que le centre social intercommunal Loir et Berc\u00e9, en Sarthe, reconduit l&#8217;op\u00e9ration \u00ab\u00a0chantier argent de poche\u00a0\u00bb. Karine Le&hellip;<!-- AddThis Advanced Settings generic via filter on get_the_excerpt --><!-- AddThis Share Buttons generic via filter on get_the_excerpt --><\/p>\n","protected":false},"author":4,"featured_media":9563,"comment_status":"closed","ping_status":"open","sticky":false,"template":"","format":"standard","meta":{"footnotes":""},"categories":[1],"tags":[],"class_list":["post-9562","post","type-post","status-publish","format-standard","has-post-thumbnail","hentry","category-contact-fm-72","category-1","description-off"],"yoast_head":"<!-- This site is optimized with the Yoast SEO plugin v27.4 - https:\/\/yoast.com\/product\/yoast-seo-wordpress\/ -->\n<title>Lavernat. Trois jeunes obtiennent de l\u2019argent de poche pendant leurs vacances - Contact FM 99.3<\/title>\n<meta name=\"robots\" content=\"index, follow, max-snippet:-1, max-image-preview:large, max-video-preview:-1\" \/>\n<link rel=\"canonical\" href=\"https:\/\/contactfm72.fr\/?p=9562\" \/>\n<meta property=\"og:locale\" content=\"fr_FR\" \/>\n<meta property=\"og:type\" content=\"article\" \/>\n<meta property=\"og:title\" content=\"Lavernat. Trois jeunes obtiennent de l\u2019argent de poche pendant leurs vacances - Contact FM 99.3\" \/>\n<meta property=\"og:description\" content=\"Vendredi 21 avril, \u00e0 Lavernat (Sarthe), trois jeunes ont \u00e9t\u00e9 r\u00e9compens\u00e9s de leur participation \u00e0 l\u2019op\u00e9ration \u00ab argent de poche \u00bb. Une action reconduite par le centre social intercommunal Loir et Berc\u00e9. &nbsp; C\u2019est la deuxi\u00e8me fois que le centre social intercommunal Loir et Berc\u00e9, en Sarthe, reconduit l&#8217;op\u00e9ration \u00ab\u00a0chantier argent de poche\u00a0\u00bb. Karine Le&hellip;\" \/>\n<meta property=\"og:url\" content=\"https:\/\/contactfm72.fr\/?p=9562\" \/>\n<meta property=\"og:site_name\" content=\"Contact FM 99.3\" \/>\n<meta property=\"article:publisher\" content=\"https:\/\/www.facebook.com\/Contactfm.Chateauduloir\" \/>\n<meta property=\"article:published_time\" content=\"2022-04-21T14:14:13+00:00\" \/>\n<meta property=\"article:modified_time\" content=\"2022-09-12T13:09:07+00:00\" \/>\n<meta property=\"og:image\" content=\"https:\/\/contactfm72.fr\/wp-content\/uploads\/2022\/04\/argent-de-poche.jpg\" \/>\n\t<meta property=\"og:image:width\" content=\"2048\" \/>\n\t<meta property=\"og:image:height\" content=\"1536\" \/>\n\t<meta property=\"og:image:type\" content=\"image\/jpeg\" \/>\n<meta name=\"author\" content=\"Val\u00e9rie C.\" \/>\n<meta name=\"twitter:card\" content=\"summary_large_image\" \/>\n<meta name=\"twitter:creator\" content=\"@contactfm72\" \/>\n<meta name=\"twitter:site\" content=\"@contactfm72\" \/>\n<meta name=\"twitter:label1\" content=\"\u00c9crit par\" \/>\n\t<meta name=\"twitter:data1\" content=\"Val\u00e9rie C.\" \/>\n\t<meta name=\"twitter:label2\" content=\"Dur\u00e9e de lecture estim\u00e9e\" \/>\n\t<meta name=\"twitter:data2\" content=\"3 minutes\" \/>\n<script type=\"application\/ld+json\" class=\"yoast-schema-graph\">{\"@context\":\"https:\\\/\\\/schema.org\",\"@graph\":[{\"@type\":\"Article\",\"@id\":\"https:\\\/\\\/contactfm72.fr\\\/?p=9562#article\",\"isPartOf\":{\"@id\":\"https:\\\/\\\/contactfm72.fr\\\/?p=9562\"},\"author\":{\"name\":\"Val\u00e9rie C.\",\"@id\":\"https:\\\/\\\/contactfm72.fr\\\/#\\\/schema\\\/person\\\/9fdc9d1c2eb029354a4f1535b90ba82d\"},\"headline\":\"Lavernat. Trois jeunes obtiennent de l\u2019argent de poche pendant leurs vacances\",\"datePublished\":\"2022-04-21T14:14:13+00:00\",\"dateModified\":\"2022-09-12T13:09:07+00:00\",\"mainEntityOfPage\":{\"@id\":\"https:\\\/\\\/contactfm72.fr\\\/?p=9562\"},\"wordCount\":553,\"publisher\":{\"@id\":\"https:\\\/\\\/contactfm72.fr\\\/#organization\"},\"image\":{\"@id\":\"https:\\\/\\\/contactfm72.fr\\\/?p=9562#primaryimage\"},\"thumbnailUrl\":\"https:\\\/\\\/contactfm72.fr\\\/wp-content\\\/uploads\\\/2022\\\/04\\\/argent-de-poche.jpg\",\"articleSection\":[\"Contact FM 72\"],\"inLanguage\":\"fr-FR\"},{\"@type\":\"WebPage\",\"@id\":\"https:\\\/\\\/contactfm72.fr\\\/?p=9562\",\"url\":\"https:\\\/\\\/contactfm72.fr\\\/?p=9562\",\"name\":\"Lavernat. Trois jeunes obtiennent de l\u2019argent de poche pendant leurs vacances - Contact FM 99.3\",\"isPartOf\":{\"@id\":\"https:\\\/\\\/contactfm72.fr\\\/#website\"},\"primaryImageOfPage\":{\"@id\":\"https:\\\/\\\/contactfm72.fr\\\/?p=9562#primaryimage\"},\"image\":{\"@id\":\"https:\\\/\\\/contactfm72.fr\\\/?p=9562#primaryimage\"},\"thumbnailUrl\":\"https:\\\/\\\/contactfm72.fr\\\/wp-content\\\/uploads\\\/2022\\\/04\\\/argent-de-poche.jpg\",\"datePublished\":\"2022-04-21T14:14:13+00:00\",\"dateModified\":\"2022-09-12T13:09:07+00:00\",\"breadcrumb\":{\"@id\":\"https:\\\/\\\/contactfm72.fr\\\/?p=9562#breadcrumb\"},\"inLanguage\":\"fr-FR\",\"potentialAction\":[{\"@type\":\"ReadAction\",\"target\":[\"https:\\\/\\\/contactfm72.fr\\\/?p=9562\"]}]},{\"@type\":\"ImageObject\",\"inLanguage\":\"fr-FR\",\"@id\":\"https:\\\/\\\/contactfm72.fr\\\/?p=9562#primaryimage\",\"url\":\"https:\\\/\\\/contactfm72.fr\\\/wp-content\\\/uploads\\\/2022\\\/04\\\/argent-de-poche.jpg\",\"contentUrl\":\"https:\\\/\\\/contactfm72.fr\\\/wp-content\\\/uploads\\\/2022\\\/04\\\/argent-de-poche.jpg\",\"width\":2048,\"height\":1536,\"caption\":\"Lors de la remise des ch\u00e8ques, en pr\u00e9sence des \u00e9lus et des trois adolescents, devant le futur local \u00e0 troc de Lavernat.\"},{\"@type\":\"BreadcrumbList\",\"@id\":\"https:\\\/\\\/contactfm72.fr\\\/?p=9562#breadcrumb\",\"itemListElement\":[{\"@type\":\"ListItem\",\"position\":1,\"name\":\"Accueil\",\"item\":\"https:\\\/\\\/contactfm72.fr\\\/\"},{\"@type\":\"ListItem\",\"position\":2,\"name\":\"Lavernat. Trois jeunes obtiennent de l\u2019argent de poche pendant leurs vacances\"}]},{\"@type\":\"WebSite\",\"@id\":\"https:\\\/\\\/contactfm72.fr\\\/#website\",\"url\":\"https:\\\/\\\/contactfm72.fr\\\/\",\"name\":\"Contact FM 99.3\",\"description\":\"Votre radio en vall\u00e9e du Loir\",\"publisher\":{\"@id\":\"https:\\\/\\\/contactfm72.fr\\\/#organization\"},\"potentialAction\":[{\"@type\":\"SearchAction\",\"target\":{\"@type\":\"EntryPoint\",\"urlTemplate\":\"https:\\\/\\\/contactfm72.fr\\\/?s={search_term_string}\"},\"query-input\":{\"@type\":\"PropertyValueSpecification\",\"valueRequired\":true,\"valueName\":\"search_term_string\"}}],\"inLanguage\":\"fr-FR\"},{\"@type\":\"Organization\",\"@id\":\"https:\\\/\\\/contactfm72.fr\\\/#organization\",\"name\":\"Contact FM 99.3\",\"url\":\"https:\\\/\\\/contactfm72.fr\\\/\",\"logo\":{\"@type\":\"ImageObject\",\"inLanguage\":\"fr-FR\",\"@id\":\"https:\\\/\\\/contactfm72.fr\\\/#\\\/schema\\\/logo\\\/image\\\/\",\"url\":\"https:\\\/\\\/contactfm72.fr\\\/wp-content\\\/uploads\\\/2025\\\/04\\\/2025-04-18-2.jpg\",\"contentUrl\":\"https:\\\/\\\/contactfm72.fr\\\/wp-content\\\/uploads\\\/2025\\\/04\\\/2025-04-18-2.jpg\",\"width\":680,\"height\":307,\"caption\":\"Contact FM 99.3\"},\"image\":{\"@id\":\"https:\\\/\\\/contactfm72.fr\\\/#\\\/schema\\\/logo\\\/image\\\/\"},\"sameAs\":[\"https:\\\/\\\/www.facebook.com\\\/Contactfm.Chateauduloir\",\"https:\\\/\\\/x.com\\\/contactfm72\",\"https:\\\/\\\/www.instagram.com\\\/contact.fm.72?igsh=cGhlMHQ5N2JlNnpp\",\"https:\\\/\\\/www.tiktok.com\\\/@contact.fm\"]},{\"@type\":\"Person\",\"@id\":\"https:\\\/\\\/contactfm72.fr\\\/#\\\/schema\\\/person\\\/9fdc9d1c2eb029354a4f1535b90ba82d\",\"name\":\"Val\u00e9rie C.\",\"image\":{\"@type\":\"ImageObject\",\"inLanguage\":\"fr-FR\",\"@id\":\"https:\\\/\\\/secure.gravatar.com\\\/avatar\\\/2f8aa28f8dfbd7d4420afd1fdcdd0a349923e2c8a38ab28198b0f9d0601e4737?s=96&d=mm&r=g\",\"url\":\"https:\\\/\\\/secure.gravatar.com\\\/avatar\\\/2f8aa28f8dfbd7d4420afd1fdcdd0a349923e2c8a38ab28198b0f9d0601e4737?s=96&d=mm&r=g\",\"contentUrl\":\"https:\\\/\\\/secure.gravatar.com\\\/avatar\\\/2f8aa28f8dfbd7d4420afd1fdcdd0a349923e2c8a38ab28198b0f9d0601e4737?s=96&d=mm&r=g\",\"caption\":\"Val\u00e9rie C.\"},\"url\":\"https:\\\/\\\/contactfm72.fr\\\/?author=4\"}]}<\/script>\n<!-- \/ Yoast SEO plugin. -->","yoast_head_json":{"title":"Lavernat. Trois jeunes obtiennent de l\u2019argent de poche pendant leurs vacances - Contact FM 99.3","robots":{"index":"index","follow":"follow","max-snippet":"max-snippet:-1","max-image-preview":"max-image-preview:large","max-video-preview":"max-video-preview:-1"},"canonical":"https:\/\/contactfm72.fr\/?p=9562","og_locale":"fr_FR","og_type":"article","og_title":"Lavernat. Trois jeunes obtiennent de l\u2019argent de poche pendant leurs vacances - Contact FM 99.3","og_description":"Vendredi 21 avril, \u00e0 Lavernat (Sarthe), trois jeunes ont \u00e9t\u00e9 r\u00e9compens\u00e9s de leur participation \u00e0 l\u2019op\u00e9ration \u00ab argent de poche \u00bb. Une action reconduite par le centre social intercommunal Loir et Berc\u00e9. &nbsp; C\u2019est la deuxi\u00e8me fois que le centre social intercommunal Loir et Berc\u00e9, en Sarthe, reconduit l&#8217;op\u00e9ration \u00ab\u00a0chantier argent de poche\u00a0\u00bb. Karine Le&hellip;","og_url":"https:\/\/contactfm72.fr\/?p=9562","og_site_name":"Contact FM 99.3","article_publisher":"https:\/\/www.facebook.com\/Contactfm.Chateauduloir","article_published_time":"2022-04-21T14:14:13+00:00","article_modified_time":"2022-09-12T13:09:07+00:00","og_image":[{"width":2048,"height":1536,"url":"https:\/\/contactfm72.fr\/wp-content\/uploads\/2022\/04\/argent-de-poche.jpg","type":"image\/jpeg"}],"author":"Val\u00e9rie C.","twitter_card":"summary_large_image","twitter_creator":"@contactfm72","twitter_site":"@contactfm72","twitter_misc":{"\u00c9crit par":"Val\u00e9rie C.","Dur\u00e9e de lecture estim\u00e9e":"3 minutes"},"schema":{"@context":"https:\/\/schema.org","@graph":[{"@type":"Article","@id":"https:\/\/contactfm72.fr\/?p=9562#article","isPartOf":{"@id":"https:\/\/contactfm72.fr\/?p=9562"},"author":{"name":"Val\u00e9rie C.","@id":"https:\/\/contactfm72.fr\/#\/schema\/person\/9fdc9d1c2eb029354a4f1535b90ba82d"},"headline":"Lavernat. Trois jeunes obtiennent de l\u2019argent de poche pendant leurs vacances","datePublished":"2022-04-21T14:14:13+00:00","dateModified":"2022-09-12T13:09:07+00:00","mainEntityOfPage":{"@id":"https:\/\/contactfm72.fr\/?p=9562"},"wordCount":553,"publisher":{"@id":"https:\/\/contactfm72.fr\/#organization"},"image":{"@id":"https:\/\/contactfm72.fr\/?p=9562#primaryimage"},"thumbnailUrl":"https:\/\/contactfm72.fr\/wp-content\/uploads\/2022\/04\/argent-de-poche.jpg","articleSection":["Contact FM 72"],"inLanguage":"fr-FR"},{"@type":"WebPage","@id":"https:\/\/contactfm72.fr\/?p=9562","url":"https:\/\/contactfm72.fr\/?p=9562","name":"Lavernat. Trois jeunes obtiennent de l\u2019argent de poche pendant leurs vacances - Contact FM 99.3","isPartOf":{"@id":"https:\/\/contactfm72.fr\/#website"},"primaryImageOfPage":{"@id":"https:\/\/contactfm72.fr\/?p=9562#primaryimage"},"image":{"@id":"https:\/\/contactfm72.fr\/?p=9562#primaryimage"},"thumbnailUrl":"https:\/\/contactfm72.fr\/wp-content\/uploads\/2022\/04\/argent-de-poche.jpg","datePublished":"2022-04-21T14:14:13+00:00","dateModified":"2022-09-12T13:09:07+00:00","breadcrumb":{"@id":"https:\/\/contactfm72.fr\/?p=9562#breadcrumb"},"inLanguage":"fr-FR","potentialAction":[{"@type":"ReadAction","target":["https:\/\/contactfm72.fr\/?p=9562"]}]},{"@type":"ImageObject","inLanguage":"fr-FR","@id":"https:\/\/contactfm72.fr\/?p=9562#primaryimage","url":"https:\/\/contactfm72.fr\/wp-content\/uploads\/2022\/04\/argent-de-poche.jpg","contentUrl":"https:\/\/contactfm72.fr\/wp-content\/uploads\/2022\/04\/argent-de-poche.jpg","width":2048,"height":1536,"caption":"Lors de la remise des ch\u00e8ques, en pr\u00e9sence des \u00e9lus et des trois adolescents, devant le futur local \u00e0 troc de Lavernat."},{"@type":"BreadcrumbList","@id":"https:\/\/contactfm72.fr\/?p=9562#breadcrumb","itemListElement":[{"@type":"ListItem","position":1,"name":"Accueil","item":"https:\/\/contactfm72.fr\/"},{"@type":"ListItem","position":2,"name":"Lavernat. Trois jeunes obtiennent de l\u2019argent de poche pendant leurs vacances"}]},{"@type":"WebSite","@id":"https:\/\/contactfm72.fr\/#website","url":"https:\/\/contactfm72.fr\/","name":"Contact FM 99.3","description":"Votre radio en vall\u00e9e du Loir","publisher":{"@id":"https:\/\/contactfm72.fr\/#organization"},"potentialAction":[{"@type":"SearchAction","target":{"@type":"EntryPoint","urlTemplate":"https:\/\/contactfm72.fr\/?s={search_term_string}"},"query-input":{"@type":"PropertyValueSpecification","valueRequired":true,"valueName":"search_term_string"}}],"inLanguage":"fr-FR"},{"@type":"Organization","@id":"https:\/\/contactfm72.fr\/#organization","name":"Contact FM 99.3","url":"https:\/\/contactfm72.fr\/","logo":{"@type":"ImageObject","inLanguage":"fr-FR","@id":"https:\/\/contactfm72.fr\/#\/schema\/logo\/image\/","url":"https:\/\/contactfm72.fr\/wp-content\/uploads\/2025\/04\/2025-04-18-2.jpg","contentUrl":"https:\/\/contactfm72.fr\/wp-content\/uploads\/2025\/04\/2025-04-18-2.jpg","width":680,"height":307,"caption":"Contact FM 99.3"},"image":{"@id":"https:\/\/contactfm72.fr\/#\/schema\/logo\/image\/"},"sameAs":["https:\/\/www.facebook.com\/Contactfm.Chateauduloir","https:\/\/x.com\/contactfm72","https:\/\/www.instagram.com\/contact.fm.72?igsh=cGhlMHQ5N2JlNnpp","https:\/\/www.tiktok.com\/@contact.fm"]},{"@type":"Person","@id":"https:\/\/contactfm72.fr\/#\/schema\/person\/9fdc9d1c2eb029354a4f1535b90ba82d","name":"Val\u00e9rie C.","image":{"@type":"ImageObject","inLanguage":"fr-FR","@id":"https:\/\/secure.gravatar.com\/avatar\/2f8aa28f8dfbd7d4420afd1fdcdd0a349923e2c8a38ab28198b0f9d0601e4737?s=96&d=mm&r=g","url":"https:\/\/secure.gravatar.com\/avatar\/2f8aa28f8dfbd7d4420afd1fdcdd0a349923e2c8a38ab28198b0f9d0601e4737?s=96&d=mm&r=g","contentUrl":"https:\/\/secure.gravatar.com\/avatar\/2f8aa28f8dfbd7d4420afd1fdcdd0a349923e2c8a38ab28198b0f9d0601e4737?s=96&d=mm&r=g","caption":"Val\u00e9rie C."},"url":"https:\/\/contactfm72.fr\/?author=4"}]}},"_links":{"self":[{"href":"https:\/\/contactfm72.fr\/index.php?rest_route=\/wp\/v2\/posts\/9562","targetHints":{"allow":["GET"]}}],"collection":[{"href":"https:\/\/contactfm72.fr\/index.php?rest_route=\/wp\/v2\/posts"}],"about":[{"href":"https:\/\/contactfm72.fr\/index.php?rest_route=\/wp\/v2\/types\/post"}],"author":[{"embeddable":true,"href":"https:\/\/contactfm72.fr\/index.php?rest_route=\/wp\/v2\/users\/4"}],"replies":[{"embeddable":true,"href":"https:\/\/contactfm72.fr\/index.php?rest_route=%2Fwp%2Fv2%2Fcomments&post=9562"}],"version-history":[{"count":4,"href":"https:\/\/contactfm72.fr\/index.php?rest_route=\/wp\/v2\/posts\/9562\/revisions"}],"predecessor-version":[{"id":11000,"href":"https:\/\/contactfm72.fr\/index.php?rest_route=\/wp\/v2\/posts\/9562\/revisions\/11000"}],"wp:featuredmedia":[{"embeddable":true,"href":"https:\/\/contactfm72.fr\/index.php?rest_route=\/wp\/v2\/media\/9563"}],"wp:attachment":[{"href":"https:\/\/contactfm72.fr\/index.php?rest_route=%2Fwp%2Fv2%2Fmedia&parent=9562"}],"wp:term":[{"taxonomy":"category","embeddable":true,"href":"https:\/\/contactfm72.fr\/index.php?rest_route=%2Fwp%2Fv2%2Fcategories&post=9562"},{"taxonomy":"post_tag","embeddable":true,"href":"https:\/\/contactfm72.fr\/index.php?rest_route=%2Fwp%2Fv2%2Ftags&post=9562"}],"curies":[{"name":"wp","href":"https:\/\/api.w.org\/{rel}","templated":true}]}}