{"id":9539,"date":"2022-04-19T11:35:54","date_gmt":"2022-04-19T09:35:54","guid":{"rendered":"http:\/\/contactfm72.fr\/?p=9539"},"modified":"2022-05-01T13:30:01","modified_gmt":"2022-05-01T11:30:01","slug":"melanie-guerra-jai-realise-mon-reve","status":"publish","type":"post","link":"https:\/\/contactfm72.fr\/?p=9539","title":{"rendered":"Melanie Guerra : \u00ab J\u2019ai r\u00e9alis\u00e9 mon r\u00eave \u00bb"},"content":{"rendered":"<h2>Melanie Guerra est la fondatrice d\u2019Atila Spa, l\u2019institut de beaut\u00e9 situ\u00e9 au 106, rue Aristide Briand \u00e0 Ch\u00e2teau-du-Loir. Esth\u00e9ticienne depuis 10 ans, la jeune femme nous ouvre les portes de son salon et revient sur son parcours.<\/h2>\n<p>&nbsp;<\/p>\n<h3>Par quels chemins \u00eates-vous pass\u00e9 avant d\u2019ouvrir votre propre salon\u00a0?<\/h3>\n<p>Melanie Guerra : J\u2019ai toujours v\u00e9cu \u00e0 Ch\u00e2teau-du-Loir. A 18 ans, une fois mon BEP secr\u00e9tariat en poche, je cherchais \u00e0 faire une formation d&#8217;esth\u00e9ticienne. Je l\u2019ai fait par correspondance avec Educatel. Je travaillais \u00e0 c\u00f4t\u00e9 en usine pour gagner de l\u2019argent. J\u2019\u00e9tais tr\u00e8s motiv\u00e9e. Je m\u2019entrainais \u00e0 la manucure sur mes coll\u00e8gues, mes amies et ma famille. Deux ans plus tard, j\u2019ai fini ma formation.<\/p>\n<p>Par la suite, je me suis lanc\u00e9e et j\u2019ai commenc\u00e9 \u00e0 donner des soins d\u2019esth\u00e9tiques \u00e0 domicile, environ 30 kilom\u00e8tres autour de Ch\u00e2teau-du-Loir, pendant trois ans. J\u2019adore le contact humain. J\u2019ai toujours voulu avoir mon propre institut, mais je n\u2019avais pas assez d\u2019exp\u00e9rience \u00e0 l\u2019\u00e9poque.<\/p>\n<p>J\u2019ai ensuite fait une pause. J\u2019ai eu mon premier enfant, et avec mon mari, on a eu notre maison. Il y avait un chalet dans notre propri\u00e9t\u00e9 o\u00f9 beaucoup d\u2019animaux venaient nous visiter. J\u2019ai donc accueilli mes clients pendant cinq ans. \u00c7a n\u2019a pas tr\u00e8s bien march\u00e9, mais j\u2019ai beaucoup appris. J\u2019ai arr\u00eat\u00e9 en 2017.<\/p>\n<p>&nbsp;<\/p>\n<h3>Vous avez tout arr\u00eat\u00e9 pour travailler en tant que secr\u00e9taire comptable. Cette d\u00e9cision a-t-elle \u00e9t\u00e9 d\u00e9cisive dans votre parcours\u00a0?<\/h3>\n<p>MG : Effectivement, j\u2019ai travaill\u00e9 ensuite pendant deux ans en tant que secr\u00e9taire comptable pour l\u2019entreprise Renault, toujours \u00e0 Ch\u00e2teau-du-Loir. Avec cet emploi, j\u2019ai repris les bases, surtout en comptabilit\u00e9. Ses sacrifices ont pay\u00e9 puisque aujourd\u2019hui, je suis compl\u00e8tement r\u00e9compens\u00e9e.<\/p>\n<p>En novembre 2019, j\u2019ai emm\u00e9nag\u00e9 dans mon premier salon avenue Jean Jaur\u00e8s, en location. J\u2019ai recommenc\u00e9 \u00e0 z\u00e9ro. J\u2019y suis rest\u00e9e pendant un an et demi. \u00c7a marchait vraiment bien. J\u2019ai r\u00e9cup\u00e9r\u00e9 la client\u00e8le d\u2019un autre salon qui s\u2019\u00e9tait arr\u00eat\u00e9 \u00e0 Ch\u00e2teau-du-Loir.<\/p>\n<p>Mais j&#8217;ai rencontr\u00e9 un gros probl\u00e8me. Il y avait des locataires \u00e0 l\u2019\u00e9tage du dessus. Il y avait \u00e9norm\u00e9ment de bruits, et ce n\u2019est pas acceptable lorsque l\u2019on propose de tels soins. Je me disais : \u00ab comment je vais accueillir mes clients pour se relaxer dans ces conditions ? \u00bb. Je devais calculer les jours de vacances des enfants des locataires du dessus en fonction des rendez-vous. C\u2019\u00e9tait devenu invivable. Puis, le salon n\u2019\u00e9tait pas visible. Je n\u2019avais que 20m\u00b2, et mes clients n\u2019avaient pas de place pour se garer.<\/p>\n<p>&nbsp;<\/p>\n<h3>C\u2019est \u00e0 ce moment-l\u00e0 que vous achetez les locaux du \u00ab Gains\u2019Bar \u00bb. Comment s\u2019est d\u00e9roul\u00e9e la transition ?<\/h3>\n<p>MG : Depuis toujours, lorsque je passais en voiture devant les locaux, je me suis dis \u00ab un jour, \u00e7a sera chez moi \u00bb. Cet endroit \u00e9tait parfait ! Et je me voyais d\u00e9j\u00e0 dedans avant m\u00eame de l&#8217;avoir achet\u00e9. Alors une fois la d\u00e9cision prise de d\u00e9m\u00e9nager et me lancer seule, j\u2019ai commenc\u00e9 les modalit\u00e9s pour acheter l\u2019ancien bar, le Gains\u2019Bar, en avril 2021. Un lieu tr\u00e8s pris\u00e9 par la jeunesse cast\u00e9lorienne \u00e0 l&#8217;\u00e9poque. Le jour de mes 30 ans, j\u2019ai eu les cl\u00e9s. Nous avons commenc\u00e9 les travaux fin avril pour finir en septembre. On a tout cass\u00e9, tout vid\u00e9, et tout reconstruit. Aujourd\u2019hui, le salon fait environ 50m\u00b2. D\u2019ailleurs, je suis toujours en travaux pour ajouter deux nouvelles salles: un spa jacuzzi privatif, et une salle de massage.<\/p>\n<p>&nbsp;<\/p>\n<h3>Vous avez donc ouvert votre salon \u00e0 30 ans. Est-ce une cons\u00e9cration\u00a0?<\/h3>\n<p>MG : Oui, compl\u00e8tement ! Je suis extr\u00eamement fi\u00e8re. Je porte \u00e9norm\u00e9ment d\u2019attention aux d\u00e9tails. Par exemple, la porte menant au spa est enti\u00e8rement fait main. J\u2019ai fait des kilom\u00e8tres pour r\u00e9cup\u00e9rer cet arbre et ce pot, pr\u00e8s de l\u2019entr\u00e9e. Et puis, j\u2019ai une facilit\u00e9 \u00e0 savoir ce que je veux. Pour mon salon, je voulais une ambiance romaine. Autre exemple, la salle de massage. Elle sera enti\u00e8rement en bois, avec des poutres apparentes. Le tout dans une ambiance chaleureuse, relaxante, tr\u00e8s confort. S\u00fbrement un clin d\u2019\u0153il \u00e0 mon chalet dans mon jardin (rires).<\/p>\n<p>&nbsp;<\/p>\n<h3>Outre l\u2019extension du salon, avez-vous d\u2019autres projets\u00a0?<\/h3>\n<p>MG : A l\u2019avenir, j\u2019aimerais embaucher. Avec toutes les offres que je pr\u00e9vois d\u00e8s l\u2019ouverture des deux autres salles, on pourrait \u00eatre au moins quatre. Aujourd\u2019hui, je suis avec Anna, mon apprenti en BTS, potentiellement embauch\u00e9 apr\u00e8s l\u2019obtention de son dipl\u00f4me.<\/p>\n<p>Mon salon se d\u00e9veloppe tr\u00e8s bien et vite. Je suis super heureuse. J\u2019ai r\u00e9alis\u00e9 mon r\u00eave.<\/p>\n<p>&nbsp;<\/p>\n<h5>Atila Spa, 106, rue Aristide Briand, 72500 Montval-sur-Loir. 09 88 30 78 30.<\/h5>\n<!-- AddThis Advanced Settings generic via filter on the_content --><!-- AddThis Share Buttons generic via filter on the_content -->","protected":false},"excerpt":{"rendered":"<p>Melanie Guerra est la fondatrice d\u2019Atila Spa, l\u2019institut de beaut\u00e9 situ\u00e9 au 106, rue Aristide Briand \u00e0 Ch\u00e2teau-du-Loir. Esth\u00e9ticienne depuis 10 ans, la jeune femme nous ouvre les portes de son salon et revient sur son parcours. &nbsp; Par quels chemins \u00eates-vous pass\u00e9 avant d\u2019ouvrir votre propre salon\u00a0? Melanie Guerra : J\u2019ai toujours v\u00e9cu \u00e0&hellip;<!-- AddThis Advanced Settings generic via filter on get_the_excerpt --><!-- AddThis Share Buttons generic via filter on get_the_excerpt --><\/p>\n","protected":false},"author":4,"featured_media":9540,"comment_status":"closed","ping_status":"open","sticky":false,"template":"","format":"standard","meta":{"footnotes":""},"categories":[1],"tags":[],"class_list":["post-9539","post","type-post","status-publish","format-standard","has-post-thumbnail","hentry","category-contact-fm-72","category-1","description-off"],"yoast_head":"<!-- This site is optimized with the Yoast SEO plugin v27.4 - https:\/\/yoast.com\/product\/yoast-seo-wordpress\/ -->\n<title>Melanie Guerra : \u00ab J\u2019ai r\u00e9alis\u00e9 mon r\u00eave \u00bb - Contact FM 99.3<\/title>\n<meta name=\"robots\" content=\"index, follow, max-snippet:-1, max-image-preview:large, max-video-preview:-1\" \/>\n<link rel=\"canonical\" href=\"https:\/\/contactfm72.fr\/?p=9539\" \/>\n<meta property=\"og:locale\" content=\"fr_FR\" \/>\n<meta property=\"og:type\" content=\"article\" \/>\n<meta property=\"og:title\" content=\"Melanie Guerra : \u00ab J\u2019ai r\u00e9alis\u00e9 mon r\u00eave \u00bb - Contact FM 99.3\" \/>\n<meta property=\"og:description\" content=\"Melanie Guerra est la fondatrice d\u2019Atila Spa, l\u2019institut de beaut\u00e9 situ\u00e9 au 106, rue Aristide Briand \u00e0 Ch\u00e2teau-du-Loir. Esth\u00e9ticienne depuis 10 ans, la jeune femme nous ouvre les portes de son salon et revient sur son parcours. &nbsp; Par quels chemins \u00eates-vous pass\u00e9 avant d\u2019ouvrir votre propre salon\u00a0? Melanie Guerra : J\u2019ai toujours v\u00e9cu \u00e0&hellip;\" \/>\n<meta property=\"og:url\" content=\"https:\/\/contactfm72.fr\/?p=9539\" \/>\n<meta property=\"og:site_name\" content=\"Contact FM 99.3\" \/>\n<meta property=\"article:publisher\" content=\"https:\/\/www.facebook.com\/Contactfm.Chateauduloir\" \/>\n<meta property=\"article:published_time\" content=\"2022-04-19T09:35:54+00:00\" \/>\n<meta property=\"article:modified_time\" content=\"2022-05-01T11:30:01+00:00\" \/>\n<meta property=\"og:image\" content=\"https:\/\/contactfm72.fr\/wp-content\/uploads\/2022\/04\/atila-spa.jpg\" \/>\n\t<meta property=\"og:image:width\" content=\"2048\" \/>\n\t<meta property=\"og:image:height\" content=\"1536\" \/>\n\t<meta property=\"og:image:type\" content=\"image\/jpeg\" \/>\n<meta name=\"author\" content=\"Val\u00e9rie C.\" \/>\n<meta name=\"twitter:card\" content=\"summary_large_image\" \/>\n<meta name=\"twitter:creator\" content=\"@contactfm72\" \/>\n<meta name=\"twitter:site\" content=\"@contactfm72\" \/>\n<meta name=\"twitter:label1\" content=\"\u00c9crit par\" \/>\n\t<meta name=\"twitter:data1\" content=\"Val\u00e9rie C.\" \/>\n\t<meta name=\"twitter:label2\" content=\"Dur\u00e9e de lecture estim\u00e9e\" \/>\n\t<meta name=\"twitter:data2\" content=\"4 minutes\" \/>\n<script type=\"application\/ld+json\" class=\"yoast-schema-graph\">{\"@context\":\"https:\\\/\\\/schema.org\",\"@graph\":[{\"@type\":\"Article\",\"@id\":\"https:\\\/\\\/contactfm72.fr\\\/?p=9539#article\",\"isPartOf\":{\"@id\":\"https:\\\/\\\/contactfm72.fr\\\/?p=9539\"},\"author\":{\"name\":\"Val\u00e9rie C.\",\"@id\":\"https:\\\/\\\/contactfm72.fr\\\/#\\\/schema\\\/person\\\/9fdc9d1c2eb029354a4f1535b90ba82d\"},\"headline\":\"Melanie Guerra : \u00ab J\u2019ai r\u00e9alis\u00e9 mon r\u00eave \u00bb\",\"datePublished\":\"2022-04-19T09:35:54+00:00\",\"dateModified\":\"2022-05-01T11:30:01+00:00\",\"mainEntityOfPage\":{\"@id\":\"https:\\\/\\\/contactfm72.fr\\\/?p=9539\"},\"wordCount\":842,\"publisher\":{\"@id\":\"https:\\\/\\\/contactfm72.fr\\\/#organization\"},\"image\":{\"@id\":\"https:\\\/\\\/contactfm72.fr\\\/?p=9539#primaryimage\"},\"thumbnailUrl\":\"https:\\\/\\\/contactfm72.fr\\\/wp-content\\\/uploads\\\/2022\\\/04\\\/atila-spa.jpg\",\"articleSection\":[\"Contact FM 72\"],\"inLanguage\":\"fr-FR\"},{\"@type\":\"WebPage\",\"@id\":\"https:\\\/\\\/contactfm72.fr\\\/?p=9539\",\"url\":\"https:\\\/\\\/contactfm72.fr\\\/?p=9539\",\"name\":\"Melanie Guerra : \u00ab J\u2019ai r\u00e9alis\u00e9 mon r\u00eave \u00bb - Contact FM 99.3\",\"isPartOf\":{\"@id\":\"https:\\\/\\\/contactfm72.fr\\\/#website\"},\"primaryImageOfPage\":{\"@id\":\"https:\\\/\\\/contactfm72.fr\\\/?p=9539#primaryimage\"},\"image\":{\"@id\":\"https:\\\/\\\/contactfm72.fr\\\/?p=9539#primaryimage\"},\"thumbnailUrl\":\"https:\\\/\\\/contactfm72.fr\\\/wp-content\\\/uploads\\\/2022\\\/04\\\/atila-spa.jpg\",\"datePublished\":\"2022-04-19T09:35:54+00:00\",\"dateModified\":\"2022-05-01T11:30:01+00:00\",\"breadcrumb\":{\"@id\":\"https:\\\/\\\/contactfm72.fr\\\/?p=9539#breadcrumb\"},\"inLanguage\":\"fr-FR\",\"potentialAction\":[{\"@type\":\"ReadAction\",\"target\":[\"https:\\\/\\\/contactfm72.fr\\\/?p=9539\"]}]},{\"@type\":\"ImageObject\",\"inLanguage\":\"fr-FR\",\"@id\":\"https:\\\/\\\/contactfm72.fr\\\/?p=9539#primaryimage\",\"url\":\"https:\\\/\\\/contactfm72.fr\\\/wp-content\\\/uploads\\\/2022\\\/04\\\/atila-spa.jpg\",\"contentUrl\":\"https:\\\/\\\/contactfm72.fr\\\/wp-content\\\/uploads\\\/2022\\\/04\\\/atila-spa.jpg\",\"width\":2048,\"height\":1536,\"caption\":\"M\u00e9lanie Guerra et Anna, dans l'institut Atila Spa.\"},{\"@type\":\"BreadcrumbList\",\"@id\":\"https:\\\/\\\/contactfm72.fr\\\/?p=9539#breadcrumb\",\"itemListElement\":[{\"@type\":\"ListItem\",\"position\":1,\"name\":\"Accueil\",\"item\":\"https:\\\/\\\/contactfm72.fr\\\/\"},{\"@type\":\"ListItem\",\"position\":2,\"name\":\"Melanie Guerra : \u00ab J\u2019ai r\u00e9alis\u00e9 mon r\u00eave \u00bb\"}]},{\"@type\":\"WebSite\",\"@id\":\"https:\\\/\\\/contactfm72.fr\\\/#website\",\"url\":\"https:\\\/\\\/contactfm72.fr\\\/\",\"name\":\"Contact FM 99.3\",\"description\":\"Votre radio en vall\u00e9e du Loir\",\"publisher\":{\"@id\":\"https:\\\/\\\/contactfm72.fr\\\/#organization\"},\"potentialAction\":[{\"@type\":\"SearchAction\",\"target\":{\"@type\":\"EntryPoint\",\"urlTemplate\":\"https:\\\/\\\/contactfm72.fr\\\/?s={search_term_string}\"},\"query-input\":{\"@type\":\"PropertyValueSpecification\",\"valueRequired\":true,\"valueName\":\"search_term_string\"}}],\"inLanguage\":\"fr-FR\"},{\"@type\":\"Organization\",\"@id\":\"https:\\\/\\\/contactfm72.fr\\\/#organization\",\"name\":\"Contact FM 99.3\",\"url\":\"https:\\\/\\\/contactfm72.fr\\\/\",\"logo\":{\"@type\":\"ImageObject\",\"inLanguage\":\"fr-FR\",\"@id\":\"https:\\\/\\\/contactfm72.fr\\\/#\\\/schema\\\/logo\\\/image\\\/\",\"url\":\"https:\\\/\\\/contactfm72.fr\\\/wp-content\\\/uploads\\\/2025\\\/04\\\/2025-04-18-2.jpg\",\"contentUrl\":\"https:\\\/\\\/contactfm72.fr\\\/wp-content\\\/uploads\\\/2025\\\/04\\\/2025-04-18-2.jpg\",\"width\":680,\"height\":307,\"caption\":\"Contact FM 99.3\"},\"image\":{\"@id\":\"https:\\\/\\\/contactfm72.fr\\\/#\\\/schema\\\/logo\\\/image\\\/\"},\"sameAs\":[\"https:\\\/\\\/www.facebook.com\\\/Contactfm.Chateauduloir\",\"https:\\\/\\\/x.com\\\/contactfm72\",\"https:\\\/\\\/www.instagram.com\\\/contact.fm.72?igsh=cGhlMHQ5N2JlNnpp\",\"https:\\\/\\\/www.tiktok.com\\\/@contact.fm\"]},{\"@type\":\"Person\",\"@id\":\"https:\\\/\\\/contactfm72.fr\\\/#\\\/schema\\\/person\\\/9fdc9d1c2eb029354a4f1535b90ba82d\",\"name\":\"Val\u00e9rie C.\",\"image\":{\"@type\":\"ImageObject\",\"inLanguage\":\"fr-FR\",\"@id\":\"https:\\\/\\\/secure.gravatar.com\\\/avatar\\\/2f8aa28f8dfbd7d4420afd1fdcdd0a349923e2c8a38ab28198b0f9d0601e4737?s=96&d=mm&r=g\",\"url\":\"https:\\\/\\\/secure.gravatar.com\\\/avatar\\\/2f8aa28f8dfbd7d4420afd1fdcdd0a349923e2c8a38ab28198b0f9d0601e4737?s=96&d=mm&r=g\",\"contentUrl\":\"https:\\\/\\\/secure.gravatar.com\\\/avatar\\\/2f8aa28f8dfbd7d4420afd1fdcdd0a349923e2c8a38ab28198b0f9d0601e4737?s=96&d=mm&r=g\",\"caption\":\"Val\u00e9rie C.\"},\"url\":\"https:\\\/\\\/contactfm72.fr\\\/?author=4\"}]}<\/script>\n<!-- \/ Yoast SEO plugin. -->","yoast_head_json":{"title":"Melanie Guerra : \u00ab J\u2019ai r\u00e9alis\u00e9 mon r\u00eave \u00bb - Contact FM 99.3","robots":{"index":"index","follow":"follow","max-snippet":"max-snippet:-1","max-image-preview":"max-image-preview:large","max-video-preview":"max-video-preview:-1"},"canonical":"https:\/\/contactfm72.fr\/?p=9539","og_locale":"fr_FR","og_type":"article","og_title":"Melanie Guerra : \u00ab J\u2019ai r\u00e9alis\u00e9 mon r\u00eave \u00bb - Contact FM 99.3","og_description":"Melanie Guerra est la fondatrice d\u2019Atila Spa, l\u2019institut de beaut\u00e9 situ\u00e9 au 106, rue Aristide Briand \u00e0 Ch\u00e2teau-du-Loir. Esth\u00e9ticienne depuis 10 ans, la jeune femme nous ouvre les portes de son salon et revient sur son parcours. &nbsp; Par quels chemins \u00eates-vous pass\u00e9 avant d\u2019ouvrir votre propre salon\u00a0? Melanie Guerra : J\u2019ai toujours v\u00e9cu \u00e0&hellip;","og_url":"https:\/\/contactfm72.fr\/?p=9539","og_site_name":"Contact FM 99.3","article_publisher":"https:\/\/www.facebook.com\/Contactfm.Chateauduloir","article_published_time":"2022-04-19T09:35:54+00:00","article_modified_time":"2022-05-01T11:30:01+00:00","og_image":[{"width":2048,"height":1536,"url":"https:\/\/contactfm72.fr\/wp-content\/uploads\/2022\/04\/atila-spa.jpg","type":"image\/jpeg"}],"author":"Val\u00e9rie C.","twitter_card":"summary_large_image","twitter_creator":"@contactfm72","twitter_site":"@contactfm72","twitter_misc":{"\u00c9crit par":"Val\u00e9rie C.","Dur\u00e9e de lecture estim\u00e9e":"4 minutes"},"schema":{"@context":"https:\/\/schema.org","@graph":[{"@type":"Article","@id":"https:\/\/contactfm72.fr\/?p=9539#article","isPartOf":{"@id":"https:\/\/contactfm72.fr\/?p=9539"},"author":{"name":"Val\u00e9rie C.","@id":"https:\/\/contactfm72.fr\/#\/schema\/person\/9fdc9d1c2eb029354a4f1535b90ba82d"},"headline":"Melanie Guerra : \u00ab J\u2019ai r\u00e9alis\u00e9 mon r\u00eave \u00bb","datePublished":"2022-04-19T09:35:54+00:00","dateModified":"2022-05-01T11:30:01+00:00","mainEntityOfPage":{"@id":"https:\/\/contactfm72.fr\/?p=9539"},"wordCount":842,"publisher":{"@id":"https:\/\/contactfm72.fr\/#organization"},"image":{"@id":"https:\/\/contactfm72.fr\/?p=9539#primaryimage"},"thumbnailUrl":"https:\/\/contactfm72.fr\/wp-content\/uploads\/2022\/04\/atila-spa.jpg","articleSection":["Contact FM 72"],"inLanguage":"fr-FR"},{"@type":"WebPage","@id":"https:\/\/contactfm72.fr\/?p=9539","url":"https:\/\/contactfm72.fr\/?p=9539","name":"Melanie Guerra : \u00ab J\u2019ai r\u00e9alis\u00e9 mon r\u00eave \u00bb - Contact FM 99.3","isPartOf":{"@id":"https:\/\/contactfm72.fr\/#website"},"primaryImageOfPage":{"@id":"https:\/\/contactfm72.fr\/?p=9539#primaryimage"},"image":{"@id":"https:\/\/contactfm72.fr\/?p=9539#primaryimage"},"thumbnailUrl":"https:\/\/contactfm72.fr\/wp-content\/uploads\/2022\/04\/atila-spa.jpg","datePublished":"2022-04-19T09:35:54+00:00","dateModified":"2022-05-01T11:30:01+00:00","breadcrumb":{"@id":"https:\/\/contactfm72.fr\/?p=9539#breadcrumb"},"inLanguage":"fr-FR","potentialAction":[{"@type":"ReadAction","target":["https:\/\/contactfm72.fr\/?p=9539"]}]},{"@type":"ImageObject","inLanguage":"fr-FR","@id":"https:\/\/contactfm72.fr\/?p=9539#primaryimage","url":"https:\/\/contactfm72.fr\/wp-content\/uploads\/2022\/04\/atila-spa.jpg","contentUrl":"https:\/\/contactfm72.fr\/wp-content\/uploads\/2022\/04\/atila-spa.jpg","width":2048,"height":1536,"caption":"M\u00e9lanie Guerra et Anna, dans l'institut Atila Spa."},{"@type":"BreadcrumbList","@id":"https:\/\/contactfm72.fr\/?p=9539#breadcrumb","itemListElement":[{"@type":"ListItem","position":1,"name":"Accueil","item":"https:\/\/contactfm72.fr\/"},{"@type":"ListItem","position":2,"name":"Melanie Guerra : \u00ab J\u2019ai r\u00e9alis\u00e9 mon r\u00eave \u00bb"}]},{"@type":"WebSite","@id":"https:\/\/contactfm72.fr\/#website","url":"https:\/\/contactfm72.fr\/","name":"Contact FM 99.3","description":"Votre radio en vall\u00e9e du Loir","publisher":{"@id":"https:\/\/contactfm72.fr\/#organization"},"potentialAction":[{"@type":"SearchAction","target":{"@type":"EntryPoint","urlTemplate":"https:\/\/contactfm72.fr\/?s={search_term_string}"},"query-input":{"@type":"PropertyValueSpecification","valueRequired":true,"valueName":"search_term_string"}}],"inLanguage":"fr-FR"},{"@type":"Organization","@id":"https:\/\/contactfm72.fr\/#organization","name":"Contact FM 99.3","url":"https:\/\/contactfm72.fr\/","logo":{"@type":"ImageObject","inLanguage":"fr-FR","@id":"https:\/\/contactfm72.fr\/#\/schema\/logo\/image\/","url":"https:\/\/contactfm72.fr\/wp-content\/uploads\/2025\/04\/2025-04-18-2.jpg","contentUrl":"https:\/\/contactfm72.fr\/wp-content\/uploads\/2025\/04\/2025-04-18-2.jpg","width":680,"height":307,"caption":"Contact FM 99.3"},"image":{"@id":"https:\/\/contactfm72.fr\/#\/schema\/logo\/image\/"},"sameAs":["https:\/\/www.facebook.com\/Contactfm.Chateauduloir","https:\/\/x.com\/contactfm72","https:\/\/www.instagram.com\/contact.fm.72?igsh=cGhlMHQ5N2JlNnpp","https:\/\/www.tiktok.com\/@contact.fm"]},{"@type":"Person","@id":"https:\/\/contactfm72.fr\/#\/schema\/person\/9fdc9d1c2eb029354a4f1535b90ba82d","name":"Val\u00e9rie C.","image":{"@type":"ImageObject","inLanguage":"fr-FR","@id":"https:\/\/secure.gravatar.com\/avatar\/2f8aa28f8dfbd7d4420afd1fdcdd0a349923e2c8a38ab28198b0f9d0601e4737?s=96&d=mm&r=g","url":"https:\/\/secure.gravatar.com\/avatar\/2f8aa28f8dfbd7d4420afd1fdcdd0a349923e2c8a38ab28198b0f9d0601e4737?s=96&d=mm&r=g","contentUrl":"https:\/\/secure.gravatar.com\/avatar\/2f8aa28f8dfbd7d4420afd1fdcdd0a349923e2c8a38ab28198b0f9d0601e4737?s=96&d=mm&r=g","caption":"Val\u00e9rie C."},"url":"https:\/\/contactfm72.fr\/?author=4"}]}},"_links":{"self":[{"href":"https:\/\/contactfm72.fr\/index.php?rest_route=\/wp\/v2\/posts\/9539","targetHints":{"allow":["GET"]}}],"collection":[{"href":"https:\/\/contactfm72.fr\/index.php?rest_route=\/wp\/v2\/posts"}],"about":[{"href":"https:\/\/contactfm72.fr\/index.php?rest_route=\/wp\/v2\/types\/post"}],"author":[{"embeddable":true,"href":"https:\/\/contactfm72.fr\/index.php?rest_route=\/wp\/v2\/users\/4"}],"replies":[{"embeddable":true,"href":"https:\/\/contactfm72.fr\/index.php?rest_route=%2Fwp%2Fv2%2Fcomments&post=9539"}],"version-history":[{"count":3,"href":"https:\/\/contactfm72.fr\/index.php?rest_route=\/wp\/v2\/posts\/9539\/revisions"}],"predecessor-version":[{"id":9626,"href":"https:\/\/contactfm72.fr\/index.php?rest_route=\/wp\/v2\/posts\/9539\/revisions\/9626"}],"wp:featuredmedia":[{"embeddable":true,"href":"https:\/\/contactfm72.fr\/index.php?rest_route=\/wp\/v2\/media\/9540"}],"wp:attachment":[{"href":"https:\/\/contactfm72.fr\/index.php?rest_route=%2Fwp%2Fv2%2Fmedia&parent=9539"}],"wp:term":[{"taxonomy":"category","embeddable":true,"href":"https:\/\/contactfm72.fr\/index.php?rest_route=%2Fwp%2Fv2%2Fcategories&post=9539"},{"taxonomy":"post_tag","embeddable":true,"href":"https:\/\/contactfm72.fr\/index.php?rest_route=%2Fwp%2Fv2%2Ftags&post=9539"}],"curies":[{"name":"wp","href":"https:\/\/api.w.org\/{rel}","templated":true}]}}