{"id":9476,"date":"2022-04-12T15:59:07","date_gmt":"2022-04-12T13:59:07","guid":{"rendered":"http:\/\/contactfm72.fr\/?p=9476"},"modified":"2022-04-12T15:59:07","modified_gmt":"2022-04-12T13:59:07","slug":"collecte-pour-lukraine-remise-des-dons-au-centre-social","status":"publish","type":"post","link":"https:\/\/contactfm72.fr\/?p=9476","title":{"rendered":"Collecte pour l\u2019Ukraine. Remise des dons au centre social"},"content":{"rendered":"<h2>Le centre social de Montval-sur-Loir a r\u00e9cemment annonc\u00e9 une centralisation des dons au sein de leur \u00e9tablissement \u00e0 destination de l\u2019Ukraine. Quelques semaines plus tard, les acteurs proc\u00e8dent \u00e0 la remise des dons.<\/h2>\n<p>&nbsp;<\/p>\n<p>Suite \u00e0 l\u2019invasion russe sur le territoire Ukrainien et la venue de nombreux r\u00e9fugi\u00e9s sur le territoire, les <strong>centres sociaux du Sud-Sarthe<\/strong> avaient r\u00e9cemment annonc\u00e9 une <strong>centralisation des dons<\/strong> dans leur structure. Ce lundi 11 avril, <strong>Val-de-Loir et Loir &amp; Berc\u00e9<\/strong> ont proc\u00e9d\u00e9 \u00e0 la remise des dons.<\/p>\n<p>Herv\u00e9 Condurier, directeur du centre social du Val-de-Loir, rappelle le contexte de la collecte : \u00ab Au <strong>Super U de la Chartre-sur-le-Loir<\/strong>, la collecte \u00e9tait principalement d\u00e9mat\u00e9rialis\u00e9e. Les clients avaient la possibilit\u00e9 de donner un euro en caisse. <strong>966 euros ont \u00e9t\u00e9 r\u00e9colt\u00e9s<\/strong> \u00bb. La mobilisation a \u00e9galement \u00e9t\u00e9 importante au centre social Loir &amp; Berc\u00e9 puisque <strong>1472 euros ont \u00e9t\u00e9 r\u00e9colt\u00e9s pour la Croix Rouge<\/strong>, en plus de l&#8217;argent chartrain r\u00e9colt\u00e9, et <strong>270 euros pour le Secours Catholique<\/strong>.<\/p>\n<p>&nbsp;<\/p>\n<h3>Que des dons num\u00e9raires<\/h3>\n<p>Dor\u00e9navant, les centres sociaux et les associations n\u2019<strong>accepteront que des dons num\u00e9raires<\/strong>.<\/p>\n<blockquote><p>\u00ab Les dons mat\u00e9rialis\u00e9s sont la plupart du temps d\u00e9truits. La nourriture, les v\u00eatements, sont d\u00e9truits \u00e0 la fronti\u00e8re polonaise pour des raisons de date de p\u00e9remption ou de conditions m\u00e9t\u00e9orologiques. Il est donc difficile de stocker les dons, sans parler de la probl\u00e9matique de l\u2019acheminement. Nous sommes confront\u00e9s au probl\u00e8me de d\u00e9douanement. Nous avons donc pris la d\u00e9cision d\u2019utiliser les dons mat\u00e9riels sur le territoire lorsque les familles en auront besoin. Nous n\u2019acceptons dor\u00e9navant que les dons d\u2019argent \u00bb, explique S\u00e9bastien Dubois, repr\u00e9sentant local de la Croix Rouge.<\/p><\/blockquote>\n<p>&nbsp;<\/p>\n<h3>Les actions sur le territoire<\/h3>\n<p>Une dizaine de familles de r\u00e9fugi\u00e9s sont sur le territoire. La Croix Rouge assure l\u2019<strong>aide alimentaire et d\u2019hygi\u00e8ne<\/strong>. Les b\u00e9n\u00e9voles assurent \u00e9galement l\u2019accueil des familles, des dons de <strong>v\u00eatements<\/strong> gr\u00e2ce \u00e0 leur \u00ab\u00a0Vesti\u2019boutique\u00a0\u00bb, et b\u00e9n\u00e9ficie du partenariat avec l\u2019Atre pour le <strong>mobilier<\/strong>.<\/p>\n<p>Les b\u00e9n\u00e9voles du Secours Catholique proposent des <strong>cours de fran\u00e7ais<\/strong>, mais aussi l\u2019aide alimentaire et d\u2019hygi\u00e8ne.<\/p>\n<blockquote><p>\u00ab\u00a0Nous servons de relais aupr\u00e8s des b\u00e9n\u00e9voles associatifs et les habitants. Nous pr\u00e9servons \u00e9galement les liens sociaux des r\u00e9fugi\u00e9s\u00a0\u00bb, fait savoir Karine Le Bourhis, directrice du centre social Loir &amp; Berc\u00e9.<\/p>\n<p>&nbsp;<\/p><\/blockquote>\n<h3>Identifiez les r\u00e9fugi\u00e9s<\/h3>\n<p>Un autre probl\u00e8me cons\u00e9quent pour les b\u00e9n\u00e9voles de la Croix Rouge\u00a0: les <strong>initiatives personnelles.<\/strong><\/p>\n<blockquote><p>\u00ab On fait face dor\u00e9navant aux initiatives personnelles. C&#8217;est-\u00e0-dire que de nombreux particuliers, via le r\u00e9seau associatif et surtout les r\u00e9seaux sociaux, ont recueilli des familles de r\u00e9fugi\u00e9s. Or, malgr\u00e9 la bonne action, ils n\u2019ont pas pens\u00e9 \u00e0 l\u2019organisation sur le long terme. Nous ne pouvons donc pas les aider. Il faut imp\u00e9rativement que ces personnes se fassent conna\u00eetre aupr\u00e8s des centres sociaux ou de nos associations le plus rapidement possible \u00bb, alerte S\u00e9bastien Dubois.<\/p><\/blockquote>\n<p>&nbsp;<\/p>\n<h5>Les centres sociaux et les associations de la Croix Rouge et du Secours Catholique continuent de recueillir vos dons, num\u00e9riques seulement. Centre social Loir &amp; Berc\u00e9\u00a0: 4 Rue de la Bascule, 72500 Montval-sur-Loir. T\u00e9l\u00e9phone : 02 43 44 67 67. Centre social Val de Loir, 36 Rue Gervais Chevallier, 72340 La Chartre-sur-le-Loir. T\u00e9l\u00e9phone : 02 43 44 40 97. Ou encore S\u00e9bastien Dubois, repr\u00e9sentant local de la Croix Rouge, 06 78 33 69 77.<\/h5>\n<!-- AddThis Advanced Settings generic via filter on the_content --><!-- AddThis Share Buttons generic via filter on the_content -->","protected":false},"excerpt":{"rendered":"<p>Le centre social de Montval-sur-Loir a r\u00e9cemment annonc\u00e9 une centralisation des dons au sein de leur \u00e9tablissement \u00e0 destination de l\u2019Ukraine. Quelques semaines plus tard, les acteurs proc\u00e8dent \u00e0 la remise des dons. &nbsp; Suite \u00e0 l\u2019invasion russe sur le territoire Ukrainien et la venue de nombreux r\u00e9fugi\u00e9s sur le territoire, les centres sociaux du&hellip;<!-- AddThis Advanced Settings generic via filter on get_the_excerpt --><!-- AddThis Share Buttons generic via filter on get_the_excerpt --><\/p>\n","protected":false},"author":4,"featured_media":9477,"comment_status":"closed","ping_status":"open","sticky":false,"template":"","format":"standard","meta":{"footnotes":""},"categories":[1],"tags":[],"class_list":["post-9476","post","type-post","status-publish","format-standard","has-post-thumbnail","hentry","category-contact-fm-72","category-1","description-off"],"yoast_head":"<!-- This site is optimized with the Yoast SEO plugin v27.4 - https:\/\/yoast.com\/product\/yoast-seo-wordpress\/ -->\n<title>Collecte pour l\u2019Ukraine. Remise des dons au centre social - Contact FM 99.3<\/title>\n<meta name=\"robots\" content=\"index, follow, max-snippet:-1, max-image-preview:large, max-video-preview:-1\" \/>\n<link rel=\"canonical\" href=\"https:\/\/contactfm72.fr\/?p=9476\" \/>\n<meta property=\"og:locale\" content=\"fr_FR\" \/>\n<meta property=\"og:type\" content=\"article\" \/>\n<meta property=\"og:title\" content=\"Collecte pour l\u2019Ukraine. Remise des dons au centre social - Contact FM 99.3\" \/>\n<meta property=\"og:description\" content=\"Le centre social de Montval-sur-Loir a r\u00e9cemment annonc\u00e9 une centralisation des dons au sein de leur \u00e9tablissement \u00e0 destination de l\u2019Ukraine. Quelques semaines plus tard, les acteurs proc\u00e8dent \u00e0 la remise des dons. &nbsp; Suite \u00e0 l\u2019invasion russe sur le territoire Ukrainien et la venue de nombreux r\u00e9fugi\u00e9s sur le territoire, les centres sociaux du&hellip;\" \/>\n<meta property=\"og:url\" content=\"https:\/\/contactfm72.fr\/?p=9476\" \/>\n<meta property=\"og:site_name\" content=\"Contact FM 99.3\" \/>\n<meta property=\"article:publisher\" content=\"https:\/\/www.facebook.com\/Contactfm.Chateauduloir\" \/>\n<meta property=\"article:published_time\" content=\"2022-04-12T13:59:07+00:00\" \/>\n<meta property=\"og:image\" content=\"https:\/\/contactfm72.fr\/wp-content\/uploads\/2022\/04\/centre-social-argent.jpg\" \/>\n\t<meta property=\"og:image:width\" content=\"2048\" \/>\n\t<meta property=\"og:image:height\" content=\"1536\" \/>\n\t<meta property=\"og:image:type\" content=\"image\/jpeg\" \/>\n<meta name=\"author\" content=\"Val\u00e9rie C.\" \/>\n<meta name=\"twitter:card\" content=\"summary_large_image\" \/>\n<meta name=\"twitter:creator\" content=\"@contactfm72\" \/>\n<meta name=\"twitter:site\" content=\"@contactfm72\" \/>\n<meta name=\"twitter:label1\" content=\"\u00c9crit par\" \/>\n\t<meta name=\"twitter:data1\" content=\"Val\u00e9rie C.\" \/>\n\t<meta name=\"twitter:label2\" content=\"Dur\u00e9e de lecture estim\u00e9e\" \/>\n\t<meta name=\"twitter:data2\" content=\"3 minutes\" \/>\n<script type=\"application\/ld+json\" class=\"yoast-schema-graph\">{\"@context\":\"https:\\\/\\\/schema.org\",\"@graph\":[{\"@type\":\"Article\",\"@id\":\"https:\\\/\\\/contactfm72.fr\\\/?p=9476#article\",\"isPartOf\":{\"@id\":\"https:\\\/\\\/contactfm72.fr\\\/?p=9476\"},\"author\":{\"name\":\"Val\u00e9rie C.\",\"@id\":\"https:\\\/\\\/contactfm72.fr\\\/#\\\/schema\\\/person\\\/9fdc9d1c2eb029354a4f1535b90ba82d\"},\"headline\":\"Collecte pour l\u2019Ukraine. Remise des dons au centre social\",\"datePublished\":\"2022-04-12T13:59:07+00:00\",\"mainEntityOfPage\":{\"@id\":\"https:\\\/\\\/contactfm72.fr\\\/?p=9476\"},\"wordCount\":596,\"publisher\":{\"@id\":\"https:\\\/\\\/contactfm72.fr\\\/#organization\"},\"image\":{\"@id\":\"https:\\\/\\\/contactfm72.fr\\\/?p=9476#primaryimage\"},\"thumbnailUrl\":\"https:\\\/\\\/contactfm72.fr\\\/wp-content\\\/uploads\\\/2022\\\/04\\\/centre-social-argent.jpg\",\"articleSection\":[\"Contact FM 72\"],\"inLanguage\":\"fr-FR\"},{\"@type\":\"WebPage\",\"@id\":\"https:\\\/\\\/contactfm72.fr\\\/?p=9476\",\"url\":\"https:\\\/\\\/contactfm72.fr\\\/?p=9476\",\"name\":\"Collecte pour l\u2019Ukraine. Remise des dons au centre social - Contact FM 99.3\",\"isPartOf\":{\"@id\":\"https:\\\/\\\/contactfm72.fr\\\/#website\"},\"primaryImageOfPage\":{\"@id\":\"https:\\\/\\\/contactfm72.fr\\\/?p=9476#primaryimage\"},\"image\":{\"@id\":\"https:\\\/\\\/contactfm72.fr\\\/?p=9476#primaryimage\"},\"thumbnailUrl\":\"https:\\\/\\\/contactfm72.fr\\\/wp-content\\\/uploads\\\/2022\\\/04\\\/centre-social-argent.jpg\",\"datePublished\":\"2022-04-12T13:59:07+00:00\",\"breadcrumb\":{\"@id\":\"https:\\\/\\\/contactfm72.fr\\\/?p=9476#breadcrumb\"},\"inLanguage\":\"fr-FR\",\"potentialAction\":[{\"@type\":\"ReadAction\",\"target\":[\"https:\\\/\\\/contactfm72.fr\\\/?p=9476\"]}]},{\"@type\":\"ImageObject\",\"inLanguage\":\"fr-FR\",\"@id\":\"https:\\\/\\\/contactfm72.fr\\\/?p=9476#primaryimage\",\"url\":\"https:\\\/\\\/contactfm72.fr\\\/wp-content\\\/uploads\\\/2022\\\/04\\\/centre-social-argent.jpg\",\"contentUrl\":\"https:\\\/\\\/contactfm72.fr\\\/wp-content\\\/uploads\\\/2022\\\/04\\\/centre-social-argent.jpg\",\"width\":2048,\"height\":1536,\"caption\":\"Pr\u00e9sidents et directeurs des centre sociaux, \u00e0 la remise des dons pour les b\u00e9n\u00e9voles des associations locales de la Croix Rouge et du Secours Catholique.\"},{\"@type\":\"BreadcrumbList\",\"@id\":\"https:\\\/\\\/contactfm72.fr\\\/?p=9476#breadcrumb\",\"itemListElement\":[{\"@type\":\"ListItem\",\"position\":1,\"name\":\"Accueil\",\"item\":\"https:\\\/\\\/contactfm72.fr\\\/\"},{\"@type\":\"ListItem\",\"position\":2,\"name\":\"Collecte pour l\u2019Ukraine. Remise des dons au centre social\"}]},{\"@type\":\"WebSite\",\"@id\":\"https:\\\/\\\/contactfm72.fr\\\/#website\",\"url\":\"https:\\\/\\\/contactfm72.fr\\\/\",\"name\":\"Contact FM 99.3\",\"description\":\"Votre radio en vall\u00e9e du Loir\",\"publisher\":{\"@id\":\"https:\\\/\\\/contactfm72.fr\\\/#organization\"},\"potentialAction\":[{\"@type\":\"SearchAction\",\"target\":{\"@type\":\"EntryPoint\",\"urlTemplate\":\"https:\\\/\\\/contactfm72.fr\\\/?s={search_term_string}\"},\"query-input\":{\"@type\":\"PropertyValueSpecification\",\"valueRequired\":true,\"valueName\":\"search_term_string\"}}],\"inLanguage\":\"fr-FR\"},{\"@type\":\"Organization\",\"@id\":\"https:\\\/\\\/contactfm72.fr\\\/#organization\",\"name\":\"Contact FM 99.3\",\"url\":\"https:\\\/\\\/contactfm72.fr\\\/\",\"logo\":{\"@type\":\"ImageObject\",\"inLanguage\":\"fr-FR\",\"@id\":\"https:\\\/\\\/contactfm72.fr\\\/#\\\/schema\\\/logo\\\/image\\\/\",\"url\":\"https:\\\/\\\/contactfm72.fr\\\/wp-content\\\/uploads\\\/2025\\\/04\\\/2025-04-18-2.jpg\",\"contentUrl\":\"https:\\\/\\\/contactfm72.fr\\\/wp-content\\\/uploads\\\/2025\\\/04\\\/2025-04-18-2.jpg\",\"width\":680,\"height\":307,\"caption\":\"Contact FM 99.3\"},\"image\":{\"@id\":\"https:\\\/\\\/contactfm72.fr\\\/#\\\/schema\\\/logo\\\/image\\\/\"},\"sameAs\":[\"https:\\\/\\\/www.facebook.com\\\/Contactfm.Chateauduloir\",\"https:\\\/\\\/x.com\\\/contactfm72\",\"https:\\\/\\\/www.instagram.com\\\/contact.fm.72?igsh=cGhlMHQ5N2JlNnpp\",\"https:\\\/\\\/www.tiktok.com\\\/@contact.fm\"]},{\"@type\":\"Person\",\"@id\":\"https:\\\/\\\/contactfm72.fr\\\/#\\\/schema\\\/person\\\/9fdc9d1c2eb029354a4f1535b90ba82d\",\"name\":\"Val\u00e9rie C.\",\"image\":{\"@type\":\"ImageObject\",\"inLanguage\":\"fr-FR\",\"@id\":\"https:\\\/\\\/secure.gravatar.com\\\/avatar\\\/2f8aa28f8dfbd7d4420afd1fdcdd0a349923e2c8a38ab28198b0f9d0601e4737?s=96&d=mm&r=g\",\"url\":\"https:\\\/\\\/secure.gravatar.com\\\/avatar\\\/2f8aa28f8dfbd7d4420afd1fdcdd0a349923e2c8a38ab28198b0f9d0601e4737?s=96&d=mm&r=g\",\"contentUrl\":\"https:\\\/\\\/secure.gravatar.com\\\/avatar\\\/2f8aa28f8dfbd7d4420afd1fdcdd0a349923e2c8a38ab28198b0f9d0601e4737?s=96&d=mm&r=g\",\"caption\":\"Val\u00e9rie C.\"},\"url\":\"https:\\\/\\\/contactfm72.fr\\\/?author=4\"}]}<\/script>\n<!-- \/ Yoast SEO plugin. -->","yoast_head_json":{"title":"Collecte pour l\u2019Ukraine. Remise des dons au centre social - Contact FM 99.3","robots":{"index":"index","follow":"follow","max-snippet":"max-snippet:-1","max-image-preview":"max-image-preview:large","max-video-preview":"max-video-preview:-1"},"canonical":"https:\/\/contactfm72.fr\/?p=9476","og_locale":"fr_FR","og_type":"article","og_title":"Collecte pour l\u2019Ukraine. Remise des dons au centre social - Contact FM 99.3","og_description":"Le centre social de Montval-sur-Loir a r\u00e9cemment annonc\u00e9 une centralisation des dons au sein de leur \u00e9tablissement \u00e0 destination de l\u2019Ukraine. Quelques semaines plus tard, les acteurs proc\u00e8dent \u00e0 la remise des dons. &nbsp; Suite \u00e0 l\u2019invasion russe sur le territoire Ukrainien et la venue de nombreux r\u00e9fugi\u00e9s sur le territoire, les centres sociaux du&hellip;","og_url":"https:\/\/contactfm72.fr\/?p=9476","og_site_name":"Contact FM 99.3","article_publisher":"https:\/\/www.facebook.com\/Contactfm.Chateauduloir","article_published_time":"2022-04-12T13:59:07+00:00","og_image":[{"width":2048,"height":1536,"url":"https:\/\/contactfm72.fr\/wp-content\/uploads\/2022\/04\/centre-social-argent.jpg","type":"image\/jpeg"}],"author":"Val\u00e9rie C.","twitter_card":"summary_large_image","twitter_creator":"@contactfm72","twitter_site":"@contactfm72","twitter_misc":{"\u00c9crit par":"Val\u00e9rie C.","Dur\u00e9e de lecture estim\u00e9e":"3 minutes"},"schema":{"@context":"https:\/\/schema.org","@graph":[{"@type":"Article","@id":"https:\/\/contactfm72.fr\/?p=9476#article","isPartOf":{"@id":"https:\/\/contactfm72.fr\/?p=9476"},"author":{"name":"Val\u00e9rie C.","@id":"https:\/\/contactfm72.fr\/#\/schema\/person\/9fdc9d1c2eb029354a4f1535b90ba82d"},"headline":"Collecte pour l\u2019Ukraine. Remise des dons au centre social","datePublished":"2022-04-12T13:59:07+00:00","mainEntityOfPage":{"@id":"https:\/\/contactfm72.fr\/?p=9476"},"wordCount":596,"publisher":{"@id":"https:\/\/contactfm72.fr\/#organization"},"image":{"@id":"https:\/\/contactfm72.fr\/?p=9476#primaryimage"},"thumbnailUrl":"https:\/\/contactfm72.fr\/wp-content\/uploads\/2022\/04\/centre-social-argent.jpg","articleSection":["Contact FM 72"],"inLanguage":"fr-FR"},{"@type":"WebPage","@id":"https:\/\/contactfm72.fr\/?p=9476","url":"https:\/\/contactfm72.fr\/?p=9476","name":"Collecte pour l\u2019Ukraine. Remise des dons au centre social - Contact FM 99.3","isPartOf":{"@id":"https:\/\/contactfm72.fr\/#website"},"primaryImageOfPage":{"@id":"https:\/\/contactfm72.fr\/?p=9476#primaryimage"},"image":{"@id":"https:\/\/contactfm72.fr\/?p=9476#primaryimage"},"thumbnailUrl":"https:\/\/contactfm72.fr\/wp-content\/uploads\/2022\/04\/centre-social-argent.jpg","datePublished":"2022-04-12T13:59:07+00:00","breadcrumb":{"@id":"https:\/\/contactfm72.fr\/?p=9476#breadcrumb"},"inLanguage":"fr-FR","potentialAction":[{"@type":"ReadAction","target":["https:\/\/contactfm72.fr\/?p=9476"]}]},{"@type":"ImageObject","inLanguage":"fr-FR","@id":"https:\/\/contactfm72.fr\/?p=9476#primaryimage","url":"https:\/\/contactfm72.fr\/wp-content\/uploads\/2022\/04\/centre-social-argent.jpg","contentUrl":"https:\/\/contactfm72.fr\/wp-content\/uploads\/2022\/04\/centre-social-argent.jpg","width":2048,"height":1536,"caption":"Pr\u00e9sidents et directeurs des centre sociaux, \u00e0 la remise des dons pour les b\u00e9n\u00e9voles des associations locales de la Croix Rouge et du Secours Catholique."},{"@type":"BreadcrumbList","@id":"https:\/\/contactfm72.fr\/?p=9476#breadcrumb","itemListElement":[{"@type":"ListItem","position":1,"name":"Accueil","item":"https:\/\/contactfm72.fr\/"},{"@type":"ListItem","position":2,"name":"Collecte pour l\u2019Ukraine. Remise des dons au centre social"}]},{"@type":"WebSite","@id":"https:\/\/contactfm72.fr\/#website","url":"https:\/\/contactfm72.fr\/","name":"Contact FM 99.3","description":"Votre radio en vall\u00e9e du Loir","publisher":{"@id":"https:\/\/contactfm72.fr\/#organization"},"potentialAction":[{"@type":"SearchAction","target":{"@type":"EntryPoint","urlTemplate":"https:\/\/contactfm72.fr\/?s={search_term_string}"},"query-input":{"@type":"PropertyValueSpecification","valueRequired":true,"valueName":"search_term_string"}}],"inLanguage":"fr-FR"},{"@type":"Organization","@id":"https:\/\/contactfm72.fr\/#organization","name":"Contact FM 99.3","url":"https:\/\/contactfm72.fr\/","logo":{"@type":"ImageObject","inLanguage":"fr-FR","@id":"https:\/\/contactfm72.fr\/#\/schema\/logo\/image\/","url":"https:\/\/contactfm72.fr\/wp-content\/uploads\/2025\/04\/2025-04-18-2.jpg","contentUrl":"https:\/\/contactfm72.fr\/wp-content\/uploads\/2025\/04\/2025-04-18-2.jpg","width":680,"height":307,"caption":"Contact FM 99.3"},"image":{"@id":"https:\/\/contactfm72.fr\/#\/schema\/logo\/image\/"},"sameAs":["https:\/\/www.facebook.com\/Contactfm.Chateauduloir","https:\/\/x.com\/contactfm72","https:\/\/www.instagram.com\/contact.fm.72?igsh=cGhlMHQ5N2JlNnpp","https:\/\/www.tiktok.com\/@contact.fm"]},{"@type":"Person","@id":"https:\/\/contactfm72.fr\/#\/schema\/person\/9fdc9d1c2eb029354a4f1535b90ba82d","name":"Val\u00e9rie C.","image":{"@type":"ImageObject","inLanguage":"fr-FR","@id":"https:\/\/secure.gravatar.com\/avatar\/2f8aa28f8dfbd7d4420afd1fdcdd0a349923e2c8a38ab28198b0f9d0601e4737?s=96&d=mm&r=g","url":"https:\/\/secure.gravatar.com\/avatar\/2f8aa28f8dfbd7d4420afd1fdcdd0a349923e2c8a38ab28198b0f9d0601e4737?s=96&d=mm&r=g","contentUrl":"https:\/\/secure.gravatar.com\/avatar\/2f8aa28f8dfbd7d4420afd1fdcdd0a349923e2c8a38ab28198b0f9d0601e4737?s=96&d=mm&r=g","caption":"Val\u00e9rie C."},"url":"https:\/\/contactfm72.fr\/?author=4"}]}},"_links":{"self":[{"href":"https:\/\/contactfm72.fr\/index.php?rest_route=\/wp\/v2\/posts\/9476","targetHints":{"allow":["GET"]}}],"collection":[{"href":"https:\/\/contactfm72.fr\/index.php?rest_route=\/wp\/v2\/posts"}],"about":[{"href":"https:\/\/contactfm72.fr\/index.php?rest_route=\/wp\/v2\/types\/post"}],"author":[{"embeddable":true,"href":"https:\/\/contactfm72.fr\/index.php?rest_route=\/wp\/v2\/users\/4"}],"replies":[{"embeddable":true,"href":"https:\/\/contactfm72.fr\/index.php?rest_route=%2Fwp%2Fv2%2Fcomments&post=9476"}],"version-history":[{"count":1,"href":"https:\/\/contactfm72.fr\/index.php?rest_route=\/wp\/v2\/posts\/9476\/revisions"}],"predecessor-version":[{"id":9478,"href":"https:\/\/contactfm72.fr\/index.php?rest_route=\/wp\/v2\/posts\/9476\/revisions\/9478"}],"wp:featuredmedia":[{"embeddable":true,"href":"https:\/\/contactfm72.fr\/index.php?rest_route=\/wp\/v2\/media\/9477"}],"wp:attachment":[{"href":"https:\/\/contactfm72.fr\/index.php?rest_route=%2Fwp%2Fv2%2Fmedia&parent=9476"}],"wp:term":[{"taxonomy":"category","embeddable":true,"href":"https:\/\/contactfm72.fr\/index.php?rest_route=%2Fwp%2Fv2%2Fcategories&post=9476"},{"taxonomy":"post_tag","embeddable":true,"href":"https:\/\/contactfm72.fr\/index.php?rest_route=%2Fwp%2Fv2%2Ftags&post=9476"}],"curies":[{"name":"wp","href":"https:\/\/api.w.org\/{rel}","templated":true}]}}