{"id":9439,"date":"2022-04-11T12:01:03","date_gmt":"2022-04-11T10:01:03","guid":{"rendered":"http:\/\/contactfm72.fr\/?p=9439"},"modified":"2022-04-11T12:07:41","modified_gmt":"2022-04-11T10:07:41","slug":"premier-tour-de-la-presidentielle-comment-a-vote-le-sud-sarthe","status":"publish","type":"post","link":"https:\/\/contactfm72.fr\/?p=9439","title":{"rendered":"Premier tour de la pr\u00e9sidentielle : Comment a vot\u00e9 le Sud-Sarthe ?"},"content":{"rendered":"<h2>Le premier tour de l\u2019\u00e9lection pr\u00e9sidentielle a eu lieu le dimanche 10 avril. Emmanuel Macron et Marine le Pen sont qualifi\u00e9s pour le second tour. En Sarthe, les deux candidats obtiennent respectivement 28.24% et 27.68%. Comment a vot\u00e9 le Sud-Sarthe\u00a0?<\/h2>\n<p>&nbsp;<\/p>\n<p>On prend les m\u00eames et on recommence. Le<strong> premier tour de l\u2019\u00e9lection pr\u00e9sidentielle<\/strong> s\u2019est d\u00e9roul\u00e9 le dimanche 10 avril. Les candidats <strong>Emmanuel Macron<\/strong>, pr\u00e9sident sortant, et celle du parti du <strong>Rassemblement National, Marine le Pen<\/strong>, se retrouvent, pour une seconde fois, face \u00e0 face pour le second tour qui aura lieu le <strong>dimanche 24 avril<\/strong>.<\/p>\n<p>&nbsp;<\/p>\n<h3>R\u00e9sultats en Sarthe<\/h3>\n<p>Emmanuel Macron est arriv\u00e9 en t\u00eate dans les <strong>cinq d\u00e9partements des Pays-de-la-Loire<\/strong>, o\u00f9 il devance Marine Le Pen et Jean-Luc M\u00e9lenchon.<\/p>\n<p>Voici les r\u00e9sultats pour les 12 candidats en Sarthe\u00a0:<\/p>\n<ul>\n<li>Emmanuel Macron\u00a0: 28.24%<\/li>\n<li>Marine Le Pen\u00a0: 27.68%<\/li>\n<li>Jean-Luc M\u00e9lenchon\u00a0: 18,26%<\/li>\n<li>Eric Zemmour : 5.46%<\/li>\n<li>Val\u00e9rie Pecresse\u00a0: 5.36%<\/li>\n<li>Yannick Jadot : 4.56%<\/li>\n<li>Jean Lassalle\u00a0: 2.54%<\/li>\n<li>Fabien Roussel\u00a0: 2.33%<\/li>\n<li>Nicolas Dupont-Aignan\u00a0: 2.19%<\/li>\n<li>Anne Hidalgo : 1.82%<\/li>\n<li>Philippe Poutou\u00a0: 0.84%<\/li>\n<li>Nathalie Arthaud\u00a0: 0.72%<\/li>\n<\/ul>\n<p>&nbsp;<\/p>\n<h3>L\u2019abstention a 25%<\/h3>\n<p>Les fran\u00e7ais ont boud\u00e9. Sur le territoire national, <strong>25.08% des \u00e9lecteurs ne se sont pas d\u00e9plac\u00e9s<\/strong> aux urnes, le deuxi\u00e8me plus fort pourcentage derri\u00e8re celui de 28.04%, taux record du premier tour de l\u2019\u00e9lection pr\u00e9sidentielle de 2002, opposant Jacques Chirac et Jean-Marie le Pen.<\/p>\n<p>En <strong>Sarthe, une personne sur quatre ne s\u2019est pas d\u00e9plac\u00e9e<\/strong>. Avec 411.354 personnes inscrites, le pourcentage d\u2019abstentions atteint 25.65%.<\/p>\n<p>&nbsp;<\/p>\n<p>&nbsp;<\/p>\n<h3>Une douche froide pour LR<\/h3>\n<p>La chute fait mal. Le parti Les R\u00e9publicains normalement confortablement install\u00e9 en Sarthe s\u2019est effondr\u00e9. <strong>Val\u00e9rie Pecresse n\u2019obtient que 5.36% en Sarthe<\/strong>, contre 4.8% sur le territoire national. A Sabl\u00e9-sur-Sarthe, fief de l&#8217;ancien Premier ministre Fran\u00e7ois Fillon et ancien candidat lors des \u00e9lections de 2017 qui avait obtenu 45% des voix, la candidate LR n&#8217;obtient que 6,59% des suffrages.<\/p>\n<p>&nbsp;<\/p>\n<p>&nbsp;<\/p>\n<h3>Macron gagne en ville mais perd en campagne<\/h3>\n<p>Le pr\u00e9sident sortant arrive premier dans la plupart des grandes villes comme au Mans, la Fl\u00e8che, Sabl\u00e9-sur-Sarthe ou encore la Fert\u00e9-Bernard. Mais la vague bleue marine a bien submerg\u00e9 la Sarthe. La<strong> tr\u00e8s grande majorit\u00e9 des petites villes rurales place Marine le Pen en t\u00eate des suffrages<\/strong>.<\/p>\n<p>\u00c0 l\u2019image de <strong>Montval-sur-Loir<\/strong> o\u00f9 seulement 42 voix s\u00e9parent le pr\u00e9sident sortant et la candidate du Rassemblement Nationale : 847 voix pour Emmanuel Macron et 805 voix pour Marine Le Pen. Au <strong>Lude<\/strong>, Marine Le Pen arrive en t\u00eate avec 32,72% des voix. En deuxi\u00e8me position Emmanuel Macron se place avec 28,59 % des voix. 96 voix s\u00e9parent les deux candidats dans une ville o\u00f9 la maire <strong>B\u00e9atrice Latouche, candidate LR, vient d&#8217;annoncer sa <a href=\"http:\/\/contactfm72.fr\/?p=9345\">candidature aux \u00e9lections l\u00e9gislatives<\/a><\/strong>.<\/p>\n<p>&nbsp;<\/p>\n<p>&nbsp;<\/p>\n<p>En d\u00e9finitif, un second tour qui n\u2019est pas jou\u00e9. Les deux candidats repartent en campagne pour deux semaines. <strong>R\u00e9ponse le 24 avril prochain<\/strong>.<\/p>\n<!-- AddThis Advanced Settings generic via filter on the_content --><!-- AddThis Share Buttons generic via filter on the_content -->","protected":false},"excerpt":{"rendered":"<p>Le premier tour de l\u2019\u00e9lection pr\u00e9sidentielle a eu lieu le dimanche 10 avril. Emmanuel Macron et Marine le Pen sont qualifi\u00e9s pour le second tour. En Sarthe, les deux candidats obtiennent respectivement 28.24% et 27.68%. Comment a vot\u00e9 le Sud-Sarthe\u00a0? &nbsp; On prend les m\u00eames et on recommence. Le premier tour de l\u2019\u00e9lection pr\u00e9sidentielle s\u2019est&hellip;<!-- AddThis Advanced Settings generic via filter on get_the_excerpt --><!-- AddThis Share Buttons generic via filter on get_the_excerpt --><\/p>\n","protected":false},"author":4,"featured_media":9444,"comment_status":"closed","ping_status":"open","sticky":false,"template":"","format":"standard","meta":{"footnotes":""},"categories":[1],"tags":[],"class_list":["post-9439","post","type-post","status-publish","format-standard","has-post-thumbnail","hentry","category-contact-fm-72","category-1","description-off"],"yoast_head":"<!-- This site is optimized with the Yoast SEO plugin v27.4 - https:\/\/yoast.com\/product\/yoast-seo-wordpress\/ -->\n<title>Premier tour de la pr\u00e9sidentielle : Comment a vot\u00e9 le Sud-Sarthe ? - Contact FM 99.3<\/title>\n<meta name=\"robots\" content=\"index, follow, max-snippet:-1, max-image-preview:large, max-video-preview:-1\" \/>\n<link rel=\"canonical\" href=\"https:\/\/contactfm72.fr\/?p=9439\" \/>\n<meta property=\"og:locale\" content=\"fr_FR\" \/>\n<meta property=\"og:type\" content=\"article\" \/>\n<meta property=\"og:title\" content=\"Premier tour de la pr\u00e9sidentielle : Comment a vot\u00e9 le Sud-Sarthe ? - Contact FM 99.3\" \/>\n<meta property=\"og:description\" content=\"Le premier tour de l\u2019\u00e9lection pr\u00e9sidentielle a eu lieu le dimanche 10 avril. Emmanuel Macron et Marine le Pen sont qualifi\u00e9s pour le second tour. En Sarthe, les deux candidats obtiennent respectivement 28.24% et 27.68%. Comment a vot\u00e9 le Sud-Sarthe\u00a0? &nbsp; On prend les m\u00eames et on recommence. Le premier tour de l\u2019\u00e9lection pr\u00e9sidentielle s\u2019est&hellip;\" \/>\n<meta property=\"og:url\" content=\"https:\/\/contactfm72.fr\/?p=9439\" \/>\n<meta property=\"og:site_name\" content=\"Contact FM 99.3\" \/>\n<meta property=\"article:publisher\" content=\"https:\/\/www.facebook.com\/Contactfm.Chateauduloir\" \/>\n<meta property=\"article:published_time\" content=\"2022-04-11T10:01:03+00:00\" \/>\n<meta property=\"article:modified_time\" content=\"2022-04-11T10:07:41+00:00\" \/>\n<meta property=\"og:image\" content=\"https:\/\/contactfm72.fr\/wp-content\/uploads\/2022\/04\/macron-le-pen-1.jpg\" \/>\n\t<meta property=\"og:image:width\" content=\"2496\" \/>\n\t<meta property=\"og:image:height\" content=\"1664\" \/>\n\t<meta property=\"og:image:type\" content=\"image\/jpeg\" \/>\n<meta name=\"author\" content=\"Val\u00e9rie C.\" \/>\n<meta name=\"twitter:card\" content=\"summary_large_image\" \/>\n<meta name=\"twitter:creator\" content=\"@contactfm72\" \/>\n<meta name=\"twitter:site\" content=\"@contactfm72\" \/>\n<meta name=\"twitter:label1\" content=\"\u00c9crit par\" \/>\n\t<meta name=\"twitter:data1\" content=\"Val\u00e9rie C.\" \/>\n\t<meta name=\"twitter:label2\" content=\"Dur\u00e9e de lecture estim\u00e9e\" \/>\n\t<meta name=\"twitter:data2\" content=\"2 minutes\" \/>\n<script type=\"application\/ld+json\" class=\"yoast-schema-graph\">{\"@context\":\"https:\\\/\\\/schema.org\",\"@graph\":[{\"@type\":\"Article\",\"@id\":\"https:\\\/\\\/contactfm72.fr\\\/?p=9439#article\",\"isPartOf\":{\"@id\":\"https:\\\/\\\/contactfm72.fr\\\/?p=9439\"},\"author\":{\"name\":\"Val\u00e9rie C.\",\"@id\":\"https:\\\/\\\/contactfm72.fr\\\/#\\\/schema\\\/person\\\/9fdc9d1c2eb029354a4f1535b90ba82d\"},\"headline\":\"Premier tour de la pr\u00e9sidentielle : Comment a vot\u00e9 le Sud-Sarthe ?\",\"datePublished\":\"2022-04-11T10:01:03+00:00\",\"dateModified\":\"2022-04-11T10:07:41+00:00\",\"mainEntityOfPage\":{\"@id\":\"https:\\\/\\\/contactfm72.fr\\\/?p=9439\"},\"wordCount\":485,\"publisher\":{\"@id\":\"https:\\\/\\\/contactfm72.fr\\\/#organization\"},\"image\":{\"@id\":\"https:\\\/\\\/contactfm72.fr\\\/?p=9439#primaryimage\"},\"thumbnailUrl\":\"https:\\\/\\\/contactfm72.fr\\\/wp-content\\\/uploads\\\/2022\\\/04\\\/macron-le-pen-1.jpg\",\"articleSection\":[\"Contact FM 72\"],\"inLanguage\":\"fr-FR\"},{\"@type\":\"WebPage\",\"@id\":\"https:\\\/\\\/contactfm72.fr\\\/?p=9439\",\"url\":\"https:\\\/\\\/contactfm72.fr\\\/?p=9439\",\"name\":\"Premier tour de la pr\u00e9sidentielle : Comment a vot\u00e9 le Sud-Sarthe ? - Contact FM 99.3\",\"isPartOf\":{\"@id\":\"https:\\\/\\\/contactfm72.fr\\\/#website\"},\"primaryImageOfPage\":{\"@id\":\"https:\\\/\\\/contactfm72.fr\\\/?p=9439#primaryimage\"},\"image\":{\"@id\":\"https:\\\/\\\/contactfm72.fr\\\/?p=9439#primaryimage\"},\"thumbnailUrl\":\"https:\\\/\\\/contactfm72.fr\\\/wp-content\\\/uploads\\\/2022\\\/04\\\/macron-le-pen-1.jpg\",\"datePublished\":\"2022-04-11T10:01:03+00:00\",\"dateModified\":\"2022-04-11T10:07:41+00:00\",\"breadcrumb\":{\"@id\":\"https:\\\/\\\/contactfm72.fr\\\/?p=9439#breadcrumb\"},\"inLanguage\":\"fr-FR\",\"potentialAction\":[{\"@type\":\"ReadAction\",\"target\":[\"https:\\\/\\\/contactfm72.fr\\\/?p=9439\"]}]},{\"@type\":\"ImageObject\",\"inLanguage\":\"fr-FR\",\"@id\":\"https:\\\/\\\/contactfm72.fr\\\/?p=9439#primaryimage\",\"url\":\"https:\\\/\\\/contactfm72.fr\\\/wp-content\\\/uploads\\\/2022\\\/04\\\/macron-le-pen-1.jpg\",\"contentUrl\":\"https:\\\/\\\/contactfm72.fr\\\/wp-content\\\/uploads\\\/2022\\\/04\\\/macron-le-pen-1.jpg\",\"width\":2496,\"height\":1664,\"caption\":\"Les fran\u00e7ais ont vot\u00e9.\"},{\"@type\":\"BreadcrumbList\",\"@id\":\"https:\\\/\\\/contactfm72.fr\\\/?p=9439#breadcrumb\",\"itemListElement\":[{\"@type\":\"ListItem\",\"position\":1,\"name\":\"Accueil\",\"item\":\"https:\\\/\\\/contactfm72.fr\\\/\"},{\"@type\":\"ListItem\",\"position\":2,\"name\":\"Premier tour de la pr\u00e9sidentielle : Comment a vot\u00e9 le Sud-Sarthe ?\"}]},{\"@type\":\"WebSite\",\"@id\":\"https:\\\/\\\/contactfm72.fr\\\/#website\",\"url\":\"https:\\\/\\\/contactfm72.fr\\\/\",\"name\":\"Contact FM 99.3\",\"description\":\"Votre radio en vall\u00e9e du Loir\",\"publisher\":{\"@id\":\"https:\\\/\\\/contactfm72.fr\\\/#organization\"},\"potentialAction\":[{\"@type\":\"SearchAction\",\"target\":{\"@type\":\"EntryPoint\",\"urlTemplate\":\"https:\\\/\\\/contactfm72.fr\\\/?s={search_term_string}\"},\"query-input\":{\"@type\":\"PropertyValueSpecification\",\"valueRequired\":true,\"valueName\":\"search_term_string\"}}],\"inLanguage\":\"fr-FR\"},{\"@type\":\"Organization\",\"@id\":\"https:\\\/\\\/contactfm72.fr\\\/#organization\",\"name\":\"Contact FM 99.3\",\"url\":\"https:\\\/\\\/contactfm72.fr\\\/\",\"logo\":{\"@type\":\"ImageObject\",\"inLanguage\":\"fr-FR\",\"@id\":\"https:\\\/\\\/contactfm72.fr\\\/#\\\/schema\\\/logo\\\/image\\\/\",\"url\":\"https:\\\/\\\/contactfm72.fr\\\/wp-content\\\/uploads\\\/2025\\\/04\\\/2025-04-18-2.jpg\",\"contentUrl\":\"https:\\\/\\\/contactfm72.fr\\\/wp-content\\\/uploads\\\/2025\\\/04\\\/2025-04-18-2.jpg\",\"width\":680,\"height\":307,\"caption\":\"Contact FM 99.3\"},\"image\":{\"@id\":\"https:\\\/\\\/contactfm72.fr\\\/#\\\/schema\\\/logo\\\/image\\\/\"},\"sameAs\":[\"https:\\\/\\\/www.facebook.com\\\/Contactfm.Chateauduloir\",\"https:\\\/\\\/x.com\\\/contactfm72\",\"https:\\\/\\\/www.instagram.com\\\/contact.fm.72?igsh=cGhlMHQ5N2JlNnpp\",\"https:\\\/\\\/www.tiktok.com\\\/@contact.fm\"]},{\"@type\":\"Person\",\"@id\":\"https:\\\/\\\/contactfm72.fr\\\/#\\\/schema\\\/person\\\/9fdc9d1c2eb029354a4f1535b90ba82d\",\"name\":\"Val\u00e9rie C.\",\"image\":{\"@type\":\"ImageObject\",\"inLanguage\":\"fr-FR\",\"@id\":\"https:\\\/\\\/secure.gravatar.com\\\/avatar\\\/2f8aa28f8dfbd7d4420afd1fdcdd0a349923e2c8a38ab28198b0f9d0601e4737?s=96&d=mm&r=g\",\"url\":\"https:\\\/\\\/secure.gravatar.com\\\/avatar\\\/2f8aa28f8dfbd7d4420afd1fdcdd0a349923e2c8a38ab28198b0f9d0601e4737?s=96&d=mm&r=g\",\"contentUrl\":\"https:\\\/\\\/secure.gravatar.com\\\/avatar\\\/2f8aa28f8dfbd7d4420afd1fdcdd0a349923e2c8a38ab28198b0f9d0601e4737?s=96&d=mm&r=g\",\"caption\":\"Val\u00e9rie C.\"},\"url\":\"https:\\\/\\\/contactfm72.fr\\\/?author=4\"}]}<\/script>\n<!-- \/ Yoast SEO plugin. -->","yoast_head_json":{"title":"Premier tour de la pr\u00e9sidentielle : Comment a vot\u00e9 le Sud-Sarthe ? - Contact FM 99.3","robots":{"index":"index","follow":"follow","max-snippet":"max-snippet:-1","max-image-preview":"max-image-preview:large","max-video-preview":"max-video-preview:-1"},"canonical":"https:\/\/contactfm72.fr\/?p=9439","og_locale":"fr_FR","og_type":"article","og_title":"Premier tour de la pr\u00e9sidentielle : Comment a vot\u00e9 le Sud-Sarthe ? - Contact FM 99.3","og_description":"Le premier tour de l\u2019\u00e9lection pr\u00e9sidentielle a eu lieu le dimanche 10 avril. Emmanuel Macron et Marine le Pen sont qualifi\u00e9s pour le second tour. En Sarthe, les deux candidats obtiennent respectivement 28.24% et 27.68%. Comment a vot\u00e9 le Sud-Sarthe\u00a0? &nbsp; On prend les m\u00eames et on recommence. Le premier tour de l\u2019\u00e9lection pr\u00e9sidentielle s\u2019est&hellip;","og_url":"https:\/\/contactfm72.fr\/?p=9439","og_site_name":"Contact FM 99.3","article_publisher":"https:\/\/www.facebook.com\/Contactfm.Chateauduloir","article_published_time":"2022-04-11T10:01:03+00:00","article_modified_time":"2022-04-11T10:07:41+00:00","og_image":[{"width":2496,"height":1664,"url":"https:\/\/contactfm72.fr\/wp-content\/uploads\/2022\/04\/macron-le-pen-1.jpg","type":"image\/jpeg"}],"author":"Val\u00e9rie C.","twitter_card":"summary_large_image","twitter_creator":"@contactfm72","twitter_site":"@contactfm72","twitter_misc":{"\u00c9crit par":"Val\u00e9rie C.","Dur\u00e9e de lecture estim\u00e9e":"2 minutes"},"schema":{"@context":"https:\/\/schema.org","@graph":[{"@type":"Article","@id":"https:\/\/contactfm72.fr\/?p=9439#article","isPartOf":{"@id":"https:\/\/contactfm72.fr\/?p=9439"},"author":{"name":"Val\u00e9rie C.","@id":"https:\/\/contactfm72.fr\/#\/schema\/person\/9fdc9d1c2eb029354a4f1535b90ba82d"},"headline":"Premier tour de la pr\u00e9sidentielle : Comment a vot\u00e9 le Sud-Sarthe ?","datePublished":"2022-04-11T10:01:03+00:00","dateModified":"2022-04-11T10:07:41+00:00","mainEntityOfPage":{"@id":"https:\/\/contactfm72.fr\/?p=9439"},"wordCount":485,"publisher":{"@id":"https:\/\/contactfm72.fr\/#organization"},"image":{"@id":"https:\/\/contactfm72.fr\/?p=9439#primaryimage"},"thumbnailUrl":"https:\/\/contactfm72.fr\/wp-content\/uploads\/2022\/04\/macron-le-pen-1.jpg","articleSection":["Contact FM 72"],"inLanguage":"fr-FR"},{"@type":"WebPage","@id":"https:\/\/contactfm72.fr\/?p=9439","url":"https:\/\/contactfm72.fr\/?p=9439","name":"Premier tour de la pr\u00e9sidentielle : Comment a vot\u00e9 le Sud-Sarthe ? - Contact FM 99.3","isPartOf":{"@id":"https:\/\/contactfm72.fr\/#website"},"primaryImageOfPage":{"@id":"https:\/\/contactfm72.fr\/?p=9439#primaryimage"},"image":{"@id":"https:\/\/contactfm72.fr\/?p=9439#primaryimage"},"thumbnailUrl":"https:\/\/contactfm72.fr\/wp-content\/uploads\/2022\/04\/macron-le-pen-1.jpg","datePublished":"2022-04-11T10:01:03+00:00","dateModified":"2022-04-11T10:07:41+00:00","breadcrumb":{"@id":"https:\/\/contactfm72.fr\/?p=9439#breadcrumb"},"inLanguage":"fr-FR","potentialAction":[{"@type":"ReadAction","target":["https:\/\/contactfm72.fr\/?p=9439"]}]},{"@type":"ImageObject","inLanguage":"fr-FR","@id":"https:\/\/contactfm72.fr\/?p=9439#primaryimage","url":"https:\/\/contactfm72.fr\/wp-content\/uploads\/2022\/04\/macron-le-pen-1.jpg","contentUrl":"https:\/\/contactfm72.fr\/wp-content\/uploads\/2022\/04\/macron-le-pen-1.jpg","width":2496,"height":1664,"caption":"Les fran\u00e7ais ont vot\u00e9."},{"@type":"BreadcrumbList","@id":"https:\/\/contactfm72.fr\/?p=9439#breadcrumb","itemListElement":[{"@type":"ListItem","position":1,"name":"Accueil","item":"https:\/\/contactfm72.fr\/"},{"@type":"ListItem","position":2,"name":"Premier tour de la pr\u00e9sidentielle : Comment a vot\u00e9 le Sud-Sarthe ?"}]},{"@type":"WebSite","@id":"https:\/\/contactfm72.fr\/#website","url":"https:\/\/contactfm72.fr\/","name":"Contact FM 99.3","description":"Votre radio en vall\u00e9e du Loir","publisher":{"@id":"https:\/\/contactfm72.fr\/#organization"},"potentialAction":[{"@type":"SearchAction","target":{"@type":"EntryPoint","urlTemplate":"https:\/\/contactfm72.fr\/?s={search_term_string}"},"query-input":{"@type":"PropertyValueSpecification","valueRequired":true,"valueName":"search_term_string"}}],"inLanguage":"fr-FR"},{"@type":"Organization","@id":"https:\/\/contactfm72.fr\/#organization","name":"Contact FM 99.3","url":"https:\/\/contactfm72.fr\/","logo":{"@type":"ImageObject","inLanguage":"fr-FR","@id":"https:\/\/contactfm72.fr\/#\/schema\/logo\/image\/","url":"https:\/\/contactfm72.fr\/wp-content\/uploads\/2025\/04\/2025-04-18-2.jpg","contentUrl":"https:\/\/contactfm72.fr\/wp-content\/uploads\/2025\/04\/2025-04-18-2.jpg","width":680,"height":307,"caption":"Contact FM 99.3"},"image":{"@id":"https:\/\/contactfm72.fr\/#\/schema\/logo\/image\/"},"sameAs":["https:\/\/www.facebook.com\/Contactfm.Chateauduloir","https:\/\/x.com\/contactfm72","https:\/\/www.instagram.com\/contact.fm.72?igsh=cGhlMHQ5N2JlNnpp","https:\/\/www.tiktok.com\/@contact.fm"]},{"@type":"Person","@id":"https:\/\/contactfm72.fr\/#\/schema\/person\/9fdc9d1c2eb029354a4f1535b90ba82d","name":"Val\u00e9rie C.","image":{"@type":"ImageObject","inLanguage":"fr-FR","@id":"https:\/\/secure.gravatar.com\/avatar\/2f8aa28f8dfbd7d4420afd1fdcdd0a349923e2c8a38ab28198b0f9d0601e4737?s=96&d=mm&r=g","url":"https:\/\/secure.gravatar.com\/avatar\/2f8aa28f8dfbd7d4420afd1fdcdd0a349923e2c8a38ab28198b0f9d0601e4737?s=96&d=mm&r=g","contentUrl":"https:\/\/secure.gravatar.com\/avatar\/2f8aa28f8dfbd7d4420afd1fdcdd0a349923e2c8a38ab28198b0f9d0601e4737?s=96&d=mm&r=g","caption":"Val\u00e9rie C."},"url":"https:\/\/contactfm72.fr\/?author=4"}]}},"_links":{"self":[{"href":"https:\/\/contactfm72.fr\/index.php?rest_route=\/wp\/v2\/posts\/9439","targetHints":{"allow":["GET"]}}],"collection":[{"href":"https:\/\/contactfm72.fr\/index.php?rest_route=\/wp\/v2\/posts"}],"about":[{"href":"https:\/\/contactfm72.fr\/index.php?rest_route=\/wp\/v2\/types\/post"}],"author":[{"embeddable":true,"href":"https:\/\/contactfm72.fr\/index.php?rest_route=\/wp\/v2\/users\/4"}],"replies":[{"embeddable":true,"href":"https:\/\/contactfm72.fr\/index.php?rest_route=%2Fwp%2Fv2%2Fcomments&post=9439"}],"version-history":[{"count":5,"href":"https:\/\/contactfm72.fr\/index.php?rest_route=\/wp\/v2\/posts\/9439\/revisions"}],"predecessor-version":[{"id":9448,"href":"https:\/\/contactfm72.fr\/index.php?rest_route=\/wp\/v2\/posts\/9439\/revisions\/9448"}],"wp:featuredmedia":[{"embeddable":true,"href":"https:\/\/contactfm72.fr\/index.php?rest_route=\/wp\/v2\/media\/9444"}],"wp:attachment":[{"href":"https:\/\/contactfm72.fr\/index.php?rest_route=%2Fwp%2Fv2%2Fmedia&parent=9439"}],"wp:term":[{"taxonomy":"category","embeddable":true,"href":"https:\/\/contactfm72.fr\/index.php?rest_route=%2Fwp%2Fv2%2Fcategories&post=9439"},{"taxonomy":"post_tag","embeddable":true,"href":"https:\/\/contactfm72.fr\/index.php?rest_route=%2Fwp%2Fv2%2Ftags&post=9439"}],"curies":[{"name":"wp","href":"https:\/\/api.w.org\/{rel}","templated":true}]}}