{"id":9424,"date":"2022-04-08T10:44:06","date_gmt":"2022-04-08T08:44:06","guid":{"rendered":"http:\/\/contactfm72.fr\/?p=9424"},"modified":"2022-04-08T10:44:06","modified_gmt":"2022-04-08T08:44:06","slug":"le-groupe-phoenix-fabricant-de-panneaux-photovoltaiques-simplante-a-loirecopark","status":"publish","type":"post","link":"https:\/\/contactfm72.fr\/?p=9424","title":{"rendered":"Le groupe Phoenix, fabricant de panneaux photovolta\u00efques, s\u2019implante \u00e0 Loir\u00e9copark"},"content":{"rendered":"<h2>Expert en fabrication de panneaux photovolta\u00efques, le groupe Phoenix et sa start-up Cr\u00e9aWatt Fabrick\u2019 a d\u00e9cid\u00e9 de s\u2019implanter dans le Sud-Sarthe, \u00e0 Loir\u00e9copark. Fran\u00e7ois Boussard, pr\u00e9sident de la communaut\u00e9 de communes Sud-Sarthe, et les \u00e9lus, ont approuv\u00e9s l\u2019installation de l\u2019entreprise lors du conseil communautaire du 7 avril 2022. 100 \u00e0 150 emplois seront cr\u00e9\u00e9s d\u2019ici 2024.<\/h2>\n<p>&nbsp;<\/p>\n<p>C\u2019est dans la commune de <strong>Vaas dans le Sud-Sarthe<\/strong>, au sein du parc d\u2019activit\u00e9s <strong>Loir\u00e9copark<\/strong>, que <strong>Phoenix Group<\/strong>, et sa start-up industrielle <strong>Cr\u00e9aWatt Fabrick\u2019<\/strong> en forte croissance, a d\u00e9cid\u00e9 d\u2019inscrire son d\u00e9veloppement autour de l\u2019\u00e9nergie photovolta\u00efque. Elle propose une innovation \u00e0 destination des <strong>usages industriels et commerciaux<\/strong>. La c<strong>ommunaut\u00e9 de communes Sud-Sarthe<\/strong>, la <strong>R\u00e9gion<\/strong> et son agence de d\u00e9veloppement \u00e9conomique,<strong> Solutions&amp;co<\/strong>, ont accompagn\u00e9 le groupe dans son projet d\u2019implantation sur le territoire.<\/p>\n<p>&nbsp;<\/p>\n<p>&nbsp;<\/p>\n<h3>7 hectares \u00e0 Loir\u00e9copark<\/h3>\n<p>Cr\u00e9\u00e9e en mars 2020 par <strong>Jean-No\u00ebl Gaine<\/strong>, Cr\u00e9aWatt Fabrick\u2019 d\u00e9veloppe des panneaux photovolta\u00efques l\u00e9gers destin\u00e9s aux industriels. Moins de trois kilos au m\u00e8tre carr\u00e9, ces panneaux permettent de contourner les difficult\u00e9s de processus de fixation sur des toitures de grandes surfaces. Ce sont au total 7 hectares du parc d\u2019activit\u00e9s Loir\u00e9copark que le groupe va occuper pour installer son activit\u00e9 d\u00e9di\u00e9e \u00e0 l\u2019<strong>\u00e9nergie solaire<\/strong>.<\/p>\n<p>\u00ab Nous voulions une situation g\u00e9ographique strat\u00e9gique. Le site choisi nous positionne au c\u0153ur d\u2019un r\u00e9seau dense et adapt\u00e9 de transport routier et ferroviaire, et en proximit\u00e9 d\u2019une base logistique avanc\u00e9e en Loire-Atlantique. La pr\u00e9sence des 2 projets de ferme solaire, Urbasolar et Neonen, fait sens pour notre implantation au c\u0153ur d\u2019un \u00e9cosyst\u00e8me m\u00e9tier coh\u00e9rent\u00a0\u00bb, explique Jean-Noel Gaine, pr\u00e9sident de l&#8217;entreprise.<\/p>\n<p>&nbsp;<\/p>\n<h3>La transition \u00e9nerg\u00e9tique au service du d\u00e9fi \u00e9cologique de la R\u00e9gion<\/h3>\n<p>Depuis 2017, la R\u00e9gion des Pays de la Loire soutient une feuille de route sur la <strong>transition \u00e9nerg\u00e9tique<\/strong>. De 2017 \u00e0 2021, la part des \u00e9nergies dans la consommation \u00e9nerg\u00e9tique r\u00e9gionale a ainsi \u00e9t\u00e9 port\u00e9e de <strong>8% \u00e0 21 % gr\u00e2ce \u00e0 un investissement de 83 millions d\u2019euros<\/strong> pour cette p\u00e9riode. En 2020, la R\u00e9gion a encore accentu\u00e9 son effort en faveur des \u00e9nergies d\u00e9carbon\u00e9es, en votant une enveloppe de 100 millions d\u2019euros sur dix ans pour se positionner sur la fili\u00e8re d\u2019avenir de l\u2019hydrog\u00e8ne vert et a inscrit cette priorit\u00e9 dans son nouveau sch\u00e9ma de d\u00e9veloppement \u00e9conomique 2022-2028.<\/p>\n<blockquote><p>\u00ab L\u2019implantation de cette tr\u00e8s belle entreprise est un vrai succ\u00e8s pour le territoire. C\u2019est le fruit d\u2019un engagement collectif pour attirer des investisseurs, cr\u00e9er des emplois durables et contribuer \u00e0 inventer la croissance de demain tourn\u00e9e vers les grands enjeux environnementaux et climatiques. Je suis tr\u00e8s fi\u00e8re que la r\u00e9gion ait contribu\u00e9 \u00e0 ce beau r\u00e9sultat \u00bb indique Christelle Moran\u00e7ais, pr\u00e9sidente de la R\u00e9gion des Pays de la Loire.<\/p><\/blockquote>\n<p>&nbsp;<\/p>\n<h3>100 \u00e0 150 emplois<\/h3>\n<p>\u00ab\u00a0Sept hectares pour une m\u00eame entreprise sur Loir\u00e9copark, ce n\u2019\u00e9tait jamais arriv\u00e9 avant. Nous sommes donc tr\u00e8s contents d\u2019avoir d\u00e9lib\u00e9rer sur ce sujet. Il faut commencer \u00e0 construire cette entreprise d\u00e8s cette ann\u00e9e. Le co\u00fbt final revient entre <strong>70 et 80 millions d\u2019euros. 100 \u00e0 150 emplois seront cr\u00e9\u00e9s \u00e0 l\u2019horizon 2024<\/strong>\u00a0\u00bb, termine le pr\u00e9sident de la communaut\u00e9 de communes Fran\u00e7ois Boussard.<\/p>\n<!-- AddThis Advanced Settings generic via filter on the_content --><!-- AddThis Share Buttons generic via filter on the_content -->","protected":false},"excerpt":{"rendered":"<p>Expert en fabrication de panneaux photovolta\u00efques, le groupe Phoenix et sa start-up Cr\u00e9aWatt Fabrick\u2019 a d\u00e9cid\u00e9 de s\u2019implanter dans le Sud-Sarthe, \u00e0 Loir\u00e9copark. Fran\u00e7ois Boussard, pr\u00e9sident de la communaut\u00e9 de communes Sud-Sarthe, et les \u00e9lus, ont approuv\u00e9s l\u2019installation de l\u2019entreprise lors du conseil communautaire du 7 avril 2022. 100 \u00e0 150 emplois seront cr\u00e9\u00e9s d\u2019ici&hellip;<!-- AddThis Advanced Settings generic via filter on get_the_excerpt --><!-- AddThis Share Buttons generic via filter on get_the_excerpt --><\/p>\n","protected":false},"author":4,"featured_media":9425,"comment_status":"closed","ping_status":"open","sticky":false,"template":"","format":"standard","meta":{"footnotes":""},"categories":[1],"tags":[],"class_list":["post-9424","post","type-post","status-publish","format-standard","has-post-thumbnail","hentry","category-contact-fm-72","category-1","description-off"],"yoast_head":"<!-- This site is optimized with the Yoast SEO plugin v27.4 - https:\/\/yoast.com\/product\/yoast-seo-wordpress\/ -->\n<title>Le groupe Phoenix, fabricant de panneaux photovolta\u00efques, s\u2019implante \u00e0 Loir\u00e9copark - Contact FM 99.3<\/title>\n<meta name=\"robots\" content=\"index, follow, max-snippet:-1, max-image-preview:large, max-video-preview:-1\" \/>\n<link rel=\"canonical\" href=\"https:\/\/contactfm72.fr\/?p=9424\" \/>\n<meta property=\"og:locale\" content=\"fr_FR\" \/>\n<meta property=\"og:type\" content=\"article\" \/>\n<meta property=\"og:title\" content=\"Le groupe Phoenix, fabricant de panneaux photovolta\u00efques, s\u2019implante \u00e0 Loir\u00e9copark - Contact FM 99.3\" \/>\n<meta property=\"og:description\" content=\"Expert en fabrication de panneaux photovolta\u00efques, le groupe Phoenix et sa start-up Cr\u00e9aWatt Fabrick\u2019 a d\u00e9cid\u00e9 de s\u2019implanter dans le Sud-Sarthe, \u00e0 Loir\u00e9copark. Fran\u00e7ois Boussard, pr\u00e9sident de la communaut\u00e9 de communes Sud-Sarthe, et les \u00e9lus, ont approuv\u00e9s l\u2019installation de l\u2019entreprise lors du conseil communautaire du 7 avril 2022. 100 \u00e0 150 emplois seront cr\u00e9\u00e9s d\u2019ici&hellip;\" \/>\n<meta property=\"og:url\" content=\"https:\/\/contactfm72.fr\/?p=9424\" \/>\n<meta property=\"og:site_name\" content=\"Contact FM 99.3\" \/>\n<meta property=\"article:publisher\" content=\"https:\/\/www.facebook.com\/Contactfm.Chateauduloir\" \/>\n<meta property=\"article:published_time\" content=\"2022-04-08T08:44:06+00:00\" \/>\n<meta property=\"og:image\" content=\"https:\/\/contactfm72.fr\/wp-content\/uploads\/2022\/04\/groupe-phoenix.jpg\" \/>\n\t<meta property=\"og:image:width\" content=\"750\" \/>\n\t<meta property=\"og:image:height\" content=\"563\" \/>\n\t<meta property=\"og:image:type\" content=\"image\/jpeg\" \/>\n<meta name=\"author\" content=\"Val\u00e9rie C.\" \/>\n<meta name=\"twitter:card\" content=\"summary_large_image\" \/>\n<meta name=\"twitter:creator\" content=\"@contactfm72\" \/>\n<meta name=\"twitter:site\" content=\"@contactfm72\" \/>\n<meta name=\"twitter:label1\" content=\"\u00c9crit par\" \/>\n\t<meta name=\"twitter:data1\" content=\"Val\u00e9rie C.\" \/>\n\t<meta name=\"twitter:label2\" content=\"Dur\u00e9e de lecture estim\u00e9e\" \/>\n\t<meta name=\"twitter:data2\" content=\"3 minutes\" \/>\n<script type=\"application\/ld+json\" class=\"yoast-schema-graph\">{\"@context\":\"https:\\\/\\\/schema.org\",\"@graph\":[{\"@type\":\"Article\",\"@id\":\"https:\\\/\\\/contactfm72.fr\\\/?p=9424#article\",\"isPartOf\":{\"@id\":\"https:\\\/\\\/contactfm72.fr\\\/?p=9424\"},\"author\":{\"name\":\"Val\u00e9rie C.\",\"@id\":\"https:\\\/\\\/contactfm72.fr\\\/#\\\/schema\\\/person\\\/9fdc9d1c2eb029354a4f1535b90ba82d\"},\"headline\":\"Le groupe Phoenix, fabricant de panneaux photovolta\u00efques, s\u2019implante \u00e0 Loir\u00e9copark\",\"datePublished\":\"2022-04-08T08:44:06+00:00\",\"mainEntityOfPage\":{\"@id\":\"https:\\\/\\\/contactfm72.fr\\\/?p=9424\"},\"wordCount\":586,\"publisher\":{\"@id\":\"https:\\\/\\\/contactfm72.fr\\\/#organization\"},\"image\":{\"@id\":\"https:\\\/\\\/contactfm72.fr\\\/?p=9424#primaryimage\"},\"thumbnailUrl\":\"https:\\\/\\\/contactfm72.fr\\\/wp-content\\\/uploads\\\/2022\\\/04\\\/groupe-phoenix.jpg\",\"articleSection\":[\"Contact FM 72\"],\"inLanguage\":\"fr-FR\"},{\"@type\":\"WebPage\",\"@id\":\"https:\\\/\\\/contactfm72.fr\\\/?p=9424\",\"url\":\"https:\\\/\\\/contactfm72.fr\\\/?p=9424\",\"name\":\"Le groupe Phoenix, fabricant de panneaux photovolta\u00efques, s\u2019implante \u00e0 Loir\u00e9copark - Contact FM 99.3\",\"isPartOf\":{\"@id\":\"https:\\\/\\\/contactfm72.fr\\\/#website\"},\"primaryImageOfPage\":{\"@id\":\"https:\\\/\\\/contactfm72.fr\\\/?p=9424#primaryimage\"},\"image\":{\"@id\":\"https:\\\/\\\/contactfm72.fr\\\/?p=9424#primaryimage\"},\"thumbnailUrl\":\"https:\\\/\\\/contactfm72.fr\\\/wp-content\\\/uploads\\\/2022\\\/04\\\/groupe-phoenix.jpg\",\"datePublished\":\"2022-04-08T08:44:06+00:00\",\"breadcrumb\":{\"@id\":\"https:\\\/\\\/contactfm72.fr\\\/?p=9424#breadcrumb\"},\"inLanguage\":\"fr-FR\",\"potentialAction\":[{\"@type\":\"ReadAction\",\"target\":[\"https:\\\/\\\/contactfm72.fr\\\/?p=9424\"]}]},{\"@type\":\"ImageObject\",\"inLanguage\":\"fr-FR\",\"@id\":\"https:\\\/\\\/contactfm72.fr\\\/?p=9424#primaryimage\",\"url\":\"https:\\\/\\\/contactfm72.fr\\\/wp-content\\\/uploads\\\/2022\\\/04\\\/groupe-phoenix.jpg\",\"contentUrl\":\"https:\\\/\\\/contactfm72.fr\\\/wp-content\\\/uploads\\\/2022\\\/04\\\/groupe-phoenix.jpg\",\"width\":750,\"height\":563,\"caption\":\"Lors de la d\u00e9lib\u00e9ration au conseil communautaire Sud-Sarthe le jeudi 7 avril.\"},{\"@type\":\"BreadcrumbList\",\"@id\":\"https:\\\/\\\/contactfm72.fr\\\/?p=9424#breadcrumb\",\"itemListElement\":[{\"@type\":\"ListItem\",\"position\":1,\"name\":\"Accueil\",\"item\":\"https:\\\/\\\/contactfm72.fr\\\/\"},{\"@type\":\"ListItem\",\"position\":2,\"name\":\"Le groupe Phoenix, fabricant de panneaux photovolta\u00efques, s\u2019implante \u00e0 Loir\u00e9copark\"}]},{\"@type\":\"WebSite\",\"@id\":\"https:\\\/\\\/contactfm72.fr\\\/#website\",\"url\":\"https:\\\/\\\/contactfm72.fr\\\/\",\"name\":\"Contact FM 99.3\",\"description\":\"Votre radio en vall\u00e9e du Loir\",\"publisher\":{\"@id\":\"https:\\\/\\\/contactfm72.fr\\\/#organization\"},\"potentialAction\":[{\"@type\":\"SearchAction\",\"target\":{\"@type\":\"EntryPoint\",\"urlTemplate\":\"https:\\\/\\\/contactfm72.fr\\\/?s={search_term_string}\"},\"query-input\":{\"@type\":\"PropertyValueSpecification\",\"valueRequired\":true,\"valueName\":\"search_term_string\"}}],\"inLanguage\":\"fr-FR\"},{\"@type\":\"Organization\",\"@id\":\"https:\\\/\\\/contactfm72.fr\\\/#organization\",\"name\":\"Contact FM 99.3\",\"url\":\"https:\\\/\\\/contactfm72.fr\\\/\",\"logo\":{\"@type\":\"ImageObject\",\"inLanguage\":\"fr-FR\",\"@id\":\"https:\\\/\\\/contactfm72.fr\\\/#\\\/schema\\\/logo\\\/image\\\/\",\"url\":\"https:\\\/\\\/contactfm72.fr\\\/wp-content\\\/uploads\\\/2025\\\/04\\\/2025-04-18-2.jpg\",\"contentUrl\":\"https:\\\/\\\/contactfm72.fr\\\/wp-content\\\/uploads\\\/2025\\\/04\\\/2025-04-18-2.jpg\",\"width\":680,\"height\":307,\"caption\":\"Contact FM 99.3\"},\"image\":{\"@id\":\"https:\\\/\\\/contactfm72.fr\\\/#\\\/schema\\\/logo\\\/image\\\/\"},\"sameAs\":[\"https:\\\/\\\/www.facebook.com\\\/Contactfm.Chateauduloir\",\"https:\\\/\\\/x.com\\\/contactfm72\",\"https:\\\/\\\/www.instagram.com\\\/contact.fm.72?igsh=cGhlMHQ5N2JlNnpp\",\"https:\\\/\\\/www.tiktok.com\\\/@contact.fm\"]},{\"@type\":\"Person\",\"@id\":\"https:\\\/\\\/contactfm72.fr\\\/#\\\/schema\\\/person\\\/9fdc9d1c2eb029354a4f1535b90ba82d\",\"name\":\"Val\u00e9rie C.\",\"image\":{\"@type\":\"ImageObject\",\"inLanguage\":\"fr-FR\",\"@id\":\"https:\\\/\\\/secure.gravatar.com\\\/avatar\\\/2f8aa28f8dfbd7d4420afd1fdcdd0a349923e2c8a38ab28198b0f9d0601e4737?s=96&d=mm&r=g\",\"url\":\"https:\\\/\\\/secure.gravatar.com\\\/avatar\\\/2f8aa28f8dfbd7d4420afd1fdcdd0a349923e2c8a38ab28198b0f9d0601e4737?s=96&d=mm&r=g\",\"contentUrl\":\"https:\\\/\\\/secure.gravatar.com\\\/avatar\\\/2f8aa28f8dfbd7d4420afd1fdcdd0a349923e2c8a38ab28198b0f9d0601e4737?s=96&d=mm&r=g\",\"caption\":\"Val\u00e9rie C.\"},\"url\":\"https:\\\/\\\/contactfm72.fr\\\/?author=4\"}]}<\/script>\n<!-- \/ Yoast SEO plugin. -->","yoast_head_json":{"title":"Le groupe Phoenix, fabricant de panneaux photovolta\u00efques, s\u2019implante \u00e0 Loir\u00e9copark - Contact FM 99.3","robots":{"index":"index","follow":"follow","max-snippet":"max-snippet:-1","max-image-preview":"max-image-preview:large","max-video-preview":"max-video-preview:-1"},"canonical":"https:\/\/contactfm72.fr\/?p=9424","og_locale":"fr_FR","og_type":"article","og_title":"Le groupe Phoenix, fabricant de panneaux photovolta\u00efques, s\u2019implante \u00e0 Loir\u00e9copark - Contact FM 99.3","og_description":"Expert en fabrication de panneaux photovolta\u00efques, le groupe Phoenix et sa start-up Cr\u00e9aWatt Fabrick\u2019 a d\u00e9cid\u00e9 de s\u2019implanter dans le Sud-Sarthe, \u00e0 Loir\u00e9copark. Fran\u00e7ois Boussard, pr\u00e9sident de la communaut\u00e9 de communes Sud-Sarthe, et les \u00e9lus, ont approuv\u00e9s l\u2019installation de l\u2019entreprise lors du conseil communautaire du 7 avril 2022. 100 \u00e0 150 emplois seront cr\u00e9\u00e9s d\u2019ici&hellip;","og_url":"https:\/\/contactfm72.fr\/?p=9424","og_site_name":"Contact FM 99.3","article_publisher":"https:\/\/www.facebook.com\/Contactfm.Chateauduloir","article_published_time":"2022-04-08T08:44:06+00:00","og_image":[{"width":750,"height":563,"url":"https:\/\/contactfm72.fr\/wp-content\/uploads\/2022\/04\/groupe-phoenix.jpg","type":"image\/jpeg"}],"author":"Val\u00e9rie C.","twitter_card":"summary_large_image","twitter_creator":"@contactfm72","twitter_site":"@contactfm72","twitter_misc":{"\u00c9crit par":"Val\u00e9rie C.","Dur\u00e9e de lecture estim\u00e9e":"3 minutes"},"schema":{"@context":"https:\/\/schema.org","@graph":[{"@type":"Article","@id":"https:\/\/contactfm72.fr\/?p=9424#article","isPartOf":{"@id":"https:\/\/contactfm72.fr\/?p=9424"},"author":{"name":"Val\u00e9rie C.","@id":"https:\/\/contactfm72.fr\/#\/schema\/person\/9fdc9d1c2eb029354a4f1535b90ba82d"},"headline":"Le groupe Phoenix, fabricant de panneaux photovolta\u00efques, s\u2019implante \u00e0 Loir\u00e9copark","datePublished":"2022-04-08T08:44:06+00:00","mainEntityOfPage":{"@id":"https:\/\/contactfm72.fr\/?p=9424"},"wordCount":586,"publisher":{"@id":"https:\/\/contactfm72.fr\/#organization"},"image":{"@id":"https:\/\/contactfm72.fr\/?p=9424#primaryimage"},"thumbnailUrl":"https:\/\/contactfm72.fr\/wp-content\/uploads\/2022\/04\/groupe-phoenix.jpg","articleSection":["Contact FM 72"],"inLanguage":"fr-FR"},{"@type":"WebPage","@id":"https:\/\/contactfm72.fr\/?p=9424","url":"https:\/\/contactfm72.fr\/?p=9424","name":"Le groupe Phoenix, fabricant de panneaux photovolta\u00efques, s\u2019implante \u00e0 Loir\u00e9copark - Contact FM 99.3","isPartOf":{"@id":"https:\/\/contactfm72.fr\/#website"},"primaryImageOfPage":{"@id":"https:\/\/contactfm72.fr\/?p=9424#primaryimage"},"image":{"@id":"https:\/\/contactfm72.fr\/?p=9424#primaryimage"},"thumbnailUrl":"https:\/\/contactfm72.fr\/wp-content\/uploads\/2022\/04\/groupe-phoenix.jpg","datePublished":"2022-04-08T08:44:06+00:00","breadcrumb":{"@id":"https:\/\/contactfm72.fr\/?p=9424#breadcrumb"},"inLanguage":"fr-FR","potentialAction":[{"@type":"ReadAction","target":["https:\/\/contactfm72.fr\/?p=9424"]}]},{"@type":"ImageObject","inLanguage":"fr-FR","@id":"https:\/\/contactfm72.fr\/?p=9424#primaryimage","url":"https:\/\/contactfm72.fr\/wp-content\/uploads\/2022\/04\/groupe-phoenix.jpg","contentUrl":"https:\/\/contactfm72.fr\/wp-content\/uploads\/2022\/04\/groupe-phoenix.jpg","width":750,"height":563,"caption":"Lors de la d\u00e9lib\u00e9ration au conseil communautaire Sud-Sarthe le jeudi 7 avril."},{"@type":"BreadcrumbList","@id":"https:\/\/contactfm72.fr\/?p=9424#breadcrumb","itemListElement":[{"@type":"ListItem","position":1,"name":"Accueil","item":"https:\/\/contactfm72.fr\/"},{"@type":"ListItem","position":2,"name":"Le groupe Phoenix, fabricant de panneaux photovolta\u00efques, s\u2019implante \u00e0 Loir\u00e9copark"}]},{"@type":"WebSite","@id":"https:\/\/contactfm72.fr\/#website","url":"https:\/\/contactfm72.fr\/","name":"Contact FM 99.3","description":"Votre radio en vall\u00e9e du Loir","publisher":{"@id":"https:\/\/contactfm72.fr\/#organization"},"potentialAction":[{"@type":"SearchAction","target":{"@type":"EntryPoint","urlTemplate":"https:\/\/contactfm72.fr\/?s={search_term_string}"},"query-input":{"@type":"PropertyValueSpecification","valueRequired":true,"valueName":"search_term_string"}}],"inLanguage":"fr-FR"},{"@type":"Organization","@id":"https:\/\/contactfm72.fr\/#organization","name":"Contact FM 99.3","url":"https:\/\/contactfm72.fr\/","logo":{"@type":"ImageObject","inLanguage":"fr-FR","@id":"https:\/\/contactfm72.fr\/#\/schema\/logo\/image\/","url":"https:\/\/contactfm72.fr\/wp-content\/uploads\/2025\/04\/2025-04-18-2.jpg","contentUrl":"https:\/\/contactfm72.fr\/wp-content\/uploads\/2025\/04\/2025-04-18-2.jpg","width":680,"height":307,"caption":"Contact FM 99.3"},"image":{"@id":"https:\/\/contactfm72.fr\/#\/schema\/logo\/image\/"},"sameAs":["https:\/\/www.facebook.com\/Contactfm.Chateauduloir","https:\/\/x.com\/contactfm72","https:\/\/www.instagram.com\/contact.fm.72?igsh=cGhlMHQ5N2JlNnpp","https:\/\/www.tiktok.com\/@contact.fm"]},{"@type":"Person","@id":"https:\/\/contactfm72.fr\/#\/schema\/person\/9fdc9d1c2eb029354a4f1535b90ba82d","name":"Val\u00e9rie C.","image":{"@type":"ImageObject","inLanguage":"fr-FR","@id":"https:\/\/secure.gravatar.com\/avatar\/2f8aa28f8dfbd7d4420afd1fdcdd0a349923e2c8a38ab28198b0f9d0601e4737?s=96&d=mm&r=g","url":"https:\/\/secure.gravatar.com\/avatar\/2f8aa28f8dfbd7d4420afd1fdcdd0a349923e2c8a38ab28198b0f9d0601e4737?s=96&d=mm&r=g","contentUrl":"https:\/\/secure.gravatar.com\/avatar\/2f8aa28f8dfbd7d4420afd1fdcdd0a349923e2c8a38ab28198b0f9d0601e4737?s=96&d=mm&r=g","caption":"Val\u00e9rie C."},"url":"https:\/\/contactfm72.fr\/?author=4"}]}},"_links":{"self":[{"href":"https:\/\/contactfm72.fr\/index.php?rest_route=\/wp\/v2\/posts\/9424","targetHints":{"allow":["GET"]}}],"collection":[{"href":"https:\/\/contactfm72.fr\/index.php?rest_route=\/wp\/v2\/posts"}],"about":[{"href":"https:\/\/contactfm72.fr\/index.php?rest_route=\/wp\/v2\/types\/post"}],"author":[{"embeddable":true,"href":"https:\/\/contactfm72.fr\/index.php?rest_route=\/wp\/v2\/users\/4"}],"replies":[{"embeddable":true,"href":"https:\/\/contactfm72.fr\/index.php?rest_route=%2Fwp%2Fv2%2Fcomments&post=9424"}],"version-history":[{"count":1,"href":"https:\/\/contactfm72.fr\/index.php?rest_route=\/wp\/v2\/posts\/9424\/revisions"}],"predecessor-version":[{"id":9426,"href":"https:\/\/contactfm72.fr\/index.php?rest_route=\/wp\/v2\/posts\/9424\/revisions\/9426"}],"wp:featuredmedia":[{"embeddable":true,"href":"https:\/\/contactfm72.fr\/index.php?rest_route=\/wp\/v2\/media\/9425"}],"wp:attachment":[{"href":"https:\/\/contactfm72.fr\/index.php?rest_route=%2Fwp%2Fv2%2Fmedia&parent=9424"}],"wp:term":[{"taxonomy":"category","embeddable":true,"href":"https:\/\/contactfm72.fr\/index.php?rest_route=%2Fwp%2Fv2%2Fcategories&post=9424"},{"taxonomy":"post_tag","embeddable":true,"href":"https:\/\/contactfm72.fr\/index.php?rest_route=%2Fwp%2Fv2%2Ftags&post=9424"}],"curies":[{"name":"wp","href":"https:\/\/api.w.org\/{rel}","templated":true}]}}