{"id":9394,"date":"2022-04-07T11:09:50","date_gmt":"2022-04-07T09:09:50","guid":{"rendered":"http:\/\/contactfm72.fr\/?p=9394"},"modified":"2022-05-01T13:33:57","modified_gmt":"2022-05-01T11:33:57","slug":"ccas-de-montval-sur-loir-laction-ambitieuse-petit-dejeuner","status":"publish","type":"post","link":"https:\/\/contactfm72.fr\/?p=9394","title":{"rendered":"CCAS de Montval-sur-Loir : l&#8217;action ambitieuse &#8220;petit-d\u00e9jeuner&#8221;"},"content":{"rendered":"<h2>Depuis deux mois, le centre communal d\u2019action sociale de Montval-sur-Loir organise des ateliers petit-d\u00e9jeuner, tous les premiers mercredis de chaque mois, dans les locaux de l\u2019\u00e9picerie sociale et solidaire. Le but de ces ateliers est d\u2019expliquer aux enfants de mani\u00e8re ludique l\u2019importance de ce repas souvent n\u00e9glig\u00e9.<\/h2>\n<p>&nbsp;<\/p>\n<p>&nbsp;<\/p>\n<p>Le petit-d\u00e9jeuner n\u2019est plus un r\u00e9flexe quotidien. Aujourd\u2019hui, <strong>un enfant sur trois arrive \u00e0 l\u2019\u00e9cole le matin le ventre vide<\/strong>*. Pourtant essentiel, ce repas est trop souvent n\u00e9glig\u00e9. La crise sociale continue de creuser dans le porte-monnaie des foyers les plus pr\u00e9caires.<\/p>\n<p>Pour r\u00e9pondre \u00e0 cette probl\u00e9matique, ainsi<strong> faciliter l\u2019acc\u00e8s \u00e0 tous et pour permettre aux enfants de prendre un petit-d\u00e9jeuner \u00e9quilibr\u00e9<\/strong>, le <strong>centre communal d\u2019action sociale<\/strong> (CCAS) de <strong>Montval-sur-Loir<\/strong>, dans la <strong>Sarthe<\/strong>, a cr\u00e9\u00e9e<strong> l\u2019action \u00ab\u00a0Petit D\u00e9jeuner\u00a0\u00bb<\/strong>, tous les premiers mercredis de chaque mois.<\/p>\n<p>&nbsp;<\/p>\n<h3>D\u00e9roulement de l\u2019action<\/h3>\n<p><strong>M\u00e9lanie Barbault, responsable du p\u00f4le action sociale<\/strong> du CCAS de Montval-sur-Loir, supervise les ateliers, <strong>anim\u00e9s par Laurine Girard<\/strong>.<\/p>\n<blockquote><p>\u00ab\u00a0Le but de ses ateliers est d\u2019expliquer de mani\u00e8re ludique l\u2019int\u00e9r\u00eat du petit-d\u00e9jeuner aux enfants. Par la suite, les enfants, forts de connaissances apprises pr\u00e9c\u00e9demment, doivent composer le petit-d\u00e9jeuner id\u00e9al dans leur assiette. Et enfin, les enfants peuvent d\u00e9guster leur petit-d\u00e9jeuner\u00a0\u00bb, raconte M\u00e9lanie Barbault.<\/p><\/blockquote>\n<p>Ce mercredi 6 avril 2022, les deux femmes accueillent les participants. Une seule famille est pr\u00e9sente : <strong>une maman et ses quatre enfants en bas \u00e2ge<\/strong>.<\/p>\n<p>Catherina est habitante de Ch\u00e2teau-du-Loir et explique sa situation financi\u00e8re\u00a0: \u00ab\u00a0Nous avons sept enfants, les deux plus grands sont en apprentissage au Mans. Mon mari est tr\u00e8s malade. Je m\u2019occupe seule des cinq autres. C\u2019est tr\u00e8s dur, entre le loyer, les factures\u2026 on se retrouve vite la t\u00eate sous l\u2019eau. J\u2019ai pass\u00e9 mon permis r\u00e9cemment, je l\u2019ai eu au bout de cinq fois. Ce sont encore des d\u00e9penses\u2026 C\u2019est tr\u00e8s dur pour moi\u00a0\u00bb.<\/p>\n<p>&nbsp;<\/p>\n<h3>L\u2019int\u00e9r\u00eat du petit-d\u00e9jeuner<\/h3>\n<p>Ses quatre enfants participent activement \u00e0 l\u2019atelier. La plus grande explique qu\u2019elle \u00ab n\u2019aime pas prendre le petit-d\u00e9jeuner et que de toute fa\u00e7on, je n&#8217;ai pas faim le matin \u00bb. Mais au fur et \u00e0 mesure du <strong>temps d\u2019\u00e9change<\/strong> avec l\u2019animatrice, elle se rend vite compte qu\u2019elle \u00ab a rapidement faim dans la matin\u00e9e \u00bb. D\u2019o\u00f9 l\u2019int\u00e9r\u00eat du petit d\u00e9jeuner : \u00ab avant de manger le matin, vous passez 8h allong\u00e9s dans votre lit, \u00e0 dormir. Sans manger, votre corps a besoin de force. C\u2019est pour cela que vous avez besoin de manger le matin \u00bb, leur fait comprendre Laurine Girard.<\/p>\n<p>Par la suite, l\u2019animatrice consacre du temps aux enfants pour leur faire comprendre qu\u2019il existe plusieurs <strong>cat\u00e9gories alimentaires<\/strong> afin de composer le <strong>petit-d\u00e9jeuner id\u00e9al<\/strong>\u00a0: les boissons, les produits c\u00e9r\u00e9aliers, les produits laitiers, les fruits, et enfin les prot\u00e9ines.<\/p>\n<p>&nbsp;<\/p>\n<div id=\"attachment_9396\" style=\"width: 2058px\" class=\"wp-caption alignnone\"><img loading=\"lazy\" decoding=\"async\" aria-describedby=\"caption-attachment-9396\" class=\"size-full wp-image-9396\" src=\"http:\/\/contactfm72.fr\/wp-content\/uploads\/2022\/04\/pti-dej-nourriture.jpg\" alt=\"\" width=\"2048\" height=\"1536\" \/><p id=\"caption-attachment-9396\" class=\"wp-caption-text\">Le coin &#8220;cat\u00e9gories des aliments&#8221; \u00e0 l&#8217;\u00e9picerie sociale et solidaire.<\/p><\/div>\n<p>&nbsp;<\/p>\n<p>Apr\u00e8s la th\u00e9orie, place \u00e0 la pratique\u00a0!<\/p>\n<p>Avec leur assiette, les enfants ont pu composer le petit-d\u00e9jeuner parfait pour ensuite mieux le <strong>d\u00e9guster<\/strong>. Dor\u00e9navant, les enfants n\u2019ont plus qu\u2019\u00e0 reproduire, chez eux, leur petit-d\u00e9jeuner afin d\u2019<strong>attaquer sainement leur journ\u00e9e d\u2019\u00e9cole<\/strong>.<\/p>\n<p>&nbsp;<\/p>\n<div id=\"attachment_9395\" style=\"width: 2058px\" class=\"wp-caption alignnone\"><img loading=\"lazy\" decoding=\"async\" aria-describedby=\"caption-attachment-9395\" class=\"size-full wp-image-9395\" src=\"http:\/\/contactfm72.fr\/wp-content\/uploads\/2022\/04\/pti-dej-assiette.jpg\" alt=\"\" width=\"2048\" height=\"1536\" \/><p id=\"caption-attachment-9395\" class=\"wp-caption-text\">Le coin confection du petit-d\u00e9jeuner.<\/p><\/div>\n<h3><\/h3>\n<p>En r\u00e9action, la maman signale que \u00ab c\u2019est pour cela que je les ai emmen\u00e9s aujourd\u2019hui, pour leur faire comprendre l\u2019importance du petit-d\u00e9jeuner \u00bb.<\/p>\n<p>&nbsp;<\/p>\n<h3>1250\u20ac de subvention<\/h3>\n<p>Le CCAS a particip\u00e9 \u00e0 l\u2019<strong>appel \u00e0 projets de l\u2019antenne <a href=\"https:\/\/andes-france.com\/\">ANDES<\/a><\/strong>, l\u2019association nationale de d\u00e9veloppement des \u00e9piceries solidaires, et de <strong>Kellogg\u2019s<\/strong> \u00ab un petit-d\u00e9jeuner pour tous \u00bb.<\/p>\n<blockquote><p>\u00ab Notre projet a \u00e9t\u00e9 retenu et nous allons recevoir une subvention de 1250\u20ac. Cette subvention servira \u00e0 l\u2019atelier, \u00e0 savoir les fournitures, ou encore la nourriture \u00bb, explique, ravie, M\u00e9lanie Barbault.<\/p><\/blockquote>\n<p><strong>\u00a0<\/strong><\/p>\n<p>A la fin de cette matin\u00e9e, la famille a pu repartir avec un<strong> kit petit d\u00e9jeuner.<\/strong> Chaque personne a pu quitter l\u2019\u00e9picerie sociale et solidaire avec une pochette pr\u00e9par\u00e9e sur place directement par elle-m\u00eame. Des produits et des recettes pour de d\u00e9licieux petits-d\u00e9jeuners \u00e0 reproduire chez soi.<\/p>\n<p>A noter que cette action est <strong>ouverte pour les familles b\u00e9n\u00e9ficiaires de l&#8217;\u00e9picerie sociale et solidaire<\/strong>, mais sera ensuite, ouverte aux habitants de Montval-sur-Loir.<\/p>\n<p>&nbsp;<\/p>\n<p>&nbsp;<\/p>\n<h5>*Chiffres du Credoc, le centre de recherche pour l&#8217;\u00e9tude et l&#8217;observation des conditions de vie.<\/h5>\n<!-- AddThis Advanced Settings generic via filter on the_content --><!-- AddThis Share Buttons generic via filter on the_content -->","protected":false},"excerpt":{"rendered":"<p>Depuis deux mois, le centre communal d\u2019action sociale de Montval-sur-Loir organise des ateliers petit-d\u00e9jeuner, tous les premiers mercredis de chaque mois, dans les locaux de l\u2019\u00e9picerie sociale et solidaire. Le but de ces ateliers est d\u2019expliquer aux enfants de mani\u00e8re ludique l\u2019importance de ce repas souvent n\u00e9glig\u00e9. &nbsp; &nbsp; Le petit-d\u00e9jeuner n\u2019est plus un r\u00e9flexe&hellip;<!-- AddThis Advanced Settings generic via filter on get_the_excerpt --><!-- AddThis Share Buttons generic via filter on get_the_excerpt --><\/p>\n","protected":false},"author":4,"featured_media":9397,"comment_status":"closed","ping_status":"open","sticky":false,"template":"","format":"standard","meta":{"footnotes":""},"categories":[1],"tags":[],"class_list":["post-9394","post","type-post","status-publish","format-standard","has-post-thumbnail","hentry","category-contact-fm-72","category-1","description-off"],"yoast_head":"<!-- This site is optimized with the Yoast SEO plugin v27.4 - https:\/\/yoast.com\/product\/yoast-seo-wordpress\/ -->\n<title>CCAS de Montval-sur-Loir : l&#039;action ambitieuse &quot;petit-d\u00e9jeuner&quot; - Contact FM 99.3<\/title>\n<meta name=\"robots\" content=\"index, follow, max-snippet:-1, max-image-preview:large, max-video-preview:-1\" \/>\n<link rel=\"canonical\" href=\"https:\/\/contactfm72.fr\/?p=9394\" \/>\n<meta property=\"og:locale\" content=\"fr_FR\" \/>\n<meta property=\"og:type\" content=\"article\" \/>\n<meta property=\"og:title\" content=\"CCAS de Montval-sur-Loir : l&#039;action ambitieuse &quot;petit-d\u00e9jeuner&quot; - Contact FM 99.3\" \/>\n<meta property=\"og:description\" content=\"Depuis deux mois, le centre communal d\u2019action sociale de Montval-sur-Loir organise des ateliers petit-d\u00e9jeuner, tous les premiers mercredis de chaque mois, dans les locaux de l\u2019\u00e9picerie sociale et solidaire. Le but de ces ateliers est d\u2019expliquer aux enfants de mani\u00e8re ludique l\u2019importance de ce repas souvent n\u00e9glig\u00e9. &nbsp; &nbsp; Le petit-d\u00e9jeuner n\u2019est plus un r\u00e9flexe&hellip;\" \/>\n<meta property=\"og:url\" content=\"https:\/\/contactfm72.fr\/?p=9394\" \/>\n<meta property=\"og:site_name\" content=\"Contact FM 99.3\" \/>\n<meta property=\"article:publisher\" content=\"https:\/\/www.facebook.com\/Contactfm.Chateauduloir\" \/>\n<meta property=\"article:published_time\" content=\"2022-04-07T09:09:50+00:00\" \/>\n<meta property=\"article:modified_time\" content=\"2022-05-01T11:33:57+00:00\" \/>\n<meta property=\"og:image\" content=\"https:\/\/contactfm72.fr\/wp-content\/uploads\/2022\/04\/peti-dej-atelier.jpg\" \/>\n\t<meta property=\"og:image:width\" content=\"2048\" \/>\n\t<meta property=\"og:image:height\" content=\"1536\" \/>\n\t<meta property=\"og:image:type\" content=\"image\/jpeg\" \/>\n<meta name=\"author\" content=\"Val\u00e9rie C.\" \/>\n<meta name=\"twitter:card\" content=\"summary_large_image\" \/>\n<meta name=\"twitter:creator\" content=\"@contactfm72\" \/>\n<meta name=\"twitter:site\" content=\"@contactfm72\" \/>\n<meta name=\"twitter:label1\" content=\"\u00c9crit par\" \/>\n\t<meta name=\"twitter:data1\" content=\"Val\u00e9rie C.\" \/>\n\t<meta name=\"twitter:label2\" content=\"Dur\u00e9e de lecture estim\u00e9e\" \/>\n\t<meta name=\"twitter:data2\" content=\"4 minutes\" \/>\n<script type=\"application\/ld+json\" class=\"yoast-schema-graph\">{\"@context\":\"https:\\\/\\\/schema.org\",\"@graph\":[{\"@type\":\"Article\",\"@id\":\"https:\\\/\\\/contactfm72.fr\\\/?p=9394#article\",\"isPartOf\":{\"@id\":\"https:\\\/\\\/contactfm72.fr\\\/?p=9394\"},\"author\":{\"name\":\"Val\u00e9rie C.\",\"@id\":\"https:\\\/\\\/contactfm72.fr\\\/#\\\/schema\\\/person\\\/9fdc9d1c2eb029354a4f1535b90ba82d\"},\"headline\":\"CCAS de Montval-sur-Loir : l&#8217;action ambitieuse &#8220;petit-d\u00e9jeuner&#8221;\",\"datePublished\":\"2022-04-07T09:09:50+00:00\",\"dateModified\":\"2022-05-01T11:33:57+00:00\",\"mainEntityOfPage\":{\"@id\":\"https:\\\/\\\/contactfm72.fr\\\/?p=9394\"},\"wordCount\":791,\"publisher\":{\"@id\":\"https:\\\/\\\/contactfm72.fr\\\/#organization\"},\"image\":{\"@id\":\"https:\\\/\\\/contactfm72.fr\\\/?p=9394#primaryimage\"},\"thumbnailUrl\":\"https:\\\/\\\/contactfm72.fr\\\/wp-content\\\/uploads\\\/2022\\\/04\\\/peti-dej-atelier.jpg\",\"articleSection\":[\"Contact FM 72\"],\"inLanguage\":\"fr-FR\"},{\"@type\":\"WebPage\",\"@id\":\"https:\\\/\\\/contactfm72.fr\\\/?p=9394\",\"url\":\"https:\\\/\\\/contactfm72.fr\\\/?p=9394\",\"name\":\"CCAS de Montval-sur-Loir : l'action ambitieuse \\\"petit-d\u00e9jeuner\\\" - Contact FM 99.3\",\"isPartOf\":{\"@id\":\"https:\\\/\\\/contactfm72.fr\\\/#website\"},\"primaryImageOfPage\":{\"@id\":\"https:\\\/\\\/contactfm72.fr\\\/?p=9394#primaryimage\"},\"image\":{\"@id\":\"https:\\\/\\\/contactfm72.fr\\\/?p=9394#primaryimage\"},\"thumbnailUrl\":\"https:\\\/\\\/contactfm72.fr\\\/wp-content\\\/uploads\\\/2022\\\/04\\\/peti-dej-atelier.jpg\",\"datePublished\":\"2022-04-07T09:09:50+00:00\",\"dateModified\":\"2022-05-01T11:33:57+00:00\",\"breadcrumb\":{\"@id\":\"https:\\\/\\\/contactfm72.fr\\\/?p=9394#breadcrumb\"},\"inLanguage\":\"fr-FR\",\"potentialAction\":[{\"@type\":\"ReadAction\",\"target\":[\"https:\\\/\\\/contactfm72.fr\\\/?p=9394\"]}]},{\"@type\":\"ImageObject\",\"inLanguage\":\"fr-FR\",\"@id\":\"https:\\\/\\\/contactfm72.fr\\\/?p=9394#primaryimage\",\"url\":\"https:\\\/\\\/contactfm72.fr\\\/wp-content\\\/uploads\\\/2022\\\/04\\\/peti-dej-atelier.jpg\",\"contentUrl\":\"https:\\\/\\\/contactfm72.fr\\\/wp-content\\\/uploads\\\/2022\\\/04\\\/peti-dej-atelier.jpg\",\"width\":2048,\"height\":1536,\"caption\":\"Lors de l'atelier avec la famille de Catherina, Laurine Girard et M\u00e9lanie Barbault, face aux enfants.\"},{\"@type\":\"BreadcrumbList\",\"@id\":\"https:\\\/\\\/contactfm72.fr\\\/?p=9394#breadcrumb\",\"itemListElement\":[{\"@type\":\"ListItem\",\"position\":1,\"name\":\"Accueil\",\"item\":\"https:\\\/\\\/contactfm72.fr\\\/\"},{\"@type\":\"ListItem\",\"position\":2,\"name\":\"CCAS de Montval-sur-Loir : l&#8217;action ambitieuse &#8220;petit-d\u00e9jeuner&#8221;\"}]},{\"@type\":\"WebSite\",\"@id\":\"https:\\\/\\\/contactfm72.fr\\\/#website\",\"url\":\"https:\\\/\\\/contactfm72.fr\\\/\",\"name\":\"Contact FM 99.3\",\"description\":\"Votre radio en vall\u00e9e du Loir\",\"publisher\":{\"@id\":\"https:\\\/\\\/contactfm72.fr\\\/#organization\"},\"potentialAction\":[{\"@type\":\"SearchAction\",\"target\":{\"@type\":\"EntryPoint\",\"urlTemplate\":\"https:\\\/\\\/contactfm72.fr\\\/?s={search_term_string}\"},\"query-input\":{\"@type\":\"PropertyValueSpecification\",\"valueRequired\":true,\"valueName\":\"search_term_string\"}}],\"inLanguage\":\"fr-FR\"},{\"@type\":\"Organization\",\"@id\":\"https:\\\/\\\/contactfm72.fr\\\/#organization\",\"name\":\"Contact FM 99.3\",\"url\":\"https:\\\/\\\/contactfm72.fr\\\/\",\"logo\":{\"@type\":\"ImageObject\",\"inLanguage\":\"fr-FR\",\"@id\":\"https:\\\/\\\/contactfm72.fr\\\/#\\\/schema\\\/logo\\\/image\\\/\",\"url\":\"https:\\\/\\\/contactfm72.fr\\\/wp-content\\\/uploads\\\/2025\\\/04\\\/2025-04-18-2.jpg\",\"contentUrl\":\"https:\\\/\\\/contactfm72.fr\\\/wp-content\\\/uploads\\\/2025\\\/04\\\/2025-04-18-2.jpg\",\"width\":680,\"height\":307,\"caption\":\"Contact FM 99.3\"},\"image\":{\"@id\":\"https:\\\/\\\/contactfm72.fr\\\/#\\\/schema\\\/logo\\\/image\\\/\"},\"sameAs\":[\"https:\\\/\\\/www.facebook.com\\\/Contactfm.Chateauduloir\",\"https:\\\/\\\/x.com\\\/contactfm72\",\"https:\\\/\\\/www.instagram.com\\\/contact.fm.72?igsh=cGhlMHQ5N2JlNnpp\",\"https:\\\/\\\/www.tiktok.com\\\/@contact.fm\"]},{\"@type\":\"Person\",\"@id\":\"https:\\\/\\\/contactfm72.fr\\\/#\\\/schema\\\/person\\\/9fdc9d1c2eb029354a4f1535b90ba82d\",\"name\":\"Val\u00e9rie C.\",\"image\":{\"@type\":\"ImageObject\",\"inLanguage\":\"fr-FR\",\"@id\":\"https:\\\/\\\/secure.gravatar.com\\\/avatar\\\/2f8aa28f8dfbd7d4420afd1fdcdd0a349923e2c8a38ab28198b0f9d0601e4737?s=96&d=mm&r=g\",\"url\":\"https:\\\/\\\/secure.gravatar.com\\\/avatar\\\/2f8aa28f8dfbd7d4420afd1fdcdd0a349923e2c8a38ab28198b0f9d0601e4737?s=96&d=mm&r=g\",\"contentUrl\":\"https:\\\/\\\/secure.gravatar.com\\\/avatar\\\/2f8aa28f8dfbd7d4420afd1fdcdd0a349923e2c8a38ab28198b0f9d0601e4737?s=96&d=mm&r=g\",\"caption\":\"Val\u00e9rie C.\"},\"url\":\"https:\\\/\\\/contactfm72.fr\\\/?author=4\"}]}<\/script>\n<!-- \/ Yoast SEO plugin. -->","yoast_head_json":{"title":"CCAS de Montval-sur-Loir : l'action ambitieuse \"petit-d\u00e9jeuner\" - Contact FM 99.3","robots":{"index":"index","follow":"follow","max-snippet":"max-snippet:-1","max-image-preview":"max-image-preview:large","max-video-preview":"max-video-preview:-1"},"canonical":"https:\/\/contactfm72.fr\/?p=9394","og_locale":"fr_FR","og_type":"article","og_title":"CCAS de Montval-sur-Loir : l'action ambitieuse \"petit-d\u00e9jeuner\" - Contact FM 99.3","og_description":"Depuis deux mois, le centre communal d\u2019action sociale de Montval-sur-Loir organise des ateliers petit-d\u00e9jeuner, tous les premiers mercredis de chaque mois, dans les locaux de l\u2019\u00e9picerie sociale et solidaire. Le but de ces ateliers est d\u2019expliquer aux enfants de mani\u00e8re ludique l\u2019importance de ce repas souvent n\u00e9glig\u00e9. &nbsp; &nbsp; Le petit-d\u00e9jeuner n\u2019est plus un r\u00e9flexe&hellip;","og_url":"https:\/\/contactfm72.fr\/?p=9394","og_site_name":"Contact FM 99.3","article_publisher":"https:\/\/www.facebook.com\/Contactfm.Chateauduloir","article_published_time":"2022-04-07T09:09:50+00:00","article_modified_time":"2022-05-01T11:33:57+00:00","og_image":[{"width":2048,"height":1536,"url":"https:\/\/contactfm72.fr\/wp-content\/uploads\/2022\/04\/peti-dej-atelier.jpg","type":"image\/jpeg"}],"author":"Val\u00e9rie C.","twitter_card":"summary_large_image","twitter_creator":"@contactfm72","twitter_site":"@contactfm72","twitter_misc":{"\u00c9crit par":"Val\u00e9rie C.","Dur\u00e9e de lecture estim\u00e9e":"4 minutes"},"schema":{"@context":"https:\/\/schema.org","@graph":[{"@type":"Article","@id":"https:\/\/contactfm72.fr\/?p=9394#article","isPartOf":{"@id":"https:\/\/contactfm72.fr\/?p=9394"},"author":{"name":"Val\u00e9rie C.","@id":"https:\/\/contactfm72.fr\/#\/schema\/person\/9fdc9d1c2eb029354a4f1535b90ba82d"},"headline":"CCAS de Montval-sur-Loir : l&#8217;action ambitieuse &#8220;petit-d\u00e9jeuner&#8221;","datePublished":"2022-04-07T09:09:50+00:00","dateModified":"2022-05-01T11:33:57+00:00","mainEntityOfPage":{"@id":"https:\/\/contactfm72.fr\/?p=9394"},"wordCount":791,"publisher":{"@id":"https:\/\/contactfm72.fr\/#organization"},"image":{"@id":"https:\/\/contactfm72.fr\/?p=9394#primaryimage"},"thumbnailUrl":"https:\/\/contactfm72.fr\/wp-content\/uploads\/2022\/04\/peti-dej-atelier.jpg","articleSection":["Contact FM 72"],"inLanguage":"fr-FR"},{"@type":"WebPage","@id":"https:\/\/contactfm72.fr\/?p=9394","url":"https:\/\/contactfm72.fr\/?p=9394","name":"CCAS de Montval-sur-Loir : l'action ambitieuse \"petit-d\u00e9jeuner\" - Contact FM 99.3","isPartOf":{"@id":"https:\/\/contactfm72.fr\/#website"},"primaryImageOfPage":{"@id":"https:\/\/contactfm72.fr\/?p=9394#primaryimage"},"image":{"@id":"https:\/\/contactfm72.fr\/?p=9394#primaryimage"},"thumbnailUrl":"https:\/\/contactfm72.fr\/wp-content\/uploads\/2022\/04\/peti-dej-atelier.jpg","datePublished":"2022-04-07T09:09:50+00:00","dateModified":"2022-05-01T11:33:57+00:00","breadcrumb":{"@id":"https:\/\/contactfm72.fr\/?p=9394#breadcrumb"},"inLanguage":"fr-FR","potentialAction":[{"@type":"ReadAction","target":["https:\/\/contactfm72.fr\/?p=9394"]}]},{"@type":"ImageObject","inLanguage":"fr-FR","@id":"https:\/\/contactfm72.fr\/?p=9394#primaryimage","url":"https:\/\/contactfm72.fr\/wp-content\/uploads\/2022\/04\/peti-dej-atelier.jpg","contentUrl":"https:\/\/contactfm72.fr\/wp-content\/uploads\/2022\/04\/peti-dej-atelier.jpg","width":2048,"height":1536,"caption":"Lors de l'atelier avec la famille de Catherina, Laurine Girard et M\u00e9lanie Barbault, face aux enfants."},{"@type":"BreadcrumbList","@id":"https:\/\/contactfm72.fr\/?p=9394#breadcrumb","itemListElement":[{"@type":"ListItem","position":1,"name":"Accueil","item":"https:\/\/contactfm72.fr\/"},{"@type":"ListItem","position":2,"name":"CCAS de Montval-sur-Loir : l&#8217;action ambitieuse &#8220;petit-d\u00e9jeuner&#8221;"}]},{"@type":"WebSite","@id":"https:\/\/contactfm72.fr\/#website","url":"https:\/\/contactfm72.fr\/","name":"Contact FM 99.3","description":"Votre radio en vall\u00e9e du Loir","publisher":{"@id":"https:\/\/contactfm72.fr\/#organization"},"potentialAction":[{"@type":"SearchAction","target":{"@type":"EntryPoint","urlTemplate":"https:\/\/contactfm72.fr\/?s={search_term_string}"},"query-input":{"@type":"PropertyValueSpecification","valueRequired":true,"valueName":"search_term_string"}}],"inLanguage":"fr-FR"},{"@type":"Organization","@id":"https:\/\/contactfm72.fr\/#organization","name":"Contact FM 99.3","url":"https:\/\/contactfm72.fr\/","logo":{"@type":"ImageObject","inLanguage":"fr-FR","@id":"https:\/\/contactfm72.fr\/#\/schema\/logo\/image\/","url":"https:\/\/contactfm72.fr\/wp-content\/uploads\/2025\/04\/2025-04-18-2.jpg","contentUrl":"https:\/\/contactfm72.fr\/wp-content\/uploads\/2025\/04\/2025-04-18-2.jpg","width":680,"height":307,"caption":"Contact FM 99.3"},"image":{"@id":"https:\/\/contactfm72.fr\/#\/schema\/logo\/image\/"},"sameAs":["https:\/\/www.facebook.com\/Contactfm.Chateauduloir","https:\/\/x.com\/contactfm72","https:\/\/www.instagram.com\/contact.fm.72?igsh=cGhlMHQ5N2JlNnpp","https:\/\/www.tiktok.com\/@contact.fm"]},{"@type":"Person","@id":"https:\/\/contactfm72.fr\/#\/schema\/person\/9fdc9d1c2eb029354a4f1535b90ba82d","name":"Val\u00e9rie C.","image":{"@type":"ImageObject","inLanguage":"fr-FR","@id":"https:\/\/secure.gravatar.com\/avatar\/2f8aa28f8dfbd7d4420afd1fdcdd0a349923e2c8a38ab28198b0f9d0601e4737?s=96&d=mm&r=g","url":"https:\/\/secure.gravatar.com\/avatar\/2f8aa28f8dfbd7d4420afd1fdcdd0a349923e2c8a38ab28198b0f9d0601e4737?s=96&d=mm&r=g","contentUrl":"https:\/\/secure.gravatar.com\/avatar\/2f8aa28f8dfbd7d4420afd1fdcdd0a349923e2c8a38ab28198b0f9d0601e4737?s=96&d=mm&r=g","caption":"Val\u00e9rie C."},"url":"https:\/\/contactfm72.fr\/?author=4"}]}},"_links":{"self":[{"href":"https:\/\/contactfm72.fr\/index.php?rest_route=\/wp\/v2\/posts\/9394","targetHints":{"allow":["GET"]}}],"collection":[{"href":"https:\/\/contactfm72.fr\/index.php?rest_route=\/wp\/v2\/posts"}],"about":[{"href":"https:\/\/contactfm72.fr\/index.php?rest_route=\/wp\/v2\/types\/post"}],"author":[{"embeddable":true,"href":"https:\/\/contactfm72.fr\/index.php?rest_route=\/wp\/v2\/users\/4"}],"replies":[{"embeddable":true,"href":"https:\/\/contactfm72.fr\/index.php?rest_route=%2Fwp%2Fv2%2Fcomments&post=9394"}],"version-history":[{"count":5,"href":"https:\/\/contactfm72.fr\/index.php?rest_route=\/wp\/v2\/posts\/9394\/revisions"}],"predecessor-version":[{"id":9629,"href":"https:\/\/contactfm72.fr\/index.php?rest_route=\/wp\/v2\/posts\/9394\/revisions\/9629"}],"wp:featuredmedia":[{"embeddable":true,"href":"https:\/\/contactfm72.fr\/index.php?rest_route=\/wp\/v2\/media\/9397"}],"wp:attachment":[{"href":"https:\/\/contactfm72.fr\/index.php?rest_route=%2Fwp%2Fv2%2Fmedia&parent=9394"}],"wp:term":[{"taxonomy":"category","embeddable":true,"href":"https:\/\/contactfm72.fr\/index.php?rest_route=%2Fwp%2Fv2%2Fcategories&post=9394"},{"taxonomy":"post_tag","embeddable":true,"href":"https:\/\/contactfm72.fr\/index.php?rest_route=%2Fwp%2Fv2%2Ftags&post=9394"}],"curies":[{"name":"wp","href":"https:\/\/api.w.org\/{rel}","templated":true}]}}