{"id":9379,"date":"2022-04-06T16:04:40","date_gmt":"2022-04-06T14:04:40","guid":{"rendered":"http:\/\/contactfm72.fr\/?p=9379"},"modified":"2022-04-06T16:04:40","modified_gmt":"2022-04-06T14:04:40","slug":"video-circuit-de-la-sarthe-au-lude-le-neerlandais-olav-kooij-grand-vainqueur","status":"publish","type":"post","link":"https:\/\/contactfm72.fr\/?p=9379","title":{"rendered":"VIDEO. Circuit de la Sarthe au Lude : le n\u00e9erlandais Olav Kooij grand vainqueur"},"content":{"rendered":"<h2>Les rues du Lude ont accueilli la 2<sup>\u00e8me<\/sup> \u00e9tape du circuit de la Sarthe \u2013 Pays de la Loire. C&#8217;est le n\u00e9erlandais de 21 ans, Olav Kooij, qui sort vainqueur de cette course.<\/h2>\n<p>&nbsp;<\/p>\n<p>&nbsp;<\/p>\n<p>En raison d\u2019une pause forc\u00e9e de deux ans, le <strong>circuit cycliste Sarthe-Pays de la Loire<\/strong> est enfin de retour sur les routes sarthoises. La <strong>premi\u00e8re \u00e9tape<\/strong> s\u2019est d\u00e9roul\u00e9e \u00e0 <strong>Mamers<\/strong> le mardi 5 avril 2022, avec la victoire du <strong>danois Mads Pederseon<\/strong>.<\/p>\n<p>Ce mercredi 6 avril, c\u2019est au <strong>Lude<\/strong> o\u00f9 les coureurs ont pu s\u2019illustrer. Le peloton s\u2019est \u00e9lanc\u00e9 sur le <strong>boulevard Fisson<\/strong> pour une \u00e9tape de <strong>174,7 km<\/strong>. La <strong>maire du Lude, B\u00e9atrice Latouche, mais \u00e9galement conseill\u00e8re d\u00e9partementale<\/strong>, a donn\u00e9 le d\u00e9part d\u00e8s 11h40.<\/p>\n<p>&nbsp;<\/p>\n<div style=\"width: 1200px;\" class=\"wp-video\"><!--[if lt IE 9]><script>document.createElement('video');<\/script><![endif]-->\n<video class=\"wp-video-shortcode\" id=\"video-9379-1\" width=\"1200\" height=\"675\" preload=\"metadata\" controls=\"controls\"><source type=\"video\/mp4\" src=\"http:\/\/contactfm72.fr\/wp-content\/uploads\/2022\/04\/Vid\u00e9o-d\u00e9part-circuit-le-lude.mp4?_=1\" \/><a href=\"http:\/\/contactfm72.fr\/wp-content\/uploads\/2022\/04\/Vid\u00e9o-d\u00e9part-circuit-le-lude.mp4\">http:\/\/contactfm72.fr\/wp-content\/uploads\/2022\/04\/Vid\u00e9o-d\u00e9part-circuit-le-lude.mp4<\/a><\/video><\/div>\n<p>&nbsp;<\/p>\n<h3>Parcours<\/h3>\n<p>Les coureurs ont d\u00e9couvert le <strong>Sud-Sarthe<\/strong>\u00a0: la Chapelle-aux-Choux, Saint-Germain-d\u2019Arc\u00e9, Chenu, le Gu\u00e9-de-M\u00e9zi\u00e8res, Montval-sur-Loir, Vaas, Aubign\u00e9-Racan, Sarc\u00e9, Coulong\u00e9, Mansign\u00e9, et enfin Luch\u00e9-Pring\u00e9, pour finalement revenir au Lude avec une boucle ludoise d\u2019environ 70km.<\/p>\n<p><strong>Trois c\u00f4tes<\/strong> ont \u00e9t\u00e9 programm\u00e9es lors de la course\u00a0: \u00e0 l\u2019Orgerie, une c\u00f4te \u00e0 6% au km 34 en 2<sup>\u00e8me<\/sup> cat\u00e9gorie, \u00e0 Aubign\u00e9-Racan, km 45 en 3<sup>\u00e8me<\/sup> cat\u00e9gorie, et \u00e0 Chambrin, \u00e0 Mansign\u00e9, c\u00f4te de 3<sup>\u00e8me<\/sup> cat\u00e9gorie au km 76,8 km.<\/p>\n<p>&nbsp;<\/p>\n<div id=\"attachment_9381\" style=\"width: 1034px\" class=\"wp-caption alignnone\"><img loading=\"lazy\" decoding=\"async\" aria-describedby=\"caption-attachment-9381\" class=\"size-full wp-image-9381\" src=\"http:\/\/contactfm72.fr\/wp-content\/uploads\/2022\/04\/circuit-tour.png\" alt=\"\" width=\"1024\" height=\"584\" \/><p id=\"caption-attachment-9381\" class=\"wp-caption-text\">Les coureurs ont parcouru de 174km dans le Sud-Sarthe.<\/p><\/div>\n<p>&nbsp;<\/p>\n<p>Et c\u2019est finalement le <strong>n\u00e9erlandais Olav Kooij<\/strong> (Jumbo Visma) qui a remport\u00e9 ce tour de Sarthe au Lude. Le danois Mads Pederseon est arriv\u00e9 tout de suite apr\u00e8s, second. A noter que le champion du monde Peter Sagan a abandonn\u00e9 la course.<\/p>\n<p>&nbsp;<\/p>\n<h3>Les autres \u00e9tapes du circuit<\/h3>\n<p>Voici les deux autres \u00e9tapes de ce circuit de la Sarthe &#8211; Pays de la Loire.<\/p>\n<p><strong>Mercredi 7 avril<\/strong> : <strong>Sabl\u00e9-sur-Sarthe \u2013 Sabl\u00e9-sur-Sarthe<\/strong> avec 176,3 km<br \/>\n<strong>Vendredi 8 avril<\/strong> : <strong>La Chapelle Saint-Aubin \u2013 La Chapelle Saint-Aubin<\/strong> avec 179,2 km<\/p>\n<!-- AddThis Advanced Settings generic via filter on the_content --><!-- AddThis Share Buttons generic via filter on the_content -->","protected":false},"excerpt":{"rendered":"<p>Les rues du Lude ont accueilli la 2\u00e8me \u00e9tape du circuit de la Sarthe \u2013 Pays de la Loire. C&#8217;est le n\u00e9erlandais de 21 ans, Olav Kooij, qui sort vainqueur de cette course. &nbsp; &nbsp; En raison d\u2019une pause forc\u00e9e de deux ans, le circuit cycliste Sarthe-Pays de la Loire est enfin de retour sur&hellip;<!-- AddThis Advanced Settings generic via filter on get_the_excerpt --><!-- AddThis Share Buttons generic via filter on get_the_excerpt --><\/p>\n","protected":false},"author":4,"featured_media":9382,"comment_status":"closed","ping_status":"open","sticky":false,"template":"","format":"standard","meta":{"footnotes":""},"categories":[1],"tags":[],"class_list":["post-9379","post","type-post","status-publish","format-standard","has-post-thumbnail","hentry","category-contact-fm-72","category-1","description-off"],"yoast_head":"<!-- This site is optimized with the Yoast SEO plugin v27.4 - https:\/\/yoast.com\/product\/yoast-seo-wordpress\/ -->\n<title>VIDEO. Circuit de la Sarthe au Lude : le n\u00e9erlandais Olav Kooij grand vainqueur - Contact FM 99.3<\/title>\n<meta name=\"robots\" content=\"index, follow, max-snippet:-1, max-image-preview:large, max-video-preview:-1\" \/>\n<link rel=\"canonical\" href=\"https:\/\/contactfm72.fr\/?p=9379\" \/>\n<meta property=\"og:locale\" content=\"fr_FR\" \/>\n<meta property=\"og:type\" content=\"article\" \/>\n<meta property=\"og:title\" content=\"VIDEO. Circuit de la Sarthe au Lude : le n\u00e9erlandais Olav Kooij grand vainqueur - Contact FM 99.3\" \/>\n<meta property=\"og:description\" content=\"Les rues du Lude ont accueilli la 2\u00e8me \u00e9tape du circuit de la Sarthe \u2013 Pays de la Loire. C&#8217;est le n\u00e9erlandais de 21 ans, Olav Kooij, qui sort vainqueur de cette course. &nbsp; &nbsp; En raison d\u2019une pause forc\u00e9e de deux ans, le circuit cycliste Sarthe-Pays de la Loire est enfin de retour sur&hellip;\" \/>\n<meta property=\"og:url\" content=\"https:\/\/contactfm72.fr\/?p=9379\" \/>\n<meta property=\"og:site_name\" content=\"Contact FM 99.3\" \/>\n<meta property=\"article:publisher\" content=\"https:\/\/www.facebook.com\/Contactfm.Chateauduloir\" \/>\n<meta property=\"article:published_time\" content=\"2022-04-06T14:04:40+00:00\" \/>\n<meta property=\"og:image\" content=\"https:\/\/contactfm72.fr\/wp-content\/uploads\/2022\/04\/circuit-le-lude.jpg\" \/>\n\t<meta property=\"og:image:width\" content=\"740\" \/>\n\t<meta property=\"og:image:height\" content=\"443\" \/>\n\t<meta property=\"og:image:type\" content=\"image\/jpeg\" \/>\n<meta name=\"author\" content=\"Val\u00e9rie C.\" \/>\n<meta name=\"twitter:card\" content=\"summary_large_image\" \/>\n<meta name=\"twitter:creator\" content=\"@contactfm72\" \/>\n<meta name=\"twitter:site\" content=\"@contactfm72\" \/>\n<meta name=\"twitter:label1\" content=\"\u00c9crit par\" \/>\n\t<meta name=\"twitter:data1\" content=\"Val\u00e9rie C.\" \/>\n\t<meta name=\"twitter:label2\" content=\"Dur\u00e9e de lecture estim\u00e9e\" \/>\n\t<meta name=\"twitter:data2\" content=\"2 minutes\" \/>\n<script type=\"application\/ld+json\" class=\"yoast-schema-graph\">{\"@context\":\"https:\\\/\\\/schema.org\",\"@graph\":[{\"@type\":\"Article\",\"@id\":\"https:\\\/\\\/contactfm72.fr\\\/?p=9379#article\",\"isPartOf\":{\"@id\":\"https:\\\/\\\/contactfm72.fr\\\/?p=9379\"},\"author\":{\"name\":\"Val\u00e9rie C.\",\"@id\":\"https:\\\/\\\/contactfm72.fr\\\/#\\\/schema\\\/person\\\/9fdc9d1c2eb029354a4f1535b90ba82d\"},\"headline\":\"VIDEO. Circuit de la Sarthe au Lude : le n\u00e9erlandais Olav Kooij grand vainqueur\",\"datePublished\":\"2022-04-06T14:04:40+00:00\",\"mainEntityOfPage\":{\"@id\":\"https:\\\/\\\/contactfm72.fr\\\/?p=9379\"},\"wordCount\":344,\"publisher\":{\"@id\":\"https:\\\/\\\/contactfm72.fr\\\/#organization\"},\"image\":{\"@id\":\"https:\\\/\\\/contactfm72.fr\\\/?p=9379#primaryimage\"},\"thumbnailUrl\":\"https:\\\/\\\/contactfm72.fr\\\/wp-content\\\/uploads\\\/2022\\\/04\\\/circuit-le-lude.jpg\",\"articleSection\":[\"Contact FM 72\"],\"inLanguage\":\"fr-FR\"},{\"@type\":\"WebPage\",\"@id\":\"https:\\\/\\\/contactfm72.fr\\\/?p=9379\",\"url\":\"https:\\\/\\\/contactfm72.fr\\\/?p=9379\",\"name\":\"VIDEO. Circuit de la Sarthe au Lude : le n\u00e9erlandais Olav Kooij grand vainqueur - Contact FM 99.3\",\"isPartOf\":{\"@id\":\"https:\\\/\\\/contactfm72.fr\\\/#website\"},\"primaryImageOfPage\":{\"@id\":\"https:\\\/\\\/contactfm72.fr\\\/?p=9379#primaryimage\"},\"image\":{\"@id\":\"https:\\\/\\\/contactfm72.fr\\\/?p=9379#primaryimage\"},\"thumbnailUrl\":\"https:\\\/\\\/contactfm72.fr\\\/wp-content\\\/uploads\\\/2022\\\/04\\\/circuit-le-lude.jpg\",\"datePublished\":\"2022-04-06T14:04:40+00:00\",\"breadcrumb\":{\"@id\":\"https:\\\/\\\/contactfm72.fr\\\/?p=9379#breadcrumb\"},\"inLanguage\":\"fr-FR\",\"potentialAction\":[{\"@type\":\"ReadAction\",\"target\":[\"https:\\\/\\\/contactfm72.fr\\\/?p=9379\"]}]},{\"@type\":\"ImageObject\",\"inLanguage\":\"fr-FR\",\"@id\":\"https:\\\/\\\/contactfm72.fr\\\/?p=9379#primaryimage\",\"url\":\"https:\\\/\\\/contactfm72.fr\\\/wp-content\\\/uploads\\\/2022\\\/04\\\/circuit-le-lude.jpg\",\"contentUrl\":\"https:\\\/\\\/contactfm72.fr\\\/wp-content\\\/uploads\\\/2022\\\/04\\\/circuit-le-lude.jpg\",\"width\":740,\"height\":443,\"caption\":\"Lors du d\u00e9part \u00e0 11h40, boulevard Fisson au Lude.\"},{\"@type\":\"BreadcrumbList\",\"@id\":\"https:\\\/\\\/contactfm72.fr\\\/?p=9379#breadcrumb\",\"itemListElement\":[{\"@type\":\"ListItem\",\"position\":1,\"name\":\"Accueil\",\"item\":\"https:\\\/\\\/contactfm72.fr\\\/\"},{\"@type\":\"ListItem\",\"position\":2,\"name\":\"VIDEO. Circuit de la Sarthe au Lude : le n\u00e9erlandais Olav Kooij grand vainqueur\"}]},{\"@type\":\"WebSite\",\"@id\":\"https:\\\/\\\/contactfm72.fr\\\/#website\",\"url\":\"https:\\\/\\\/contactfm72.fr\\\/\",\"name\":\"Contact FM 99.3\",\"description\":\"Votre radio en vall\u00e9e du Loir\",\"publisher\":{\"@id\":\"https:\\\/\\\/contactfm72.fr\\\/#organization\"},\"potentialAction\":[{\"@type\":\"SearchAction\",\"target\":{\"@type\":\"EntryPoint\",\"urlTemplate\":\"https:\\\/\\\/contactfm72.fr\\\/?s={search_term_string}\"},\"query-input\":{\"@type\":\"PropertyValueSpecification\",\"valueRequired\":true,\"valueName\":\"search_term_string\"}}],\"inLanguage\":\"fr-FR\"},{\"@type\":\"Organization\",\"@id\":\"https:\\\/\\\/contactfm72.fr\\\/#organization\",\"name\":\"Contact FM 99.3\",\"url\":\"https:\\\/\\\/contactfm72.fr\\\/\",\"logo\":{\"@type\":\"ImageObject\",\"inLanguage\":\"fr-FR\",\"@id\":\"https:\\\/\\\/contactfm72.fr\\\/#\\\/schema\\\/logo\\\/image\\\/\",\"url\":\"https:\\\/\\\/contactfm72.fr\\\/wp-content\\\/uploads\\\/2025\\\/04\\\/2025-04-18-2.jpg\",\"contentUrl\":\"https:\\\/\\\/contactfm72.fr\\\/wp-content\\\/uploads\\\/2025\\\/04\\\/2025-04-18-2.jpg\",\"width\":680,\"height\":307,\"caption\":\"Contact FM 99.3\"},\"image\":{\"@id\":\"https:\\\/\\\/contactfm72.fr\\\/#\\\/schema\\\/logo\\\/image\\\/\"},\"sameAs\":[\"https:\\\/\\\/www.facebook.com\\\/Contactfm.Chateauduloir\",\"https:\\\/\\\/x.com\\\/contactfm72\",\"https:\\\/\\\/www.instagram.com\\\/contact.fm.72?igsh=cGhlMHQ5N2JlNnpp\",\"https:\\\/\\\/www.tiktok.com\\\/@contact.fm\"]},{\"@type\":\"Person\",\"@id\":\"https:\\\/\\\/contactfm72.fr\\\/#\\\/schema\\\/person\\\/9fdc9d1c2eb029354a4f1535b90ba82d\",\"name\":\"Val\u00e9rie C.\",\"image\":{\"@type\":\"ImageObject\",\"inLanguage\":\"fr-FR\",\"@id\":\"https:\\\/\\\/secure.gravatar.com\\\/avatar\\\/2f8aa28f8dfbd7d4420afd1fdcdd0a349923e2c8a38ab28198b0f9d0601e4737?s=96&d=mm&r=g\",\"url\":\"https:\\\/\\\/secure.gravatar.com\\\/avatar\\\/2f8aa28f8dfbd7d4420afd1fdcdd0a349923e2c8a38ab28198b0f9d0601e4737?s=96&d=mm&r=g\",\"contentUrl\":\"https:\\\/\\\/secure.gravatar.com\\\/avatar\\\/2f8aa28f8dfbd7d4420afd1fdcdd0a349923e2c8a38ab28198b0f9d0601e4737?s=96&d=mm&r=g\",\"caption\":\"Val\u00e9rie C.\"},\"url\":\"https:\\\/\\\/contactfm72.fr\\\/?author=4\"}]}<\/script>\n<!-- \/ Yoast SEO plugin. -->","yoast_head_json":{"title":"VIDEO. Circuit de la Sarthe au Lude : le n\u00e9erlandais Olav Kooij grand vainqueur - Contact FM 99.3","robots":{"index":"index","follow":"follow","max-snippet":"max-snippet:-1","max-image-preview":"max-image-preview:large","max-video-preview":"max-video-preview:-1"},"canonical":"https:\/\/contactfm72.fr\/?p=9379","og_locale":"fr_FR","og_type":"article","og_title":"VIDEO. Circuit de la Sarthe au Lude : le n\u00e9erlandais Olav Kooij grand vainqueur - Contact FM 99.3","og_description":"Les rues du Lude ont accueilli la 2\u00e8me \u00e9tape du circuit de la Sarthe \u2013 Pays de la Loire. C&#8217;est le n\u00e9erlandais de 21 ans, Olav Kooij, qui sort vainqueur de cette course. &nbsp; &nbsp; En raison d\u2019une pause forc\u00e9e de deux ans, le circuit cycliste Sarthe-Pays de la Loire est enfin de retour sur&hellip;","og_url":"https:\/\/contactfm72.fr\/?p=9379","og_site_name":"Contact FM 99.3","article_publisher":"https:\/\/www.facebook.com\/Contactfm.Chateauduloir","article_published_time":"2022-04-06T14:04:40+00:00","og_image":[{"width":740,"height":443,"url":"https:\/\/contactfm72.fr\/wp-content\/uploads\/2022\/04\/circuit-le-lude.jpg","type":"image\/jpeg"}],"author":"Val\u00e9rie C.","twitter_card":"summary_large_image","twitter_creator":"@contactfm72","twitter_site":"@contactfm72","twitter_misc":{"\u00c9crit par":"Val\u00e9rie C.","Dur\u00e9e de lecture estim\u00e9e":"2 minutes"},"schema":{"@context":"https:\/\/schema.org","@graph":[{"@type":"Article","@id":"https:\/\/contactfm72.fr\/?p=9379#article","isPartOf":{"@id":"https:\/\/contactfm72.fr\/?p=9379"},"author":{"name":"Val\u00e9rie C.","@id":"https:\/\/contactfm72.fr\/#\/schema\/person\/9fdc9d1c2eb029354a4f1535b90ba82d"},"headline":"VIDEO. Circuit de la Sarthe au Lude : le n\u00e9erlandais Olav Kooij grand vainqueur","datePublished":"2022-04-06T14:04:40+00:00","mainEntityOfPage":{"@id":"https:\/\/contactfm72.fr\/?p=9379"},"wordCount":344,"publisher":{"@id":"https:\/\/contactfm72.fr\/#organization"},"image":{"@id":"https:\/\/contactfm72.fr\/?p=9379#primaryimage"},"thumbnailUrl":"https:\/\/contactfm72.fr\/wp-content\/uploads\/2022\/04\/circuit-le-lude.jpg","articleSection":["Contact FM 72"],"inLanguage":"fr-FR"},{"@type":"WebPage","@id":"https:\/\/contactfm72.fr\/?p=9379","url":"https:\/\/contactfm72.fr\/?p=9379","name":"VIDEO. Circuit de la Sarthe au Lude : le n\u00e9erlandais Olav Kooij grand vainqueur - Contact FM 99.3","isPartOf":{"@id":"https:\/\/contactfm72.fr\/#website"},"primaryImageOfPage":{"@id":"https:\/\/contactfm72.fr\/?p=9379#primaryimage"},"image":{"@id":"https:\/\/contactfm72.fr\/?p=9379#primaryimage"},"thumbnailUrl":"https:\/\/contactfm72.fr\/wp-content\/uploads\/2022\/04\/circuit-le-lude.jpg","datePublished":"2022-04-06T14:04:40+00:00","breadcrumb":{"@id":"https:\/\/contactfm72.fr\/?p=9379#breadcrumb"},"inLanguage":"fr-FR","potentialAction":[{"@type":"ReadAction","target":["https:\/\/contactfm72.fr\/?p=9379"]}]},{"@type":"ImageObject","inLanguage":"fr-FR","@id":"https:\/\/contactfm72.fr\/?p=9379#primaryimage","url":"https:\/\/contactfm72.fr\/wp-content\/uploads\/2022\/04\/circuit-le-lude.jpg","contentUrl":"https:\/\/contactfm72.fr\/wp-content\/uploads\/2022\/04\/circuit-le-lude.jpg","width":740,"height":443,"caption":"Lors du d\u00e9part \u00e0 11h40, boulevard Fisson au Lude."},{"@type":"BreadcrumbList","@id":"https:\/\/contactfm72.fr\/?p=9379#breadcrumb","itemListElement":[{"@type":"ListItem","position":1,"name":"Accueil","item":"https:\/\/contactfm72.fr\/"},{"@type":"ListItem","position":2,"name":"VIDEO. Circuit de la Sarthe au Lude : le n\u00e9erlandais Olav Kooij grand vainqueur"}]},{"@type":"WebSite","@id":"https:\/\/contactfm72.fr\/#website","url":"https:\/\/contactfm72.fr\/","name":"Contact FM 99.3","description":"Votre radio en vall\u00e9e du Loir","publisher":{"@id":"https:\/\/contactfm72.fr\/#organization"},"potentialAction":[{"@type":"SearchAction","target":{"@type":"EntryPoint","urlTemplate":"https:\/\/contactfm72.fr\/?s={search_term_string}"},"query-input":{"@type":"PropertyValueSpecification","valueRequired":true,"valueName":"search_term_string"}}],"inLanguage":"fr-FR"},{"@type":"Organization","@id":"https:\/\/contactfm72.fr\/#organization","name":"Contact FM 99.3","url":"https:\/\/contactfm72.fr\/","logo":{"@type":"ImageObject","inLanguage":"fr-FR","@id":"https:\/\/contactfm72.fr\/#\/schema\/logo\/image\/","url":"https:\/\/contactfm72.fr\/wp-content\/uploads\/2025\/04\/2025-04-18-2.jpg","contentUrl":"https:\/\/contactfm72.fr\/wp-content\/uploads\/2025\/04\/2025-04-18-2.jpg","width":680,"height":307,"caption":"Contact FM 99.3"},"image":{"@id":"https:\/\/contactfm72.fr\/#\/schema\/logo\/image\/"},"sameAs":["https:\/\/www.facebook.com\/Contactfm.Chateauduloir","https:\/\/x.com\/contactfm72","https:\/\/www.instagram.com\/contact.fm.72?igsh=cGhlMHQ5N2JlNnpp","https:\/\/www.tiktok.com\/@contact.fm"]},{"@type":"Person","@id":"https:\/\/contactfm72.fr\/#\/schema\/person\/9fdc9d1c2eb029354a4f1535b90ba82d","name":"Val\u00e9rie C.","image":{"@type":"ImageObject","inLanguage":"fr-FR","@id":"https:\/\/secure.gravatar.com\/avatar\/2f8aa28f8dfbd7d4420afd1fdcdd0a349923e2c8a38ab28198b0f9d0601e4737?s=96&d=mm&r=g","url":"https:\/\/secure.gravatar.com\/avatar\/2f8aa28f8dfbd7d4420afd1fdcdd0a349923e2c8a38ab28198b0f9d0601e4737?s=96&d=mm&r=g","contentUrl":"https:\/\/secure.gravatar.com\/avatar\/2f8aa28f8dfbd7d4420afd1fdcdd0a349923e2c8a38ab28198b0f9d0601e4737?s=96&d=mm&r=g","caption":"Val\u00e9rie C."},"url":"https:\/\/contactfm72.fr\/?author=4"}]}},"_links":{"self":[{"href":"https:\/\/contactfm72.fr\/index.php?rest_route=\/wp\/v2\/posts\/9379","targetHints":{"allow":["GET"]}}],"collection":[{"href":"https:\/\/contactfm72.fr\/index.php?rest_route=\/wp\/v2\/posts"}],"about":[{"href":"https:\/\/contactfm72.fr\/index.php?rest_route=\/wp\/v2\/types\/post"}],"author":[{"embeddable":true,"href":"https:\/\/contactfm72.fr\/index.php?rest_route=\/wp\/v2\/users\/4"}],"replies":[{"embeddable":true,"href":"https:\/\/contactfm72.fr\/index.php?rest_route=%2Fwp%2Fv2%2Fcomments&post=9379"}],"version-history":[{"count":2,"href":"https:\/\/contactfm72.fr\/index.php?rest_route=\/wp\/v2\/posts\/9379\/revisions"}],"predecessor-version":[{"id":9385,"href":"https:\/\/contactfm72.fr\/index.php?rest_route=\/wp\/v2\/posts\/9379\/revisions\/9385"}],"wp:featuredmedia":[{"embeddable":true,"href":"https:\/\/contactfm72.fr\/index.php?rest_route=\/wp\/v2\/media\/9382"}],"wp:attachment":[{"href":"https:\/\/contactfm72.fr\/index.php?rest_route=%2Fwp%2Fv2%2Fmedia&parent=9379"}],"wp:term":[{"taxonomy":"category","embeddable":true,"href":"https:\/\/contactfm72.fr\/index.php?rest_route=%2Fwp%2Fv2%2Fcategories&post=9379"},{"taxonomy":"post_tag","embeddable":true,"href":"https:\/\/contactfm72.fr\/index.php?rest_route=%2Fwp%2Fv2%2Ftags&post=9379"}],"curies":[{"name":"wp","href":"https:\/\/api.w.org\/{rel}","templated":true}]}}