{"id":9356,"date":"2022-04-05T16:29:14","date_gmt":"2022-04-05T14:29:14","guid":{"rendered":"http:\/\/contactfm72.fr\/?p=9356"},"modified":"2022-04-06T10:12:13","modified_gmt":"2022-04-06T08:12:13","slug":"election-presidentielle-2022-quen-pensent-les-jeunes","status":"publish","type":"post","link":"https:\/\/contactfm72.fr\/?p=9356","title":{"rendered":"\u00c9lection pr\u00e9sidentielle 2022 : Qu\u2019en pensent les jeunes ?"},"content":{"rendered":"<h2>Valentine et Louka viennent d\u2019avoir 18 ans. Ils s\u2019appr\u00eatent \u00e0 voter pour la premi\u00e8re fois lors de l\u2019\u00e9lection pr\u00e9sidentielle les 10 et 24 avril prochains. Comment ont-ils v\u00e9cu la campagne pr\u00e9sidentielle\u00a0? Comment appr\u00e9hendent-ils leur premier passage \u00e0 l\u2019isoloir\u00a0? Les deux jeunes se confient quant \u00e0 leur premi\u00e8re exp\u00e9rience de campagne pr\u00e9sidentielle.<\/h2>\n<p>&nbsp;<\/p>\n<p><strong>Louka et Valentine<\/strong> viennent tous les deux d\u2019avoir <strong>18 ans<\/strong>. Originaire du <strong>Sud-Sarthe<\/strong>, et plus pr\u00e9cis\u00e9ment de <strong>Dissay-sous-Courcillon<\/strong> pour Valentine et de <strong>Montval-sur-Loir<\/strong> pour Louka, le jeune homme est en premi\u00e8re ann\u00e9e de BTS n\u00e9gociation et digitalisation de la relation client (NDRC) au lyc\u00e9e Emmanuel Mounier \u00e0 Angers, et la jeune femme est en premi\u00e8re ann\u00e9e de psychologie \u00e0 l\u2019universit\u00e9 d\u2019Angers. Ils comptent tous les deux se d\u00e9placer<strong> les dimanches 10 et 24 avril prochains<\/strong> pour voter leur futur pr\u00e9sident, ou future pr\u00e9sidente.<\/p>\n<p>&nbsp;<\/p>\n<h3>Un int\u00e9r\u00eat mitig\u00e9 pour la politique<\/h3>\n<p>M\u00eame s\u2019ils sont tous les deux press\u00e9s d\u2019aller d\u00e9poser leur enveloppe dans l\u2019urne le jour J, ils sont <strong>partag\u00e9s<\/strong> quant \u00e0<strong> leur int\u00e9r\u00eat pour la politique<\/strong>. Valentine n\u2019est \u00ab pas tr\u00e8s int\u00e9ress\u00e9e par la politique de mani\u00e8re g\u00e9n\u00e9rale \u00bb, alors que Louka trouve qu\u2019il \u00ab\u00a0est int\u00e9ressant de savoir qui nous gouverne et comment \u00e7a fonctionne \u00bb.<\/p>\n<p>En revanche, les deux jeunes se sont inform\u00e9s de la m\u00eame fa\u00e7on\u00a0: \u00ab\u00a0beaucoup les r\u00e9seaux sociaux, comme <strong>Twitter et Instagram, mais aussi la t\u00e9l\u00e9<\/strong>\u00a0\u00bb, avec une mention tr\u00e8s sp\u00e9ciale pour le <a href=\"https:\/\/www.youtube.com\/channel\/UCUo1RqYV8tGjV38sQ8S5p9A\"><strong>Youtubeur journaliste HugoD\u00e9crypte<\/strong><\/a>.<\/p>\n<blockquote><p>\u00ab On a regard\u00e9 les interviews de tous les candidats, et on le suit sur tous ses r\u00e9seaux. Il a compris comment les jeunes fonctionnent et il sait nous parler. On comprend facilement avec lui \u00bb, souligne Louka.<\/p><\/blockquote>\n<p>&nbsp;<\/p>\n<h3>Un nombre de candidats correct<\/h3>\n<p>Face \u00e0 ce panel de choix de candidats, les deux jeunes sont plut\u00f4t <strong>satisfaits\u00a0<\/strong>: \u00ab\u00a0c\u2019est bien qu\u2019il y ait autant de candidats. \u00c7a veut dire qu\u2019on n\u2019a pas tous les m\u00eames id\u00e9es, et on doit tous se retrouver dans les programmes. C\u2019est \u00e7a la <strong>d\u00e9mocratie\u00a0<\/strong>\u00bb, remarque Valentine. M\u00eame si elle avoue, comme Louka, ne <strong>pas avoir lu tous les programmes<\/strong>\u00a0: \u00ab\u00a0Je ne les ai pas tous lus. Il y a certains candidats pour qui je ne voterai pas. Je le sais sans avoir lu leur programme. J\u2019ai donc lu ceux dont je suis le <strong>plus sensible<\/strong>\u00a0\u00bb, affirme le jeune homme.<\/p>\n<p>&nbsp;<\/p>\n<h3>L\u2019immigration au d\u00e9triment du climat<\/h3>\n<p>Les deux jeunes de 18 ans sont compl\u00e8tement d\u2019accord sur un sujet\u00a0: le<strong> manque de d\u00e9bat et de proposition sur la crise \u00e9cologique<\/strong>. \u00ab J\u2019ai l\u2019impression que les candidats n\u2019ont pas suffisamment abord\u00e9 l\u2019\u00e9cologie qui est le sujet le plus important aujourd\u2019hui. On parle quand m\u00eame de l\u2019avenir de notre plan\u00e8te \u00bb, fait entendre Valentine. Louka approuve et surench\u00e9rit en affirmant que ce sujet a \u00e9t\u00e9 trop n\u00e9glig\u00e9 au d\u00e9triment d\u2019autres th\u00e8mes : \u00ab On a trop entendu parler de l\u2019<strong>immigration et de la s\u00e9curit\u00e9<\/strong>. Je ne dis pas qu\u2019il faut n\u00e9gliger ces th\u00e8mes, mais il y a d\u2019autres sujets bien plus importants. Il aurait fallu <strong>recentrer les d\u00e9bats<\/strong>. C\u2019est comme l\u2019<strong>avenir des jeunes<\/strong>, on n\u2019en parle pas non plus. Surtout avec ce qu&#8217;il se passe en ce moment, je me sens perdu \u00bb.<\/p>\n<p><strong>\u00a0<\/strong><\/p>\n<h3>De l\u2019honn\u00eatet\u00e9 et \u00e0 l\u2019\u00e9coute du peuple<\/h3>\n<p>Quels que soient les r\u00e9sultats du 1<sup>er<\/sup> et 2<sup>nd<\/sup> tour, les deux jeunes seront un peu d\u00e9\u00e7us si leur candidat n\u2019est pas \u00e9lu mais veulent un pr\u00e9sident \u00e0 l&#8217;<strong>\u00e9coute du peuple fran\u00e7ais<\/strong> :<\/p>\n<p>&nbsp;<\/p>\n<blockquote><p>\u00ab C\u2019est comme \u00e7a, c\u2019est le jeu. Mais dans tous les cas, on veut que notre futur pr\u00e9sident ou future pr\u00e9sidente soit \u00e0 notre \u00e9coute. On veut de l\u2019honn\u00eatet\u00e9 dans son discours et dans ses engagements. Il faut qu\u2019il soit \u00e0 l\u2019\u00e9coute de son peuple \u00bb, affirment Louka et Valentine.<\/p><\/blockquote>\n<p>&nbsp;<\/p>\n<h3>Pas assez de cours sur la citoyennet\u00e9<\/h3>\n<p>Ces deux jeunes assurent qu\u2019ils n\u2019ont pas eu assez de cours sur la citoyennet\u00e9 durant leurs ann\u00e9es coll\u00e8ges\/lyc\u00e9es puisqu&#8217;ils ne savent pas r\u00e9ellement ce qui les attendra lors des deux tours de cette \u00e9lection : \u00ab Concr\u00e8tement, je ne sais pas comment voter. Je suivrai ma m\u00e8re dimanche. Elle me montrera comment faire. Je ne panique pas, \u00e7a ne me fait pas peur, mais \u00e7a montre qu\u2019il y a un<strong> r\u00e9el manque de cours sur la citoyennet\u00e9 dans nos \u00e9coles en France<\/strong>\u00a0\u00bb, confie Louka.<\/p>\n<p>&nbsp;<\/p>\n<p>\u00c0 l\u2019heure actuelle, que ce soit entre amis, avec leurs professeurs, sur les bancs de l\u2019universit\u00e9 et du lyc\u00e9e, les deux jeunes ne <strong>parlent peu, voire pas du tout, de cette \u00e9lection<\/strong>. \u00ab\u00a0Je suis vraiment press\u00e9 de savoir qui va \u00eatre \u00e9lu. J\u2019appr\u00e9hende un peu les r\u00e9sultats. Quoi qu\u2019il arrive, je viens de recevoir ma <strong>carte d\u2019\u00e9lecteur<\/strong>, je suis vraiment content\u00a0\u00bb, termine Louka.<\/p>\n<p>&nbsp;<\/p>\n<p>Louka et Valentine font donc partis des <strong>411 120 \u00e9lecteurs inscrits sur les listes \u00e9lectorales sarthoises<\/strong> et se d\u00e9placeront dimanche 10 avril pour voter au premier tour de l&#8217;\u00e9lection pr\u00e9sidentielle.<\/p>\n<!-- AddThis Advanced Settings generic via filter on the_content --><!-- AddThis Share Buttons generic via filter on the_content -->","protected":false},"excerpt":{"rendered":"<p>Valentine et Louka viennent d\u2019avoir 18 ans. Ils s\u2019appr\u00eatent \u00e0 voter pour la premi\u00e8re fois lors de l\u2019\u00e9lection pr\u00e9sidentielle les 10 et 24 avril prochains. Comment ont-ils v\u00e9cu la campagne pr\u00e9sidentielle\u00a0? Comment appr\u00e9hendent-ils leur premier passage \u00e0 l\u2019isoloir\u00a0? Les deux jeunes se confient quant \u00e0 leur premi\u00e8re exp\u00e9rience de campagne pr\u00e9sidentielle. &nbsp; Louka et Valentine&hellip;<!-- AddThis Advanced Settings generic via filter on get_the_excerpt --><!-- AddThis Share Buttons generic via filter on get_the_excerpt --><\/p>\n","protected":false},"author":4,"featured_media":9357,"comment_status":"closed","ping_status":"open","sticky":false,"template":"","format":"standard","meta":{"footnotes":""},"categories":[1],"tags":[],"class_list":["post-9356","post","type-post","status-publish","format-standard","has-post-thumbnail","hentry","category-contact-fm-72","category-1","description-off"],"yoast_head":"<!-- This site is optimized with the Yoast SEO plugin v27.4 - https:\/\/yoast.com\/product\/yoast-seo-wordpress\/ -->\n<title>\u00c9lection pr\u00e9sidentielle 2022 : Qu\u2019en pensent les jeunes ? - Contact FM 99.3<\/title>\n<meta name=\"robots\" content=\"index, follow, max-snippet:-1, max-image-preview:large, max-video-preview:-1\" \/>\n<link rel=\"canonical\" href=\"https:\/\/contactfm72.fr\/?p=9356\" \/>\n<meta property=\"og:locale\" content=\"fr_FR\" \/>\n<meta property=\"og:type\" content=\"article\" \/>\n<meta property=\"og:title\" content=\"\u00c9lection pr\u00e9sidentielle 2022 : Qu\u2019en pensent les jeunes ? - Contact FM 99.3\" \/>\n<meta property=\"og:description\" content=\"Valentine et Louka viennent d\u2019avoir 18 ans. Ils s\u2019appr\u00eatent \u00e0 voter pour la premi\u00e8re fois lors de l\u2019\u00e9lection pr\u00e9sidentielle les 10 et 24 avril prochains. Comment ont-ils v\u00e9cu la campagne pr\u00e9sidentielle\u00a0? Comment appr\u00e9hendent-ils leur premier passage \u00e0 l\u2019isoloir\u00a0? Les deux jeunes se confient quant \u00e0 leur premi\u00e8re exp\u00e9rience de campagne pr\u00e9sidentielle. &nbsp; Louka et Valentine&hellip;\" \/>\n<meta property=\"og:url\" content=\"https:\/\/contactfm72.fr\/?p=9356\" \/>\n<meta property=\"og:site_name\" content=\"Contact FM 99.3\" \/>\n<meta property=\"article:publisher\" content=\"https:\/\/www.facebook.com\/Contactfm.Chateauduloir\" \/>\n<meta property=\"article:published_time\" content=\"2022-04-05T14:29:14+00:00\" \/>\n<meta property=\"article:modified_time\" content=\"2022-04-06T08:12:13+00:00\" \/>\n<meta property=\"og:image\" content=\"https:\/\/contactfm72.fr\/wp-content\/uploads\/2022\/04\/jeunes-pr\u00e9sidentielle.jpg\" \/>\n\t<meta property=\"og:image:width\" content=\"2048\" \/>\n\t<meta property=\"og:image:height\" content=\"1536\" \/>\n\t<meta property=\"og:image:type\" content=\"image\/jpeg\" \/>\n<meta name=\"author\" content=\"Val\u00e9rie C.\" \/>\n<meta name=\"twitter:card\" content=\"summary_large_image\" \/>\n<meta name=\"twitter:creator\" content=\"@contactfm72\" \/>\n<meta name=\"twitter:site\" content=\"@contactfm72\" \/>\n<meta name=\"twitter:label1\" content=\"\u00c9crit par\" \/>\n\t<meta name=\"twitter:data1\" content=\"Val\u00e9rie C.\" \/>\n\t<meta name=\"twitter:label2\" content=\"Dur\u00e9e de lecture estim\u00e9e\" \/>\n\t<meta name=\"twitter:data2\" content=\"4 minutes\" \/>\n<script type=\"application\/ld+json\" class=\"yoast-schema-graph\">{\"@context\":\"https:\\\/\\\/schema.org\",\"@graph\":[{\"@type\":\"Article\",\"@id\":\"https:\\\/\\\/contactfm72.fr\\\/?p=9356#article\",\"isPartOf\":{\"@id\":\"https:\\\/\\\/contactfm72.fr\\\/?p=9356\"},\"author\":{\"name\":\"Val\u00e9rie C.\",\"@id\":\"https:\\\/\\\/contactfm72.fr\\\/#\\\/schema\\\/person\\\/9fdc9d1c2eb029354a4f1535b90ba82d\"},\"headline\":\"\u00c9lection pr\u00e9sidentielle 2022 : Qu\u2019en pensent les jeunes ?\",\"datePublished\":\"2022-04-05T14:29:14+00:00\",\"dateModified\":\"2022-04-06T08:12:13+00:00\",\"mainEntityOfPage\":{\"@id\":\"https:\\\/\\\/contactfm72.fr\\\/?p=9356\"},\"wordCount\":901,\"publisher\":{\"@id\":\"https:\\\/\\\/contactfm72.fr\\\/#organization\"},\"image\":{\"@id\":\"https:\\\/\\\/contactfm72.fr\\\/?p=9356#primaryimage\"},\"thumbnailUrl\":\"https:\\\/\\\/contactfm72.fr\\\/wp-content\\\/uploads\\\/2022\\\/04\\\/jeunes-pr\u00e9sidentielle.jpg\",\"articleSection\":[\"Contact FM 72\"],\"inLanguage\":\"fr-FR\"},{\"@type\":\"WebPage\",\"@id\":\"https:\\\/\\\/contactfm72.fr\\\/?p=9356\",\"url\":\"https:\\\/\\\/contactfm72.fr\\\/?p=9356\",\"name\":\"\u00c9lection pr\u00e9sidentielle 2022 : Qu\u2019en pensent les jeunes ? - Contact FM 99.3\",\"isPartOf\":{\"@id\":\"https:\\\/\\\/contactfm72.fr\\\/#website\"},\"primaryImageOfPage\":{\"@id\":\"https:\\\/\\\/contactfm72.fr\\\/?p=9356#primaryimage\"},\"image\":{\"@id\":\"https:\\\/\\\/contactfm72.fr\\\/?p=9356#primaryimage\"},\"thumbnailUrl\":\"https:\\\/\\\/contactfm72.fr\\\/wp-content\\\/uploads\\\/2022\\\/04\\\/jeunes-pr\u00e9sidentielle.jpg\",\"datePublished\":\"2022-04-05T14:29:14+00:00\",\"dateModified\":\"2022-04-06T08:12:13+00:00\",\"breadcrumb\":{\"@id\":\"https:\\\/\\\/contactfm72.fr\\\/?p=9356#breadcrumb\"},\"inLanguage\":\"fr-FR\",\"potentialAction\":[{\"@type\":\"ReadAction\",\"target\":[\"https:\\\/\\\/contactfm72.fr\\\/?p=9356\"]}]},{\"@type\":\"ImageObject\",\"inLanguage\":\"fr-FR\",\"@id\":\"https:\\\/\\\/contactfm72.fr\\\/?p=9356#primaryimage\",\"url\":\"https:\\\/\\\/contactfm72.fr\\\/wp-content\\\/uploads\\\/2022\\\/04\\\/jeunes-pr\u00e9sidentielle.jpg\",\"contentUrl\":\"https:\\\/\\\/contactfm72.fr\\\/wp-content\\\/uploads\\\/2022\\\/04\\\/jeunes-pr\u00e9sidentielle.jpg\",\"width\":2048,\"height\":1536,\"caption\":\"Louka et Valentine voteront pour la premi\u00e8re fois ce dimanche 10 avril pour l'\u00e9lection pr\u00e9sidentielle.\"},{\"@type\":\"BreadcrumbList\",\"@id\":\"https:\\\/\\\/contactfm72.fr\\\/?p=9356#breadcrumb\",\"itemListElement\":[{\"@type\":\"ListItem\",\"position\":1,\"name\":\"Accueil\",\"item\":\"https:\\\/\\\/contactfm72.fr\\\/\"},{\"@type\":\"ListItem\",\"position\":2,\"name\":\"\u00c9lection pr\u00e9sidentielle 2022 : Qu\u2019en pensent les jeunes ?\"}]},{\"@type\":\"WebSite\",\"@id\":\"https:\\\/\\\/contactfm72.fr\\\/#website\",\"url\":\"https:\\\/\\\/contactfm72.fr\\\/\",\"name\":\"Contact FM 99.3\",\"description\":\"Votre radio en vall\u00e9e du Loir\",\"publisher\":{\"@id\":\"https:\\\/\\\/contactfm72.fr\\\/#organization\"},\"potentialAction\":[{\"@type\":\"SearchAction\",\"target\":{\"@type\":\"EntryPoint\",\"urlTemplate\":\"https:\\\/\\\/contactfm72.fr\\\/?s={search_term_string}\"},\"query-input\":{\"@type\":\"PropertyValueSpecification\",\"valueRequired\":true,\"valueName\":\"search_term_string\"}}],\"inLanguage\":\"fr-FR\"},{\"@type\":\"Organization\",\"@id\":\"https:\\\/\\\/contactfm72.fr\\\/#organization\",\"name\":\"Contact FM 99.3\",\"url\":\"https:\\\/\\\/contactfm72.fr\\\/\",\"logo\":{\"@type\":\"ImageObject\",\"inLanguage\":\"fr-FR\",\"@id\":\"https:\\\/\\\/contactfm72.fr\\\/#\\\/schema\\\/logo\\\/image\\\/\",\"url\":\"https:\\\/\\\/contactfm72.fr\\\/wp-content\\\/uploads\\\/2025\\\/04\\\/2025-04-18-2.jpg\",\"contentUrl\":\"https:\\\/\\\/contactfm72.fr\\\/wp-content\\\/uploads\\\/2025\\\/04\\\/2025-04-18-2.jpg\",\"width\":680,\"height\":307,\"caption\":\"Contact FM 99.3\"},\"image\":{\"@id\":\"https:\\\/\\\/contactfm72.fr\\\/#\\\/schema\\\/logo\\\/image\\\/\"},\"sameAs\":[\"https:\\\/\\\/www.facebook.com\\\/Contactfm.Chateauduloir\",\"https:\\\/\\\/x.com\\\/contactfm72\",\"https:\\\/\\\/www.instagram.com\\\/contact.fm.72?igsh=cGhlMHQ5N2JlNnpp\",\"https:\\\/\\\/www.tiktok.com\\\/@contact.fm\"]},{\"@type\":\"Person\",\"@id\":\"https:\\\/\\\/contactfm72.fr\\\/#\\\/schema\\\/person\\\/9fdc9d1c2eb029354a4f1535b90ba82d\",\"name\":\"Val\u00e9rie C.\",\"image\":{\"@type\":\"ImageObject\",\"inLanguage\":\"fr-FR\",\"@id\":\"https:\\\/\\\/secure.gravatar.com\\\/avatar\\\/2f8aa28f8dfbd7d4420afd1fdcdd0a349923e2c8a38ab28198b0f9d0601e4737?s=96&d=mm&r=g\",\"url\":\"https:\\\/\\\/secure.gravatar.com\\\/avatar\\\/2f8aa28f8dfbd7d4420afd1fdcdd0a349923e2c8a38ab28198b0f9d0601e4737?s=96&d=mm&r=g\",\"contentUrl\":\"https:\\\/\\\/secure.gravatar.com\\\/avatar\\\/2f8aa28f8dfbd7d4420afd1fdcdd0a349923e2c8a38ab28198b0f9d0601e4737?s=96&d=mm&r=g\",\"caption\":\"Val\u00e9rie C.\"},\"url\":\"https:\\\/\\\/contactfm72.fr\\\/?author=4\"}]}<\/script>\n<!-- \/ Yoast SEO plugin. -->","yoast_head_json":{"title":"\u00c9lection pr\u00e9sidentielle 2022 : Qu\u2019en pensent les jeunes ? - Contact FM 99.3","robots":{"index":"index","follow":"follow","max-snippet":"max-snippet:-1","max-image-preview":"max-image-preview:large","max-video-preview":"max-video-preview:-1"},"canonical":"https:\/\/contactfm72.fr\/?p=9356","og_locale":"fr_FR","og_type":"article","og_title":"\u00c9lection pr\u00e9sidentielle 2022 : Qu\u2019en pensent les jeunes ? - Contact FM 99.3","og_description":"Valentine et Louka viennent d\u2019avoir 18 ans. Ils s\u2019appr\u00eatent \u00e0 voter pour la premi\u00e8re fois lors de l\u2019\u00e9lection pr\u00e9sidentielle les 10 et 24 avril prochains. Comment ont-ils v\u00e9cu la campagne pr\u00e9sidentielle\u00a0? Comment appr\u00e9hendent-ils leur premier passage \u00e0 l\u2019isoloir\u00a0? Les deux jeunes se confient quant \u00e0 leur premi\u00e8re exp\u00e9rience de campagne pr\u00e9sidentielle. &nbsp; Louka et Valentine&hellip;","og_url":"https:\/\/contactfm72.fr\/?p=9356","og_site_name":"Contact FM 99.3","article_publisher":"https:\/\/www.facebook.com\/Contactfm.Chateauduloir","article_published_time":"2022-04-05T14:29:14+00:00","article_modified_time":"2022-04-06T08:12:13+00:00","og_image":[{"width":2048,"height":1536,"url":"https:\/\/contactfm72.fr\/wp-content\/uploads\/2022\/04\/jeunes-pr\u00e9sidentielle.jpg","type":"image\/jpeg"}],"author":"Val\u00e9rie C.","twitter_card":"summary_large_image","twitter_creator":"@contactfm72","twitter_site":"@contactfm72","twitter_misc":{"\u00c9crit par":"Val\u00e9rie C.","Dur\u00e9e de lecture estim\u00e9e":"4 minutes"},"schema":{"@context":"https:\/\/schema.org","@graph":[{"@type":"Article","@id":"https:\/\/contactfm72.fr\/?p=9356#article","isPartOf":{"@id":"https:\/\/contactfm72.fr\/?p=9356"},"author":{"name":"Val\u00e9rie C.","@id":"https:\/\/contactfm72.fr\/#\/schema\/person\/9fdc9d1c2eb029354a4f1535b90ba82d"},"headline":"\u00c9lection pr\u00e9sidentielle 2022 : Qu\u2019en pensent les jeunes ?","datePublished":"2022-04-05T14:29:14+00:00","dateModified":"2022-04-06T08:12:13+00:00","mainEntityOfPage":{"@id":"https:\/\/contactfm72.fr\/?p=9356"},"wordCount":901,"publisher":{"@id":"https:\/\/contactfm72.fr\/#organization"},"image":{"@id":"https:\/\/contactfm72.fr\/?p=9356#primaryimage"},"thumbnailUrl":"https:\/\/contactfm72.fr\/wp-content\/uploads\/2022\/04\/jeunes-pr\u00e9sidentielle.jpg","articleSection":["Contact FM 72"],"inLanguage":"fr-FR"},{"@type":"WebPage","@id":"https:\/\/contactfm72.fr\/?p=9356","url":"https:\/\/contactfm72.fr\/?p=9356","name":"\u00c9lection pr\u00e9sidentielle 2022 : Qu\u2019en pensent les jeunes ? - Contact FM 99.3","isPartOf":{"@id":"https:\/\/contactfm72.fr\/#website"},"primaryImageOfPage":{"@id":"https:\/\/contactfm72.fr\/?p=9356#primaryimage"},"image":{"@id":"https:\/\/contactfm72.fr\/?p=9356#primaryimage"},"thumbnailUrl":"https:\/\/contactfm72.fr\/wp-content\/uploads\/2022\/04\/jeunes-pr\u00e9sidentielle.jpg","datePublished":"2022-04-05T14:29:14+00:00","dateModified":"2022-04-06T08:12:13+00:00","breadcrumb":{"@id":"https:\/\/contactfm72.fr\/?p=9356#breadcrumb"},"inLanguage":"fr-FR","potentialAction":[{"@type":"ReadAction","target":["https:\/\/contactfm72.fr\/?p=9356"]}]},{"@type":"ImageObject","inLanguage":"fr-FR","@id":"https:\/\/contactfm72.fr\/?p=9356#primaryimage","url":"https:\/\/contactfm72.fr\/wp-content\/uploads\/2022\/04\/jeunes-pr\u00e9sidentielle.jpg","contentUrl":"https:\/\/contactfm72.fr\/wp-content\/uploads\/2022\/04\/jeunes-pr\u00e9sidentielle.jpg","width":2048,"height":1536,"caption":"Louka et Valentine voteront pour la premi\u00e8re fois ce dimanche 10 avril pour l'\u00e9lection pr\u00e9sidentielle."},{"@type":"BreadcrumbList","@id":"https:\/\/contactfm72.fr\/?p=9356#breadcrumb","itemListElement":[{"@type":"ListItem","position":1,"name":"Accueil","item":"https:\/\/contactfm72.fr\/"},{"@type":"ListItem","position":2,"name":"\u00c9lection pr\u00e9sidentielle 2022 : Qu\u2019en pensent les jeunes ?"}]},{"@type":"WebSite","@id":"https:\/\/contactfm72.fr\/#website","url":"https:\/\/contactfm72.fr\/","name":"Contact FM 99.3","description":"Votre radio en vall\u00e9e du Loir","publisher":{"@id":"https:\/\/contactfm72.fr\/#organization"},"potentialAction":[{"@type":"SearchAction","target":{"@type":"EntryPoint","urlTemplate":"https:\/\/contactfm72.fr\/?s={search_term_string}"},"query-input":{"@type":"PropertyValueSpecification","valueRequired":true,"valueName":"search_term_string"}}],"inLanguage":"fr-FR"},{"@type":"Organization","@id":"https:\/\/contactfm72.fr\/#organization","name":"Contact FM 99.3","url":"https:\/\/contactfm72.fr\/","logo":{"@type":"ImageObject","inLanguage":"fr-FR","@id":"https:\/\/contactfm72.fr\/#\/schema\/logo\/image\/","url":"https:\/\/contactfm72.fr\/wp-content\/uploads\/2025\/04\/2025-04-18-2.jpg","contentUrl":"https:\/\/contactfm72.fr\/wp-content\/uploads\/2025\/04\/2025-04-18-2.jpg","width":680,"height":307,"caption":"Contact FM 99.3"},"image":{"@id":"https:\/\/contactfm72.fr\/#\/schema\/logo\/image\/"},"sameAs":["https:\/\/www.facebook.com\/Contactfm.Chateauduloir","https:\/\/x.com\/contactfm72","https:\/\/www.instagram.com\/contact.fm.72?igsh=cGhlMHQ5N2JlNnpp","https:\/\/www.tiktok.com\/@contact.fm"]},{"@type":"Person","@id":"https:\/\/contactfm72.fr\/#\/schema\/person\/9fdc9d1c2eb029354a4f1535b90ba82d","name":"Val\u00e9rie C.","image":{"@type":"ImageObject","inLanguage":"fr-FR","@id":"https:\/\/secure.gravatar.com\/avatar\/2f8aa28f8dfbd7d4420afd1fdcdd0a349923e2c8a38ab28198b0f9d0601e4737?s=96&d=mm&r=g","url":"https:\/\/secure.gravatar.com\/avatar\/2f8aa28f8dfbd7d4420afd1fdcdd0a349923e2c8a38ab28198b0f9d0601e4737?s=96&d=mm&r=g","contentUrl":"https:\/\/secure.gravatar.com\/avatar\/2f8aa28f8dfbd7d4420afd1fdcdd0a349923e2c8a38ab28198b0f9d0601e4737?s=96&d=mm&r=g","caption":"Val\u00e9rie C."},"url":"https:\/\/contactfm72.fr\/?author=4"}]}},"_links":{"self":[{"href":"https:\/\/contactfm72.fr\/index.php?rest_route=\/wp\/v2\/posts\/9356","targetHints":{"allow":["GET"]}}],"collection":[{"href":"https:\/\/contactfm72.fr\/index.php?rest_route=\/wp\/v2\/posts"}],"about":[{"href":"https:\/\/contactfm72.fr\/index.php?rest_route=\/wp\/v2\/types\/post"}],"author":[{"embeddable":true,"href":"https:\/\/contactfm72.fr\/index.php?rest_route=\/wp\/v2\/users\/4"}],"replies":[{"embeddable":true,"href":"https:\/\/contactfm72.fr\/index.php?rest_route=%2Fwp%2Fv2%2Fcomments&post=9356"}],"version-history":[{"count":5,"href":"https:\/\/contactfm72.fr\/index.php?rest_route=\/wp\/v2\/posts\/9356\/revisions"}],"predecessor-version":[{"id":9369,"href":"https:\/\/contactfm72.fr\/index.php?rest_route=\/wp\/v2\/posts\/9356\/revisions\/9369"}],"wp:featuredmedia":[{"embeddable":true,"href":"https:\/\/contactfm72.fr\/index.php?rest_route=\/wp\/v2\/media\/9357"}],"wp:attachment":[{"href":"https:\/\/contactfm72.fr\/index.php?rest_route=%2Fwp%2Fv2%2Fmedia&parent=9356"}],"wp:term":[{"taxonomy":"category","embeddable":true,"href":"https:\/\/contactfm72.fr\/index.php?rest_route=%2Fwp%2Fv2%2Fcategories&post=9356"},{"taxonomy":"post_tag","embeddable":true,"href":"https:\/\/contactfm72.fr\/index.php?rest_route=%2Fwp%2Fv2%2Ftags&post=9356"}],"curies":[{"name":"wp","href":"https:\/\/api.w.org\/{rel}","templated":true}]}}