{"id":9321,"date":"2022-04-04T14:30:44","date_gmt":"2022-04-04T12:30:44","guid":{"rendered":"http:\/\/contactfm72.fr\/?p=9321"},"modified":"2022-04-04T12:11:00","modified_gmt":"2022-04-04T10:11:00","slug":"marcon-17-naissances-en-2021-et-toujours-pas-de-creche","status":"publish","type":"post","link":"https:\/\/contactfm72.fr\/?p=9321","title":{"rendered":"Mar\u00e7on : 17 naissances en 2021 et toujours pas de cr\u00e8che"},"content":{"rendered":"<h2>Samedi 2 avril, la municipalit\u00e9 de Mar\u00e7on a lanc\u00e9 sa premi\u00e8re f\u00eate des naissances. Avec 17 nouveaux enfants sur la commune en 2021, cette c\u00e9l\u00e9bration des nouveau-n\u00e9s permet de mettre en lumi\u00e8re un besoin de la commune : la comp\u00e9tence Petite Enfance.<\/h2>\n<p>&nbsp;<\/p>\n<p>17 naissances en 2021 \u00e0 <strong>Mar\u00e7on<\/strong>, en <strong>Sarthe<\/strong>, c&#8217;est du jamais vu ! <strong>Emilie Sinnaeve, adjointe responsable de l&#8217;enfance<\/strong>, revient sur la cr\u00e9ation de la f\u00eate des naissances \u00e0 Mar\u00e7on\u00a0: \u00ab On re\u00e7oit des avis de naissance, nous ne voyons que des noms. Il \u00e9tait temps de rencontrer ces b\u00e9b\u00e9s. On esp\u00e8re \u00e0 pr\u00e9sent renouveler cette f\u00eate \u00e0 chaque d\u00e9but d\u2019ann\u00e9e \u00bb.<\/p>\n<p>Les bambins sont repartis avec un bon d&#8217;achat \u00e0 utiliser dans un commerce local, <strong>\u00ab Au Pays des Merveilles \u00bb<\/strong>, \u00e0 la Chartre-sur-le-Loir.<\/p>\n<h3><strong>L\u2019accueil des enfants sur Mar\u00e7on\u00a0? <\/strong><\/h3>\n<p>Malgr\u00e9 le nombre de naissance constamment en hausse, Mar\u00e7on n\u2019a toujours pas de structure multi-accueil, ou de cr\u00e8che sur son territoire. Emilie Sinnaeve explique la situation : \u00ab Nous n&#8217;avons pas de cr\u00e8che, et nos assistantes maternelles partent bient\u00f4t en retraite. Tout le monde sait \u00e0 quel point il est difficile d&#8217;avoir une place chez une nounou \u00bb.<\/p>\n<p>Pourtant, une <strong>porteuse priv\u00e9e de projets<\/strong> s\u2019est pr\u00e9sent\u00e9e en mairie avec un projet de <strong>structure multi-accueil<\/strong> : \u00ab Elle est pr\u00eate \u00e0 lancer sa structure multi-accueil sur Mar\u00e7on. Son projet est ficel\u00e9. On lui a trouv\u00e9 le terrain. La mairie est pr\u00eate \u00e0 faire des efforts et \u00e0 le c\u00e9der pour 15 euros symboliques \u00bb.<\/p>\n<p>En ajoutant \u00e0 ce projet l&#8217;<strong>\u00e9laboration du futur \u00e9co-quartier de Mar\u00e7on<\/strong>, la commune tend \u00e0 se d\u00e9velopper, et surtout, \u00e0 r\u00e9pondre aux <strong>besoins de ses familles<\/strong>.<\/p>\n<blockquote><p>\u00ab On a des urgences. On veut garder les familles et voir grandir nos enfants. La commune n&#8217;a pas la comp\u00e9tence Petite Enfance, d\u00e9livr\u00e9e par la communaut\u00e9 de communes \u00bb, fait savoir l&#8217;\u00e9lue.<\/p><\/blockquote>\n<p>&nbsp;<\/p>\n<h3>La communaut\u00e9 de communes retarde la signature<\/h3>\n<p>Afin de valider ce projet de structure multi-accueil, la municipalit\u00e9 a besoin du <strong>feu vert de la communaut\u00e9 de communes Loir-Luc\u00e9-Berc\u00e9<\/strong>.<\/p>\n<blockquote><p>\u00ab A l&#8217;heure actuelle, nous n&#8217;avons pas de solution \u00e0 proposer \u00e0 nos familles. Alors que tout est pr\u00eat. Il nous manque l\u2019accord de la communaut\u00e9 de communes \u00bb, fait savoir l&#8217;adjointe.<\/p><\/blockquote>\n<p>\u00ab Nous sommes une petite commune de 1080 habitants, mais on se bouge. On veut cr\u00e9er des structures mais on ne nous \u00e9coute pas. Tous les services sont centralis\u00e9s dans les trois p\u00f4les de la communaut\u00e9 de communes&#8230; on nous oublie \u00bb, d\u00e9plore l\u2019adjointe.<\/p>\n<p>D\u00e9sormais, Mar\u00e7on attend l\u2019attribution de la<strong> comp\u00e9tence Petite Enfance<\/strong>.<\/p>\n<!-- AddThis Advanced Settings generic via filter on the_content --><!-- AddThis Share Buttons generic via filter on the_content -->","protected":false},"excerpt":{"rendered":"<p>Samedi 2 avril, la municipalit\u00e9 de Mar\u00e7on a lanc\u00e9 sa premi\u00e8re f\u00eate des naissances. Avec 17 nouveaux enfants sur la commune en 2021, cette c\u00e9l\u00e9bration des nouveau-n\u00e9s permet de mettre en lumi\u00e8re un besoin de la commune : la comp\u00e9tence Petite Enfance. &nbsp; 17 naissances en 2021 \u00e0 Mar\u00e7on, en Sarthe, c&#8217;est du jamais vu&hellip;<!-- AddThis Advanced Settings generic via filter on get_the_excerpt --><!-- AddThis Share Buttons generic via filter on get_the_excerpt --><\/p>\n","protected":false},"author":4,"featured_media":9322,"comment_status":"closed","ping_status":"open","sticky":false,"template":"","format":"standard","meta":{"footnotes":""},"categories":[1],"tags":[],"class_list":["post-9321","post","type-post","status-publish","format-standard","has-post-thumbnail","hentry","category-contact-fm-72","category-1","description-off"],"yoast_head":"<!-- This site is optimized with the Yoast SEO plugin v27.4 - https:\/\/yoast.com\/product\/yoast-seo-wordpress\/ -->\n<title>Mar\u00e7on : 17 naissances en 2021 et toujours pas de cr\u00e8che - Contact FM 99.3<\/title>\n<meta name=\"robots\" content=\"index, follow, max-snippet:-1, max-image-preview:large, max-video-preview:-1\" \/>\n<link rel=\"canonical\" href=\"https:\/\/contactfm72.fr\/?p=9321\" \/>\n<meta property=\"og:locale\" content=\"fr_FR\" \/>\n<meta property=\"og:type\" content=\"article\" \/>\n<meta property=\"og:title\" content=\"Mar\u00e7on : 17 naissances en 2021 et toujours pas de cr\u00e8che - Contact FM 99.3\" \/>\n<meta property=\"og:description\" content=\"Samedi 2 avril, la municipalit\u00e9 de Mar\u00e7on a lanc\u00e9 sa premi\u00e8re f\u00eate des naissances. Avec 17 nouveaux enfants sur la commune en 2021, cette c\u00e9l\u00e9bration des nouveau-n\u00e9s permet de mettre en lumi\u00e8re un besoin de la commune : la comp\u00e9tence Petite Enfance. &nbsp; 17 naissances en 2021 \u00e0 Mar\u00e7on, en Sarthe, c&#8217;est du jamais vu&hellip;\" \/>\n<meta property=\"og:url\" content=\"https:\/\/contactfm72.fr\/?p=9321\" \/>\n<meta property=\"og:site_name\" content=\"Contact FM 99.3\" \/>\n<meta property=\"article:publisher\" content=\"https:\/\/www.facebook.com\/Contactfm.Chateauduloir\" \/>\n<meta property=\"article:published_time\" content=\"2022-04-04T12:30:44+00:00\" \/>\n<meta property=\"og:image\" content=\"https:\/\/contactfm72.fr\/wp-content\/uploads\/2022\/04\/mar\u00e7on-naissance.jpg\" \/>\n\t<meta property=\"og:image:width\" content=\"2048\" \/>\n\t<meta property=\"og:image:height\" content=\"1536\" \/>\n\t<meta property=\"og:image:type\" content=\"image\/jpeg\" \/>\n<meta name=\"author\" content=\"Val\u00e9rie C.\" \/>\n<meta name=\"twitter:card\" content=\"summary_large_image\" \/>\n<meta name=\"twitter:creator\" content=\"@contactfm72\" \/>\n<meta name=\"twitter:site\" content=\"@contactfm72\" \/>\n<meta name=\"twitter:label1\" content=\"\u00c9crit par\" \/>\n\t<meta name=\"twitter:data1\" content=\"Val\u00e9rie C.\" \/>\n\t<meta name=\"twitter:label2\" content=\"Dur\u00e9e de lecture estim\u00e9e\" \/>\n\t<meta name=\"twitter:data2\" content=\"2 minutes\" \/>\n<script type=\"application\/ld+json\" class=\"yoast-schema-graph\">{\"@context\":\"https:\\\/\\\/schema.org\",\"@graph\":[{\"@type\":\"Article\",\"@id\":\"https:\\\/\\\/contactfm72.fr\\\/?p=9321#article\",\"isPartOf\":{\"@id\":\"https:\\\/\\\/contactfm72.fr\\\/?p=9321\"},\"author\":{\"name\":\"Val\u00e9rie C.\",\"@id\":\"https:\\\/\\\/contactfm72.fr\\\/#\\\/schema\\\/person\\\/9fdc9d1c2eb029354a4f1535b90ba82d\"},\"headline\":\"Mar\u00e7on : 17 naissances en 2021 et toujours pas de cr\u00e8che\",\"datePublished\":\"2022-04-04T12:30:44+00:00\",\"mainEntityOfPage\":{\"@id\":\"https:\\\/\\\/contactfm72.fr\\\/?p=9321\"},\"wordCount\":454,\"publisher\":{\"@id\":\"https:\\\/\\\/contactfm72.fr\\\/#organization\"},\"image\":{\"@id\":\"https:\\\/\\\/contactfm72.fr\\\/?p=9321#primaryimage\"},\"thumbnailUrl\":\"https:\\\/\\\/contactfm72.fr\\\/wp-content\\\/uploads\\\/2022\\\/04\\\/mar\u00e7on-naissance.jpg\",\"articleSection\":[\"Contact FM 72\"],\"inLanguage\":\"fr-FR\"},{\"@type\":\"WebPage\",\"@id\":\"https:\\\/\\\/contactfm72.fr\\\/?p=9321\",\"url\":\"https:\\\/\\\/contactfm72.fr\\\/?p=9321\",\"name\":\"Mar\u00e7on : 17 naissances en 2021 et toujours pas de cr\u00e8che - Contact FM 99.3\",\"isPartOf\":{\"@id\":\"https:\\\/\\\/contactfm72.fr\\\/#website\"},\"primaryImageOfPage\":{\"@id\":\"https:\\\/\\\/contactfm72.fr\\\/?p=9321#primaryimage\"},\"image\":{\"@id\":\"https:\\\/\\\/contactfm72.fr\\\/?p=9321#primaryimage\"},\"thumbnailUrl\":\"https:\\\/\\\/contactfm72.fr\\\/wp-content\\\/uploads\\\/2022\\\/04\\\/mar\u00e7on-naissance.jpg\",\"datePublished\":\"2022-04-04T12:30:44+00:00\",\"breadcrumb\":{\"@id\":\"https:\\\/\\\/contactfm72.fr\\\/?p=9321#breadcrumb\"},\"inLanguage\":\"fr-FR\",\"potentialAction\":[{\"@type\":\"ReadAction\",\"target\":[\"https:\\\/\\\/contactfm72.fr\\\/?p=9321\"]}]},{\"@type\":\"ImageObject\",\"inLanguage\":\"fr-FR\",\"@id\":\"https:\\\/\\\/contactfm72.fr\\\/?p=9321#primaryimage\",\"url\":\"https:\\\/\\\/contactfm72.fr\\\/wp-content\\\/uploads\\\/2022\\\/04\\\/mar\u00e7on-naissance.jpg\",\"contentUrl\":\"https:\\\/\\\/contactfm72.fr\\\/wp-content\\\/uploads\\\/2022\\\/04\\\/mar\u00e7on-naissance.jpg\",\"width\":2048,\"height\":1536,\"caption\":\"Lors de la premi\u00e8re f\u00eate des naissances \u00e0 Mar\u00e7on, Sarthe.\"},{\"@type\":\"BreadcrumbList\",\"@id\":\"https:\\\/\\\/contactfm72.fr\\\/?p=9321#breadcrumb\",\"itemListElement\":[{\"@type\":\"ListItem\",\"position\":1,\"name\":\"Accueil\",\"item\":\"https:\\\/\\\/contactfm72.fr\\\/\"},{\"@type\":\"ListItem\",\"position\":2,\"name\":\"Mar\u00e7on : 17 naissances en 2021 et toujours pas de cr\u00e8che\"}]},{\"@type\":\"WebSite\",\"@id\":\"https:\\\/\\\/contactfm72.fr\\\/#website\",\"url\":\"https:\\\/\\\/contactfm72.fr\\\/\",\"name\":\"Contact FM 99.3\",\"description\":\"Votre radio en vall\u00e9e du Loir\",\"publisher\":{\"@id\":\"https:\\\/\\\/contactfm72.fr\\\/#organization\"},\"potentialAction\":[{\"@type\":\"SearchAction\",\"target\":{\"@type\":\"EntryPoint\",\"urlTemplate\":\"https:\\\/\\\/contactfm72.fr\\\/?s={search_term_string}\"},\"query-input\":{\"@type\":\"PropertyValueSpecification\",\"valueRequired\":true,\"valueName\":\"search_term_string\"}}],\"inLanguage\":\"fr-FR\"},{\"@type\":\"Organization\",\"@id\":\"https:\\\/\\\/contactfm72.fr\\\/#organization\",\"name\":\"Contact FM 99.3\",\"url\":\"https:\\\/\\\/contactfm72.fr\\\/\",\"logo\":{\"@type\":\"ImageObject\",\"inLanguage\":\"fr-FR\",\"@id\":\"https:\\\/\\\/contactfm72.fr\\\/#\\\/schema\\\/logo\\\/image\\\/\",\"url\":\"https:\\\/\\\/contactfm72.fr\\\/wp-content\\\/uploads\\\/2025\\\/04\\\/2025-04-18-2.jpg\",\"contentUrl\":\"https:\\\/\\\/contactfm72.fr\\\/wp-content\\\/uploads\\\/2025\\\/04\\\/2025-04-18-2.jpg\",\"width\":680,\"height\":307,\"caption\":\"Contact FM 99.3\"},\"image\":{\"@id\":\"https:\\\/\\\/contactfm72.fr\\\/#\\\/schema\\\/logo\\\/image\\\/\"},\"sameAs\":[\"https:\\\/\\\/www.facebook.com\\\/Contactfm.Chateauduloir\",\"https:\\\/\\\/x.com\\\/contactfm72\",\"https:\\\/\\\/www.instagram.com\\\/contact.fm.72?igsh=cGhlMHQ5N2JlNnpp\",\"https:\\\/\\\/www.tiktok.com\\\/@contact.fm\"]},{\"@type\":\"Person\",\"@id\":\"https:\\\/\\\/contactfm72.fr\\\/#\\\/schema\\\/person\\\/9fdc9d1c2eb029354a4f1535b90ba82d\",\"name\":\"Val\u00e9rie C.\",\"image\":{\"@type\":\"ImageObject\",\"inLanguage\":\"fr-FR\",\"@id\":\"https:\\\/\\\/secure.gravatar.com\\\/avatar\\\/2f8aa28f8dfbd7d4420afd1fdcdd0a349923e2c8a38ab28198b0f9d0601e4737?s=96&d=mm&r=g\",\"url\":\"https:\\\/\\\/secure.gravatar.com\\\/avatar\\\/2f8aa28f8dfbd7d4420afd1fdcdd0a349923e2c8a38ab28198b0f9d0601e4737?s=96&d=mm&r=g\",\"contentUrl\":\"https:\\\/\\\/secure.gravatar.com\\\/avatar\\\/2f8aa28f8dfbd7d4420afd1fdcdd0a349923e2c8a38ab28198b0f9d0601e4737?s=96&d=mm&r=g\",\"caption\":\"Val\u00e9rie C.\"},\"url\":\"https:\\\/\\\/contactfm72.fr\\\/?author=4\"}]}<\/script>\n<!-- \/ Yoast SEO plugin. -->","yoast_head_json":{"title":"Mar\u00e7on : 17 naissances en 2021 et toujours pas de cr\u00e8che - Contact FM 99.3","robots":{"index":"index","follow":"follow","max-snippet":"max-snippet:-1","max-image-preview":"max-image-preview:large","max-video-preview":"max-video-preview:-1"},"canonical":"https:\/\/contactfm72.fr\/?p=9321","og_locale":"fr_FR","og_type":"article","og_title":"Mar\u00e7on : 17 naissances en 2021 et toujours pas de cr\u00e8che - Contact FM 99.3","og_description":"Samedi 2 avril, la municipalit\u00e9 de Mar\u00e7on a lanc\u00e9 sa premi\u00e8re f\u00eate des naissances. Avec 17 nouveaux enfants sur la commune en 2021, cette c\u00e9l\u00e9bration des nouveau-n\u00e9s permet de mettre en lumi\u00e8re un besoin de la commune : la comp\u00e9tence Petite Enfance. &nbsp; 17 naissances en 2021 \u00e0 Mar\u00e7on, en Sarthe, c&#8217;est du jamais vu&hellip;","og_url":"https:\/\/contactfm72.fr\/?p=9321","og_site_name":"Contact FM 99.3","article_publisher":"https:\/\/www.facebook.com\/Contactfm.Chateauduloir","article_published_time":"2022-04-04T12:30:44+00:00","og_image":[{"width":2048,"height":1536,"url":"https:\/\/contactfm72.fr\/wp-content\/uploads\/2022\/04\/mar\u00e7on-naissance.jpg","type":"image\/jpeg"}],"author":"Val\u00e9rie C.","twitter_card":"summary_large_image","twitter_creator":"@contactfm72","twitter_site":"@contactfm72","twitter_misc":{"\u00c9crit par":"Val\u00e9rie C.","Dur\u00e9e de lecture estim\u00e9e":"2 minutes"},"schema":{"@context":"https:\/\/schema.org","@graph":[{"@type":"Article","@id":"https:\/\/contactfm72.fr\/?p=9321#article","isPartOf":{"@id":"https:\/\/contactfm72.fr\/?p=9321"},"author":{"name":"Val\u00e9rie C.","@id":"https:\/\/contactfm72.fr\/#\/schema\/person\/9fdc9d1c2eb029354a4f1535b90ba82d"},"headline":"Mar\u00e7on : 17 naissances en 2021 et toujours pas de cr\u00e8che","datePublished":"2022-04-04T12:30:44+00:00","mainEntityOfPage":{"@id":"https:\/\/contactfm72.fr\/?p=9321"},"wordCount":454,"publisher":{"@id":"https:\/\/contactfm72.fr\/#organization"},"image":{"@id":"https:\/\/contactfm72.fr\/?p=9321#primaryimage"},"thumbnailUrl":"https:\/\/contactfm72.fr\/wp-content\/uploads\/2022\/04\/mar\u00e7on-naissance.jpg","articleSection":["Contact FM 72"],"inLanguage":"fr-FR"},{"@type":"WebPage","@id":"https:\/\/contactfm72.fr\/?p=9321","url":"https:\/\/contactfm72.fr\/?p=9321","name":"Mar\u00e7on : 17 naissances en 2021 et toujours pas de cr\u00e8che - Contact FM 99.3","isPartOf":{"@id":"https:\/\/contactfm72.fr\/#website"},"primaryImageOfPage":{"@id":"https:\/\/contactfm72.fr\/?p=9321#primaryimage"},"image":{"@id":"https:\/\/contactfm72.fr\/?p=9321#primaryimage"},"thumbnailUrl":"https:\/\/contactfm72.fr\/wp-content\/uploads\/2022\/04\/mar\u00e7on-naissance.jpg","datePublished":"2022-04-04T12:30:44+00:00","breadcrumb":{"@id":"https:\/\/contactfm72.fr\/?p=9321#breadcrumb"},"inLanguage":"fr-FR","potentialAction":[{"@type":"ReadAction","target":["https:\/\/contactfm72.fr\/?p=9321"]}]},{"@type":"ImageObject","inLanguage":"fr-FR","@id":"https:\/\/contactfm72.fr\/?p=9321#primaryimage","url":"https:\/\/contactfm72.fr\/wp-content\/uploads\/2022\/04\/mar\u00e7on-naissance.jpg","contentUrl":"https:\/\/contactfm72.fr\/wp-content\/uploads\/2022\/04\/mar\u00e7on-naissance.jpg","width":2048,"height":1536,"caption":"Lors de la premi\u00e8re f\u00eate des naissances \u00e0 Mar\u00e7on, Sarthe."},{"@type":"BreadcrumbList","@id":"https:\/\/contactfm72.fr\/?p=9321#breadcrumb","itemListElement":[{"@type":"ListItem","position":1,"name":"Accueil","item":"https:\/\/contactfm72.fr\/"},{"@type":"ListItem","position":2,"name":"Mar\u00e7on : 17 naissances en 2021 et toujours pas de cr\u00e8che"}]},{"@type":"WebSite","@id":"https:\/\/contactfm72.fr\/#website","url":"https:\/\/contactfm72.fr\/","name":"Contact FM 99.3","description":"Votre radio en vall\u00e9e du Loir","publisher":{"@id":"https:\/\/contactfm72.fr\/#organization"},"potentialAction":[{"@type":"SearchAction","target":{"@type":"EntryPoint","urlTemplate":"https:\/\/contactfm72.fr\/?s={search_term_string}"},"query-input":{"@type":"PropertyValueSpecification","valueRequired":true,"valueName":"search_term_string"}}],"inLanguage":"fr-FR"},{"@type":"Organization","@id":"https:\/\/contactfm72.fr\/#organization","name":"Contact FM 99.3","url":"https:\/\/contactfm72.fr\/","logo":{"@type":"ImageObject","inLanguage":"fr-FR","@id":"https:\/\/contactfm72.fr\/#\/schema\/logo\/image\/","url":"https:\/\/contactfm72.fr\/wp-content\/uploads\/2025\/04\/2025-04-18-2.jpg","contentUrl":"https:\/\/contactfm72.fr\/wp-content\/uploads\/2025\/04\/2025-04-18-2.jpg","width":680,"height":307,"caption":"Contact FM 99.3"},"image":{"@id":"https:\/\/contactfm72.fr\/#\/schema\/logo\/image\/"},"sameAs":["https:\/\/www.facebook.com\/Contactfm.Chateauduloir","https:\/\/x.com\/contactfm72","https:\/\/www.instagram.com\/contact.fm.72?igsh=cGhlMHQ5N2JlNnpp","https:\/\/www.tiktok.com\/@contact.fm"]},{"@type":"Person","@id":"https:\/\/contactfm72.fr\/#\/schema\/person\/9fdc9d1c2eb029354a4f1535b90ba82d","name":"Val\u00e9rie C.","image":{"@type":"ImageObject","inLanguage":"fr-FR","@id":"https:\/\/secure.gravatar.com\/avatar\/2f8aa28f8dfbd7d4420afd1fdcdd0a349923e2c8a38ab28198b0f9d0601e4737?s=96&d=mm&r=g","url":"https:\/\/secure.gravatar.com\/avatar\/2f8aa28f8dfbd7d4420afd1fdcdd0a349923e2c8a38ab28198b0f9d0601e4737?s=96&d=mm&r=g","contentUrl":"https:\/\/secure.gravatar.com\/avatar\/2f8aa28f8dfbd7d4420afd1fdcdd0a349923e2c8a38ab28198b0f9d0601e4737?s=96&d=mm&r=g","caption":"Val\u00e9rie C."},"url":"https:\/\/contactfm72.fr\/?author=4"}]}},"_links":{"self":[{"href":"https:\/\/contactfm72.fr\/index.php?rest_route=\/wp\/v2\/posts\/9321","targetHints":{"allow":["GET"]}}],"collection":[{"href":"https:\/\/contactfm72.fr\/index.php?rest_route=\/wp\/v2\/posts"}],"about":[{"href":"https:\/\/contactfm72.fr\/index.php?rest_route=\/wp\/v2\/types\/post"}],"author":[{"embeddable":true,"href":"https:\/\/contactfm72.fr\/index.php?rest_route=\/wp\/v2\/users\/4"}],"replies":[{"embeddable":true,"href":"https:\/\/contactfm72.fr\/index.php?rest_route=%2Fwp%2Fv2%2Fcomments&post=9321"}],"version-history":[{"count":2,"href":"https:\/\/contactfm72.fr\/index.php?rest_route=\/wp\/v2\/posts\/9321\/revisions"}],"predecessor-version":[{"id":9324,"href":"https:\/\/contactfm72.fr\/index.php?rest_route=\/wp\/v2\/posts\/9321\/revisions\/9324"}],"wp:featuredmedia":[{"embeddable":true,"href":"https:\/\/contactfm72.fr\/index.php?rest_route=\/wp\/v2\/media\/9322"}],"wp:attachment":[{"href":"https:\/\/contactfm72.fr\/index.php?rest_route=%2Fwp%2Fv2%2Fmedia&parent=9321"}],"wp:term":[{"taxonomy":"category","embeddable":true,"href":"https:\/\/contactfm72.fr\/index.php?rest_route=%2Fwp%2Fv2%2Fcategories&post=9321"},{"taxonomy":"post_tag","embeddable":true,"href":"https:\/\/contactfm72.fr\/index.php?rest_route=%2Fwp%2Fv2%2Ftags&post=9321"}],"curies":[{"name":"wp","href":"https:\/\/api.w.org\/{rel}","templated":true}]}}