{"id":9317,"date":"2022-04-04T09:45:28","date_gmt":"2022-04-04T07:45:28","guid":{"rendered":"http:\/\/contactfm72.fr\/?p=9317"},"modified":"2022-04-04T09:45:28","modified_gmt":"2022-04-04T07:45:28","slug":"sarthe-xavier-bertrand-en-porte-parole-de-valerie-pecresse-a-jupilles","status":"publish","type":"post","link":"https:\/\/contactfm72.fr\/?p=9317","title":{"rendered":"Sarthe. Xavier Bertrand en porte parole de Val\u00e9rie P\u00e9cresse \u00e0 Jupilles"},"content":{"rendered":"<h2>Le vendredi 1<sup>er<\/sup> avril, Xavier Bertrand s\u2019est rendu \u00e0 Jupilles en porte parole de la candidate \u00e0 l\u2019\u00e9lection pr\u00e9sidentielle du parti les R\u00e9publicains, Val\u00e9rie P\u00e9cresse. Il est venu d\u00e9fendre le programme de la candidate, face aux agriculteurs.<\/h2>\n<p>&nbsp;<\/p>\n<p><strong>Xavier Bertrand<\/strong>, porte parole de <strong>Val\u00e9rie P\u00e9cresse \u00e0 l\u2019\u00e9lection pr\u00e9sidentielle du parti les R\u00e9publicains<\/strong> a tenu une r\u00e9union publique \u00e0 la salle polyvalente de <strong>Jupilles<\/strong> (<strong>Sarthe<\/strong>), ce vendredi 1<sup>er<\/sup> mars. Accompagn\u00e9 de soutiens publics, comme Vincent Gruau, maire de Jupilles \u00e0 l\u2019initiative de cette r\u00e9union, de B\u00e9atrice Latouche, maire de la commune nouvelle du Lude et secr\u00e9taire du conseil r\u00e9gional, ou encore de Louis-Jean de Nicola\u00ff, s\u00e9nateur.<\/p>\n<p>Face majoritairement \u00e0 une <strong>assembl\u00e9e d\u2019\u00e9lus locaux et d\u2019agriculteurs<\/strong>, Xavier Bertrand a \u00e9chang\u00e9 et r\u00e9pondu aux questions de son auditoire.<\/p>\n<p>&nbsp;<\/p>\n<h3>Rappel des mesures du programme<\/h3>\n<p>Alors que les sondages laissent \u00e0 penser que la candidate des R\u00e9publicains n\u2019acc\u00e8dera pas au 2<sup>nd<\/sup> tour du scrutin de l\u2019\u00e9lection pr\u00e9sidentielle 2022, pour Xavier Bertrand, \u00ab\u00a0les jeux ne sont pas faits. Cette \u00e9lection se jouera dans les derniers jours\u00a0\u00bb.<\/p>\n<blockquote><p>\u00ab\u00a0J\u2019ai fait entre 40 et 50 r\u00e9unions publiques, \u00e0 chaque fois dans des communes de moins de 10\u00a0000 habitants\u00a0\u00bb, affirme-t-il.<\/p><\/blockquote>\n<p>Affirmer <strong>l\u2019ind\u00e9pendance alimentaire, pr\u00e9server la chasse et la p\u00eache, ou encore retrouver une unit\u00e9 et une coh\u00e9sion soci\u00e9tale<\/strong>, ce sont plusieurs th\u00e8mes qui ont \u00e9t\u00e9 abord\u00e9s lors de cette r\u00e9union. L\u2019ancien candidat \u00e0 la primaire de droite a tent\u00e9 de rassurer les agriculteurs, venus nombreux alors que le premier tour de l\u2019\u00e9lection pr\u00e9sidentielle se d\u00e9roulera dans quelques jours.<\/p>\n<p>Cette r\u00e9union publique a abouti sur un d\u00e9jeuner entre \u00e9lus locaux.<\/p>\n<!-- AddThis Advanced Settings generic via filter on the_content --><!-- AddThis Share Buttons generic via filter on the_content -->","protected":false},"excerpt":{"rendered":"<p>Le vendredi 1er avril, Xavier Bertrand s\u2019est rendu \u00e0 Jupilles en porte parole de la candidate \u00e0 l\u2019\u00e9lection pr\u00e9sidentielle du parti les R\u00e9publicains, Val\u00e9rie P\u00e9cresse. Il est venu d\u00e9fendre le programme de la candidate, face aux agriculteurs. &nbsp; Xavier Bertrand, porte parole de Val\u00e9rie P\u00e9cresse \u00e0 l\u2019\u00e9lection pr\u00e9sidentielle du parti les R\u00e9publicains a tenu une&hellip;<!-- AddThis Advanced Settings generic via filter on get_the_excerpt --><!-- AddThis Share Buttons generic via filter on get_the_excerpt --><\/p>\n","protected":false},"author":4,"featured_media":9318,"comment_status":"closed","ping_status":"open","sticky":false,"template":"","format":"standard","meta":{"footnotes":""},"categories":[1],"tags":[],"class_list":["post-9317","post","type-post","status-publish","format-standard","has-post-thumbnail","hentry","category-contact-fm-72","category-1","description-off"],"yoast_head":"<!-- This site is optimized with the Yoast SEO plugin v27.4 - https:\/\/yoast.com\/product\/yoast-seo-wordpress\/ -->\n<title>Sarthe. Xavier Bertrand en porte parole de Val\u00e9rie P\u00e9cresse \u00e0 Jupilles - Contact FM 99.3<\/title>\n<meta name=\"robots\" content=\"index, follow, max-snippet:-1, max-image-preview:large, max-video-preview:-1\" \/>\n<link rel=\"canonical\" href=\"https:\/\/contactfm72.fr\/?p=9317\" \/>\n<meta property=\"og:locale\" content=\"fr_FR\" \/>\n<meta property=\"og:type\" content=\"article\" \/>\n<meta property=\"og:title\" content=\"Sarthe. Xavier Bertrand en porte parole de Val\u00e9rie P\u00e9cresse \u00e0 Jupilles - Contact FM 99.3\" \/>\n<meta property=\"og:description\" content=\"Le vendredi 1er avril, Xavier Bertrand s\u2019est rendu \u00e0 Jupilles en porte parole de la candidate \u00e0 l\u2019\u00e9lection pr\u00e9sidentielle du parti les R\u00e9publicains, Val\u00e9rie P\u00e9cresse. Il est venu d\u00e9fendre le programme de la candidate, face aux agriculteurs. &nbsp; Xavier Bertrand, porte parole de Val\u00e9rie P\u00e9cresse \u00e0 l\u2019\u00e9lection pr\u00e9sidentielle du parti les R\u00e9publicains a tenu une&hellip;\" \/>\n<meta property=\"og:url\" content=\"https:\/\/contactfm72.fr\/?p=9317\" \/>\n<meta property=\"og:site_name\" content=\"Contact FM 99.3\" \/>\n<meta property=\"article:publisher\" content=\"https:\/\/www.facebook.com\/Contactfm.Chateauduloir\" \/>\n<meta property=\"article:published_time\" content=\"2022-04-04T07:45:28+00:00\" \/>\n<meta property=\"og:image\" content=\"https:\/\/contactfm72.fr\/wp-content\/uploads\/2022\/04\/xavier-bertrand.jpg\" \/>\n\t<meta property=\"og:image:width\" content=\"2048\" \/>\n\t<meta property=\"og:image:height\" content=\"1536\" \/>\n\t<meta property=\"og:image:type\" content=\"image\/jpeg\" \/>\n<meta name=\"author\" content=\"Val\u00e9rie C.\" \/>\n<meta name=\"twitter:card\" content=\"summary_large_image\" \/>\n<meta name=\"twitter:creator\" content=\"@contactfm72\" \/>\n<meta name=\"twitter:site\" content=\"@contactfm72\" \/>\n<meta name=\"twitter:label1\" content=\"\u00c9crit par\" \/>\n\t<meta name=\"twitter:data1\" content=\"Val\u00e9rie C.\" \/>\n\t<meta name=\"twitter:label2\" content=\"Dur\u00e9e de lecture estim\u00e9e\" \/>\n\t<meta name=\"twitter:data2\" content=\"1 minute\" \/>\n<script type=\"application\/ld+json\" class=\"yoast-schema-graph\">{\"@context\":\"https:\\\/\\\/schema.org\",\"@graph\":[{\"@type\":\"Article\",\"@id\":\"https:\\\/\\\/contactfm72.fr\\\/?p=9317#article\",\"isPartOf\":{\"@id\":\"https:\\\/\\\/contactfm72.fr\\\/?p=9317\"},\"author\":{\"name\":\"Val\u00e9rie C.\",\"@id\":\"https:\\\/\\\/contactfm72.fr\\\/#\\\/schema\\\/person\\\/9fdc9d1c2eb029354a4f1535b90ba82d\"},\"headline\":\"Sarthe. Xavier Bertrand en porte parole de Val\u00e9rie P\u00e9cresse \u00e0 Jupilles\",\"datePublished\":\"2022-04-04T07:45:28+00:00\",\"mainEntityOfPage\":{\"@id\":\"https:\\\/\\\/contactfm72.fr\\\/?p=9317\"},\"wordCount\":304,\"publisher\":{\"@id\":\"https:\\\/\\\/contactfm72.fr\\\/#organization\"},\"image\":{\"@id\":\"https:\\\/\\\/contactfm72.fr\\\/?p=9317#primaryimage\"},\"thumbnailUrl\":\"https:\\\/\\\/contactfm72.fr\\\/wp-content\\\/uploads\\\/2022\\\/04\\\/xavier-bertrand.jpg\",\"articleSection\":[\"Contact FM 72\"],\"inLanguage\":\"fr-FR\"},{\"@type\":\"WebPage\",\"@id\":\"https:\\\/\\\/contactfm72.fr\\\/?p=9317\",\"url\":\"https:\\\/\\\/contactfm72.fr\\\/?p=9317\",\"name\":\"Sarthe. Xavier Bertrand en porte parole de Val\u00e9rie P\u00e9cresse \u00e0 Jupilles - Contact FM 99.3\",\"isPartOf\":{\"@id\":\"https:\\\/\\\/contactfm72.fr\\\/#website\"},\"primaryImageOfPage\":{\"@id\":\"https:\\\/\\\/contactfm72.fr\\\/?p=9317#primaryimage\"},\"image\":{\"@id\":\"https:\\\/\\\/contactfm72.fr\\\/?p=9317#primaryimage\"},\"thumbnailUrl\":\"https:\\\/\\\/contactfm72.fr\\\/wp-content\\\/uploads\\\/2022\\\/04\\\/xavier-bertrand.jpg\",\"datePublished\":\"2022-04-04T07:45:28+00:00\",\"breadcrumb\":{\"@id\":\"https:\\\/\\\/contactfm72.fr\\\/?p=9317#breadcrumb\"},\"inLanguage\":\"fr-FR\",\"potentialAction\":[{\"@type\":\"ReadAction\",\"target\":[\"https:\\\/\\\/contactfm72.fr\\\/?p=9317\"]}]},{\"@type\":\"ImageObject\",\"inLanguage\":\"fr-FR\",\"@id\":\"https:\\\/\\\/contactfm72.fr\\\/?p=9317#primaryimage\",\"url\":\"https:\\\/\\\/contactfm72.fr\\\/wp-content\\\/uploads\\\/2022\\\/04\\\/xavier-bertrand.jpg\",\"contentUrl\":\"https:\\\/\\\/contactfm72.fr\\\/wp-content\\\/uploads\\\/2022\\\/04\\\/xavier-bertrand.jpg\",\"width\":2048,\"height\":1536,\"caption\":\"Xavier Bertrand face \u00e0 son assembl\u00e9e du jour.\"},{\"@type\":\"BreadcrumbList\",\"@id\":\"https:\\\/\\\/contactfm72.fr\\\/?p=9317#breadcrumb\",\"itemListElement\":[{\"@type\":\"ListItem\",\"position\":1,\"name\":\"Accueil\",\"item\":\"https:\\\/\\\/contactfm72.fr\\\/\"},{\"@type\":\"ListItem\",\"position\":2,\"name\":\"Sarthe. Xavier Bertrand en porte parole de Val\u00e9rie P\u00e9cresse \u00e0 Jupilles\"}]},{\"@type\":\"WebSite\",\"@id\":\"https:\\\/\\\/contactfm72.fr\\\/#website\",\"url\":\"https:\\\/\\\/contactfm72.fr\\\/\",\"name\":\"Contact FM 99.3\",\"description\":\"Votre radio en vall\u00e9e du Loir\",\"publisher\":{\"@id\":\"https:\\\/\\\/contactfm72.fr\\\/#organization\"},\"potentialAction\":[{\"@type\":\"SearchAction\",\"target\":{\"@type\":\"EntryPoint\",\"urlTemplate\":\"https:\\\/\\\/contactfm72.fr\\\/?s={search_term_string}\"},\"query-input\":{\"@type\":\"PropertyValueSpecification\",\"valueRequired\":true,\"valueName\":\"search_term_string\"}}],\"inLanguage\":\"fr-FR\"},{\"@type\":\"Organization\",\"@id\":\"https:\\\/\\\/contactfm72.fr\\\/#organization\",\"name\":\"Contact FM 99.3\",\"url\":\"https:\\\/\\\/contactfm72.fr\\\/\",\"logo\":{\"@type\":\"ImageObject\",\"inLanguage\":\"fr-FR\",\"@id\":\"https:\\\/\\\/contactfm72.fr\\\/#\\\/schema\\\/logo\\\/image\\\/\",\"url\":\"https:\\\/\\\/contactfm72.fr\\\/wp-content\\\/uploads\\\/2025\\\/04\\\/2025-04-18-2.jpg\",\"contentUrl\":\"https:\\\/\\\/contactfm72.fr\\\/wp-content\\\/uploads\\\/2025\\\/04\\\/2025-04-18-2.jpg\",\"width\":680,\"height\":307,\"caption\":\"Contact FM 99.3\"},\"image\":{\"@id\":\"https:\\\/\\\/contactfm72.fr\\\/#\\\/schema\\\/logo\\\/image\\\/\"},\"sameAs\":[\"https:\\\/\\\/www.facebook.com\\\/Contactfm.Chateauduloir\",\"https:\\\/\\\/x.com\\\/contactfm72\",\"https:\\\/\\\/www.instagram.com\\\/contact.fm.72?igsh=cGhlMHQ5N2JlNnpp\",\"https:\\\/\\\/www.tiktok.com\\\/@contact.fm\"]},{\"@type\":\"Person\",\"@id\":\"https:\\\/\\\/contactfm72.fr\\\/#\\\/schema\\\/person\\\/9fdc9d1c2eb029354a4f1535b90ba82d\",\"name\":\"Val\u00e9rie C.\",\"image\":{\"@type\":\"ImageObject\",\"inLanguage\":\"fr-FR\",\"@id\":\"https:\\\/\\\/secure.gravatar.com\\\/avatar\\\/2f8aa28f8dfbd7d4420afd1fdcdd0a349923e2c8a38ab28198b0f9d0601e4737?s=96&d=mm&r=g\",\"url\":\"https:\\\/\\\/secure.gravatar.com\\\/avatar\\\/2f8aa28f8dfbd7d4420afd1fdcdd0a349923e2c8a38ab28198b0f9d0601e4737?s=96&d=mm&r=g\",\"contentUrl\":\"https:\\\/\\\/secure.gravatar.com\\\/avatar\\\/2f8aa28f8dfbd7d4420afd1fdcdd0a349923e2c8a38ab28198b0f9d0601e4737?s=96&d=mm&r=g\",\"caption\":\"Val\u00e9rie C.\"},\"url\":\"https:\\\/\\\/contactfm72.fr\\\/?author=4\"}]}<\/script>\n<!-- \/ Yoast SEO plugin. -->","yoast_head_json":{"title":"Sarthe. Xavier Bertrand en porte parole de Val\u00e9rie P\u00e9cresse \u00e0 Jupilles - Contact FM 99.3","robots":{"index":"index","follow":"follow","max-snippet":"max-snippet:-1","max-image-preview":"max-image-preview:large","max-video-preview":"max-video-preview:-1"},"canonical":"https:\/\/contactfm72.fr\/?p=9317","og_locale":"fr_FR","og_type":"article","og_title":"Sarthe. Xavier Bertrand en porte parole de Val\u00e9rie P\u00e9cresse \u00e0 Jupilles - Contact FM 99.3","og_description":"Le vendredi 1er avril, Xavier Bertrand s\u2019est rendu \u00e0 Jupilles en porte parole de la candidate \u00e0 l\u2019\u00e9lection pr\u00e9sidentielle du parti les R\u00e9publicains, Val\u00e9rie P\u00e9cresse. Il est venu d\u00e9fendre le programme de la candidate, face aux agriculteurs. &nbsp; Xavier Bertrand, porte parole de Val\u00e9rie P\u00e9cresse \u00e0 l\u2019\u00e9lection pr\u00e9sidentielle du parti les R\u00e9publicains a tenu une&hellip;","og_url":"https:\/\/contactfm72.fr\/?p=9317","og_site_name":"Contact FM 99.3","article_publisher":"https:\/\/www.facebook.com\/Contactfm.Chateauduloir","article_published_time":"2022-04-04T07:45:28+00:00","og_image":[{"width":2048,"height":1536,"url":"https:\/\/contactfm72.fr\/wp-content\/uploads\/2022\/04\/xavier-bertrand.jpg","type":"image\/jpeg"}],"author":"Val\u00e9rie C.","twitter_card":"summary_large_image","twitter_creator":"@contactfm72","twitter_site":"@contactfm72","twitter_misc":{"\u00c9crit par":"Val\u00e9rie C.","Dur\u00e9e de lecture estim\u00e9e":"1 minute"},"schema":{"@context":"https:\/\/schema.org","@graph":[{"@type":"Article","@id":"https:\/\/contactfm72.fr\/?p=9317#article","isPartOf":{"@id":"https:\/\/contactfm72.fr\/?p=9317"},"author":{"name":"Val\u00e9rie C.","@id":"https:\/\/contactfm72.fr\/#\/schema\/person\/9fdc9d1c2eb029354a4f1535b90ba82d"},"headline":"Sarthe. Xavier Bertrand en porte parole de Val\u00e9rie P\u00e9cresse \u00e0 Jupilles","datePublished":"2022-04-04T07:45:28+00:00","mainEntityOfPage":{"@id":"https:\/\/contactfm72.fr\/?p=9317"},"wordCount":304,"publisher":{"@id":"https:\/\/contactfm72.fr\/#organization"},"image":{"@id":"https:\/\/contactfm72.fr\/?p=9317#primaryimage"},"thumbnailUrl":"https:\/\/contactfm72.fr\/wp-content\/uploads\/2022\/04\/xavier-bertrand.jpg","articleSection":["Contact FM 72"],"inLanguage":"fr-FR"},{"@type":"WebPage","@id":"https:\/\/contactfm72.fr\/?p=9317","url":"https:\/\/contactfm72.fr\/?p=9317","name":"Sarthe. Xavier Bertrand en porte parole de Val\u00e9rie P\u00e9cresse \u00e0 Jupilles - Contact FM 99.3","isPartOf":{"@id":"https:\/\/contactfm72.fr\/#website"},"primaryImageOfPage":{"@id":"https:\/\/contactfm72.fr\/?p=9317#primaryimage"},"image":{"@id":"https:\/\/contactfm72.fr\/?p=9317#primaryimage"},"thumbnailUrl":"https:\/\/contactfm72.fr\/wp-content\/uploads\/2022\/04\/xavier-bertrand.jpg","datePublished":"2022-04-04T07:45:28+00:00","breadcrumb":{"@id":"https:\/\/contactfm72.fr\/?p=9317#breadcrumb"},"inLanguage":"fr-FR","potentialAction":[{"@type":"ReadAction","target":["https:\/\/contactfm72.fr\/?p=9317"]}]},{"@type":"ImageObject","inLanguage":"fr-FR","@id":"https:\/\/contactfm72.fr\/?p=9317#primaryimage","url":"https:\/\/contactfm72.fr\/wp-content\/uploads\/2022\/04\/xavier-bertrand.jpg","contentUrl":"https:\/\/contactfm72.fr\/wp-content\/uploads\/2022\/04\/xavier-bertrand.jpg","width":2048,"height":1536,"caption":"Xavier Bertrand face \u00e0 son assembl\u00e9e du jour."},{"@type":"BreadcrumbList","@id":"https:\/\/contactfm72.fr\/?p=9317#breadcrumb","itemListElement":[{"@type":"ListItem","position":1,"name":"Accueil","item":"https:\/\/contactfm72.fr\/"},{"@type":"ListItem","position":2,"name":"Sarthe. Xavier Bertrand en porte parole de Val\u00e9rie P\u00e9cresse \u00e0 Jupilles"}]},{"@type":"WebSite","@id":"https:\/\/contactfm72.fr\/#website","url":"https:\/\/contactfm72.fr\/","name":"Contact FM 99.3","description":"Votre radio en vall\u00e9e du Loir","publisher":{"@id":"https:\/\/contactfm72.fr\/#organization"},"potentialAction":[{"@type":"SearchAction","target":{"@type":"EntryPoint","urlTemplate":"https:\/\/contactfm72.fr\/?s={search_term_string}"},"query-input":{"@type":"PropertyValueSpecification","valueRequired":true,"valueName":"search_term_string"}}],"inLanguage":"fr-FR"},{"@type":"Organization","@id":"https:\/\/contactfm72.fr\/#organization","name":"Contact FM 99.3","url":"https:\/\/contactfm72.fr\/","logo":{"@type":"ImageObject","inLanguage":"fr-FR","@id":"https:\/\/contactfm72.fr\/#\/schema\/logo\/image\/","url":"https:\/\/contactfm72.fr\/wp-content\/uploads\/2025\/04\/2025-04-18-2.jpg","contentUrl":"https:\/\/contactfm72.fr\/wp-content\/uploads\/2025\/04\/2025-04-18-2.jpg","width":680,"height":307,"caption":"Contact FM 99.3"},"image":{"@id":"https:\/\/contactfm72.fr\/#\/schema\/logo\/image\/"},"sameAs":["https:\/\/www.facebook.com\/Contactfm.Chateauduloir","https:\/\/x.com\/contactfm72","https:\/\/www.instagram.com\/contact.fm.72?igsh=cGhlMHQ5N2JlNnpp","https:\/\/www.tiktok.com\/@contact.fm"]},{"@type":"Person","@id":"https:\/\/contactfm72.fr\/#\/schema\/person\/9fdc9d1c2eb029354a4f1535b90ba82d","name":"Val\u00e9rie C.","image":{"@type":"ImageObject","inLanguage":"fr-FR","@id":"https:\/\/secure.gravatar.com\/avatar\/2f8aa28f8dfbd7d4420afd1fdcdd0a349923e2c8a38ab28198b0f9d0601e4737?s=96&d=mm&r=g","url":"https:\/\/secure.gravatar.com\/avatar\/2f8aa28f8dfbd7d4420afd1fdcdd0a349923e2c8a38ab28198b0f9d0601e4737?s=96&d=mm&r=g","contentUrl":"https:\/\/secure.gravatar.com\/avatar\/2f8aa28f8dfbd7d4420afd1fdcdd0a349923e2c8a38ab28198b0f9d0601e4737?s=96&d=mm&r=g","caption":"Val\u00e9rie C."},"url":"https:\/\/contactfm72.fr\/?author=4"}]}},"_links":{"self":[{"href":"https:\/\/contactfm72.fr\/index.php?rest_route=\/wp\/v2\/posts\/9317","targetHints":{"allow":["GET"]}}],"collection":[{"href":"https:\/\/contactfm72.fr\/index.php?rest_route=\/wp\/v2\/posts"}],"about":[{"href":"https:\/\/contactfm72.fr\/index.php?rest_route=\/wp\/v2\/types\/post"}],"author":[{"embeddable":true,"href":"https:\/\/contactfm72.fr\/index.php?rest_route=\/wp\/v2\/users\/4"}],"replies":[{"embeddable":true,"href":"https:\/\/contactfm72.fr\/index.php?rest_route=%2Fwp%2Fv2%2Fcomments&post=9317"}],"version-history":[{"count":1,"href":"https:\/\/contactfm72.fr\/index.php?rest_route=\/wp\/v2\/posts\/9317\/revisions"}],"predecessor-version":[{"id":9319,"href":"https:\/\/contactfm72.fr\/index.php?rest_route=\/wp\/v2\/posts\/9317\/revisions\/9319"}],"wp:featuredmedia":[{"embeddable":true,"href":"https:\/\/contactfm72.fr\/index.php?rest_route=\/wp\/v2\/media\/9318"}],"wp:attachment":[{"href":"https:\/\/contactfm72.fr\/index.php?rest_route=%2Fwp%2Fv2%2Fmedia&parent=9317"}],"wp:term":[{"taxonomy":"category","embeddable":true,"href":"https:\/\/contactfm72.fr\/index.php?rest_route=%2Fwp%2Fv2%2Fcategories&post=9317"},{"taxonomy":"post_tag","embeddable":true,"href":"https:\/\/contactfm72.fr\/index.php?rest_route=%2Fwp%2Fv2%2Ftags&post=9317"}],"curies":[{"name":"wp","href":"https:\/\/api.w.org\/{rel}","templated":true}]}}