{"id":9313,"date":"2022-04-04T12:30:03","date_gmt":"2022-04-04T10:30:03","guid":{"rendered":"http:\/\/contactfm72.fr\/?p=9313"},"modified":"2022-04-04T09:46:37","modified_gmt":"2022-04-04T07:46:37","slug":"saint-aubin-le-depeint-organise-une-collecte-pour-la-pologne","status":"publish","type":"post","link":"https:\/\/contactfm72.fr\/?p=9313","title":{"rendered":"Saint-Aubin-le-D\u00e9peint organise une collecte pour la Pologne"},"content":{"rendered":"<h2>Face \u00e0 l\u2019exode ukrainien vers la Pologne, Lukasz Rozanski, habitant polonais de Saint-Aubin-le-D\u00e9peint, a sollicit\u00e9 son maire Benoit Durand, afin de mettre en place une collecte en faveur des r\u00e9fugi\u00e9s ukrainiens dans son quartier natal, Oulanow. Rencontre avec Lukasz Rozanski et Benoit Durand.<\/h2>\n<p>&nbsp;<\/p>\n<p>&nbsp;<\/p>\n<h3>Pourquoi avez-vous d\u00e9cid\u00e9 de cr\u00e9er une cagnotte\u00a0?<\/h3>\n<p>Lukasz Rozanski : Je viens d\u2019Oulanow, une petite ville en Pologne. Je suis arriv\u00e9 \u00e0 Saint-Aubin-le-D\u00e9peint en 2008, pour ma sa premi\u00e8re cueillette de pommes. Depuis, je ne suis pas reparti chez moi.<\/p>\n<p>La plupart des membres de ma famille sont rest\u00e9s \u00e0 Oulanow. La derni\u00e8re fois que j\u2019ai parl\u00e9 avec eux, ils \u00e9taient environ 100 r\u00e9fugi\u00e9s \u00e0 avoir \u00e9t\u00e9 recueillis dans mon ancien quartier. Ma famille accueille d\u2019ailleurs des r\u00e9fugi\u00e9s. Avant la guerre, c\u2019\u00e9tait d\u00e9j\u00e0 tr\u00e8s dur financi\u00e8rement pour eux. Pour se loger, pour manger, c\u2019\u00e9tait tr\u00e8s compliqu\u00e9. Les salaires ne sont pas comme en France. Maintenant, avec la guerre, c\u2019est encore plus difficile. Je ne pouvais plus dormir la nuit, j\u2019ai donc d\u00e9cid\u00e9 de faire quelque chose \u00e0 mon niveau. C\u2019est pour cela que j\u2019ai contact\u00e9 le maire pour cr\u00e9er une collecte.<\/p>\n<p>&nbsp;<\/p>\n<p>&nbsp;<\/p>\n<h3>Comment s\u2019est instaur\u00e9 et concr\u00e9tis\u00e9 le partenariat avec Oulanow\u00a0?<\/h3>\n<p>Benoit Durand\u00a0: J\u2019ai\u00a0tout de suite accept\u00e9. J\u2019ai \u00e9chang\u00e9 par mail avec mon homologue \u00e0 Oulanow. C\u2019est venu naturellement. On a donc lanc\u00e9 la collecte il y a quelques jours, et on a d\u00e9j\u00e0 r\u00e9colt\u00e9 pas mal de dons. Il n\u2019y a pas de priorit\u00e9, ils ont vraiment besoin de tout. En revanche, je mettrais l\u2019accent sur les produits hygi\u00e9niques pour femme et b\u00e9b\u00e9, mais aussi sur les sous-v\u00eatements et les chaussettes.<\/p>\n<p>Pour pouvoir acheminer les futurs dons, nous avons d\u00e9cid\u00e9 de participer aux frais de transport de la marchandise \u00e0 hauteur de 400\u20ac. De plus, les quatre associations saint-aubinoises ont donn\u00e9 50\u20ac chacune, pour un total final de 600\u20ac. La collecte est organis\u00e9e jusqu\u2019au 23 avril. Une grosse camionnette et une remorque partiront peu apr\u00e8s la fin de la collecte de la place de Saint-Aubin, en direction d\u2019Oulanow. Nous avons 10 m\u00b3 \u00e0 remplir, je compte sur la g\u00e9n\u00e9rosit\u00e9 des habitants.<\/p>\n<p>&nbsp;<\/p>\n<h3>Quelle est la situation \u00e0 Oulanow\u00a0?<\/h3>\n<p>Lukasz Rozanski\u00a0: Ma famille me raconte beaucoup de choses. Ils sont sur le terrain et voient tout ce qu\u2019il se passe. La situation est vraiment catastrophique, surtout pour les enfants.<\/p>\n<p>Benoit Durand\u00a0:\u00a0J\u2019ai un \u0153il diff\u00e9rent de ce que l\u2019on nous montre dans les m\u00e9dias, gr\u00e2ce \u00e0 Lukasz. Les hommes sont rest\u00e9s en Ukraine pour combattre l\u2019arm\u00e9e russe, et ce sont principalement des femmes et des enfants qui sont sur les routes dans des conditions d\u00e9plorables.<\/p>\n<p>&nbsp;<\/p>\n<h5>La collecte a lieu \u00e0 la mairie de Saint-Aubin-le-D\u00e9peint aux jours et horaires d&#8217;ouverture du secr\u00e9tariat jusqu&#8217;au samedi 23 avril \u00e0 midi. Lundi de 9h \u00e0 12h30 et de 13h \u00e0 17h. Fermeture le mardi. Le mercredi de 9h \u00e0 12h30 et de 13h \u00e0 18h. Le jeudi et vendredi de 9h \u00e0 12h30 et de 13h \u00e0 16h. : 21 Rue Principale, 37370 Saint-Aubin-le-D\u00e9peint. Plus d\u2019informations au 02 47 29 25 07<\/h5>\n<!-- AddThis Advanced Settings generic via filter on the_content --><!-- AddThis Share Buttons generic via filter on the_content -->","protected":false},"excerpt":{"rendered":"<p>Face \u00e0 l\u2019exode ukrainien vers la Pologne, Lukasz Rozanski, habitant polonais de Saint-Aubin-le-D\u00e9peint, a sollicit\u00e9 son maire Benoit Durand, afin de mettre en place une collecte en faveur des r\u00e9fugi\u00e9s ukrainiens dans son quartier natal, Oulanow. Rencontre avec Lukasz Rozanski et Benoit Durand. &nbsp; &nbsp; Pourquoi avez-vous d\u00e9cid\u00e9 de cr\u00e9er une cagnotte\u00a0? Lukasz Rozanski :&hellip;<!-- AddThis Advanced Settings generic via filter on get_the_excerpt --><!-- AddThis Share Buttons generic via filter on get_the_excerpt --><\/p>\n","protected":false},"author":4,"featured_media":9314,"comment_status":"closed","ping_status":"open","sticky":false,"template":"","format":"standard","meta":{"footnotes":""},"categories":[1],"tags":[],"class_list":["post-9313","post","type-post","status-publish","format-standard","has-post-thumbnail","hentry","category-contact-fm-72","category-1","description-off"],"yoast_head":"<!-- This site is optimized with the Yoast SEO plugin v27.4 - https:\/\/yoast.com\/product\/yoast-seo-wordpress\/ -->\n<title>Saint-Aubin-le-D\u00e9peint organise une collecte pour la Pologne - Contact FM 99.3<\/title>\n<meta name=\"robots\" content=\"index, follow, max-snippet:-1, max-image-preview:large, max-video-preview:-1\" \/>\n<link rel=\"canonical\" href=\"https:\/\/contactfm72.fr\/?p=9313\" \/>\n<meta property=\"og:locale\" content=\"fr_FR\" \/>\n<meta property=\"og:type\" content=\"article\" \/>\n<meta property=\"og:title\" content=\"Saint-Aubin-le-D\u00e9peint organise une collecte pour la Pologne - Contact FM 99.3\" \/>\n<meta property=\"og:description\" content=\"Face \u00e0 l\u2019exode ukrainien vers la Pologne, Lukasz Rozanski, habitant polonais de Saint-Aubin-le-D\u00e9peint, a sollicit\u00e9 son maire Benoit Durand, afin de mettre en place une collecte en faveur des r\u00e9fugi\u00e9s ukrainiens dans son quartier natal, Oulanow. Rencontre avec Lukasz Rozanski et Benoit Durand. &nbsp; &nbsp; Pourquoi avez-vous d\u00e9cid\u00e9 de cr\u00e9er une cagnotte\u00a0? Lukasz Rozanski :&hellip;\" \/>\n<meta property=\"og:url\" content=\"https:\/\/contactfm72.fr\/?p=9313\" \/>\n<meta property=\"og:site_name\" content=\"Contact FM 99.3\" \/>\n<meta property=\"article:publisher\" content=\"https:\/\/www.facebook.com\/Contactfm.Chateauduloir\" \/>\n<meta property=\"article:published_time\" content=\"2022-04-04T10:30:03+00:00\" \/>\n<meta property=\"og:image\" content=\"https:\/\/contactfm72.fr\/wp-content\/uploads\/2022\/04\/saint-aubin-2.jpg\" \/>\n\t<meta property=\"og:image:width\" content=\"2048\" \/>\n\t<meta property=\"og:image:height\" content=\"1536\" \/>\n\t<meta property=\"og:image:type\" content=\"image\/jpeg\" \/>\n<meta name=\"author\" content=\"Val\u00e9rie C.\" \/>\n<meta name=\"twitter:card\" content=\"summary_large_image\" \/>\n<meta name=\"twitter:creator\" content=\"@contactfm72\" \/>\n<meta name=\"twitter:site\" content=\"@contactfm72\" \/>\n<meta name=\"twitter:label1\" content=\"\u00c9crit par\" \/>\n\t<meta name=\"twitter:data1\" content=\"Val\u00e9rie C.\" \/>\n\t<meta name=\"twitter:label2\" content=\"Dur\u00e9e de lecture estim\u00e9e\" \/>\n\t<meta name=\"twitter:data2\" content=\"3 minutes\" \/>\n<script type=\"application\/ld+json\" class=\"yoast-schema-graph\">{\"@context\":\"https:\\\/\\\/schema.org\",\"@graph\":[{\"@type\":\"Article\",\"@id\":\"https:\\\/\\\/contactfm72.fr\\\/?p=9313#article\",\"isPartOf\":{\"@id\":\"https:\\\/\\\/contactfm72.fr\\\/?p=9313\"},\"author\":{\"name\":\"Val\u00e9rie C.\",\"@id\":\"https:\\\/\\\/contactfm72.fr\\\/#\\\/schema\\\/person\\\/9fdc9d1c2eb029354a4f1535b90ba82d\"},\"headline\":\"Saint-Aubin-le-D\u00e9peint organise une collecte pour la Pologne\",\"datePublished\":\"2022-04-04T10:30:03+00:00\",\"mainEntityOfPage\":{\"@id\":\"https:\\\/\\\/contactfm72.fr\\\/?p=9313\"},\"wordCount\":543,\"publisher\":{\"@id\":\"https:\\\/\\\/contactfm72.fr\\\/#organization\"},\"image\":{\"@id\":\"https:\\\/\\\/contactfm72.fr\\\/?p=9313#primaryimage\"},\"thumbnailUrl\":\"https:\\\/\\\/contactfm72.fr\\\/wp-content\\\/uploads\\\/2022\\\/04\\\/saint-aubin-2.jpg\",\"articleSection\":[\"Contact FM 72\"],\"inLanguage\":\"fr-FR\"},{\"@type\":\"WebPage\",\"@id\":\"https:\\\/\\\/contactfm72.fr\\\/?p=9313\",\"url\":\"https:\\\/\\\/contactfm72.fr\\\/?p=9313\",\"name\":\"Saint-Aubin-le-D\u00e9peint organise une collecte pour la Pologne - Contact FM 99.3\",\"isPartOf\":{\"@id\":\"https:\\\/\\\/contactfm72.fr\\\/#website\"},\"primaryImageOfPage\":{\"@id\":\"https:\\\/\\\/contactfm72.fr\\\/?p=9313#primaryimage\"},\"image\":{\"@id\":\"https:\\\/\\\/contactfm72.fr\\\/?p=9313#primaryimage\"},\"thumbnailUrl\":\"https:\\\/\\\/contactfm72.fr\\\/wp-content\\\/uploads\\\/2022\\\/04\\\/saint-aubin-2.jpg\",\"datePublished\":\"2022-04-04T10:30:03+00:00\",\"breadcrumb\":{\"@id\":\"https:\\\/\\\/contactfm72.fr\\\/?p=9313#breadcrumb\"},\"inLanguage\":\"fr-FR\",\"potentialAction\":[{\"@type\":\"ReadAction\",\"target\":[\"https:\\\/\\\/contactfm72.fr\\\/?p=9313\"]}]},{\"@type\":\"ImageObject\",\"inLanguage\":\"fr-FR\",\"@id\":\"https:\\\/\\\/contactfm72.fr\\\/?p=9313#primaryimage\",\"url\":\"https:\\\/\\\/contactfm72.fr\\\/wp-content\\\/uploads\\\/2022\\\/04\\\/saint-aubin-2.jpg\",\"contentUrl\":\"https:\\\/\\\/contactfm72.fr\\\/wp-content\\\/uploads\\\/2022\\\/04\\\/saint-aubin-2.jpg\",\"width\":2048,\"height\":1536,\"caption\":\"Dans les locaux de la mairie pr\u00e8s des denr\u00e9es \u00e0 destination des ukrainiens en Pologne.\"},{\"@type\":\"BreadcrumbList\",\"@id\":\"https:\\\/\\\/contactfm72.fr\\\/?p=9313#breadcrumb\",\"itemListElement\":[{\"@type\":\"ListItem\",\"position\":1,\"name\":\"Accueil\",\"item\":\"https:\\\/\\\/contactfm72.fr\\\/\"},{\"@type\":\"ListItem\",\"position\":2,\"name\":\"Saint-Aubin-le-D\u00e9peint organise une collecte pour la Pologne\"}]},{\"@type\":\"WebSite\",\"@id\":\"https:\\\/\\\/contactfm72.fr\\\/#website\",\"url\":\"https:\\\/\\\/contactfm72.fr\\\/\",\"name\":\"Contact FM 99.3\",\"description\":\"Votre radio en vall\u00e9e du Loir\",\"publisher\":{\"@id\":\"https:\\\/\\\/contactfm72.fr\\\/#organization\"},\"potentialAction\":[{\"@type\":\"SearchAction\",\"target\":{\"@type\":\"EntryPoint\",\"urlTemplate\":\"https:\\\/\\\/contactfm72.fr\\\/?s={search_term_string}\"},\"query-input\":{\"@type\":\"PropertyValueSpecification\",\"valueRequired\":true,\"valueName\":\"search_term_string\"}}],\"inLanguage\":\"fr-FR\"},{\"@type\":\"Organization\",\"@id\":\"https:\\\/\\\/contactfm72.fr\\\/#organization\",\"name\":\"Contact FM 99.3\",\"url\":\"https:\\\/\\\/contactfm72.fr\\\/\",\"logo\":{\"@type\":\"ImageObject\",\"inLanguage\":\"fr-FR\",\"@id\":\"https:\\\/\\\/contactfm72.fr\\\/#\\\/schema\\\/logo\\\/image\\\/\",\"url\":\"https:\\\/\\\/contactfm72.fr\\\/wp-content\\\/uploads\\\/2025\\\/04\\\/2025-04-18-2.jpg\",\"contentUrl\":\"https:\\\/\\\/contactfm72.fr\\\/wp-content\\\/uploads\\\/2025\\\/04\\\/2025-04-18-2.jpg\",\"width\":680,\"height\":307,\"caption\":\"Contact FM 99.3\"},\"image\":{\"@id\":\"https:\\\/\\\/contactfm72.fr\\\/#\\\/schema\\\/logo\\\/image\\\/\"},\"sameAs\":[\"https:\\\/\\\/www.facebook.com\\\/Contactfm.Chateauduloir\",\"https:\\\/\\\/x.com\\\/contactfm72\",\"https:\\\/\\\/www.instagram.com\\\/contact.fm.72?igsh=cGhlMHQ5N2JlNnpp\",\"https:\\\/\\\/www.tiktok.com\\\/@contact.fm\"]},{\"@type\":\"Person\",\"@id\":\"https:\\\/\\\/contactfm72.fr\\\/#\\\/schema\\\/person\\\/9fdc9d1c2eb029354a4f1535b90ba82d\",\"name\":\"Val\u00e9rie C.\",\"image\":{\"@type\":\"ImageObject\",\"inLanguage\":\"fr-FR\",\"@id\":\"https:\\\/\\\/secure.gravatar.com\\\/avatar\\\/2f8aa28f8dfbd7d4420afd1fdcdd0a349923e2c8a38ab28198b0f9d0601e4737?s=96&d=mm&r=g\",\"url\":\"https:\\\/\\\/secure.gravatar.com\\\/avatar\\\/2f8aa28f8dfbd7d4420afd1fdcdd0a349923e2c8a38ab28198b0f9d0601e4737?s=96&d=mm&r=g\",\"contentUrl\":\"https:\\\/\\\/secure.gravatar.com\\\/avatar\\\/2f8aa28f8dfbd7d4420afd1fdcdd0a349923e2c8a38ab28198b0f9d0601e4737?s=96&d=mm&r=g\",\"caption\":\"Val\u00e9rie C.\"},\"url\":\"https:\\\/\\\/contactfm72.fr\\\/?author=4\"}]}<\/script>\n<!-- \/ Yoast SEO plugin. -->","yoast_head_json":{"title":"Saint-Aubin-le-D\u00e9peint organise une collecte pour la Pologne - Contact FM 99.3","robots":{"index":"index","follow":"follow","max-snippet":"max-snippet:-1","max-image-preview":"max-image-preview:large","max-video-preview":"max-video-preview:-1"},"canonical":"https:\/\/contactfm72.fr\/?p=9313","og_locale":"fr_FR","og_type":"article","og_title":"Saint-Aubin-le-D\u00e9peint organise une collecte pour la Pologne - Contact FM 99.3","og_description":"Face \u00e0 l\u2019exode ukrainien vers la Pologne, Lukasz Rozanski, habitant polonais de Saint-Aubin-le-D\u00e9peint, a sollicit\u00e9 son maire Benoit Durand, afin de mettre en place une collecte en faveur des r\u00e9fugi\u00e9s ukrainiens dans son quartier natal, Oulanow. Rencontre avec Lukasz Rozanski et Benoit Durand. &nbsp; &nbsp; Pourquoi avez-vous d\u00e9cid\u00e9 de cr\u00e9er une cagnotte\u00a0? Lukasz Rozanski :&hellip;","og_url":"https:\/\/contactfm72.fr\/?p=9313","og_site_name":"Contact FM 99.3","article_publisher":"https:\/\/www.facebook.com\/Contactfm.Chateauduloir","article_published_time":"2022-04-04T10:30:03+00:00","og_image":[{"width":2048,"height":1536,"url":"https:\/\/contactfm72.fr\/wp-content\/uploads\/2022\/04\/saint-aubin-2.jpg","type":"image\/jpeg"}],"author":"Val\u00e9rie C.","twitter_card":"summary_large_image","twitter_creator":"@contactfm72","twitter_site":"@contactfm72","twitter_misc":{"\u00c9crit par":"Val\u00e9rie C.","Dur\u00e9e de lecture estim\u00e9e":"3 minutes"},"schema":{"@context":"https:\/\/schema.org","@graph":[{"@type":"Article","@id":"https:\/\/contactfm72.fr\/?p=9313#article","isPartOf":{"@id":"https:\/\/contactfm72.fr\/?p=9313"},"author":{"name":"Val\u00e9rie C.","@id":"https:\/\/contactfm72.fr\/#\/schema\/person\/9fdc9d1c2eb029354a4f1535b90ba82d"},"headline":"Saint-Aubin-le-D\u00e9peint organise une collecte pour la Pologne","datePublished":"2022-04-04T10:30:03+00:00","mainEntityOfPage":{"@id":"https:\/\/contactfm72.fr\/?p=9313"},"wordCount":543,"publisher":{"@id":"https:\/\/contactfm72.fr\/#organization"},"image":{"@id":"https:\/\/contactfm72.fr\/?p=9313#primaryimage"},"thumbnailUrl":"https:\/\/contactfm72.fr\/wp-content\/uploads\/2022\/04\/saint-aubin-2.jpg","articleSection":["Contact FM 72"],"inLanguage":"fr-FR"},{"@type":"WebPage","@id":"https:\/\/contactfm72.fr\/?p=9313","url":"https:\/\/contactfm72.fr\/?p=9313","name":"Saint-Aubin-le-D\u00e9peint organise une collecte pour la Pologne - Contact FM 99.3","isPartOf":{"@id":"https:\/\/contactfm72.fr\/#website"},"primaryImageOfPage":{"@id":"https:\/\/contactfm72.fr\/?p=9313#primaryimage"},"image":{"@id":"https:\/\/contactfm72.fr\/?p=9313#primaryimage"},"thumbnailUrl":"https:\/\/contactfm72.fr\/wp-content\/uploads\/2022\/04\/saint-aubin-2.jpg","datePublished":"2022-04-04T10:30:03+00:00","breadcrumb":{"@id":"https:\/\/contactfm72.fr\/?p=9313#breadcrumb"},"inLanguage":"fr-FR","potentialAction":[{"@type":"ReadAction","target":["https:\/\/contactfm72.fr\/?p=9313"]}]},{"@type":"ImageObject","inLanguage":"fr-FR","@id":"https:\/\/contactfm72.fr\/?p=9313#primaryimage","url":"https:\/\/contactfm72.fr\/wp-content\/uploads\/2022\/04\/saint-aubin-2.jpg","contentUrl":"https:\/\/contactfm72.fr\/wp-content\/uploads\/2022\/04\/saint-aubin-2.jpg","width":2048,"height":1536,"caption":"Dans les locaux de la mairie pr\u00e8s des denr\u00e9es \u00e0 destination des ukrainiens en Pologne."},{"@type":"BreadcrumbList","@id":"https:\/\/contactfm72.fr\/?p=9313#breadcrumb","itemListElement":[{"@type":"ListItem","position":1,"name":"Accueil","item":"https:\/\/contactfm72.fr\/"},{"@type":"ListItem","position":2,"name":"Saint-Aubin-le-D\u00e9peint organise une collecte pour la Pologne"}]},{"@type":"WebSite","@id":"https:\/\/contactfm72.fr\/#website","url":"https:\/\/contactfm72.fr\/","name":"Contact FM 99.3","description":"Votre radio en vall\u00e9e du Loir","publisher":{"@id":"https:\/\/contactfm72.fr\/#organization"},"potentialAction":[{"@type":"SearchAction","target":{"@type":"EntryPoint","urlTemplate":"https:\/\/contactfm72.fr\/?s={search_term_string}"},"query-input":{"@type":"PropertyValueSpecification","valueRequired":true,"valueName":"search_term_string"}}],"inLanguage":"fr-FR"},{"@type":"Organization","@id":"https:\/\/contactfm72.fr\/#organization","name":"Contact FM 99.3","url":"https:\/\/contactfm72.fr\/","logo":{"@type":"ImageObject","inLanguage":"fr-FR","@id":"https:\/\/contactfm72.fr\/#\/schema\/logo\/image\/","url":"https:\/\/contactfm72.fr\/wp-content\/uploads\/2025\/04\/2025-04-18-2.jpg","contentUrl":"https:\/\/contactfm72.fr\/wp-content\/uploads\/2025\/04\/2025-04-18-2.jpg","width":680,"height":307,"caption":"Contact FM 99.3"},"image":{"@id":"https:\/\/contactfm72.fr\/#\/schema\/logo\/image\/"},"sameAs":["https:\/\/www.facebook.com\/Contactfm.Chateauduloir","https:\/\/x.com\/contactfm72","https:\/\/www.instagram.com\/contact.fm.72?igsh=cGhlMHQ5N2JlNnpp","https:\/\/www.tiktok.com\/@contact.fm"]},{"@type":"Person","@id":"https:\/\/contactfm72.fr\/#\/schema\/person\/9fdc9d1c2eb029354a4f1535b90ba82d","name":"Val\u00e9rie C.","image":{"@type":"ImageObject","inLanguage":"fr-FR","@id":"https:\/\/secure.gravatar.com\/avatar\/2f8aa28f8dfbd7d4420afd1fdcdd0a349923e2c8a38ab28198b0f9d0601e4737?s=96&d=mm&r=g","url":"https:\/\/secure.gravatar.com\/avatar\/2f8aa28f8dfbd7d4420afd1fdcdd0a349923e2c8a38ab28198b0f9d0601e4737?s=96&d=mm&r=g","contentUrl":"https:\/\/secure.gravatar.com\/avatar\/2f8aa28f8dfbd7d4420afd1fdcdd0a349923e2c8a38ab28198b0f9d0601e4737?s=96&d=mm&r=g","caption":"Val\u00e9rie C."},"url":"https:\/\/contactfm72.fr\/?author=4"}]}},"_links":{"self":[{"href":"https:\/\/contactfm72.fr\/index.php?rest_route=\/wp\/v2\/posts\/9313","targetHints":{"allow":["GET"]}}],"collection":[{"href":"https:\/\/contactfm72.fr\/index.php?rest_route=\/wp\/v2\/posts"}],"about":[{"href":"https:\/\/contactfm72.fr\/index.php?rest_route=\/wp\/v2\/types\/post"}],"author":[{"embeddable":true,"href":"https:\/\/contactfm72.fr\/index.php?rest_route=\/wp\/v2\/users\/4"}],"replies":[{"embeddable":true,"href":"https:\/\/contactfm72.fr\/index.php?rest_route=%2Fwp%2Fv2%2Fcomments&post=9313"}],"version-history":[{"count":2,"href":"https:\/\/contactfm72.fr\/index.php?rest_route=\/wp\/v2\/posts\/9313\/revisions"}],"predecessor-version":[{"id":9320,"href":"https:\/\/contactfm72.fr\/index.php?rest_route=\/wp\/v2\/posts\/9313\/revisions\/9320"}],"wp:featuredmedia":[{"embeddable":true,"href":"https:\/\/contactfm72.fr\/index.php?rest_route=\/wp\/v2\/media\/9314"}],"wp:attachment":[{"href":"https:\/\/contactfm72.fr\/index.php?rest_route=%2Fwp%2Fv2%2Fmedia&parent=9313"}],"wp:term":[{"taxonomy":"category","embeddable":true,"href":"https:\/\/contactfm72.fr\/index.php?rest_route=%2Fwp%2Fv2%2Fcategories&post=9313"},{"taxonomy":"post_tag","embeddable":true,"href":"https:\/\/contactfm72.fr\/index.php?rest_route=%2Fwp%2Fv2%2Ftags&post=9313"}],"curies":[{"name":"wp","href":"https:\/\/api.w.org\/{rel}","templated":true}]}}