{"id":9270,"date":"2022-03-30T11:45:33","date_gmt":"2022-03-30T09:45:33","guid":{"rendered":"http:\/\/contactfm72.fr\/?p=9270"},"modified":"2022-03-30T11:14:50","modified_gmt":"2022-03-30T09:14:50","slug":"le-lude-les-ukrainiens-accueillis-jusquau-10-avril","status":"publish","type":"post","link":"https:\/\/contactfm72.fr\/?p=9270","title":{"rendered":"Le Lude : Les ukrainiens accueillis jusqu\u2019au 10 avril"},"content":{"rendered":"<h2>Le Lude a r\u00e9cemment accueilli 27 r\u00e9fugi\u00e9s ukrainiens sur leur territoire. Comment la municipalit\u00e9 a accueilli ces r\u00e9fugi\u00e9s\u00a0? Comment la municipalit\u00e9 ajuste son organisation\u00a0?<\/h2>\n<p>&nbsp;<\/p>\n<p>R\u00e9cemment, la municipalit\u00e9 du <strong>Lude<\/strong> (<strong>Sarthe<\/strong>) a accueilli sur son territoire <strong>27 r\u00e9fugi\u00e9s ukrainiens<\/strong>. Ils sont arriv\u00e9s par bus, tout droit de la r\u00e9gion parisienne.<\/p>\n<p>&nbsp;<\/p>\n<h3>H\u00e9berg\u00e9s au camping<\/h3>\n<p><strong>Myriam Lever, responsable des services<\/strong> de la mairie du Lude, l\u2019explique\u00a0: \u00ab\u00a0Les 27 r\u00e9fugi\u00e9s ont \u00e9t\u00e9 accueillis au camping. Les mobil-homes du camping ont \u00e9t\u00e9 r\u00e9quisitionn\u00e9s pour h\u00e9berger ces 27 personnes. Ils sont \u00e9quip\u00e9s, ils seront totalement autonomes\u00a0\u00bb.<\/p>\n<p>Douche, toilettes, cuisine, et chauffage, tout \u00e9tait pr\u00eat pour accueillir les familles ukrainiennes.<\/p>\n<blockquote><p>La municipalit\u00e9 avait d\u00e9j\u00e0 organis\u00e9 une <strong>collecte en faveur des r\u00e9fugi\u00e9s ukrainiens<\/strong>\u00a0: \u00ab\u00a0Il y a plus d\u2019un mois, on a \u00e9t\u00e9 submerg\u00e9s par les dons, surtout les v\u00eatements. Nous avons stopp\u00e9 la collecte, on a tout le n\u00e9cessaire. Maintenant, on a \u00e9t\u00e9 inform\u00e9 par l\u2019association des maires de France qu\u2019ils \u00e9taient demandeurs de dons financiers\u00a0\u00bb, continue la responsable.<\/p><\/blockquote>\n<p>&nbsp;<\/p>\n<h3>Accompagnements<\/h3>\n<p>Plusieurs <strong>associations ont \u00e9t\u00e9 sollicit\u00e9es<\/strong> et ont favorablement r\u00e9pondu \u00e0 l\u2019appel, \u00ab\u00a0comme une \u00e9vidence\u00a0\u00bb, pour les b\u00e9n\u00e9voles. Les <strong>Restos du C\u0153ur<\/strong> ont particip\u00e9 au niveau alimentaire et ont donn\u00e9 des<strong> paniers garnis<\/strong>. La <strong>Croix Rouge<\/strong> intervient dans le cadre de l\u2019<strong>accompagnement social, de l\u2019aide aux d\u00e9marches administratives<\/strong>, et l\u2019accueil n\u00e9cessaire pour que chaque r\u00e9fugi\u00e9 trouve ses nouveaux rep\u00e8res, face aux probl\u00e9matiques qu\u2019ils vont tr\u00e8s certainement rencontrer.<\/p>\n<p>&nbsp;<\/p>\n<h3>Jusqu\u2019au 10 avril<\/h3>\n<blockquote><p>Myriam Lever informe que les r\u00e9fugi\u00e9s seront accueillis jusqu\u2019au 10 avril 2022\u00a0: \u00ab\u00a0la saison touristique s\u2019annonce particuli\u00e8rement bonne. Nous avons des r\u00e9servations pour tous les mobil-homes d\u00e8s le week-end de P\u00e2ques\u00a0\u00bb. Les cons\u00e9quences \u00e9conomiques li\u00e9es \u00e0 la crise sanitaire ne permettent pas \u00e0 la municipalit\u00e9 d\u2019accueillir \u00e0 titre gracieux les ukrainiens.<\/p><\/blockquote>\n<p>Pour cette raison, la municipalit\u00e9 a d\u2019ors et d\u00e9j\u00e0 sollicit\u00e9 le<strong> parc priv\u00e9 pour obtenir des logements disponibles<\/strong>.<\/p>\n<!-- AddThis Advanced Settings generic via filter on the_content --><!-- AddThis Share Buttons generic via filter on the_content -->","protected":false},"excerpt":{"rendered":"<p>Le Lude a r\u00e9cemment accueilli 27 r\u00e9fugi\u00e9s ukrainiens sur leur territoire. Comment la municipalit\u00e9 a accueilli ces r\u00e9fugi\u00e9s\u00a0? Comment la municipalit\u00e9 ajuste son organisation\u00a0? &nbsp; R\u00e9cemment, la municipalit\u00e9 du Lude (Sarthe) a accueilli sur son territoire 27 r\u00e9fugi\u00e9s ukrainiens. Ils sont arriv\u00e9s par bus, tout droit de la r\u00e9gion parisienne. &nbsp; H\u00e9berg\u00e9s au camping Myriam&hellip;<!-- AddThis Advanced Settings generic via filter on get_the_excerpt --><!-- AddThis Share Buttons generic via filter on get_the_excerpt --><\/p>\n","protected":false},"author":4,"featured_media":9271,"comment_status":"closed","ping_status":"open","sticky":false,"template":"","format":"standard","meta":{"footnotes":""},"categories":[1],"tags":[],"class_list":["post-9270","post","type-post","status-publish","format-standard","has-post-thumbnail","hentry","category-contact-fm-72","category-1","description-off"],"yoast_head":"<!-- This site is optimized with the Yoast SEO plugin v27.4 - https:\/\/yoast.com\/product\/yoast-seo-wordpress\/ -->\n<title>Le Lude : Les ukrainiens accueillis jusqu\u2019au 10 avril - Contact FM 99.3<\/title>\n<meta name=\"robots\" content=\"index, follow, max-snippet:-1, max-image-preview:large, max-video-preview:-1\" \/>\n<link rel=\"canonical\" href=\"https:\/\/contactfm72.fr\/?p=9270\" \/>\n<meta property=\"og:locale\" content=\"fr_FR\" \/>\n<meta property=\"og:type\" content=\"article\" \/>\n<meta property=\"og:title\" content=\"Le Lude : Les ukrainiens accueillis jusqu\u2019au 10 avril - Contact FM 99.3\" \/>\n<meta property=\"og:description\" content=\"Le Lude a r\u00e9cemment accueilli 27 r\u00e9fugi\u00e9s ukrainiens sur leur territoire. Comment la municipalit\u00e9 a accueilli ces r\u00e9fugi\u00e9s\u00a0? Comment la municipalit\u00e9 ajuste son organisation\u00a0? &nbsp; R\u00e9cemment, la municipalit\u00e9 du Lude (Sarthe) a accueilli sur son territoire 27 r\u00e9fugi\u00e9s ukrainiens. Ils sont arriv\u00e9s par bus, tout droit de la r\u00e9gion parisienne. &nbsp; H\u00e9berg\u00e9s au camping Myriam&hellip;\" \/>\n<meta property=\"og:url\" content=\"https:\/\/contactfm72.fr\/?p=9270\" \/>\n<meta property=\"og:site_name\" content=\"Contact FM 99.3\" \/>\n<meta property=\"article:publisher\" content=\"https:\/\/www.facebook.com\/Contactfm.Chateauduloir\" \/>\n<meta property=\"article:published_time\" content=\"2022-03-30T09:45:33+00:00\" \/>\n<meta property=\"og:image\" content=\"https:\/\/contactfm72.fr\/wp-content\/uploads\/2022\/03\/Ukraine-le-Lude.jpg\" \/>\n\t<meta property=\"og:image:width\" content=\"2048\" \/>\n\t<meta property=\"og:image:height\" content=\"1536\" \/>\n\t<meta property=\"og:image:type\" content=\"image\/jpeg\" \/>\n<meta name=\"author\" content=\"Val\u00e9rie C.\" \/>\n<meta name=\"twitter:card\" content=\"summary_large_image\" \/>\n<meta name=\"twitter:creator\" content=\"@contactfm72\" \/>\n<meta name=\"twitter:site\" content=\"@contactfm72\" \/>\n<meta name=\"twitter:label1\" content=\"\u00c9crit par\" \/>\n\t<meta name=\"twitter:data1\" content=\"Val\u00e9rie C.\" \/>\n\t<meta name=\"twitter:label2\" content=\"Dur\u00e9e de lecture estim\u00e9e\" \/>\n\t<meta name=\"twitter:data2\" content=\"2 minutes\" \/>\n<script type=\"application\/ld+json\" class=\"yoast-schema-graph\">{\"@context\":\"https:\\\/\\\/schema.org\",\"@graph\":[{\"@type\":\"Article\",\"@id\":\"https:\\\/\\\/contactfm72.fr\\\/?p=9270#article\",\"isPartOf\":{\"@id\":\"https:\\\/\\\/contactfm72.fr\\\/?p=9270\"},\"author\":{\"name\":\"Val\u00e9rie C.\",\"@id\":\"https:\\\/\\\/contactfm72.fr\\\/#\\\/schema\\\/person\\\/9fdc9d1c2eb029354a4f1535b90ba82d\"},\"headline\":\"Le Lude : Les ukrainiens accueillis jusqu\u2019au 10 avril\",\"datePublished\":\"2022-03-30T09:45:33+00:00\",\"mainEntityOfPage\":{\"@id\":\"https:\\\/\\\/contactfm72.fr\\\/?p=9270\"},\"wordCount\":360,\"publisher\":{\"@id\":\"https:\\\/\\\/contactfm72.fr\\\/#organization\"},\"image\":{\"@id\":\"https:\\\/\\\/contactfm72.fr\\\/?p=9270#primaryimage\"},\"thumbnailUrl\":\"https:\\\/\\\/contactfm72.fr\\\/wp-content\\\/uploads\\\/2022\\\/03\\\/Ukraine-le-Lude.jpg\",\"articleSection\":[\"Contact FM 72\"],\"inLanguage\":\"fr-FR\"},{\"@type\":\"WebPage\",\"@id\":\"https:\\\/\\\/contactfm72.fr\\\/?p=9270\",\"url\":\"https:\\\/\\\/contactfm72.fr\\\/?p=9270\",\"name\":\"Le Lude : Les ukrainiens accueillis jusqu\u2019au 10 avril - Contact FM 99.3\",\"isPartOf\":{\"@id\":\"https:\\\/\\\/contactfm72.fr\\\/#website\"},\"primaryImageOfPage\":{\"@id\":\"https:\\\/\\\/contactfm72.fr\\\/?p=9270#primaryimage\"},\"image\":{\"@id\":\"https:\\\/\\\/contactfm72.fr\\\/?p=9270#primaryimage\"},\"thumbnailUrl\":\"https:\\\/\\\/contactfm72.fr\\\/wp-content\\\/uploads\\\/2022\\\/03\\\/Ukraine-le-Lude.jpg\",\"datePublished\":\"2022-03-30T09:45:33+00:00\",\"breadcrumb\":{\"@id\":\"https:\\\/\\\/contactfm72.fr\\\/?p=9270#breadcrumb\"},\"inLanguage\":\"fr-FR\",\"potentialAction\":[{\"@type\":\"ReadAction\",\"target\":[\"https:\\\/\\\/contactfm72.fr\\\/?p=9270\"]}]},{\"@type\":\"ImageObject\",\"inLanguage\":\"fr-FR\",\"@id\":\"https:\\\/\\\/contactfm72.fr\\\/?p=9270#primaryimage\",\"url\":\"https:\\\/\\\/contactfm72.fr\\\/wp-content\\\/uploads\\\/2022\\\/03\\\/Ukraine-le-Lude.jpg\",\"contentUrl\":\"https:\\\/\\\/contactfm72.fr\\\/wp-content\\\/uploads\\\/2022\\\/03\\\/Ukraine-le-Lude.jpg\",\"width\":2048,\"height\":1536,\"caption\":\"Lors de l'arriv\u00e9e des r\u00e9fugi\u00e9s ukrainiens, au Lude.\"},{\"@type\":\"BreadcrumbList\",\"@id\":\"https:\\\/\\\/contactfm72.fr\\\/?p=9270#breadcrumb\",\"itemListElement\":[{\"@type\":\"ListItem\",\"position\":1,\"name\":\"Accueil\",\"item\":\"https:\\\/\\\/contactfm72.fr\\\/\"},{\"@type\":\"ListItem\",\"position\":2,\"name\":\"Le Lude : Les ukrainiens accueillis jusqu\u2019au 10 avril\"}]},{\"@type\":\"WebSite\",\"@id\":\"https:\\\/\\\/contactfm72.fr\\\/#website\",\"url\":\"https:\\\/\\\/contactfm72.fr\\\/\",\"name\":\"Contact FM 99.3\",\"description\":\"Votre radio en vall\u00e9e du Loir\",\"publisher\":{\"@id\":\"https:\\\/\\\/contactfm72.fr\\\/#organization\"},\"potentialAction\":[{\"@type\":\"SearchAction\",\"target\":{\"@type\":\"EntryPoint\",\"urlTemplate\":\"https:\\\/\\\/contactfm72.fr\\\/?s={search_term_string}\"},\"query-input\":{\"@type\":\"PropertyValueSpecification\",\"valueRequired\":true,\"valueName\":\"search_term_string\"}}],\"inLanguage\":\"fr-FR\"},{\"@type\":\"Organization\",\"@id\":\"https:\\\/\\\/contactfm72.fr\\\/#organization\",\"name\":\"Contact FM 99.3\",\"url\":\"https:\\\/\\\/contactfm72.fr\\\/\",\"logo\":{\"@type\":\"ImageObject\",\"inLanguage\":\"fr-FR\",\"@id\":\"https:\\\/\\\/contactfm72.fr\\\/#\\\/schema\\\/logo\\\/image\\\/\",\"url\":\"https:\\\/\\\/contactfm72.fr\\\/wp-content\\\/uploads\\\/2025\\\/04\\\/2025-04-18-2.jpg\",\"contentUrl\":\"https:\\\/\\\/contactfm72.fr\\\/wp-content\\\/uploads\\\/2025\\\/04\\\/2025-04-18-2.jpg\",\"width\":680,\"height\":307,\"caption\":\"Contact FM 99.3\"},\"image\":{\"@id\":\"https:\\\/\\\/contactfm72.fr\\\/#\\\/schema\\\/logo\\\/image\\\/\"},\"sameAs\":[\"https:\\\/\\\/www.facebook.com\\\/Contactfm.Chateauduloir\",\"https:\\\/\\\/x.com\\\/contactfm72\",\"https:\\\/\\\/www.instagram.com\\\/contact.fm.72?igsh=cGhlMHQ5N2JlNnpp\",\"https:\\\/\\\/www.tiktok.com\\\/@contact.fm\"]},{\"@type\":\"Person\",\"@id\":\"https:\\\/\\\/contactfm72.fr\\\/#\\\/schema\\\/person\\\/9fdc9d1c2eb029354a4f1535b90ba82d\",\"name\":\"Val\u00e9rie C.\",\"image\":{\"@type\":\"ImageObject\",\"inLanguage\":\"fr-FR\",\"@id\":\"https:\\\/\\\/secure.gravatar.com\\\/avatar\\\/2f8aa28f8dfbd7d4420afd1fdcdd0a349923e2c8a38ab28198b0f9d0601e4737?s=96&d=mm&r=g\",\"url\":\"https:\\\/\\\/secure.gravatar.com\\\/avatar\\\/2f8aa28f8dfbd7d4420afd1fdcdd0a349923e2c8a38ab28198b0f9d0601e4737?s=96&d=mm&r=g\",\"contentUrl\":\"https:\\\/\\\/secure.gravatar.com\\\/avatar\\\/2f8aa28f8dfbd7d4420afd1fdcdd0a349923e2c8a38ab28198b0f9d0601e4737?s=96&d=mm&r=g\",\"caption\":\"Val\u00e9rie C.\"},\"url\":\"https:\\\/\\\/contactfm72.fr\\\/?author=4\"}]}<\/script>\n<!-- \/ Yoast SEO plugin. -->","yoast_head_json":{"title":"Le Lude : Les ukrainiens accueillis jusqu\u2019au 10 avril - Contact FM 99.3","robots":{"index":"index","follow":"follow","max-snippet":"max-snippet:-1","max-image-preview":"max-image-preview:large","max-video-preview":"max-video-preview:-1"},"canonical":"https:\/\/contactfm72.fr\/?p=9270","og_locale":"fr_FR","og_type":"article","og_title":"Le Lude : Les ukrainiens accueillis jusqu\u2019au 10 avril - Contact FM 99.3","og_description":"Le Lude a r\u00e9cemment accueilli 27 r\u00e9fugi\u00e9s ukrainiens sur leur territoire. Comment la municipalit\u00e9 a accueilli ces r\u00e9fugi\u00e9s\u00a0? Comment la municipalit\u00e9 ajuste son organisation\u00a0? &nbsp; R\u00e9cemment, la municipalit\u00e9 du Lude (Sarthe) a accueilli sur son territoire 27 r\u00e9fugi\u00e9s ukrainiens. Ils sont arriv\u00e9s par bus, tout droit de la r\u00e9gion parisienne. &nbsp; H\u00e9berg\u00e9s au camping Myriam&hellip;","og_url":"https:\/\/contactfm72.fr\/?p=9270","og_site_name":"Contact FM 99.3","article_publisher":"https:\/\/www.facebook.com\/Contactfm.Chateauduloir","article_published_time":"2022-03-30T09:45:33+00:00","og_image":[{"width":2048,"height":1536,"url":"https:\/\/contactfm72.fr\/wp-content\/uploads\/2022\/03\/Ukraine-le-Lude.jpg","type":"image\/jpeg"}],"author":"Val\u00e9rie C.","twitter_card":"summary_large_image","twitter_creator":"@contactfm72","twitter_site":"@contactfm72","twitter_misc":{"\u00c9crit par":"Val\u00e9rie C.","Dur\u00e9e de lecture estim\u00e9e":"2 minutes"},"schema":{"@context":"https:\/\/schema.org","@graph":[{"@type":"Article","@id":"https:\/\/contactfm72.fr\/?p=9270#article","isPartOf":{"@id":"https:\/\/contactfm72.fr\/?p=9270"},"author":{"name":"Val\u00e9rie C.","@id":"https:\/\/contactfm72.fr\/#\/schema\/person\/9fdc9d1c2eb029354a4f1535b90ba82d"},"headline":"Le Lude : Les ukrainiens accueillis jusqu\u2019au 10 avril","datePublished":"2022-03-30T09:45:33+00:00","mainEntityOfPage":{"@id":"https:\/\/contactfm72.fr\/?p=9270"},"wordCount":360,"publisher":{"@id":"https:\/\/contactfm72.fr\/#organization"},"image":{"@id":"https:\/\/contactfm72.fr\/?p=9270#primaryimage"},"thumbnailUrl":"https:\/\/contactfm72.fr\/wp-content\/uploads\/2022\/03\/Ukraine-le-Lude.jpg","articleSection":["Contact FM 72"],"inLanguage":"fr-FR"},{"@type":"WebPage","@id":"https:\/\/contactfm72.fr\/?p=9270","url":"https:\/\/contactfm72.fr\/?p=9270","name":"Le Lude : Les ukrainiens accueillis jusqu\u2019au 10 avril - Contact FM 99.3","isPartOf":{"@id":"https:\/\/contactfm72.fr\/#website"},"primaryImageOfPage":{"@id":"https:\/\/contactfm72.fr\/?p=9270#primaryimage"},"image":{"@id":"https:\/\/contactfm72.fr\/?p=9270#primaryimage"},"thumbnailUrl":"https:\/\/contactfm72.fr\/wp-content\/uploads\/2022\/03\/Ukraine-le-Lude.jpg","datePublished":"2022-03-30T09:45:33+00:00","breadcrumb":{"@id":"https:\/\/contactfm72.fr\/?p=9270#breadcrumb"},"inLanguage":"fr-FR","potentialAction":[{"@type":"ReadAction","target":["https:\/\/contactfm72.fr\/?p=9270"]}]},{"@type":"ImageObject","inLanguage":"fr-FR","@id":"https:\/\/contactfm72.fr\/?p=9270#primaryimage","url":"https:\/\/contactfm72.fr\/wp-content\/uploads\/2022\/03\/Ukraine-le-Lude.jpg","contentUrl":"https:\/\/contactfm72.fr\/wp-content\/uploads\/2022\/03\/Ukraine-le-Lude.jpg","width":2048,"height":1536,"caption":"Lors de l'arriv\u00e9e des r\u00e9fugi\u00e9s ukrainiens, au Lude."},{"@type":"BreadcrumbList","@id":"https:\/\/contactfm72.fr\/?p=9270#breadcrumb","itemListElement":[{"@type":"ListItem","position":1,"name":"Accueil","item":"https:\/\/contactfm72.fr\/"},{"@type":"ListItem","position":2,"name":"Le Lude : Les ukrainiens accueillis jusqu\u2019au 10 avril"}]},{"@type":"WebSite","@id":"https:\/\/contactfm72.fr\/#website","url":"https:\/\/contactfm72.fr\/","name":"Contact FM 99.3","description":"Votre radio en vall\u00e9e du Loir","publisher":{"@id":"https:\/\/contactfm72.fr\/#organization"},"potentialAction":[{"@type":"SearchAction","target":{"@type":"EntryPoint","urlTemplate":"https:\/\/contactfm72.fr\/?s={search_term_string}"},"query-input":{"@type":"PropertyValueSpecification","valueRequired":true,"valueName":"search_term_string"}}],"inLanguage":"fr-FR"},{"@type":"Organization","@id":"https:\/\/contactfm72.fr\/#organization","name":"Contact FM 99.3","url":"https:\/\/contactfm72.fr\/","logo":{"@type":"ImageObject","inLanguage":"fr-FR","@id":"https:\/\/contactfm72.fr\/#\/schema\/logo\/image\/","url":"https:\/\/contactfm72.fr\/wp-content\/uploads\/2025\/04\/2025-04-18-2.jpg","contentUrl":"https:\/\/contactfm72.fr\/wp-content\/uploads\/2025\/04\/2025-04-18-2.jpg","width":680,"height":307,"caption":"Contact FM 99.3"},"image":{"@id":"https:\/\/contactfm72.fr\/#\/schema\/logo\/image\/"},"sameAs":["https:\/\/www.facebook.com\/Contactfm.Chateauduloir","https:\/\/x.com\/contactfm72","https:\/\/www.instagram.com\/contact.fm.72?igsh=cGhlMHQ5N2JlNnpp","https:\/\/www.tiktok.com\/@contact.fm"]},{"@type":"Person","@id":"https:\/\/contactfm72.fr\/#\/schema\/person\/9fdc9d1c2eb029354a4f1535b90ba82d","name":"Val\u00e9rie C.","image":{"@type":"ImageObject","inLanguage":"fr-FR","@id":"https:\/\/secure.gravatar.com\/avatar\/2f8aa28f8dfbd7d4420afd1fdcdd0a349923e2c8a38ab28198b0f9d0601e4737?s=96&d=mm&r=g","url":"https:\/\/secure.gravatar.com\/avatar\/2f8aa28f8dfbd7d4420afd1fdcdd0a349923e2c8a38ab28198b0f9d0601e4737?s=96&d=mm&r=g","contentUrl":"https:\/\/secure.gravatar.com\/avatar\/2f8aa28f8dfbd7d4420afd1fdcdd0a349923e2c8a38ab28198b0f9d0601e4737?s=96&d=mm&r=g","caption":"Val\u00e9rie C."},"url":"https:\/\/contactfm72.fr\/?author=4"}]}},"_links":{"self":[{"href":"https:\/\/contactfm72.fr\/index.php?rest_route=\/wp\/v2\/posts\/9270","targetHints":{"allow":["GET"]}}],"collection":[{"href":"https:\/\/contactfm72.fr\/index.php?rest_route=\/wp\/v2\/posts"}],"about":[{"href":"https:\/\/contactfm72.fr\/index.php?rest_route=\/wp\/v2\/types\/post"}],"author":[{"embeddable":true,"href":"https:\/\/contactfm72.fr\/index.php?rest_route=\/wp\/v2\/users\/4"}],"replies":[{"embeddable":true,"href":"https:\/\/contactfm72.fr\/index.php?rest_route=%2Fwp%2Fv2%2Fcomments&post=9270"}],"version-history":[{"count":1,"href":"https:\/\/contactfm72.fr\/index.php?rest_route=\/wp\/v2\/posts\/9270\/revisions"}],"predecessor-version":[{"id":9273,"href":"https:\/\/contactfm72.fr\/index.php?rest_route=\/wp\/v2\/posts\/9270\/revisions\/9273"}],"wp:featuredmedia":[{"embeddable":true,"href":"https:\/\/contactfm72.fr\/index.php?rest_route=\/wp\/v2\/media\/9271"}],"wp:attachment":[{"href":"https:\/\/contactfm72.fr\/index.php?rest_route=%2Fwp%2Fv2%2Fmedia&parent=9270"}],"wp:term":[{"taxonomy":"category","embeddable":true,"href":"https:\/\/contactfm72.fr\/index.php?rest_route=%2Fwp%2Fv2%2Fcategories&post=9270"},{"taxonomy":"post_tag","embeddable":true,"href":"https:\/\/contactfm72.fr\/index.php?rest_route=%2Fwp%2Fv2%2Ftags&post=9270"}],"curies":[{"name":"wp","href":"https:\/\/api.w.org\/{rel}","templated":true}]}}