{"id":9263,"date":"2022-03-29T17:00:31","date_gmt":"2022-03-29T15:00:31","guid":{"rendered":"http:\/\/contactfm72.fr\/?p=9263"},"modified":"2022-03-29T16:45:48","modified_gmt":"2022-03-29T14:45:48","slug":"centre-de-vaccination-de-montval-sur-loir-pres-de-50-000-vaccines","status":"publish","type":"post","link":"https:\/\/contactfm72.fr\/?p=9263","title":{"rendered":"Centre de vaccination de Montval-sur-Loir : pr\u00e8s de 50 000 vaccin\u00e9s"},"content":{"rendered":"<h2>Le centre de vaccination contre la Covid-19 \u00e0 Montval-sur-Loir f\u00eate sa premi\u00e8re ann\u00e9e d\u2019ouverture. La municipalit\u00e9 montvaloise a tenu \u00e0 remercier celles et ceux qui ont particip\u00e9 et participent encore \u00e0\u00a0 son fonctionnement.<\/h2>\n<p>&nbsp;<\/p>\n<p>Le <strong>centre de vaccination de Montval-sur-Loir<\/strong>, dans la <strong>Sarthe<\/strong>, f\u00eate sa <strong>premi\u00e8re ann\u00e9e de fonctionnement<\/strong>. Dans un contexte de pand\u00e9mie compliqu\u00e9e, l\u2019<strong>Agence R\u00e9gionale de Sant\u00e9<\/strong> avait confi\u00e9 la t\u00e2che aux acteurs locaux d\u2019organiser un centre de vaccination contre la <strong>Covid-19<\/strong> dans le Sud-Sarthe. \u00ab\u00a0On a ouvert le centre pour une dur\u00e9e de trois mois. Un an plus tard, il est toujours ouvert. Aujourd\u2019hui, je tenais \u00e0 saluer l\u2019effort collectif de tous les participants pour le bon fonctionnement du centre, de sa mise en place et de l\u2019op\u00e9ration de vaccination de grande ampleur\u00a0\u00bb, informe le maire de Montval-sur-Loir, Herv\u00e9 Ronci\u00e8re. Le 6 avril 2021, les portes du centre ouvraient pour accueillir les premi\u00e8res personnes.<\/p>\n<p>Le maire le rappelle\u00a0: \u00ab\u00a0Le co\u00fbt du centre s\u2019\u00e9l\u00e8ve \u00e0 <strong>14\u00a0000 euros par mois<\/strong>. Ces sommes sont enti\u00e8rement<strong> rembours\u00e9es<\/strong> par l\u2019ARS\u00a0\u00bb.<\/p>\n<p>&nbsp;<\/p>\n<h3>Un pic \u00e0 434 vaccins par jour<\/h3>\n<p>Pierre Besnard, responsable du centre, a d\u00e9livr\u00e9<strong> quelques chiffres cl\u00e9s <\/strong>:<\/p>\n<ul>\n<li><strong>47\u00a0867 vaccins<\/strong> distribu\u00e9s depuis l\u2019ouverture.<\/li>\n<li>2006 vaccins par semaine d\u00e9but d\u00e9cembre 2021<\/li>\n<li>un pic \u00e0 <strong>434 vaccin\u00e9s en une journ\u00e9e<\/strong> le 7 d\u00e9cembre 2021.<\/li>\n<\/ul>\n<blockquote><p>\u00ab\u00a0Apr\u00e8s le discours du pr\u00e9sident concernant la 3<sup>\u00e8me<\/sup> dose de rappel, nous avons eu entre 150 et 200 demandes de rendez-vous en seulement 15 minutes \u00bb, se souvient, amus\u00e9, Pierre Besnard.<\/p><\/blockquote>\n<p>\u00c9galement, Pierre Besnard explique que la plupart des personnes venues se faire vacciner contre la covid-19 \u00e9taient des personnes du secteur\u00a0: \u00ab l\u2019attractivit\u00e9 du centre a \u00e9t\u00e9 de <strong>20 km environ<\/strong>, principalement des <strong>habitants<\/strong> du <strong>Sud-Sarthe et du Nord Indre et Loire<\/strong>\u00a0\u00bb.<\/p>\n<p>&nbsp;<\/p>\n<h3>Remise de m\u00e9daille de la Ville<\/h3>\n<p>Herv\u00e9 Ronci\u00e8re a d\u00e9livr\u00e9 la <strong>m\u00e9daille de\u00a0la Ville \u00e0 Pierre Besnard<\/strong> pour son investissement permanent concernant la vaccination contre la covid-19, et plus g\u00e9n\u00e9ralement pour avoir \u00ab\u00a0s\u00e9curis\u00e9 le parcours de sant\u00e9 des habitants\u00a0\u00bb. \u00c9mu, Pierre Besnard a accept\u00e9 la premi\u00e8re m\u00e9daille de sa carri\u00e8re\u00a0: \u00ab\u00a0J\u2019ai toujours refus\u00e9 de les accepter. J\u2019ai toujours estim\u00e9 n\u2019avoir fait que mon travail, d\u2019honorer mon m\u00e9tier. Je suis tr\u00e8s honor\u00e9\u00a0\u00bb.<\/p>\n<p>Ce bilan cons\u00e9quent pour ce secteur a \u00e9t\u00e9 rendu possible notamment gr\u00e2ce \u00e0 la <strong>mobilisation de tout le personnel de l\u2019h\u00f4pital, des professionnels de sant\u00e9, lib\u00e9raux et retrait\u00e9s, des b\u00e9n\u00e9voles<\/strong> de la Croix Rouge, de la Protection Civile, de G\u00e9n\u00e9rations Mouvement, et de l\u2019association du don du sang\u00a0: \u00ab\u00a0Ils venaient sur leur jour de repos. Certains faisaient des journ\u00e9es compl\u00e8tes. Vous avez toujours r\u00e9pondu pr\u00e9sent\u00a0\u00bb, les remercie Pierre Besnard.<\/p>\n<p>&nbsp;<\/p>\n<h3>Le centre d\u00e9m\u00e9nage<\/h3>\n<p>Le centre de vaccination est ouvert jusqu\u2019au samedi 16 avril au centre hospitalier de Ch\u00e2teau-du-Loir. Les plages de rendez-vous sont le mercredi apr\u00e8s-midi et le samedi matin.<\/p>\n<p>En revanche, le centre de vaccination<strong> continuera son activit\u00e9 \u00e0 la maison m\u00e9dicale pluridisciplinaire de Montval-sur-Loir<\/strong> tous les samedis matin. Le samedi 23 avril au matin, le centre de vaccination y fera par ailleurs sa 1<sup>\u00e8re<\/sup> vacation. \u00ab\u00a0D\u00e8s la fin du mois d\u2019avril, je ne peux vous dire ce qui se passera pour le centre. On s\u2019<strong>adaptera suivant l\u2019\u00e9volution \u00e9pid\u00e9mique<\/strong>\u00a0\u00bb, termine Pierre Besnard.<\/p>\n<p>&nbsp;<\/p>\n<h5>Centre hospitalier de Ch\u00e2teau-du-Loir, 5 All\u00e9e Saint-Martin, 72500 Montval-sur-Loir. Puis, \u00e0 la Maison de Sant\u00e9, 6 Rue Henri Dunant, 72500 Montval-sur-Loir. Pour s\u2019inscrire appeler le num\u00e9ro de t\u00e9l\u00e9phone: 02 52 50 00 69<\/h5>\n<!-- AddThis Advanced Settings generic via filter on the_content --><!-- AddThis Share Buttons generic via filter on the_content -->","protected":false},"excerpt":{"rendered":"<p>Le centre de vaccination contre la Covid-19 \u00e0 Montval-sur-Loir f\u00eate sa premi\u00e8re ann\u00e9e d\u2019ouverture. La municipalit\u00e9 montvaloise a tenu \u00e0 remercier celles et ceux qui ont particip\u00e9 et participent encore \u00e0\u00a0 son fonctionnement. &nbsp; Le centre de vaccination de Montval-sur-Loir, dans la Sarthe, f\u00eate sa premi\u00e8re ann\u00e9e de fonctionnement. Dans un contexte de pand\u00e9mie compliqu\u00e9e,&hellip;<!-- AddThis Advanced Settings generic via filter on get_the_excerpt --><!-- AddThis Share Buttons generic via filter on get_the_excerpt --><\/p>\n","protected":false},"author":4,"featured_media":9264,"comment_status":"closed","ping_status":"open","sticky":false,"template":"","format":"standard","meta":{"footnotes":""},"categories":[1],"tags":[],"class_list":["post-9263","post","type-post","status-publish","format-standard","has-post-thumbnail","hentry","category-contact-fm-72","category-1","description-off"],"yoast_head":"<!-- This site is optimized with the Yoast SEO plugin v27.4 - https:\/\/yoast.com\/product\/yoast-seo-wordpress\/ -->\n<title>Centre de vaccination de Montval-sur-Loir : pr\u00e8s de 50 000 vaccin\u00e9s - Contact FM 99.3<\/title>\n<meta name=\"robots\" content=\"index, follow, max-snippet:-1, max-image-preview:large, max-video-preview:-1\" \/>\n<link rel=\"canonical\" href=\"https:\/\/contactfm72.fr\/?p=9263\" \/>\n<meta property=\"og:locale\" content=\"fr_FR\" \/>\n<meta property=\"og:type\" content=\"article\" \/>\n<meta property=\"og:title\" content=\"Centre de vaccination de Montval-sur-Loir : pr\u00e8s de 50 000 vaccin\u00e9s - Contact FM 99.3\" \/>\n<meta property=\"og:description\" content=\"Le centre de vaccination contre la Covid-19 \u00e0 Montval-sur-Loir f\u00eate sa premi\u00e8re ann\u00e9e d\u2019ouverture. La municipalit\u00e9 montvaloise a tenu \u00e0 remercier celles et ceux qui ont particip\u00e9 et participent encore \u00e0\u00a0 son fonctionnement. &nbsp; Le centre de vaccination de Montval-sur-Loir, dans la Sarthe, f\u00eate sa premi\u00e8re ann\u00e9e de fonctionnement. Dans un contexte de pand\u00e9mie compliqu\u00e9e,&hellip;\" \/>\n<meta property=\"og:url\" content=\"https:\/\/contactfm72.fr\/?p=9263\" \/>\n<meta property=\"og:site_name\" content=\"Contact FM 99.3\" \/>\n<meta property=\"article:publisher\" content=\"https:\/\/www.facebook.com\/Contactfm.Chateauduloir\" \/>\n<meta property=\"article:published_time\" content=\"2022-03-29T15:00:31+00:00\" \/>\n<meta property=\"og:image\" content=\"https:\/\/contactfm72.fr\/wp-content\/uploads\/2022\/03\/vaccination.jpg\" \/>\n\t<meta property=\"og:image:width\" content=\"1024\" \/>\n\t<meta property=\"og:image:height\" content=\"768\" \/>\n\t<meta property=\"og:image:type\" content=\"image\/jpeg\" \/>\n<meta name=\"author\" content=\"Val\u00e9rie C.\" \/>\n<meta name=\"twitter:card\" content=\"summary_large_image\" \/>\n<meta name=\"twitter:creator\" content=\"@contactfm72\" \/>\n<meta name=\"twitter:site\" content=\"@contactfm72\" \/>\n<meta name=\"twitter:label1\" content=\"\u00c9crit par\" \/>\n\t<meta name=\"twitter:data1\" content=\"Val\u00e9rie C.\" \/>\n\t<meta name=\"twitter:label2\" content=\"Dur\u00e9e de lecture estim\u00e9e\" \/>\n\t<meta name=\"twitter:data2\" content=\"3 minutes\" \/>\n<script type=\"application\/ld+json\" class=\"yoast-schema-graph\">{\"@context\":\"https:\\\/\\\/schema.org\",\"@graph\":[{\"@type\":\"Article\",\"@id\":\"https:\\\/\\\/contactfm72.fr\\\/?p=9263#article\",\"isPartOf\":{\"@id\":\"https:\\\/\\\/contactfm72.fr\\\/?p=9263\"},\"author\":{\"name\":\"Val\u00e9rie C.\",\"@id\":\"https:\\\/\\\/contactfm72.fr\\\/#\\\/schema\\\/person\\\/9fdc9d1c2eb029354a4f1535b90ba82d\"},\"headline\":\"Centre de vaccination de Montval-sur-Loir : pr\u00e8s de 50 000 vaccin\u00e9s\",\"datePublished\":\"2022-03-29T15:00:31+00:00\",\"mainEntityOfPage\":{\"@id\":\"https:\\\/\\\/contactfm72.fr\\\/?p=9263\"},\"wordCount\":611,\"publisher\":{\"@id\":\"https:\\\/\\\/contactfm72.fr\\\/#organization\"},\"image\":{\"@id\":\"https:\\\/\\\/contactfm72.fr\\\/?p=9263#primaryimage\"},\"thumbnailUrl\":\"https:\\\/\\\/contactfm72.fr\\\/wp-content\\\/uploads\\\/2022\\\/03\\\/vaccination.jpg\",\"articleSection\":[\"Contact FM 72\"],\"inLanguage\":\"fr-FR\"},{\"@type\":\"WebPage\",\"@id\":\"https:\\\/\\\/contactfm72.fr\\\/?p=9263\",\"url\":\"https:\\\/\\\/contactfm72.fr\\\/?p=9263\",\"name\":\"Centre de vaccination de Montval-sur-Loir : pr\u00e8s de 50 000 vaccin\u00e9s - Contact FM 99.3\",\"isPartOf\":{\"@id\":\"https:\\\/\\\/contactfm72.fr\\\/#website\"},\"primaryImageOfPage\":{\"@id\":\"https:\\\/\\\/contactfm72.fr\\\/?p=9263#primaryimage\"},\"image\":{\"@id\":\"https:\\\/\\\/contactfm72.fr\\\/?p=9263#primaryimage\"},\"thumbnailUrl\":\"https:\\\/\\\/contactfm72.fr\\\/wp-content\\\/uploads\\\/2022\\\/03\\\/vaccination.jpg\",\"datePublished\":\"2022-03-29T15:00:31+00:00\",\"breadcrumb\":{\"@id\":\"https:\\\/\\\/contactfm72.fr\\\/?p=9263#breadcrumb\"},\"inLanguage\":\"fr-FR\",\"potentialAction\":[{\"@type\":\"ReadAction\",\"target\":[\"https:\\\/\\\/contactfm72.fr\\\/?p=9263\"]}]},{\"@type\":\"ImageObject\",\"inLanguage\":\"fr-FR\",\"@id\":\"https:\\\/\\\/contactfm72.fr\\\/?p=9263#primaryimage\",\"url\":\"https:\\\/\\\/contactfm72.fr\\\/wp-content\\\/uploads\\\/2022\\\/03\\\/vaccination.jpg\",\"contentUrl\":\"https:\\\/\\\/contactfm72.fr\\\/wp-content\\\/uploads\\\/2022\\\/03\\\/vaccination.jpg\",\"width\":4032,\"height\":3024,\"caption\":\"La plupart des acteurs qui participent au centre de vaccination contre la Covid-19 aux R\u00e9collets de Montval-sur-Loir.\"},{\"@type\":\"BreadcrumbList\",\"@id\":\"https:\\\/\\\/contactfm72.fr\\\/?p=9263#breadcrumb\",\"itemListElement\":[{\"@type\":\"ListItem\",\"position\":1,\"name\":\"Accueil\",\"item\":\"https:\\\/\\\/contactfm72.fr\\\/\"},{\"@type\":\"ListItem\",\"position\":2,\"name\":\"Centre de vaccination de Montval-sur-Loir : pr\u00e8s de 50 000 vaccin\u00e9s\"}]},{\"@type\":\"WebSite\",\"@id\":\"https:\\\/\\\/contactfm72.fr\\\/#website\",\"url\":\"https:\\\/\\\/contactfm72.fr\\\/\",\"name\":\"Contact FM 99.3\",\"description\":\"Votre radio en vall\u00e9e du Loir\",\"publisher\":{\"@id\":\"https:\\\/\\\/contactfm72.fr\\\/#organization\"},\"potentialAction\":[{\"@type\":\"SearchAction\",\"target\":{\"@type\":\"EntryPoint\",\"urlTemplate\":\"https:\\\/\\\/contactfm72.fr\\\/?s={search_term_string}\"},\"query-input\":{\"@type\":\"PropertyValueSpecification\",\"valueRequired\":true,\"valueName\":\"search_term_string\"}}],\"inLanguage\":\"fr-FR\"},{\"@type\":\"Organization\",\"@id\":\"https:\\\/\\\/contactfm72.fr\\\/#organization\",\"name\":\"Contact FM 99.3\",\"url\":\"https:\\\/\\\/contactfm72.fr\\\/\",\"logo\":{\"@type\":\"ImageObject\",\"inLanguage\":\"fr-FR\",\"@id\":\"https:\\\/\\\/contactfm72.fr\\\/#\\\/schema\\\/logo\\\/image\\\/\",\"url\":\"https:\\\/\\\/contactfm72.fr\\\/wp-content\\\/uploads\\\/2025\\\/04\\\/2025-04-18-2.jpg\",\"contentUrl\":\"https:\\\/\\\/contactfm72.fr\\\/wp-content\\\/uploads\\\/2025\\\/04\\\/2025-04-18-2.jpg\",\"width\":680,\"height\":307,\"caption\":\"Contact FM 99.3\"},\"image\":{\"@id\":\"https:\\\/\\\/contactfm72.fr\\\/#\\\/schema\\\/logo\\\/image\\\/\"},\"sameAs\":[\"https:\\\/\\\/www.facebook.com\\\/Contactfm.Chateauduloir\",\"https:\\\/\\\/x.com\\\/contactfm72\",\"https:\\\/\\\/www.instagram.com\\\/contact.fm.72?igsh=cGhlMHQ5N2JlNnpp\",\"https:\\\/\\\/www.tiktok.com\\\/@contact.fm\"]},{\"@type\":\"Person\",\"@id\":\"https:\\\/\\\/contactfm72.fr\\\/#\\\/schema\\\/person\\\/9fdc9d1c2eb029354a4f1535b90ba82d\",\"name\":\"Val\u00e9rie C.\",\"image\":{\"@type\":\"ImageObject\",\"inLanguage\":\"fr-FR\",\"@id\":\"https:\\\/\\\/secure.gravatar.com\\\/avatar\\\/2f8aa28f8dfbd7d4420afd1fdcdd0a349923e2c8a38ab28198b0f9d0601e4737?s=96&d=mm&r=g\",\"url\":\"https:\\\/\\\/secure.gravatar.com\\\/avatar\\\/2f8aa28f8dfbd7d4420afd1fdcdd0a349923e2c8a38ab28198b0f9d0601e4737?s=96&d=mm&r=g\",\"contentUrl\":\"https:\\\/\\\/secure.gravatar.com\\\/avatar\\\/2f8aa28f8dfbd7d4420afd1fdcdd0a349923e2c8a38ab28198b0f9d0601e4737?s=96&d=mm&r=g\",\"caption\":\"Val\u00e9rie C.\"},\"url\":\"https:\\\/\\\/contactfm72.fr\\\/?author=4\"}]}<\/script>\n<!-- \/ Yoast SEO plugin. -->","yoast_head_json":{"title":"Centre de vaccination de Montval-sur-Loir : pr\u00e8s de 50 000 vaccin\u00e9s - Contact FM 99.3","robots":{"index":"index","follow":"follow","max-snippet":"max-snippet:-1","max-image-preview":"max-image-preview:large","max-video-preview":"max-video-preview:-1"},"canonical":"https:\/\/contactfm72.fr\/?p=9263","og_locale":"fr_FR","og_type":"article","og_title":"Centre de vaccination de Montval-sur-Loir : pr\u00e8s de 50 000 vaccin\u00e9s - Contact FM 99.3","og_description":"Le centre de vaccination contre la Covid-19 \u00e0 Montval-sur-Loir f\u00eate sa premi\u00e8re ann\u00e9e d\u2019ouverture. La municipalit\u00e9 montvaloise a tenu \u00e0 remercier celles et ceux qui ont particip\u00e9 et participent encore \u00e0\u00a0 son fonctionnement. &nbsp; Le centre de vaccination de Montval-sur-Loir, dans la Sarthe, f\u00eate sa premi\u00e8re ann\u00e9e de fonctionnement. Dans un contexte de pand\u00e9mie compliqu\u00e9e,&hellip;","og_url":"https:\/\/contactfm72.fr\/?p=9263","og_site_name":"Contact FM 99.3","article_publisher":"https:\/\/www.facebook.com\/Contactfm.Chateauduloir","article_published_time":"2022-03-29T15:00:31+00:00","og_image":[{"url":"https:\/\/contactfm72.fr\/wp-content\/uploads\/2022\/03\/vaccination.jpg","width":1024,"height":768,"type":"image\/jpeg"}],"author":"Val\u00e9rie C.","twitter_card":"summary_large_image","twitter_creator":"@contactfm72","twitter_site":"@contactfm72","twitter_misc":{"\u00c9crit par":"Val\u00e9rie C.","Dur\u00e9e de lecture estim\u00e9e":"3 minutes"},"schema":{"@context":"https:\/\/schema.org","@graph":[{"@type":"Article","@id":"https:\/\/contactfm72.fr\/?p=9263#article","isPartOf":{"@id":"https:\/\/contactfm72.fr\/?p=9263"},"author":{"name":"Val\u00e9rie C.","@id":"https:\/\/contactfm72.fr\/#\/schema\/person\/9fdc9d1c2eb029354a4f1535b90ba82d"},"headline":"Centre de vaccination de Montval-sur-Loir : pr\u00e8s de 50 000 vaccin\u00e9s","datePublished":"2022-03-29T15:00:31+00:00","mainEntityOfPage":{"@id":"https:\/\/contactfm72.fr\/?p=9263"},"wordCount":611,"publisher":{"@id":"https:\/\/contactfm72.fr\/#organization"},"image":{"@id":"https:\/\/contactfm72.fr\/?p=9263#primaryimage"},"thumbnailUrl":"https:\/\/contactfm72.fr\/wp-content\/uploads\/2022\/03\/vaccination.jpg","articleSection":["Contact FM 72"],"inLanguage":"fr-FR"},{"@type":"WebPage","@id":"https:\/\/contactfm72.fr\/?p=9263","url":"https:\/\/contactfm72.fr\/?p=9263","name":"Centre de vaccination de Montval-sur-Loir : pr\u00e8s de 50 000 vaccin\u00e9s - Contact FM 99.3","isPartOf":{"@id":"https:\/\/contactfm72.fr\/#website"},"primaryImageOfPage":{"@id":"https:\/\/contactfm72.fr\/?p=9263#primaryimage"},"image":{"@id":"https:\/\/contactfm72.fr\/?p=9263#primaryimage"},"thumbnailUrl":"https:\/\/contactfm72.fr\/wp-content\/uploads\/2022\/03\/vaccination.jpg","datePublished":"2022-03-29T15:00:31+00:00","breadcrumb":{"@id":"https:\/\/contactfm72.fr\/?p=9263#breadcrumb"},"inLanguage":"fr-FR","potentialAction":[{"@type":"ReadAction","target":["https:\/\/contactfm72.fr\/?p=9263"]}]},{"@type":"ImageObject","inLanguage":"fr-FR","@id":"https:\/\/contactfm72.fr\/?p=9263#primaryimage","url":"https:\/\/contactfm72.fr\/wp-content\/uploads\/2022\/03\/vaccination.jpg","contentUrl":"https:\/\/contactfm72.fr\/wp-content\/uploads\/2022\/03\/vaccination.jpg","width":4032,"height":3024,"caption":"La plupart des acteurs qui participent au centre de vaccination contre la Covid-19 aux R\u00e9collets de Montval-sur-Loir."},{"@type":"BreadcrumbList","@id":"https:\/\/contactfm72.fr\/?p=9263#breadcrumb","itemListElement":[{"@type":"ListItem","position":1,"name":"Accueil","item":"https:\/\/contactfm72.fr\/"},{"@type":"ListItem","position":2,"name":"Centre de vaccination de Montval-sur-Loir : pr\u00e8s de 50 000 vaccin\u00e9s"}]},{"@type":"WebSite","@id":"https:\/\/contactfm72.fr\/#website","url":"https:\/\/contactfm72.fr\/","name":"Contact FM 99.3","description":"Votre radio en vall\u00e9e du Loir","publisher":{"@id":"https:\/\/contactfm72.fr\/#organization"},"potentialAction":[{"@type":"SearchAction","target":{"@type":"EntryPoint","urlTemplate":"https:\/\/contactfm72.fr\/?s={search_term_string}"},"query-input":{"@type":"PropertyValueSpecification","valueRequired":true,"valueName":"search_term_string"}}],"inLanguage":"fr-FR"},{"@type":"Organization","@id":"https:\/\/contactfm72.fr\/#organization","name":"Contact FM 99.3","url":"https:\/\/contactfm72.fr\/","logo":{"@type":"ImageObject","inLanguage":"fr-FR","@id":"https:\/\/contactfm72.fr\/#\/schema\/logo\/image\/","url":"https:\/\/contactfm72.fr\/wp-content\/uploads\/2025\/04\/2025-04-18-2.jpg","contentUrl":"https:\/\/contactfm72.fr\/wp-content\/uploads\/2025\/04\/2025-04-18-2.jpg","width":680,"height":307,"caption":"Contact FM 99.3"},"image":{"@id":"https:\/\/contactfm72.fr\/#\/schema\/logo\/image\/"},"sameAs":["https:\/\/www.facebook.com\/Contactfm.Chateauduloir","https:\/\/x.com\/contactfm72","https:\/\/www.instagram.com\/contact.fm.72?igsh=cGhlMHQ5N2JlNnpp","https:\/\/www.tiktok.com\/@contact.fm"]},{"@type":"Person","@id":"https:\/\/contactfm72.fr\/#\/schema\/person\/9fdc9d1c2eb029354a4f1535b90ba82d","name":"Val\u00e9rie C.","image":{"@type":"ImageObject","inLanguage":"fr-FR","@id":"https:\/\/secure.gravatar.com\/avatar\/2f8aa28f8dfbd7d4420afd1fdcdd0a349923e2c8a38ab28198b0f9d0601e4737?s=96&d=mm&r=g","url":"https:\/\/secure.gravatar.com\/avatar\/2f8aa28f8dfbd7d4420afd1fdcdd0a349923e2c8a38ab28198b0f9d0601e4737?s=96&d=mm&r=g","contentUrl":"https:\/\/secure.gravatar.com\/avatar\/2f8aa28f8dfbd7d4420afd1fdcdd0a349923e2c8a38ab28198b0f9d0601e4737?s=96&d=mm&r=g","caption":"Val\u00e9rie C."},"url":"https:\/\/contactfm72.fr\/?author=4"}]}},"_links":{"self":[{"href":"https:\/\/contactfm72.fr\/index.php?rest_route=\/wp\/v2\/posts\/9263","targetHints":{"allow":["GET"]}}],"collection":[{"href":"https:\/\/contactfm72.fr\/index.php?rest_route=\/wp\/v2\/posts"}],"about":[{"href":"https:\/\/contactfm72.fr\/index.php?rest_route=\/wp\/v2\/types\/post"}],"author":[{"embeddable":true,"href":"https:\/\/contactfm72.fr\/index.php?rest_route=\/wp\/v2\/users\/4"}],"replies":[{"embeddable":true,"href":"https:\/\/contactfm72.fr\/index.php?rest_route=%2Fwp%2Fv2%2Fcomments&post=9263"}],"version-history":[{"count":3,"href":"https:\/\/contactfm72.fr\/index.php?rest_route=\/wp\/v2\/posts\/9263\/revisions"}],"predecessor-version":[{"id":9267,"href":"https:\/\/contactfm72.fr\/index.php?rest_route=\/wp\/v2\/posts\/9263\/revisions\/9267"}],"wp:featuredmedia":[{"embeddable":true,"href":"https:\/\/contactfm72.fr\/index.php?rest_route=\/wp\/v2\/media\/9264"}],"wp:attachment":[{"href":"https:\/\/contactfm72.fr\/index.php?rest_route=%2Fwp%2Fv2%2Fmedia&parent=9263"}],"wp:term":[{"taxonomy":"category","embeddable":true,"href":"https:\/\/contactfm72.fr\/index.php?rest_route=%2Fwp%2Fv2%2Fcategories&post=9263"},{"taxonomy":"post_tag","embeddable":true,"href":"https:\/\/contactfm72.fr\/index.php?rest_route=%2Fwp%2Fv2%2Ftags&post=9263"}],"curies":[{"name":"wp","href":"https:\/\/api.w.org\/{rel}","templated":true}]}}