{"id":9247,"date":"2022-03-28T14:00:25","date_gmt":"2022-03-28T12:00:25","guid":{"rendered":"http:\/\/contactfm72.fr\/?p=9247"},"modified":"2022-03-28T12:29:39","modified_gmt":"2022-03-28T10:29:39","slug":"chateau-du-lude-la-saison-demarre-le-1er-avril","status":"publish","type":"post","link":"https:\/\/contactfm72.fr\/?p=9247","title":{"rendered":"Ch\u00e2teau du Lude : la saison d\u00e9marre le 1er avril"},"content":{"rendered":"<h2>Le ch\u00e2teau-du-Lude, un des sites ind\u00e9tr\u00f4nables du patrimoine Sarthois, lance sa saison estivale d\u00e8s le vendredi 1<sup>er<\/sup> avril 2022, avec au programme, des tas de nouveaut\u00e9s.<\/h2>\n<p>&nbsp;<\/p>\n<p>Le <a href=\"http:\/\/www.lelude.com\/\"><strong>ch\u00e2teau du Lude<\/strong><\/a>, un lieu historique, une demeure habit\u00e9e et vivante du <strong>Sud-Sarthe<\/strong>. Le ch\u00e2teau et les jardins du Lude s\u2019inscrivent dans le parcours des <strong>grands ch\u00e2teaux de la Loire<\/strong>, patrimoine mondial de <strong>l\u2019Unesco<\/strong>. La saison d\u00e9marre le 1<sup>er<\/sup> avril.<\/p>\n<p>Outre les visites de l\u2019imposant patrimoine, que ce soit du ch\u00e2teau ou encore de ses jardins, Barbara de Nicola\u00ff, ma\u00eetresse des lieux, innovent et inventent, avec son \u00e9quipe, des nouveaut\u00e9s chaque ann\u00e9e.<\/p>\n<p>&nbsp;<\/p>\n<h3>Les nouveaut\u00e9s<\/h3>\n<p>Cette ann\u00e9e encore, des nouveaut\u00e9s attendent les visiteurs aussi bien dans le circuit de visite que dans les animations en ext\u00e9rieur.<\/p>\n<p>Les<strong> travaux de restauration s\u2019ach\u00e8vent<\/strong> avec l\u2019ouverture de nouvelles pi\u00e8ces : la chapelle et les appartements du personnel. Elles compl\u00e8tent la visite de cette partie du ch\u00e2teau, qui se d\u00e9ploie d\u00e9sormais sur trois \u00e9tages. On y retrouve l\u2019ambiance de la vie du ch\u00e2teau \u00e0 la fin du XIX\u00e8me si\u00e8cle, \u00e0 travers l\u2019\u00e9vocation des t\u00e2ches quotidiennes et des lieux de d\u00e9tente.<\/p>\n<p>Durant la <strong>visite<\/strong> du Ch\u00e2teau, les <strong>enfants sont accompagn\u00e9s par le livret de jeux<\/strong> de Timol\u00e9o et les plus jeunes se transforment en princesse ou chevalier, en rev\u00eatant les costumes mis \u00e0 leur disposition.<\/p>\n<p>Du nouveau aussi au <strong>jardin<\/strong>, th\u00e9\u00e2tre d\u2019un jeu in\u00e9dit, le<strong> Prisoner Game<\/strong> (ouverture courant avril). Une \u00e9quipe de joueurs m\u00e8nent l\u2019enqu\u00eate dans les jardins afin d\u2019aider un prisonnier \u00e0 s\u2019\u00e9vader de la pi\u00e8ce o\u00f9 il est d\u00e9tenu. Ce parcours haletant vient s\u2019ajouter aux <strong>deux Escape game d\u00e9j\u00e0 propos\u00e9s au ch\u00e2teau<\/strong>.<\/p>\n<p>Et bien s\u00fbr, on retrouve les <strong>activit\u00e9s habituelles<\/strong> : visite des pi\u00e8ces d\u2019apparat et des cuisines m\u00e9di\u00e9vales, balades dans les jardins (douves, souterrains, jardins \u00e0 la fran\u00e7aise, jardin de la source, promenade botanique, etc), visite du b\u00e2timent des communs (sellerie, \u00e9curies, grenier \u00e0 bl\u00e9) et photo souvenir dans le carrosse du Duc de Daillon.<\/p>\n<p>&nbsp;<\/p>\n<h3>Les grands rendez-vous<\/h3>\n<p>Voici la liste des grands rendez-vous de la saison que vous allez pouvoir trouver et retrouver d\u00e8s le vendredi 1<sup>er<\/sup> avril dans l\u2019enceinte du ch\u00e2teau.<\/p>\n<ul>\n<li><strong>P\u00e2ques<\/strong> : dimanche 17 avril<\/li>\n<li><strong>Neurodon<\/strong> : 7 et 8 mai<\/li>\n<li><strong>Ascension<\/strong> : du 26 au 29 mai<\/li>\n<li><strong>28\u00e8me f\u00eate des jardiniers<\/strong> : 4 &amp; 5 juin<\/li>\n<li><strong>F\u00eates de la confiture<\/strong> : 14 et 17 juillet, 14 et 15 ao\u00fbt<\/li>\n<li><strong>Journ\u00e9es du patrimoine<\/strong> : 17 et 18 septembre<\/li>\n<li><strong>Saveurs d\u2019automne<\/strong> : dimanche 30 octobre<\/li>\n<\/ul>\n<p>&nbsp;<\/p>\n<h5>Infos pratiques\u00a0: T\u00e9l. 02 43 94 60 09. Site internet\u00a0: <a href=\"http:\/\/www.lelude.com\/\">www.lelude.com<\/a>. Facebook\u00a0: <a href=\"http:\/\/www.facebook.com\/chateaudulude\">www.facebook.com\/chateaudulude<\/a>. Dates d\u2019ouverture : &#8211; du 1er avril au 31 ao\u00fbt : tous les jours &#8211; du 1er au 30 septembre : tous les jours sauf mercredi &#8211; du 1er au 21 octobre : tous les jours, sauf mercredi (uniquement l\u2019apr\u00e8s- midi) &#8211; du 22 octobre au 6 novembre : tous les jours (uniquement l\u2019apr\u00e8s-midi). Horaires : 10h-12h30 \/ 14h-18h. Tarifs : &#8211; Ch\u00e2teau et Jardins : adulte 11\u20ac \/ enfant 6\u20ac &#8211; Jardins seuls : adulte 7\u20ac \/ enfant 7\u20ac &#8211; Escape game : de 19 \u00e0 23\u20ac (tarif d\u00e9gressif) &#8211; Prisoner game : de 20 \u00e0 25\u20ac (tarif d\u00e9gressif).<\/h5>\n<!-- AddThis Advanced Settings generic via filter on the_content --><!-- AddThis Share Buttons generic via filter on the_content -->","protected":false},"excerpt":{"rendered":"<p>Le ch\u00e2teau-du-Lude, un des sites ind\u00e9tr\u00f4nables du patrimoine Sarthois, lance sa saison estivale d\u00e8s le vendredi 1er avril 2022, avec au programme, des tas de nouveaut\u00e9s. &nbsp; Le ch\u00e2teau du Lude, un lieu historique, une demeure habit\u00e9e et vivante du Sud-Sarthe. Le ch\u00e2teau et les jardins du Lude s\u2019inscrivent dans le parcours des grands ch\u00e2teaux&hellip;<!-- AddThis Advanced Settings generic via filter on get_the_excerpt --><!-- AddThis Share Buttons generic via filter on get_the_excerpt --><\/p>\n","protected":false},"author":4,"featured_media":9248,"comment_status":"closed","ping_status":"open","sticky":false,"template":"","format":"standard","meta":{"footnotes":""},"categories":[1],"tags":[],"class_list":["post-9247","post","type-post","status-publish","format-standard","has-post-thumbnail","hentry","category-contact-fm-72","category-1","description-off"],"yoast_head":"<!-- This site is optimized with the Yoast SEO plugin v27.4 - https:\/\/yoast.com\/product\/yoast-seo-wordpress\/ -->\n<title>Ch\u00e2teau du Lude : la saison d\u00e9marre le 1er avril - Contact FM 99.3<\/title>\n<meta name=\"robots\" content=\"index, follow, max-snippet:-1, max-image-preview:large, max-video-preview:-1\" \/>\n<link rel=\"canonical\" href=\"https:\/\/contactfm72.fr\/?p=9247\" \/>\n<meta property=\"og:locale\" content=\"fr_FR\" \/>\n<meta property=\"og:type\" content=\"article\" \/>\n<meta property=\"og:title\" content=\"Ch\u00e2teau du Lude : la saison d\u00e9marre le 1er avril - Contact FM 99.3\" \/>\n<meta property=\"og:description\" content=\"Le ch\u00e2teau-du-Lude, un des sites ind\u00e9tr\u00f4nables du patrimoine Sarthois, lance sa saison estivale d\u00e8s le vendredi 1er avril 2022, avec au programme, des tas de nouveaut\u00e9s. &nbsp; Le ch\u00e2teau du Lude, un lieu historique, une demeure habit\u00e9e et vivante du Sud-Sarthe. Le ch\u00e2teau et les jardins du Lude s\u2019inscrivent dans le parcours des grands ch\u00e2teaux&hellip;\" \/>\n<meta property=\"og:url\" content=\"https:\/\/contactfm72.fr\/?p=9247\" \/>\n<meta property=\"og:site_name\" content=\"Contact FM 99.3\" \/>\n<meta property=\"article:publisher\" content=\"https:\/\/www.facebook.com\/Contactfm.Chateauduloir\" \/>\n<meta property=\"article:published_time\" content=\"2022-03-28T12:00:25+00:00\" \/>\n<meta property=\"og:image\" content=\"https:\/\/contactfm72.fr\/wp-content\/uploads\/2022\/03\/programme-chateau-du-lude.jpg\" \/>\n\t<meta property=\"og:image:width\" content=\"726\" \/>\n\t<meta property=\"og:image:height\" content=\"599\" \/>\n\t<meta property=\"og:image:type\" content=\"image\/jpeg\" \/>\n<meta name=\"author\" content=\"Val\u00e9rie C.\" \/>\n<meta name=\"twitter:card\" content=\"summary_large_image\" \/>\n<meta name=\"twitter:creator\" content=\"@contactfm72\" \/>\n<meta name=\"twitter:site\" content=\"@contactfm72\" \/>\n<meta name=\"twitter:label1\" content=\"\u00c9crit par\" \/>\n\t<meta name=\"twitter:data1\" content=\"Val\u00e9rie C.\" \/>\n\t<meta name=\"twitter:label2\" content=\"Dur\u00e9e de lecture estim\u00e9e\" \/>\n\t<meta name=\"twitter:data2\" content=\"3 minutes\" \/>\n<script type=\"application\/ld+json\" class=\"yoast-schema-graph\">{\"@context\":\"https:\\\/\\\/schema.org\",\"@graph\":[{\"@type\":\"Article\",\"@id\":\"https:\\\/\\\/contactfm72.fr\\\/?p=9247#article\",\"isPartOf\":{\"@id\":\"https:\\\/\\\/contactfm72.fr\\\/?p=9247\"},\"author\":{\"name\":\"Val\u00e9rie C.\",\"@id\":\"https:\\\/\\\/contactfm72.fr\\\/#\\\/schema\\\/person\\\/9fdc9d1c2eb029354a4f1535b90ba82d\"},\"headline\":\"Ch\u00e2teau du Lude : la saison d\u00e9marre le 1er avril\",\"datePublished\":\"2022-03-28T12:00:25+00:00\",\"mainEntityOfPage\":{\"@id\":\"https:\\\/\\\/contactfm72.fr\\\/?p=9247\"},\"wordCount\":554,\"publisher\":{\"@id\":\"https:\\\/\\\/contactfm72.fr\\\/#organization\"},\"image\":{\"@id\":\"https:\\\/\\\/contactfm72.fr\\\/?p=9247#primaryimage\"},\"thumbnailUrl\":\"https:\\\/\\\/contactfm72.fr\\\/wp-content\\\/uploads\\\/2022\\\/03\\\/programme-chateau-du-lude.jpg\",\"articleSection\":[\"Contact FM 72\"],\"inLanguage\":\"fr-FR\"},{\"@type\":\"WebPage\",\"@id\":\"https:\\\/\\\/contactfm72.fr\\\/?p=9247\",\"url\":\"https:\\\/\\\/contactfm72.fr\\\/?p=9247\",\"name\":\"Ch\u00e2teau du Lude : la saison d\u00e9marre le 1er avril - Contact FM 99.3\",\"isPartOf\":{\"@id\":\"https:\\\/\\\/contactfm72.fr\\\/#website\"},\"primaryImageOfPage\":{\"@id\":\"https:\\\/\\\/contactfm72.fr\\\/?p=9247#primaryimage\"},\"image\":{\"@id\":\"https:\\\/\\\/contactfm72.fr\\\/?p=9247#primaryimage\"},\"thumbnailUrl\":\"https:\\\/\\\/contactfm72.fr\\\/wp-content\\\/uploads\\\/2022\\\/03\\\/programme-chateau-du-lude.jpg\",\"datePublished\":\"2022-03-28T12:00:25+00:00\",\"breadcrumb\":{\"@id\":\"https:\\\/\\\/contactfm72.fr\\\/?p=9247#breadcrumb\"},\"inLanguage\":\"fr-FR\",\"potentialAction\":[{\"@type\":\"ReadAction\",\"target\":[\"https:\\\/\\\/contactfm72.fr\\\/?p=9247\"]}]},{\"@type\":\"ImageObject\",\"inLanguage\":\"fr-FR\",\"@id\":\"https:\\\/\\\/contactfm72.fr\\\/?p=9247#primaryimage\",\"url\":\"https:\\\/\\\/contactfm72.fr\\\/wp-content\\\/uploads\\\/2022\\\/03\\\/programme-chateau-du-lude.jpg\",\"contentUrl\":\"https:\\\/\\\/contactfm72.fr\\\/wp-content\\\/uploads\\\/2022\\\/03\\\/programme-chateau-du-lude.jpg\",\"width\":726,\"height\":599,\"caption\":\"Le ch\u00e2teau du Lude ouvre ses portes d\u00e8s le vendredi 1er avril.\"},{\"@type\":\"BreadcrumbList\",\"@id\":\"https:\\\/\\\/contactfm72.fr\\\/?p=9247#breadcrumb\",\"itemListElement\":[{\"@type\":\"ListItem\",\"position\":1,\"name\":\"Accueil\",\"item\":\"https:\\\/\\\/contactfm72.fr\\\/\"},{\"@type\":\"ListItem\",\"position\":2,\"name\":\"Ch\u00e2teau du Lude : la saison d\u00e9marre le 1er avril\"}]},{\"@type\":\"WebSite\",\"@id\":\"https:\\\/\\\/contactfm72.fr\\\/#website\",\"url\":\"https:\\\/\\\/contactfm72.fr\\\/\",\"name\":\"Contact FM 99.3\",\"description\":\"Votre radio en vall\u00e9e du Loir\",\"publisher\":{\"@id\":\"https:\\\/\\\/contactfm72.fr\\\/#organization\"},\"potentialAction\":[{\"@type\":\"SearchAction\",\"target\":{\"@type\":\"EntryPoint\",\"urlTemplate\":\"https:\\\/\\\/contactfm72.fr\\\/?s={search_term_string}\"},\"query-input\":{\"@type\":\"PropertyValueSpecification\",\"valueRequired\":true,\"valueName\":\"search_term_string\"}}],\"inLanguage\":\"fr-FR\"},{\"@type\":\"Organization\",\"@id\":\"https:\\\/\\\/contactfm72.fr\\\/#organization\",\"name\":\"Contact FM 99.3\",\"url\":\"https:\\\/\\\/contactfm72.fr\\\/\",\"logo\":{\"@type\":\"ImageObject\",\"inLanguage\":\"fr-FR\",\"@id\":\"https:\\\/\\\/contactfm72.fr\\\/#\\\/schema\\\/logo\\\/image\\\/\",\"url\":\"https:\\\/\\\/contactfm72.fr\\\/wp-content\\\/uploads\\\/2025\\\/04\\\/2025-04-18-2.jpg\",\"contentUrl\":\"https:\\\/\\\/contactfm72.fr\\\/wp-content\\\/uploads\\\/2025\\\/04\\\/2025-04-18-2.jpg\",\"width\":680,\"height\":307,\"caption\":\"Contact FM 99.3\"},\"image\":{\"@id\":\"https:\\\/\\\/contactfm72.fr\\\/#\\\/schema\\\/logo\\\/image\\\/\"},\"sameAs\":[\"https:\\\/\\\/www.facebook.com\\\/Contactfm.Chateauduloir\",\"https:\\\/\\\/x.com\\\/contactfm72\",\"https:\\\/\\\/www.instagram.com\\\/contact.fm.72?igsh=cGhlMHQ5N2JlNnpp\",\"https:\\\/\\\/www.tiktok.com\\\/@contact.fm\"]},{\"@type\":\"Person\",\"@id\":\"https:\\\/\\\/contactfm72.fr\\\/#\\\/schema\\\/person\\\/9fdc9d1c2eb029354a4f1535b90ba82d\",\"name\":\"Val\u00e9rie C.\",\"image\":{\"@type\":\"ImageObject\",\"inLanguage\":\"fr-FR\",\"@id\":\"https:\\\/\\\/secure.gravatar.com\\\/avatar\\\/2f8aa28f8dfbd7d4420afd1fdcdd0a349923e2c8a38ab28198b0f9d0601e4737?s=96&d=mm&r=g\",\"url\":\"https:\\\/\\\/secure.gravatar.com\\\/avatar\\\/2f8aa28f8dfbd7d4420afd1fdcdd0a349923e2c8a38ab28198b0f9d0601e4737?s=96&d=mm&r=g\",\"contentUrl\":\"https:\\\/\\\/secure.gravatar.com\\\/avatar\\\/2f8aa28f8dfbd7d4420afd1fdcdd0a349923e2c8a38ab28198b0f9d0601e4737?s=96&d=mm&r=g\",\"caption\":\"Val\u00e9rie C.\"},\"url\":\"https:\\\/\\\/contactfm72.fr\\\/?author=4\"}]}<\/script>\n<!-- \/ Yoast SEO plugin. -->","yoast_head_json":{"title":"Ch\u00e2teau du Lude : la saison d\u00e9marre le 1er avril - Contact FM 99.3","robots":{"index":"index","follow":"follow","max-snippet":"max-snippet:-1","max-image-preview":"max-image-preview:large","max-video-preview":"max-video-preview:-1"},"canonical":"https:\/\/contactfm72.fr\/?p=9247","og_locale":"fr_FR","og_type":"article","og_title":"Ch\u00e2teau du Lude : la saison d\u00e9marre le 1er avril - Contact FM 99.3","og_description":"Le ch\u00e2teau-du-Lude, un des sites ind\u00e9tr\u00f4nables du patrimoine Sarthois, lance sa saison estivale d\u00e8s le vendredi 1er avril 2022, avec au programme, des tas de nouveaut\u00e9s. &nbsp; Le ch\u00e2teau du Lude, un lieu historique, une demeure habit\u00e9e et vivante du Sud-Sarthe. Le ch\u00e2teau et les jardins du Lude s\u2019inscrivent dans le parcours des grands ch\u00e2teaux&hellip;","og_url":"https:\/\/contactfm72.fr\/?p=9247","og_site_name":"Contact FM 99.3","article_publisher":"https:\/\/www.facebook.com\/Contactfm.Chateauduloir","article_published_time":"2022-03-28T12:00:25+00:00","og_image":[{"width":726,"height":599,"url":"https:\/\/contactfm72.fr\/wp-content\/uploads\/2022\/03\/programme-chateau-du-lude.jpg","type":"image\/jpeg"}],"author":"Val\u00e9rie C.","twitter_card":"summary_large_image","twitter_creator":"@contactfm72","twitter_site":"@contactfm72","twitter_misc":{"\u00c9crit par":"Val\u00e9rie C.","Dur\u00e9e de lecture estim\u00e9e":"3 minutes"},"schema":{"@context":"https:\/\/schema.org","@graph":[{"@type":"Article","@id":"https:\/\/contactfm72.fr\/?p=9247#article","isPartOf":{"@id":"https:\/\/contactfm72.fr\/?p=9247"},"author":{"name":"Val\u00e9rie C.","@id":"https:\/\/contactfm72.fr\/#\/schema\/person\/9fdc9d1c2eb029354a4f1535b90ba82d"},"headline":"Ch\u00e2teau du Lude : la saison d\u00e9marre le 1er avril","datePublished":"2022-03-28T12:00:25+00:00","mainEntityOfPage":{"@id":"https:\/\/contactfm72.fr\/?p=9247"},"wordCount":554,"publisher":{"@id":"https:\/\/contactfm72.fr\/#organization"},"image":{"@id":"https:\/\/contactfm72.fr\/?p=9247#primaryimage"},"thumbnailUrl":"https:\/\/contactfm72.fr\/wp-content\/uploads\/2022\/03\/programme-chateau-du-lude.jpg","articleSection":["Contact FM 72"],"inLanguage":"fr-FR"},{"@type":"WebPage","@id":"https:\/\/contactfm72.fr\/?p=9247","url":"https:\/\/contactfm72.fr\/?p=9247","name":"Ch\u00e2teau du Lude : la saison d\u00e9marre le 1er avril - Contact FM 99.3","isPartOf":{"@id":"https:\/\/contactfm72.fr\/#website"},"primaryImageOfPage":{"@id":"https:\/\/contactfm72.fr\/?p=9247#primaryimage"},"image":{"@id":"https:\/\/contactfm72.fr\/?p=9247#primaryimage"},"thumbnailUrl":"https:\/\/contactfm72.fr\/wp-content\/uploads\/2022\/03\/programme-chateau-du-lude.jpg","datePublished":"2022-03-28T12:00:25+00:00","breadcrumb":{"@id":"https:\/\/contactfm72.fr\/?p=9247#breadcrumb"},"inLanguage":"fr-FR","potentialAction":[{"@type":"ReadAction","target":["https:\/\/contactfm72.fr\/?p=9247"]}]},{"@type":"ImageObject","inLanguage":"fr-FR","@id":"https:\/\/contactfm72.fr\/?p=9247#primaryimage","url":"https:\/\/contactfm72.fr\/wp-content\/uploads\/2022\/03\/programme-chateau-du-lude.jpg","contentUrl":"https:\/\/contactfm72.fr\/wp-content\/uploads\/2022\/03\/programme-chateau-du-lude.jpg","width":726,"height":599,"caption":"Le ch\u00e2teau du Lude ouvre ses portes d\u00e8s le vendredi 1er avril."},{"@type":"BreadcrumbList","@id":"https:\/\/contactfm72.fr\/?p=9247#breadcrumb","itemListElement":[{"@type":"ListItem","position":1,"name":"Accueil","item":"https:\/\/contactfm72.fr\/"},{"@type":"ListItem","position":2,"name":"Ch\u00e2teau du Lude : la saison d\u00e9marre le 1er avril"}]},{"@type":"WebSite","@id":"https:\/\/contactfm72.fr\/#website","url":"https:\/\/contactfm72.fr\/","name":"Contact FM 99.3","description":"Votre radio en vall\u00e9e du Loir","publisher":{"@id":"https:\/\/contactfm72.fr\/#organization"},"potentialAction":[{"@type":"SearchAction","target":{"@type":"EntryPoint","urlTemplate":"https:\/\/contactfm72.fr\/?s={search_term_string}"},"query-input":{"@type":"PropertyValueSpecification","valueRequired":true,"valueName":"search_term_string"}}],"inLanguage":"fr-FR"},{"@type":"Organization","@id":"https:\/\/contactfm72.fr\/#organization","name":"Contact FM 99.3","url":"https:\/\/contactfm72.fr\/","logo":{"@type":"ImageObject","inLanguage":"fr-FR","@id":"https:\/\/contactfm72.fr\/#\/schema\/logo\/image\/","url":"https:\/\/contactfm72.fr\/wp-content\/uploads\/2025\/04\/2025-04-18-2.jpg","contentUrl":"https:\/\/contactfm72.fr\/wp-content\/uploads\/2025\/04\/2025-04-18-2.jpg","width":680,"height":307,"caption":"Contact FM 99.3"},"image":{"@id":"https:\/\/contactfm72.fr\/#\/schema\/logo\/image\/"},"sameAs":["https:\/\/www.facebook.com\/Contactfm.Chateauduloir","https:\/\/x.com\/contactfm72","https:\/\/www.instagram.com\/contact.fm.72?igsh=cGhlMHQ5N2JlNnpp","https:\/\/www.tiktok.com\/@contact.fm"]},{"@type":"Person","@id":"https:\/\/contactfm72.fr\/#\/schema\/person\/9fdc9d1c2eb029354a4f1535b90ba82d","name":"Val\u00e9rie C.","image":{"@type":"ImageObject","inLanguage":"fr-FR","@id":"https:\/\/secure.gravatar.com\/avatar\/2f8aa28f8dfbd7d4420afd1fdcdd0a349923e2c8a38ab28198b0f9d0601e4737?s=96&d=mm&r=g","url":"https:\/\/secure.gravatar.com\/avatar\/2f8aa28f8dfbd7d4420afd1fdcdd0a349923e2c8a38ab28198b0f9d0601e4737?s=96&d=mm&r=g","contentUrl":"https:\/\/secure.gravatar.com\/avatar\/2f8aa28f8dfbd7d4420afd1fdcdd0a349923e2c8a38ab28198b0f9d0601e4737?s=96&d=mm&r=g","caption":"Val\u00e9rie C."},"url":"https:\/\/contactfm72.fr\/?author=4"}]}},"_links":{"self":[{"href":"https:\/\/contactfm72.fr\/index.php?rest_route=\/wp\/v2\/posts\/9247","targetHints":{"allow":["GET"]}}],"collection":[{"href":"https:\/\/contactfm72.fr\/index.php?rest_route=\/wp\/v2\/posts"}],"about":[{"href":"https:\/\/contactfm72.fr\/index.php?rest_route=\/wp\/v2\/types\/post"}],"author":[{"embeddable":true,"href":"https:\/\/contactfm72.fr\/index.php?rest_route=\/wp\/v2\/users\/4"}],"replies":[{"embeddable":true,"href":"https:\/\/contactfm72.fr\/index.php?rest_route=%2Fwp%2Fv2%2Fcomments&post=9247"}],"version-history":[{"count":1,"href":"https:\/\/contactfm72.fr\/index.php?rest_route=\/wp\/v2\/posts\/9247\/revisions"}],"predecessor-version":[{"id":9249,"href":"https:\/\/contactfm72.fr\/index.php?rest_route=\/wp\/v2\/posts\/9247\/revisions\/9249"}],"wp:featuredmedia":[{"embeddable":true,"href":"https:\/\/contactfm72.fr\/index.php?rest_route=\/wp\/v2\/media\/9248"}],"wp:attachment":[{"href":"https:\/\/contactfm72.fr\/index.php?rest_route=%2Fwp%2Fv2%2Fmedia&parent=9247"}],"wp:term":[{"taxonomy":"category","embeddable":true,"href":"https:\/\/contactfm72.fr\/index.php?rest_route=%2Fwp%2Fv2%2Fcategories&post=9247"},{"taxonomy":"post_tag","embeddable":true,"href":"https:\/\/contactfm72.fr\/index.php?rest_route=%2Fwp%2Fv2%2Ftags&post=9247"}],"curies":[{"name":"wp","href":"https:\/\/api.w.org\/{rel}","templated":true}]}}