{"id":9015,"date":"2022-03-10T10:30:43","date_gmt":"2022-03-10T09:30:43","guid":{"rendered":"http:\/\/contactfm72.fr\/?p=9015"},"modified":"2022-09-12T15:12:28","modified_gmt":"2022-09-12T13:12:28","slug":"le-centre-social-loir-berce-recueille-vos-dons","status":"publish","type":"post","link":"https:\/\/contactfm72.fr\/?p=9015","title":{"rendered":"Guerre en Ukraine. Le centre social Loir &#038; Berc\u00e9 recueille vos dons"},"content":{"rendered":"<p><strong>La guerre en Ukraine a entra\u00een\u00e9 un mouvement de population de masse. Pour aider les r\u00e9fugi\u00e9s, le centre social Loir &amp; Berc\u00e9 de Montval-sur-Loir se mobilise \u00e0 son tour et r\u00e9cup\u00e8re vos dons d\u00e8s maintenant.<\/strong><\/p>\n<p>&nbsp;<\/p>\n<p>&nbsp;<\/p>\n<p>L&#8217;invasion de l&#8217;arm\u00e9e russe sur le sol ukrainien a entra\u00een\u00e9 un <strong>mouvement de population de masse<\/strong>. Toutes les structures, tous les acteurs, et toutes les associations se mobilisent afin de proc\u00e9der \u00e0 des collectes de dons. En partenariat avec le centre social Val de Loir de la Chartre-sur-le-Loir, le<strong> <a href=\"https:\/\/www.centresocialchateauduloir.fr\/\">centre social Loir &amp; Berc\u00e9 de Montval-sur-Loir<\/a><\/strong> (<strong>Sarthe<\/strong>) se mobilise \u00e0 son tour et <strong>r\u00e9cup\u00e8re vos dons. <\/strong><\/p>\n<p>&nbsp;<\/p>\n<p>La <strong>directrice du centre social Loir &amp; Berc\u00e9 Karine Le Bourhis<\/strong> pr\u00e9cise :<\/p>\n<blockquote><p>\u00ab Suite \u00e0 de nombreux appels de la part des habitants notamment pour des dons de v\u00eatements, nous avons d\u00e9cid\u00e9 d\u2019organiser une collecte de dons. Le centre social Loir &amp; Berc\u00e9 servira de <strong>relais<\/strong> aupr\u00e8s de la protection civile. Tous les dons seront ensuite achemin\u00e9s vers la plateforme de Chang\u00e9 \u00bb.<\/p><\/blockquote>\n<p>&nbsp;<\/p>\n<h3>\u00c0 d\u00e9poser directement au centre social<\/h3>\n<p>Cette initiative commence d\u00e8s <strong>aujourd&#8217;hui<\/strong>. Vous allez pouvoir d\u00e9poser vos dons directement dans les locaux du centre social Loir &amp; Berc\u00e9 : \u00ab Le centre social devient une plateforme relais. Plusieurs acteurs du territoire nous soutiennent et viendront nous aider, comme la <strong>Croix Rouge<\/strong>, le <strong>Secours Catholique<\/strong>, l\u2019<strong>association L\u2019Atre<\/strong>\u2026 m\u00eame les particuliers peuvent venir aider. On aura besoin de b\u00e9n\u00e9voles. Nous allons nous coordonner et organiser les collectes, les lieux de stockage, entre autres \u00bb, <strong>continue le pr\u00e9sident de la communaut\u00e9 de communes Loir Luc\u00e9 Berc\u00e9 et maire de Montval-sur-Loir, Herv\u00e9 Ronci\u00e8re<\/strong>.<\/p>\n<p>&nbsp;<\/p>\n<h3>Liste des dons<\/h3>\n<p>Les habitants souhaitant d\u00e9poser des dons au centre social doivent suivre plusieurs <strong>recommandations<\/strong>. Dans la mesure du possible, les habitants doivent apporter des colis correspondant \u00e0 chaque cat\u00e9gorie de dons (logistique, hygi\u00e8ne et secours). \u00c9galement, pour faciliter le tri des b\u00e9n\u00e9voles, une liste rappelant tous les dons dans le colis est pr\u00e9f\u00e9r\u00e9.<\/p>\n<p>Voici la liste des dons :<\/p>\n<ul>\n<li><strong>Logistique\u00a0<\/strong>: lits de camp, sacs de couchage, couvertures de survie, v\u00eatements, mat\u00e9riel \u00e9lectrique (projecteurs, lumi\u00e8res, rallonges, g\u00e9n\u00e9rateurs)<\/li>\n<li><strong>Hygi\u00e8ne\u00a0<\/strong>: gels et savons de corps, dentifrices, brosses \u00e0 dents, couches et laits maternis\u00e9, m\u00e9dicaments (non p\u00e9rim\u00e9s), rasoirs, mousses \u00e0 raser, serviettes hygi\u00e9niques<\/li>\n<li><strong>Secours\u00a0<\/strong>: gants \u00e0 usage unique, masques chirurgicaux, mat\u00e9riel de suture, blouses m\u00e9dicales, bandages \u00e9lastiques, garrots, lecteurs \u00e0 glyc\u00e9mies, pansements h\u00e9mostatiques, pansements, mat\u00e9riel m\u00e9dical (respirateur, d\u00e9fibrillateur, moniteur\u2026)<\/li>\n<\/ul>\n<p>L\u2019adjoint au maire en charge de la sant\u00e9 \/ CCAS, logements et affaires sociales, Dominique Langevin, le rappelle\u00a0:<\/p>\n<blockquote><p>\u00ab\u00a0M\u00eame si les dons sont toujours appr\u00e9ci\u00e9s, il est pr\u00e9f\u00e9rable de faire des dons num\u00e9raires\u00a0\u00bb. Pour faire un don d\u2019argent, plusieurs associations sont \u00e0 votre disposition\u00a0: le comit\u00e9 international de <strong>la Croix-Rouge<\/strong>, l\u2019ONG <strong>Care International<\/strong>, ou encore <strong>l\u2019Unicef<\/strong>.<\/p><\/blockquote>\n<p>&nbsp;<\/p>\n<p>&nbsp;<\/p>\n<h3>L\u2019accueil des r\u00e9fugi\u00e9s\u00a0?<\/h3>\n<p><strong>\u00a0<\/strong><\/p>\n<p>Herv\u00e9 Ronci\u00e8re fait un point sur l\u2019accueil physique des ukrainiens sur le territoire et informe qu&#8217;il y a une dizaine de logements d\u00e9j\u00e0 disponibles pour accueillir les Ukrainiens. Seulement :<\/p>\n<blockquote><p>\u00ab notre territoire n\u2019est pas la premi\u00e8re destination. Les clubs du Rotary ont proc\u00e9d\u00e9 \u00e0 la demande d\u2019accueil de r\u00e9fugi\u00e9s. Nous devons vraiment nous pr\u00e9parer \u00e0 les accueillir sur le long terme, d\u2019un point de vue de la sant\u00e9, de l\u2019\u00e9ducation pour les enfants, du suivi psychologique\u2026 tout ceci se pr\u00e9pare \u00bb.<\/p><\/blockquote>\n<p>&nbsp;<\/p>\n<p>&nbsp;<\/p>\n<p>&nbsp;<\/p>\n<p>&nbsp;<\/p>\n<h5>Centre social intercommunal Loir et Berc\u00e9. 4 rue de la bascule \u2013 Ch\u00e2teau-du-Loir, 72500 Montval-sur-Loir. Plus d\u2019informations au 02 43 44 67 67, ou <a href=\"mailto:cslb2@wanadoo.fr\">cslb2@wanadoo.fr<\/a>. Horaires pour d\u00e9poser les dons\u00a0: du lundi au vendredi, de 9 h \u00e0 12 h 30 et de 13 h 30 \u00e0 17 h 30.<\/h5>\n<!-- AddThis Advanced Settings generic via filter on the_content --><!-- AddThis Share Buttons generic via filter on the_content -->","protected":false},"excerpt":{"rendered":"<p>La guerre en Ukraine a entra\u00een\u00e9 un mouvement de population de masse. Pour aider les r\u00e9fugi\u00e9s, le centre social Loir &amp; Berc\u00e9 de Montval-sur-Loir se mobilise \u00e0 son tour et r\u00e9cup\u00e8re vos dons d\u00e8s maintenant. &nbsp; &nbsp; L&#8217;invasion de l&#8217;arm\u00e9e russe sur le sol ukrainien a entra\u00een\u00e9 un mouvement de population de masse. Toutes les&hellip;<!-- AddThis Advanced Settings generic via filter on get_the_excerpt --><!-- AddThis Share Buttons generic via filter on get_the_excerpt --><\/p>\n","protected":false},"author":4,"featured_media":9017,"comment_status":"closed","ping_status":"open","sticky":false,"template":"","format":"standard","meta":{"footnotes":""},"categories":[1],"tags":[],"class_list":["post-9015","post","type-post","status-publish","format-standard","has-post-thumbnail","hentry","category-contact-fm-72","category-1","description-off"],"yoast_head":"<!-- This site is optimized with the Yoast SEO plugin v27.4 - https:\/\/yoast.com\/product\/yoast-seo-wordpress\/ -->\n<title>Guerre en Ukraine. Le centre social Loir &amp; Berc\u00e9 recueille vos dons - Contact FM 99.3<\/title>\n<meta name=\"robots\" content=\"index, follow, max-snippet:-1, max-image-preview:large, max-video-preview:-1\" \/>\n<link rel=\"canonical\" href=\"https:\/\/contactfm72.fr\/?p=9015\" \/>\n<meta property=\"og:locale\" content=\"fr_FR\" \/>\n<meta property=\"og:type\" content=\"article\" \/>\n<meta property=\"og:title\" content=\"Guerre en Ukraine. Le centre social Loir &amp; Berc\u00e9 recueille vos dons - Contact FM 99.3\" \/>\n<meta property=\"og:description\" content=\"La guerre en Ukraine a entra\u00een\u00e9 un mouvement de population de masse. Pour aider les r\u00e9fugi\u00e9s, le centre social Loir &amp; Berc\u00e9 de Montval-sur-Loir se mobilise \u00e0 son tour et r\u00e9cup\u00e8re vos dons d\u00e8s maintenant. &nbsp; &nbsp; L&#8217;invasion de l&#8217;arm\u00e9e russe sur le sol ukrainien a entra\u00een\u00e9 un mouvement de population de masse. Toutes les&hellip;\" \/>\n<meta property=\"og:url\" content=\"https:\/\/contactfm72.fr\/?p=9015\" \/>\n<meta property=\"og:site_name\" content=\"Contact FM 99.3\" \/>\n<meta property=\"article:publisher\" content=\"https:\/\/www.facebook.com\/Contactfm.Chateauduloir\" \/>\n<meta property=\"article:published_time\" content=\"2022-03-10T09:30:43+00:00\" \/>\n<meta property=\"article:modified_time\" content=\"2022-09-12T13:12:28+00:00\" \/>\n<meta property=\"og:image\" content=\"https:\/\/contactfm72.fr\/wp-content\/uploads\/2022\/03\/centre-social-9-03.jpg\" \/>\n\t<meta property=\"og:image:width\" content=\"2048\" \/>\n\t<meta property=\"og:image:height\" content=\"1536\" \/>\n\t<meta property=\"og:image:type\" content=\"image\/jpeg\" \/>\n<meta name=\"author\" content=\"Val\u00e9rie C.\" \/>\n<meta name=\"twitter:card\" content=\"summary_large_image\" \/>\n<meta name=\"twitter:creator\" content=\"@contactfm72\" \/>\n<meta name=\"twitter:site\" content=\"@contactfm72\" \/>\n<meta name=\"twitter:label1\" content=\"\u00c9crit par\" \/>\n\t<meta name=\"twitter:data1\" content=\"Val\u00e9rie C.\" \/>\n\t<meta name=\"twitter:label2\" content=\"Dur\u00e9e de lecture estim\u00e9e\" \/>\n\t<meta name=\"twitter:data2\" content=\"3 minutes\" \/>\n<script type=\"application\/ld+json\" class=\"yoast-schema-graph\">{\"@context\":\"https:\\\/\\\/schema.org\",\"@graph\":[{\"@type\":\"Article\",\"@id\":\"https:\\\/\\\/contactfm72.fr\\\/?p=9015#article\",\"isPartOf\":{\"@id\":\"https:\\\/\\\/contactfm72.fr\\\/?p=9015\"},\"author\":{\"name\":\"Val\u00e9rie C.\",\"@id\":\"https:\\\/\\\/contactfm72.fr\\\/#\\\/schema\\\/person\\\/9fdc9d1c2eb029354a4f1535b90ba82d\"},\"headline\":\"Guerre en Ukraine. Le centre social Loir &#038; Berc\u00e9 recueille vos dons\",\"datePublished\":\"2022-03-10T09:30:43+00:00\",\"dateModified\":\"2022-09-12T13:12:28+00:00\",\"mainEntityOfPage\":{\"@id\":\"https:\\\/\\\/contactfm72.fr\\\/?p=9015\"},\"wordCount\":648,\"publisher\":{\"@id\":\"https:\\\/\\\/contactfm72.fr\\\/#organization\"},\"image\":{\"@id\":\"https:\\\/\\\/contactfm72.fr\\\/?p=9015#primaryimage\"},\"thumbnailUrl\":\"https:\\\/\\\/contactfm72.fr\\\/wp-content\\\/uploads\\\/2022\\\/03\\\/centre-social-9-03.jpg\",\"articleSection\":[\"Contact FM 72\"],\"inLanguage\":\"fr-FR\"},{\"@type\":\"WebPage\",\"@id\":\"https:\\\/\\\/contactfm72.fr\\\/?p=9015\",\"url\":\"https:\\\/\\\/contactfm72.fr\\\/?p=9015\",\"name\":\"Guerre en Ukraine. Le centre social Loir & Berc\u00e9 recueille vos dons - Contact FM 99.3\",\"isPartOf\":{\"@id\":\"https:\\\/\\\/contactfm72.fr\\\/#website\"},\"primaryImageOfPage\":{\"@id\":\"https:\\\/\\\/contactfm72.fr\\\/?p=9015#primaryimage\"},\"image\":{\"@id\":\"https:\\\/\\\/contactfm72.fr\\\/?p=9015#primaryimage\"},\"thumbnailUrl\":\"https:\\\/\\\/contactfm72.fr\\\/wp-content\\\/uploads\\\/2022\\\/03\\\/centre-social-9-03.jpg\",\"datePublished\":\"2022-03-10T09:30:43+00:00\",\"dateModified\":\"2022-09-12T13:12:28+00:00\",\"breadcrumb\":{\"@id\":\"https:\\\/\\\/contactfm72.fr\\\/?p=9015#breadcrumb\"},\"inLanguage\":\"fr-FR\",\"potentialAction\":[{\"@type\":\"ReadAction\",\"target\":[\"https:\\\/\\\/contactfm72.fr\\\/?p=9015\"]}]},{\"@type\":\"ImageObject\",\"inLanguage\":\"fr-FR\",\"@id\":\"https:\\\/\\\/contactfm72.fr\\\/?p=9015#primaryimage\",\"url\":\"https:\\\/\\\/contactfm72.fr\\\/wp-content\\\/uploads\\\/2022\\\/03\\\/centre-social-9-03.jpg\",\"contentUrl\":\"https:\\\/\\\/contactfm72.fr\\\/wp-content\\\/uploads\\\/2022\\\/03\\\/centre-social-9-03.jpg\",\"width\":2048,\"height\":1536,\"caption\":\"Dominique Langevin, Karine Le Bourhis, Jacques Langevin, pr\u00e9sident du centre social, et Herv\u00e9 Ronci\u00e8re.\"},{\"@type\":\"BreadcrumbList\",\"@id\":\"https:\\\/\\\/contactfm72.fr\\\/?p=9015#breadcrumb\",\"itemListElement\":[{\"@type\":\"ListItem\",\"position\":1,\"name\":\"Accueil\",\"item\":\"https:\\\/\\\/contactfm72.fr\\\/\"},{\"@type\":\"ListItem\",\"position\":2,\"name\":\"Guerre en Ukraine. Le centre social Loir &#038; Berc\u00e9 recueille vos dons\"}]},{\"@type\":\"WebSite\",\"@id\":\"https:\\\/\\\/contactfm72.fr\\\/#website\",\"url\":\"https:\\\/\\\/contactfm72.fr\\\/\",\"name\":\"Contact FM 99.3\",\"description\":\"Votre radio en vall\u00e9e du Loir\",\"publisher\":{\"@id\":\"https:\\\/\\\/contactfm72.fr\\\/#organization\"},\"potentialAction\":[{\"@type\":\"SearchAction\",\"target\":{\"@type\":\"EntryPoint\",\"urlTemplate\":\"https:\\\/\\\/contactfm72.fr\\\/?s={search_term_string}\"},\"query-input\":{\"@type\":\"PropertyValueSpecification\",\"valueRequired\":true,\"valueName\":\"search_term_string\"}}],\"inLanguage\":\"fr-FR\"},{\"@type\":\"Organization\",\"@id\":\"https:\\\/\\\/contactfm72.fr\\\/#organization\",\"name\":\"Contact FM 99.3\",\"url\":\"https:\\\/\\\/contactfm72.fr\\\/\",\"logo\":{\"@type\":\"ImageObject\",\"inLanguage\":\"fr-FR\",\"@id\":\"https:\\\/\\\/contactfm72.fr\\\/#\\\/schema\\\/logo\\\/image\\\/\",\"url\":\"https:\\\/\\\/contactfm72.fr\\\/wp-content\\\/uploads\\\/2025\\\/04\\\/2025-04-18-2.jpg\",\"contentUrl\":\"https:\\\/\\\/contactfm72.fr\\\/wp-content\\\/uploads\\\/2025\\\/04\\\/2025-04-18-2.jpg\",\"width\":680,\"height\":307,\"caption\":\"Contact FM 99.3\"},\"image\":{\"@id\":\"https:\\\/\\\/contactfm72.fr\\\/#\\\/schema\\\/logo\\\/image\\\/\"},\"sameAs\":[\"https:\\\/\\\/www.facebook.com\\\/Contactfm.Chateauduloir\",\"https:\\\/\\\/x.com\\\/contactfm72\",\"https:\\\/\\\/www.instagram.com\\\/contact.fm.72?igsh=cGhlMHQ5N2JlNnpp\",\"https:\\\/\\\/www.tiktok.com\\\/@contact.fm\"]},{\"@type\":\"Person\",\"@id\":\"https:\\\/\\\/contactfm72.fr\\\/#\\\/schema\\\/person\\\/9fdc9d1c2eb029354a4f1535b90ba82d\",\"name\":\"Val\u00e9rie C.\",\"image\":{\"@type\":\"ImageObject\",\"inLanguage\":\"fr-FR\",\"@id\":\"https:\\\/\\\/secure.gravatar.com\\\/avatar\\\/2f8aa28f8dfbd7d4420afd1fdcdd0a349923e2c8a38ab28198b0f9d0601e4737?s=96&d=mm&r=g\",\"url\":\"https:\\\/\\\/secure.gravatar.com\\\/avatar\\\/2f8aa28f8dfbd7d4420afd1fdcdd0a349923e2c8a38ab28198b0f9d0601e4737?s=96&d=mm&r=g\",\"contentUrl\":\"https:\\\/\\\/secure.gravatar.com\\\/avatar\\\/2f8aa28f8dfbd7d4420afd1fdcdd0a349923e2c8a38ab28198b0f9d0601e4737?s=96&d=mm&r=g\",\"caption\":\"Val\u00e9rie C.\"},\"url\":\"https:\\\/\\\/contactfm72.fr\\\/?author=4\"}]}<\/script>\n<!-- \/ Yoast SEO plugin. -->","yoast_head_json":{"title":"Guerre en Ukraine. Le centre social Loir & Berc\u00e9 recueille vos dons - Contact FM 99.3","robots":{"index":"index","follow":"follow","max-snippet":"max-snippet:-1","max-image-preview":"max-image-preview:large","max-video-preview":"max-video-preview:-1"},"canonical":"https:\/\/contactfm72.fr\/?p=9015","og_locale":"fr_FR","og_type":"article","og_title":"Guerre en Ukraine. Le centre social Loir & Berc\u00e9 recueille vos dons - Contact FM 99.3","og_description":"La guerre en Ukraine a entra\u00een\u00e9 un mouvement de population de masse. Pour aider les r\u00e9fugi\u00e9s, le centre social Loir &amp; Berc\u00e9 de Montval-sur-Loir se mobilise \u00e0 son tour et r\u00e9cup\u00e8re vos dons d\u00e8s maintenant. &nbsp; &nbsp; L&#8217;invasion de l&#8217;arm\u00e9e russe sur le sol ukrainien a entra\u00een\u00e9 un mouvement de population de masse. Toutes les&hellip;","og_url":"https:\/\/contactfm72.fr\/?p=9015","og_site_name":"Contact FM 99.3","article_publisher":"https:\/\/www.facebook.com\/Contactfm.Chateauduloir","article_published_time":"2022-03-10T09:30:43+00:00","article_modified_time":"2022-09-12T13:12:28+00:00","og_image":[{"width":2048,"height":1536,"url":"https:\/\/contactfm72.fr\/wp-content\/uploads\/2022\/03\/centre-social-9-03.jpg","type":"image\/jpeg"}],"author":"Val\u00e9rie C.","twitter_card":"summary_large_image","twitter_creator":"@contactfm72","twitter_site":"@contactfm72","twitter_misc":{"\u00c9crit par":"Val\u00e9rie C.","Dur\u00e9e de lecture estim\u00e9e":"3 minutes"},"schema":{"@context":"https:\/\/schema.org","@graph":[{"@type":"Article","@id":"https:\/\/contactfm72.fr\/?p=9015#article","isPartOf":{"@id":"https:\/\/contactfm72.fr\/?p=9015"},"author":{"name":"Val\u00e9rie C.","@id":"https:\/\/contactfm72.fr\/#\/schema\/person\/9fdc9d1c2eb029354a4f1535b90ba82d"},"headline":"Guerre en Ukraine. Le centre social Loir &#038; Berc\u00e9 recueille vos dons","datePublished":"2022-03-10T09:30:43+00:00","dateModified":"2022-09-12T13:12:28+00:00","mainEntityOfPage":{"@id":"https:\/\/contactfm72.fr\/?p=9015"},"wordCount":648,"publisher":{"@id":"https:\/\/contactfm72.fr\/#organization"},"image":{"@id":"https:\/\/contactfm72.fr\/?p=9015#primaryimage"},"thumbnailUrl":"https:\/\/contactfm72.fr\/wp-content\/uploads\/2022\/03\/centre-social-9-03.jpg","articleSection":["Contact FM 72"],"inLanguage":"fr-FR"},{"@type":"WebPage","@id":"https:\/\/contactfm72.fr\/?p=9015","url":"https:\/\/contactfm72.fr\/?p=9015","name":"Guerre en Ukraine. Le centre social Loir & Berc\u00e9 recueille vos dons - Contact FM 99.3","isPartOf":{"@id":"https:\/\/contactfm72.fr\/#website"},"primaryImageOfPage":{"@id":"https:\/\/contactfm72.fr\/?p=9015#primaryimage"},"image":{"@id":"https:\/\/contactfm72.fr\/?p=9015#primaryimage"},"thumbnailUrl":"https:\/\/contactfm72.fr\/wp-content\/uploads\/2022\/03\/centre-social-9-03.jpg","datePublished":"2022-03-10T09:30:43+00:00","dateModified":"2022-09-12T13:12:28+00:00","breadcrumb":{"@id":"https:\/\/contactfm72.fr\/?p=9015#breadcrumb"},"inLanguage":"fr-FR","potentialAction":[{"@type":"ReadAction","target":["https:\/\/contactfm72.fr\/?p=9015"]}]},{"@type":"ImageObject","inLanguage":"fr-FR","@id":"https:\/\/contactfm72.fr\/?p=9015#primaryimage","url":"https:\/\/contactfm72.fr\/wp-content\/uploads\/2022\/03\/centre-social-9-03.jpg","contentUrl":"https:\/\/contactfm72.fr\/wp-content\/uploads\/2022\/03\/centre-social-9-03.jpg","width":2048,"height":1536,"caption":"Dominique Langevin, Karine Le Bourhis, Jacques Langevin, pr\u00e9sident du centre social, et Herv\u00e9 Ronci\u00e8re."},{"@type":"BreadcrumbList","@id":"https:\/\/contactfm72.fr\/?p=9015#breadcrumb","itemListElement":[{"@type":"ListItem","position":1,"name":"Accueil","item":"https:\/\/contactfm72.fr\/"},{"@type":"ListItem","position":2,"name":"Guerre en Ukraine. Le centre social Loir &#038; Berc\u00e9 recueille vos dons"}]},{"@type":"WebSite","@id":"https:\/\/contactfm72.fr\/#website","url":"https:\/\/contactfm72.fr\/","name":"Contact FM 99.3","description":"Votre radio en vall\u00e9e du Loir","publisher":{"@id":"https:\/\/contactfm72.fr\/#organization"},"potentialAction":[{"@type":"SearchAction","target":{"@type":"EntryPoint","urlTemplate":"https:\/\/contactfm72.fr\/?s={search_term_string}"},"query-input":{"@type":"PropertyValueSpecification","valueRequired":true,"valueName":"search_term_string"}}],"inLanguage":"fr-FR"},{"@type":"Organization","@id":"https:\/\/contactfm72.fr\/#organization","name":"Contact FM 99.3","url":"https:\/\/contactfm72.fr\/","logo":{"@type":"ImageObject","inLanguage":"fr-FR","@id":"https:\/\/contactfm72.fr\/#\/schema\/logo\/image\/","url":"https:\/\/contactfm72.fr\/wp-content\/uploads\/2025\/04\/2025-04-18-2.jpg","contentUrl":"https:\/\/contactfm72.fr\/wp-content\/uploads\/2025\/04\/2025-04-18-2.jpg","width":680,"height":307,"caption":"Contact FM 99.3"},"image":{"@id":"https:\/\/contactfm72.fr\/#\/schema\/logo\/image\/"},"sameAs":["https:\/\/www.facebook.com\/Contactfm.Chateauduloir","https:\/\/x.com\/contactfm72","https:\/\/www.instagram.com\/contact.fm.72?igsh=cGhlMHQ5N2JlNnpp","https:\/\/www.tiktok.com\/@contact.fm"]},{"@type":"Person","@id":"https:\/\/contactfm72.fr\/#\/schema\/person\/9fdc9d1c2eb029354a4f1535b90ba82d","name":"Val\u00e9rie C.","image":{"@type":"ImageObject","inLanguage":"fr-FR","@id":"https:\/\/secure.gravatar.com\/avatar\/2f8aa28f8dfbd7d4420afd1fdcdd0a349923e2c8a38ab28198b0f9d0601e4737?s=96&d=mm&r=g","url":"https:\/\/secure.gravatar.com\/avatar\/2f8aa28f8dfbd7d4420afd1fdcdd0a349923e2c8a38ab28198b0f9d0601e4737?s=96&d=mm&r=g","contentUrl":"https:\/\/secure.gravatar.com\/avatar\/2f8aa28f8dfbd7d4420afd1fdcdd0a349923e2c8a38ab28198b0f9d0601e4737?s=96&d=mm&r=g","caption":"Val\u00e9rie C."},"url":"https:\/\/contactfm72.fr\/?author=4"}]}},"_links":{"self":[{"href":"https:\/\/contactfm72.fr\/index.php?rest_route=\/wp\/v2\/posts\/9015","targetHints":{"allow":["GET"]}}],"collection":[{"href":"https:\/\/contactfm72.fr\/index.php?rest_route=\/wp\/v2\/posts"}],"about":[{"href":"https:\/\/contactfm72.fr\/index.php?rest_route=\/wp\/v2\/types\/post"}],"author":[{"embeddable":true,"href":"https:\/\/contactfm72.fr\/index.php?rest_route=\/wp\/v2\/users\/4"}],"replies":[{"embeddable":true,"href":"https:\/\/contactfm72.fr\/index.php?rest_route=%2Fwp%2Fv2%2Fcomments&post=9015"}],"version-history":[{"count":3,"href":"https:\/\/contactfm72.fr\/index.php?rest_route=\/wp\/v2\/posts\/9015\/revisions"}],"predecessor-version":[{"id":11003,"href":"https:\/\/contactfm72.fr\/index.php?rest_route=\/wp\/v2\/posts\/9015\/revisions\/11003"}],"wp:featuredmedia":[{"embeddable":true,"href":"https:\/\/contactfm72.fr\/index.php?rest_route=\/wp\/v2\/media\/9017"}],"wp:attachment":[{"href":"https:\/\/contactfm72.fr\/index.php?rest_route=%2Fwp%2Fv2%2Fmedia&parent=9015"}],"wp:term":[{"taxonomy":"category","embeddable":true,"href":"https:\/\/contactfm72.fr\/index.php?rest_route=%2Fwp%2Fv2%2Fcategories&post=9015"},{"taxonomy":"post_tag","embeddable":true,"href":"https:\/\/contactfm72.fr\/index.php?rest_route=%2Fwp%2Fv2%2Ftags&post=9015"}],"curies":[{"name":"wp","href":"https:\/\/api.w.org\/{rel}","templated":true}]}}