{"id":8955,"date":"2022-03-07T12:34:39","date_gmt":"2022-03-07T11:34:39","guid":{"rendered":"http:\/\/contactfm72.fr\/?p=8955"},"modified":"2022-03-09T13:34:04","modified_gmt":"2022-03-09T12:34:04","slug":"montval-sur-loir-rencontre-entre-les-membres-du-cmj-et-son-fondateur","status":"publish","type":"post","link":"https:\/\/contactfm72.fr\/?p=8955","title":{"rendered":"Montval-sur-Loir. Rencontre entre les membres du CMJ et son fondateur"},"content":{"rendered":"<h2>Lors d\u2019une r\u00e9union pl\u00e9ni\u00e8re, le conseil municipal jeunes de Montval-sur-Loir a rencontr\u00e9 son fondateur, Jean-Claude Cornilleau, ancien \u00e9lu cast\u00e9lorien.<\/h2>\n<p>&nbsp;<\/p>\n<p>C\u2019est lors d\u2019une r\u00e9union que les<strong> jeunes membres du conseil municipal de Montval-sur-Loir<\/strong> (<strong>Sarthe<\/strong>) ont rencontr\u00e9 <strong>Jean-Claude Cornilleau, le fondateur du CMJ<\/strong>.<\/p>\n<p>&nbsp;<\/p>\n<h3>Rencontre avec le fondateur du CMJ<\/h3>\n<p>Jean-Claude Cornilleau a \u00e9t\u00e9 \u00e9lu durant <strong>quatre mandats \u00e0 Ch\u00e2teau-du-Loir,<\/strong> de <strong>1977 \u00e0 2001<\/strong>, d\u2019abord dans l\u2019opposition, puis en tant que <strong>maire adjoint<\/strong>. \u00ab J\u2019ai cr\u00e9\u00e9 plusieurs entit\u00e9s \u00e0 Ch\u00e2teau-du-Loir, comme le<strong> COC Basket<\/strong>, mais surtout le <strong>conseil municipal jeunes en novembre 1995<\/strong>\u00a0\u00bb, pr\u00e9cise l\u2019ancien enseignant.<\/p>\n<p>Jean-Claude Cornilleau a d\u2019abord effectu\u00e9 trois mandats dans l\u2019opposition\u00a0: \u00ab \u00e0 chaque mandat, j\u2019ai propos\u00e9 de cr\u00e9er un conseil municipal jeune, on me l\u2019a toujours refus\u00e9.<strong> Et c\u2019est lorsque<\/strong> <strong>Daniel Macheton a \u00e9t\u00e9 \u00e9lu maire<\/strong> en 1995 et que j\u2019ai \u00e9t\u00e9 son adjoint que le CMJ a enfin \u00e9t\u00e9 lanc\u00e9. Cr\u00e9er le CMJ a \u00e9t\u00e9 l\u2019une de nos premi\u00e8res d\u00e9cisions. \u00c7a m\u2019a paru important d\u00e9j\u00e0 \u00e0 l\u2019\u00e9poque de <strong>donner la parole aux jeunes<\/strong>\u00a0\u00bb.<\/p>\n<p>&nbsp;<\/p>\n<h3>Premi\u00e8re d\u00e9cision, la ludoth\u00e8que<\/h3>\n<p>Jean-Claude Cornilleau se souvient :<\/p>\n<blockquote><p>\u00ab\u00a0Notre premi\u00e8re action avec le CMJ a \u00e9t\u00e9 de<strong> cr\u00e9er la ludoth\u00e8que<\/strong>. On n\u2019avait pas un gros budget. On a achet\u00e9 quelques jouets, et ensuite s\u2019est cr\u00e9\u00e9e la ludoth\u00e8que, <strong>au Mesnil<\/strong> \u00e0 l\u2019\u00e9poque. C\u2019\u00e9tait les pr\u00e9mices de la biblioth\u00e8que-ludoth\u00e8que telle qu\u2019on la conna\u00eet maintenant \u00bb.<\/p><\/blockquote>\n<p>&nbsp;<\/p>\n<h3>\u00ab \u00c7a me fait tout dr\u00f4le d&#8217;\u00eatre ici \u00bb<\/h3>\n<p>Jean-Claude Cornilleau a donc pu \u00e9changer avec les jeunes conseillers : \u00ab J\u2019ai pu leur raconter l\u2019histoire du CMJ. \u00c7a me fait tout dr\u00f4le d\u2019\u00eatre ici, devant eux, plus de 20 ans apr\u00e8s. Il est possible que j\u2019ai crois\u00e9 leurs parents lorsqu\u2019ils \u00e9taient eux-m\u00eames membres du CMJ \u00e0 l\u2019\u00e9poque \u00bb.<\/p>\n<p>&nbsp;<\/p>\n<h3>&#8220;Le Mag du CMJ&#8221;<\/h3>\n<p>Enfin, les jeunes membres ont pu raconter toutes leurs actions depuis leur installation\u00a0: <strong>jardini\u00e8res partag\u00e9es, ramassage de d\u00e9chets, collecte de jouets, journ\u00e9e \u00e0 l\u2019Assembl\u00e9e Nationale<\/strong>\u2026 et surtout, revenir sur la cr\u00e9ation de leur journal. \u00ab La commission communication du CMJ a mis en place un journal &#8220;Le Mag du CMJ&#8221; mettant en avant les<strong> lieux que les jeunes aiment<\/strong> \u00bb. Ce journal sera \u00e0 retrouver dans les \u00e9coles et coll\u00e8ges du territoire, mais \u00e9galement la piscine Plouf ou encore la biblioth\u00e8que-ludoth\u00e8que Juliette Drouet.<\/p>\n<!-- AddThis Advanced Settings generic via filter on the_content --><!-- AddThis Share Buttons generic via filter on the_content -->","protected":false},"excerpt":{"rendered":"<p>Lors d\u2019une r\u00e9union pl\u00e9ni\u00e8re, le conseil municipal jeunes de Montval-sur-Loir a rencontr\u00e9 son fondateur, Jean-Claude Cornilleau, ancien \u00e9lu cast\u00e9lorien. &nbsp; C\u2019est lors d\u2019une r\u00e9union que les jeunes membres du conseil municipal de Montval-sur-Loir (Sarthe) ont rencontr\u00e9 Jean-Claude Cornilleau, le fondateur du CMJ. &nbsp; Rencontre avec le fondateur du CMJ Jean-Claude Cornilleau a \u00e9t\u00e9 \u00e9lu durant&hellip;<!-- AddThis Advanced Settings generic via filter on get_the_excerpt --><!-- AddThis Share Buttons generic via filter on get_the_excerpt --><\/p>\n","protected":false},"author":4,"featured_media":8956,"comment_status":"closed","ping_status":"open","sticky":false,"template":"","format":"standard","meta":{"footnotes":""},"categories":[1],"tags":[],"class_list":["post-8955","post","type-post","status-publish","format-standard","has-post-thumbnail","hentry","category-contact-fm-72","category-1","description-off"],"yoast_head":"<!-- This site is optimized with the Yoast SEO plugin v27.4 - https:\/\/yoast.com\/product\/yoast-seo-wordpress\/ -->\n<title>Montval-sur-Loir. Rencontre entre les membres du CMJ et son fondateur - Contact FM 99.3<\/title>\n<meta name=\"robots\" content=\"index, follow, max-snippet:-1, max-image-preview:large, max-video-preview:-1\" \/>\n<link rel=\"canonical\" href=\"https:\/\/contactfm72.fr\/?p=8955\" \/>\n<meta property=\"og:locale\" content=\"fr_FR\" \/>\n<meta property=\"og:type\" content=\"article\" \/>\n<meta property=\"og:title\" content=\"Montval-sur-Loir. Rencontre entre les membres du CMJ et son fondateur - Contact FM 99.3\" \/>\n<meta property=\"og:description\" content=\"Lors d\u2019une r\u00e9union pl\u00e9ni\u00e8re, le conseil municipal jeunes de Montval-sur-Loir a rencontr\u00e9 son fondateur, Jean-Claude Cornilleau, ancien \u00e9lu cast\u00e9lorien. &nbsp; C\u2019est lors d\u2019une r\u00e9union que les jeunes membres du conseil municipal de Montval-sur-Loir (Sarthe) ont rencontr\u00e9 Jean-Claude Cornilleau, le fondateur du CMJ. &nbsp; Rencontre avec le fondateur du CMJ Jean-Claude Cornilleau a \u00e9t\u00e9 \u00e9lu durant&hellip;\" \/>\n<meta property=\"og:url\" content=\"https:\/\/contactfm72.fr\/?p=8955\" \/>\n<meta property=\"og:site_name\" content=\"Contact FM 99.3\" \/>\n<meta property=\"article:publisher\" content=\"https:\/\/www.facebook.com\/Contactfm.Chateauduloir\" \/>\n<meta property=\"article:published_time\" content=\"2022-03-07T11:34:39+00:00\" \/>\n<meta property=\"article:modified_time\" content=\"2022-03-09T12:34:04+00:00\" \/>\n<meta property=\"og:image\" content=\"https:\/\/contactfm72.fr\/wp-content\/uploads\/2022\/03\/cmj.jpg\" \/>\n\t<meta property=\"og:image:width\" content=\"2048\" \/>\n\t<meta property=\"og:image:height\" content=\"1536\" \/>\n\t<meta property=\"og:image:type\" content=\"image\/jpeg\" \/>\n<meta name=\"author\" content=\"Val\u00e9rie C.\" \/>\n<meta name=\"twitter:card\" content=\"summary_large_image\" \/>\n<meta name=\"twitter:creator\" content=\"@contactfm72\" \/>\n<meta name=\"twitter:site\" content=\"@contactfm72\" \/>\n<meta name=\"twitter:label1\" content=\"\u00c9crit par\" \/>\n\t<meta name=\"twitter:data1\" content=\"Val\u00e9rie C.\" \/>\n\t<meta name=\"twitter:label2\" content=\"Dur\u00e9e de lecture estim\u00e9e\" \/>\n\t<meta name=\"twitter:data2\" content=\"2 minutes\" \/>\n<script type=\"application\/ld+json\" class=\"yoast-schema-graph\">{\"@context\":\"https:\\\/\\\/schema.org\",\"@graph\":[{\"@type\":\"Article\",\"@id\":\"https:\\\/\\\/contactfm72.fr\\\/?p=8955#article\",\"isPartOf\":{\"@id\":\"https:\\\/\\\/contactfm72.fr\\\/?p=8955\"},\"author\":{\"name\":\"Val\u00e9rie C.\",\"@id\":\"https:\\\/\\\/contactfm72.fr\\\/#\\\/schema\\\/person\\\/9fdc9d1c2eb029354a4f1535b90ba82d\"},\"headline\":\"Montval-sur-Loir. Rencontre entre les membres du CMJ et son fondateur\",\"datePublished\":\"2022-03-07T11:34:39+00:00\",\"dateModified\":\"2022-03-09T12:34:04+00:00\",\"mainEntityOfPage\":{\"@id\":\"https:\\\/\\\/contactfm72.fr\\\/?p=8955\"},\"wordCount\":424,\"publisher\":{\"@id\":\"https:\\\/\\\/contactfm72.fr\\\/#organization\"},\"image\":{\"@id\":\"https:\\\/\\\/contactfm72.fr\\\/?p=8955#primaryimage\"},\"thumbnailUrl\":\"https:\\\/\\\/contactfm72.fr\\\/wp-content\\\/uploads\\\/2022\\\/03\\\/cmj.jpg\",\"articleSection\":[\"Contact FM 72\"],\"inLanguage\":\"fr-FR\"},{\"@type\":\"WebPage\",\"@id\":\"https:\\\/\\\/contactfm72.fr\\\/?p=8955\",\"url\":\"https:\\\/\\\/contactfm72.fr\\\/?p=8955\",\"name\":\"Montval-sur-Loir. Rencontre entre les membres du CMJ et son fondateur - Contact FM 99.3\",\"isPartOf\":{\"@id\":\"https:\\\/\\\/contactfm72.fr\\\/#website\"},\"primaryImageOfPage\":{\"@id\":\"https:\\\/\\\/contactfm72.fr\\\/?p=8955#primaryimage\"},\"image\":{\"@id\":\"https:\\\/\\\/contactfm72.fr\\\/?p=8955#primaryimage\"},\"thumbnailUrl\":\"https:\\\/\\\/contactfm72.fr\\\/wp-content\\\/uploads\\\/2022\\\/03\\\/cmj.jpg\",\"datePublished\":\"2022-03-07T11:34:39+00:00\",\"dateModified\":\"2022-03-09T12:34:04+00:00\",\"breadcrumb\":{\"@id\":\"https:\\\/\\\/contactfm72.fr\\\/?p=8955#breadcrumb\"},\"inLanguage\":\"fr-FR\",\"potentialAction\":[{\"@type\":\"ReadAction\",\"target\":[\"https:\\\/\\\/contactfm72.fr\\\/?p=8955\"]}]},{\"@type\":\"ImageObject\",\"inLanguage\":\"fr-FR\",\"@id\":\"https:\\\/\\\/contactfm72.fr\\\/?p=8955#primaryimage\",\"url\":\"https:\\\/\\\/contactfm72.fr\\\/wp-content\\\/uploads\\\/2022\\\/03\\\/cmj.jpg\",\"contentUrl\":\"https:\\\/\\\/contactfm72.fr\\\/wp-content\\\/uploads\\\/2022\\\/03\\\/cmj.jpg\",\"width\":2048,\"height\":1536,\"caption\":\"Les membres du CMJ accompagn\u00e9s de Jean Claude Cornilleau, posant fi\u00e8rement avec la premi\u00e8re \u00e9dition de \\\"Le Mag du CMJ\\\".\"},{\"@type\":\"BreadcrumbList\",\"@id\":\"https:\\\/\\\/contactfm72.fr\\\/?p=8955#breadcrumb\",\"itemListElement\":[{\"@type\":\"ListItem\",\"position\":1,\"name\":\"Accueil\",\"item\":\"https:\\\/\\\/contactfm72.fr\\\/\"},{\"@type\":\"ListItem\",\"position\":2,\"name\":\"Montval-sur-Loir. Rencontre entre les membres du CMJ et son fondateur\"}]},{\"@type\":\"WebSite\",\"@id\":\"https:\\\/\\\/contactfm72.fr\\\/#website\",\"url\":\"https:\\\/\\\/contactfm72.fr\\\/\",\"name\":\"Contact FM 99.3\",\"description\":\"Votre radio en vall\u00e9e du Loir\",\"publisher\":{\"@id\":\"https:\\\/\\\/contactfm72.fr\\\/#organization\"},\"potentialAction\":[{\"@type\":\"SearchAction\",\"target\":{\"@type\":\"EntryPoint\",\"urlTemplate\":\"https:\\\/\\\/contactfm72.fr\\\/?s={search_term_string}\"},\"query-input\":{\"@type\":\"PropertyValueSpecification\",\"valueRequired\":true,\"valueName\":\"search_term_string\"}}],\"inLanguage\":\"fr-FR\"},{\"@type\":\"Organization\",\"@id\":\"https:\\\/\\\/contactfm72.fr\\\/#organization\",\"name\":\"Contact FM 99.3\",\"url\":\"https:\\\/\\\/contactfm72.fr\\\/\",\"logo\":{\"@type\":\"ImageObject\",\"inLanguage\":\"fr-FR\",\"@id\":\"https:\\\/\\\/contactfm72.fr\\\/#\\\/schema\\\/logo\\\/image\\\/\",\"url\":\"https:\\\/\\\/contactfm72.fr\\\/wp-content\\\/uploads\\\/2025\\\/04\\\/2025-04-18-2.jpg\",\"contentUrl\":\"https:\\\/\\\/contactfm72.fr\\\/wp-content\\\/uploads\\\/2025\\\/04\\\/2025-04-18-2.jpg\",\"width\":680,\"height\":307,\"caption\":\"Contact FM 99.3\"},\"image\":{\"@id\":\"https:\\\/\\\/contactfm72.fr\\\/#\\\/schema\\\/logo\\\/image\\\/\"},\"sameAs\":[\"https:\\\/\\\/www.facebook.com\\\/Contactfm.Chateauduloir\",\"https:\\\/\\\/x.com\\\/contactfm72\",\"https:\\\/\\\/www.instagram.com\\\/contact.fm.72?igsh=cGhlMHQ5N2JlNnpp\",\"https:\\\/\\\/www.tiktok.com\\\/@contact.fm\"]},{\"@type\":\"Person\",\"@id\":\"https:\\\/\\\/contactfm72.fr\\\/#\\\/schema\\\/person\\\/9fdc9d1c2eb029354a4f1535b90ba82d\",\"name\":\"Val\u00e9rie C.\",\"image\":{\"@type\":\"ImageObject\",\"inLanguage\":\"fr-FR\",\"@id\":\"https:\\\/\\\/secure.gravatar.com\\\/avatar\\\/2f8aa28f8dfbd7d4420afd1fdcdd0a349923e2c8a38ab28198b0f9d0601e4737?s=96&d=mm&r=g\",\"url\":\"https:\\\/\\\/secure.gravatar.com\\\/avatar\\\/2f8aa28f8dfbd7d4420afd1fdcdd0a349923e2c8a38ab28198b0f9d0601e4737?s=96&d=mm&r=g\",\"contentUrl\":\"https:\\\/\\\/secure.gravatar.com\\\/avatar\\\/2f8aa28f8dfbd7d4420afd1fdcdd0a349923e2c8a38ab28198b0f9d0601e4737?s=96&d=mm&r=g\",\"caption\":\"Val\u00e9rie C.\"},\"url\":\"https:\\\/\\\/contactfm72.fr\\\/?author=4\"}]}<\/script>\n<!-- \/ Yoast SEO plugin. -->","yoast_head_json":{"title":"Montval-sur-Loir. Rencontre entre les membres du CMJ et son fondateur - Contact FM 99.3","robots":{"index":"index","follow":"follow","max-snippet":"max-snippet:-1","max-image-preview":"max-image-preview:large","max-video-preview":"max-video-preview:-1"},"canonical":"https:\/\/contactfm72.fr\/?p=8955","og_locale":"fr_FR","og_type":"article","og_title":"Montval-sur-Loir. Rencontre entre les membres du CMJ et son fondateur - Contact FM 99.3","og_description":"Lors d\u2019une r\u00e9union pl\u00e9ni\u00e8re, le conseil municipal jeunes de Montval-sur-Loir a rencontr\u00e9 son fondateur, Jean-Claude Cornilleau, ancien \u00e9lu cast\u00e9lorien. &nbsp; C\u2019est lors d\u2019une r\u00e9union que les jeunes membres du conseil municipal de Montval-sur-Loir (Sarthe) ont rencontr\u00e9 Jean-Claude Cornilleau, le fondateur du CMJ. &nbsp; Rencontre avec le fondateur du CMJ Jean-Claude Cornilleau a \u00e9t\u00e9 \u00e9lu durant&hellip;","og_url":"https:\/\/contactfm72.fr\/?p=8955","og_site_name":"Contact FM 99.3","article_publisher":"https:\/\/www.facebook.com\/Contactfm.Chateauduloir","article_published_time":"2022-03-07T11:34:39+00:00","article_modified_time":"2022-03-09T12:34:04+00:00","og_image":[{"width":2048,"height":1536,"url":"https:\/\/contactfm72.fr\/wp-content\/uploads\/2022\/03\/cmj.jpg","type":"image\/jpeg"}],"author":"Val\u00e9rie C.","twitter_card":"summary_large_image","twitter_creator":"@contactfm72","twitter_site":"@contactfm72","twitter_misc":{"\u00c9crit par":"Val\u00e9rie C.","Dur\u00e9e de lecture estim\u00e9e":"2 minutes"},"schema":{"@context":"https:\/\/schema.org","@graph":[{"@type":"Article","@id":"https:\/\/contactfm72.fr\/?p=8955#article","isPartOf":{"@id":"https:\/\/contactfm72.fr\/?p=8955"},"author":{"name":"Val\u00e9rie C.","@id":"https:\/\/contactfm72.fr\/#\/schema\/person\/9fdc9d1c2eb029354a4f1535b90ba82d"},"headline":"Montval-sur-Loir. Rencontre entre les membres du CMJ et son fondateur","datePublished":"2022-03-07T11:34:39+00:00","dateModified":"2022-03-09T12:34:04+00:00","mainEntityOfPage":{"@id":"https:\/\/contactfm72.fr\/?p=8955"},"wordCount":424,"publisher":{"@id":"https:\/\/contactfm72.fr\/#organization"},"image":{"@id":"https:\/\/contactfm72.fr\/?p=8955#primaryimage"},"thumbnailUrl":"https:\/\/contactfm72.fr\/wp-content\/uploads\/2022\/03\/cmj.jpg","articleSection":["Contact FM 72"],"inLanguage":"fr-FR"},{"@type":"WebPage","@id":"https:\/\/contactfm72.fr\/?p=8955","url":"https:\/\/contactfm72.fr\/?p=8955","name":"Montval-sur-Loir. Rencontre entre les membres du CMJ et son fondateur - Contact FM 99.3","isPartOf":{"@id":"https:\/\/contactfm72.fr\/#website"},"primaryImageOfPage":{"@id":"https:\/\/contactfm72.fr\/?p=8955#primaryimage"},"image":{"@id":"https:\/\/contactfm72.fr\/?p=8955#primaryimage"},"thumbnailUrl":"https:\/\/contactfm72.fr\/wp-content\/uploads\/2022\/03\/cmj.jpg","datePublished":"2022-03-07T11:34:39+00:00","dateModified":"2022-03-09T12:34:04+00:00","breadcrumb":{"@id":"https:\/\/contactfm72.fr\/?p=8955#breadcrumb"},"inLanguage":"fr-FR","potentialAction":[{"@type":"ReadAction","target":["https:\/\/contactfm72.fr\/?p=8955"]}]},{"@type":"ImageObject","inLanguage":"fr-FR","@id":"https:\/\/contactfm72.fr\/?p=8955#primaryimage","url":"https:\/\/contactfm72.fr\/wp-content\/uploads\/2022\/03\/cmj.jpg","contentUrl":"https:\/\/contactfm72.fr\/wp-content\/uploads\/2022\/03\/cmj.jpg","width":2048,"height":1536,"caption":"Les membres du CMJ accompagn\u00e9s de Jean Claude Cornilleau, posant fi\u00e8rement avec la premi\u00e8re \u00e9dition de \"Le Mag du CMJ\"."},{"@type":"BreadcrumbList","@id":"https:\/\/contactfm72.fr\/?p=8955#breadcrumb","itemListElement":[{"@type":"ListItem","position":1,"name":"Accueil","item":"https:\/\/contactfm72.fr\/"},{"@type":"ListItem","position":2,"name":"Montval-sur-Loir. Rencontre entre les membres du CMJ et son fondateur"}]},{"@type":"WebSite","@id":"https:\/\/contactfm72.fr\/#website","url":"https:\/\/contactfm72.fr\/","name":"Contact FM 99.3","description":"Votre radio en vall\u00e9e du Loir","publisher":{"@id":"https:\/\/contactfm72.fr\/#organization"},"potentialAction":[{"@type":"SearchAction","target":{"@type":"EntryPoint","urlTemplate":"https:\/\/contactfm72.fr\/?s={search_term_string}"},"query-input":{"@type":"PropertyValueSpecification","valueRequired":true,"valueName":"search_term_string"}}],"inLanguage":"fr-FR"},{"@type":"Organization","@id":"https:\/\/contactfm72.fr\/#organization","name":"Contact FM 99.3","url":"https:\/\/contactfm72.fr\/","logo":{"@type":"ImageObject","inLanguage":"fr-FR","@id":"https:\/\/contactfm72.fr\/#\/schema\/logo\/image\/","url":"https:\/\/contactfm72.fr\/wp-content\/uploads\/2025\/04\/2025-04-18-2.jpg","contentUrl":"https:\/\/contactfm72.fr\/wp-content\/uploads\/2025\/04\/2025-04-18-2.jpg","width":680,"height":307,"caption":"Contact FM 99.3"},"image":{"@id":"https:\/\/contactfm72.fr\/#\/schema\/logo\/image\/"},"sameAs":["https:\/\/www.facebook.com\/Contactfm.Chateauduloir","https:\/\/x.com\/contactfm72","https:\/\/www.instagram.com\/contact.fm.72?igsh=cGhlMHQ5N2JlNnpp","https:\/\/www.tiktok.com\/@contact.fm"]},{"@type":"Person","@id":"https:\/\/contactfm72.fr\/#\/schema\/person\/9fdc9d1c2eb029354a4f1535b90ba82d","name":"Val\u00e9rie C.","image":{"@type":"ImageObject","inLanguage":"fr-FR","@id":"https:\/\/secure.gravatar.com\/avatar\/2f8aa28f8dfbd7d4420afd1fdcdd0a349923e2c8a38ab28198b0f9d0601e4737?s=96&d=mm&r=g","url":"https:\/\/secure.gravatar.com\/avatar\/2f8aa28f8dfbd7d4420afd1fdcdd0a349923e2c8a38ab28198b0f9d0601e4737?s=96&d=mm&r=g","contentUrl":"https:\/\/secure.gravatar.com\/avatar\/2f8aa28f8dfbd7d4420afd1fdcdd0a349923e2c8a38ab28198b0f9d0601e4737?s=96&d=mm&r=g","caption":"Val\u00e9rie C."},"url":"https:\/\/contactfm72.fr\/?author=4"}]}},"_links":{"self":[{"href":"https:\/\/contactfm72.fr\/index.php?rest_route=\/wp\/v2\/posts\/8955","targetHints":{"allow":["GET"]}}],"collection":[{"href":"https:\/\/contactfm72.fr\/index.php?rest_route=\/wp\/v2\/posts"}],"about":[{"href":"https:\/\/contactfm72.fr\/index.php?rest_route=\/wp\/v2\/types\/post"}],"author":[{"embeddable":true,"href":"https:\/\/contactfm72.fr\/index.php?rest_route=\/wp\/v2\/users\/4"}],"replies":[{"embeddable":true,"href":"https:\/\/contactfm72.fr\/index.php?rest_route=%2Fwp%2Fv2%2Fcomments&post=8955"}],"version-history":[{"count":3,"href":"https:\/\/contactfm72.fr\/index.php?rest_route=\/wp\/v2\/posts\/8955\/revisions"}],"predecessor-version":[{"id":9009,"href":"https:\/\/contactfm72.fr\/index.php?rest_route=\/wp\/v2\/posts\/8955\/revisions\/9009"}],"wp:featuredmedia":[{"embeddable":true,"href":"https:\/\/contactfm72.fr\/index.php?rest_route=\/wp\/v2\/media\/8956"}],"wp:attachment":[{"href":"https:\/\/contactfm72.fr\/index.php?rest_route=%2Fwp%2Fv2%2Fmedia&parent=8955"}],"wp:term":[{"taxonomy":"category","embeddable":true,"href":"https:\/\/contactfm72.fr\/index.php?rest_route=%2Fwp%2Fv2%2Fcategories&post=8955"},{"taxonomy":"post_tag","embeddable":true,"href":"https:\/\/contactfm72.fr\/index.php?rest_route=%2Fwp%2Fv2%2Ftags&post=8955"}],"curies":[{"name":"wp","href":"https:\/\/api.w.org\/{rel}","templated":true}]}}