{"id":8945,"date":"2022-03-04T16:52:20","date_gmt":"2022-03-04T15:52:20","guid":{"rendered":"http:\/\/contactfm72.fr\/?p=8945"},"modified":"2022-03-04T16:52:20","modified_gmt":"2022-03-04T15:52:20","slug":"zone-des-tourelles-au-lude-un-pole-de-plus-en-plus-attractif","status":"publish","type":"post","link":"https:\/\/contactfm72.fr\/?p=8945","title":{"rendered":"Zone des Tourelles au Lude : un p\u00f4le de plus en plus attractif"},"content":{"rendered":"<h2>Le vendredi 4 mars, la commune nouvelle du Lude a inaugur\u00e9 les trois b\u00e2timents \u00e9conomiques de la Zone des Tourelles, une zone de plus en plus attractive.<\/h2>\n<p>&nbsp;<\/p>\n<p>En pr\u00e9sence de <strong>Fran\u00e7ois Boussard, pr\u00e9sident de la communaut\u00e9 de communes Sud-Sarthe<\/strong>, l\u2019\u00e9quipe municipale de la commune nouvelle du <strong>Lude (Sarthe)<\/strong>, ont inaugur\u00e9 les<strong> trois nouveaux b\u00e2timents \u00e9conomiques de la zone des Tourelles<\/strong>.<\/p>\n<p>&nbsp;<\/p>\n<h3>Gen\u00e8se du projet<\/h3>\n<p><strong>B\u00e9atrice Latouche, maire,<\/strong> revient sur la gen\u00e8se de ce projet\u00a0:<\/p>\n<blockquote><p>\u00ab\u00a0En juillet 2017, la <strong>zone industrielle de Pontfour<\/strong> a connu un important <strong>incendie<\/strong> dans un b\u00e2timent de 1200m\u00b2, un local de stockage, et une soci\u00e9t\u00e9 de plomberie ont \u00e9t\u00e9 ravag\u00e9s par les flammes. Un coup dur pour les entreprises touch\u00e9es par cet incident qui n&#8217;a heureusement pas fait de victimes, un coup dur pour la commune \u00bb.<\/p><\/blockquote>\n<p>Deux ans plus tard, le conseil municipal s\u2019est prononc\u00e9 sur la <strong>construction de ses trois nouveaux b\u00e2timents<\/strong>, aux couleurs de la Ville. \u00ab L\u2019objectif n\u2019\u00e9tait pas de reconstruire Pontfour, mais de <strong>renforcer la zone des Tourelles<\/strong> \u00bb, pr\u00e9cise la maire.<\/p>\n<p>&nbsp;<\/p>\n<h3>Trois b\u00e2timents de 300 \u00e0 500m\u00b2<\/h3>\n<p>De <strong>300 \u00e0 500m\u00b2<\/strong>, ces b\u00e2timents accueilleront prochainement des <strong>porteurs de projet<\/strong>. Compos\u00e9s de bureaux et\/ou d&#8217;espaces logistiques, ils sont <strong>adapt\u00e9s \u00e0 tous types d&#8217;activit\u00e9s<\/strong>, comme le pr\u00e9cise la maire\u00a0: \u00ab\u00a0C\u2019est d\u2019abord et avant tout un \u00e9v\u00e8nement marquant pour notre commune et tous les porteurs de projets actuels et \u00e0 venir, ces porteurs de projets de plus en plus nombreux \u00e0 contacter les services de la mairie, et \u00e0 qui ces nouveaux b\u00e2timents sont destin\u00e9s\u00a0\u00bb.<\/p>\n<p>&nbsp;<\/p>\n<div id=\"attachment_8947\" style=\"width: 1080px\" class=\"wp-caption alignnone\"><img loading=\"lazy\" decoding=\"async\" aria-describedby=\"caption-attachment-8947\" class=\"size-full wp-image-8947\" src=\"http:\/\/contactfm72.fr\/wp-content\/uploads\/2022\/03\/b\u00e2timents-le-lude.png\" alt=\"\" width=\"1070\" height=\"222\" \/><p id=\"caption-attachment-8947\" class=\"wp-caption-text\">Les trois b\u00e2timents inaugur\u00e9s accueilleront prochainement des nouveaux porteurs de projets. Cr\u00e9dits: Ville le Lude.<\/p><\/div>\n<h3><\/h3>\n<h3>1.6 millions d&#8217;euros<\/h3>\n<p>Ces trois b\u00e2timents &#8220;blancs&#8221; sont destin\u00e9s \u00e0 l&#8217;installation ou l&#8217;agrandissement d&#8217;entreprises locales ont \u00e9t\u00e9 construits par la commune via <strong>une enveloppe d\u20191,6 millions d\u2019euros<\/strong>, dont <strong>400 000 euros de subvention<\/strong> au titre de la Dotation d\u2019\u00e9quipement des territoires ruraux (DETR), et<strong> 500 000 euros des assurances<\/strong>, soit un total 700 000 euros pour la commune.<\/p>\n<p>\u00ab Nous avons d\u00e9j\u00e0 <strong>quatre candidats<\/strong> pour ces b\u00e2timents \u00bb, d\u00e9voile B\u00e9atrice Latouche.<\/p>\n<p>&nbsp;<\/p>\n<h3>Une zone de plus en plus attractive<\/h3>\n<p>La Zone des Tourelles qui regroupe d\u00e9j\u00e0 <strong>37 petites, moyennes, ou grandes entreprises<\/strong>, et encore d&#8217;avantage demain, confirme ann\u00e9e apr\u00e8s ann\u00e9e son r\u00f4le de <strong>p\u00f4le d&#8217;activit\u00e9<\/strong>\u00a0:<\/p>\n<p>&nbsp;<\/p>\n<blockquote><p>\u00ab Je me r\u00e9jouis que nos usines et ateliers, se regroupent en <strong>un seul et m\u00eame lieu<\/strong>. Un lieu en <strong>pleine expansion<\/strong>, qui nous permettra d&#8217;aborder progressivement l&#8217;<strong>am\u00e9nagement de l&#8217;ex-site Candia<\/strong> et des bords de Loir en <strong>d\u00e9pla\u00e7ant la zone d&#8217;activit\u00e9<\/strong> ici m\u00eame, pour mieux pr\u00e9server et embellir notre joyau naturel, le Loir, ses berges, et les abords du ch\u00e2teau, en conjuguant <strong>attractivit\u00e9, \u00e9conomique et touristique <\/strong>\u00bb, termine B\u00e9atrice Latouche.<\/p><\/blockquote>\n<!-- AddThis Advanced Settings generic via filter on the_content --><!-- AddThis Share Buttons generic via filter on the_content -->","protected":false},"excerpt":{"rendered":"<p>Le vendredi 4 mars, la commune nouvelle du Lude a inaugur\u00e9 les trois b\u00e2timents \u00e9conomiques de la Zone des Tourelles, une zone de plus en plus attractive. &nbsp; En pr\u00e9sence de Fran\u00e7ois Boussard, pr\u00e9sident de la communaut\u00e9 de communes Sud-Sarthe, l\u2019\u00e9quipe municipale de la commune nouvelle du Lude (Sarthe), ont inaugur\u00e9 les trois nouveaux b\u00e2timents&hellip;<!-- AddThis Advanced Settings generic via filter on get_the_excerpt --><!-- AddThis Share Buttons generic via filter on get_the_excerpt --><\/p>\n","protected":false},"author":4,"featured_media":8946,"comment_status":"closed","ping_status":"open","sticky":false,"template":"","format":"standard","meta":{"footnotes":""},"categories":[1],"tags":[],"class_list":["post-8945","post","type-post","status-publish","format-standard","has-post-thumbnail","hentry","category-contact-fm-72","category-1","description-off"],"yoast_head":"<!-- This site is optimized with the Yoast SEO plugin v27.4 - https:\/\/yoast.com\/product\/yoast-seo-wordpress\/ -->\n<title>Zone des Tourelles au Lude : un p\u00f4le de plus en plus attractif - Contact FM 99.3<\/title>\n<meta name=\"robots\" content=\"index, follow, max-snippet:-1, max-image-preview:large, max-video-preview:-1\" \/>\n<link rel=\"canonical\" href=\"https:\/\/contactfm72.fr\/?p=8945\" \/>\n<meta property=\"og:locale\" content=\"fr_FR\" \/>\n<meta property=\"og:type\" content=\"article\" \/>\n<meta property=\"og:title\" content=\"Zone des Tourelles au Lude : un p\u00f4le de plus en plus attractif - Contact FM 99.3\" \/>\n<meta property=\"og:description\" content=\"Le vendredi 4 mars, la commune nouvelle du Lude a inaugur\u00e9 les trois b\u00e2timents \u00e9conomiques de la Zone des Tourelles, une zone de plus en plus attractive. &nbsp; En pr\u00e9sence de Fran\u00e7ois Boussard, pr\u00e9sident de la communaut\u00e9 de communes Sud-Sarthe, l\u2019\u00e9quipe municipale de la commune nouvelle du Lude (Sarthe), ont inaugur\u00e9 les trois nouveaux b\u00e2timents&hellip;\" \/>\n<meta property=\"og:url\" content=\"https:\/\/contactfm72.fr\/?p=8945\" \/>\n<meta property=\"og:site_name\" content=\"Contact FM 99.3\" \/>\n<meta property=\"article:publisher\" content=\"https:\/\/www.facebook.com\/Contactfm.Chateauduloir\" \/>\n<meta property=\"article:published_time\" content=\"2022-03-04T15:52:20+00:00\" \/>\n<meta property=\"og:image\" content=\"https:\/\/contactfm72.fr\/wp-content\/uploads\/2022\/03\/inauguration-le-lude.jpg\" \/>\n\t<meta property=\"og:image:width\" content=\"2048\" \/>\n\t<meta property=\"og:image:height\" content=\"1536\" \/>\n\t<meta property=\"og:image:type\" content=\"image\/jpeg\" \/>\n<meta name=\"author\" content=\"Val\u00e9rie C.\" \/>\n<meta name=\"twitter:card\" content=\"summary_large_image\" \/>\n<meta name=\"twitter:creator\" content=\"@contactfm72\" \/>\n<meta name=\"twitter:site\" content=\"@contactfm72\" \/>\n<meta name=\"twitter:label1\" content=\"\u00c9crit par\" \/>\n\t<meta name=\"twitter:data1\" content=\"Val\u00e9rie C.\" \/>\n\t<meta name=\"twitter:label2\" content=\"Dur\u00e9e de lecture estim\u00e9e\" \/>\n\t<meta name=\"twitter:data2\" content=\"2 minutes\" \/>\n<script type=\"application\/ld+json\" class=\"yoast-schema-graph\">{\"@context\":\"https:\\\/\\\/schema.org\",\"@graph\":[{\"@type\":\"Article\",\"@id\":\"https:\\\/\\\/contactfm72.fr\\\/?p=8945#article\",\"isPartOf\":{\"@id\":\"https:\\\/\\\/contactfm72.fr\\\/?p=8945\"},\"author\":{\"name\":\"Val\u00e9rie C.\",\"@id\":\"https:\\\/\\\/contactfm72.fr\\\/#\\\/schema\\\/person\\\/9fdc9d1c2eb029354a4f1535b90ba82d\"},\"headline\":\"Zone des Tourelles au Lude : un p\u00f4le de plus en plus attractif\",\"datePublished\":\"2022-03-04T15:52:20+00:00\",\"mainEntityOfPage\":{\"@id\":\"https:\\\/\\\/contactfm72.fr\\\/?p=8945\"},\"wordCount\":509,\"publisher\":{\"@id\":\"https:\\\/\\\/contactfm72.fr\\\/#organization\"},\"image\":{\"@id\":\"https:\\\/\\\/contactfm72.fr\\\/?p=8945#primaryimage\"},\"thumbnailUrl\":\"https:\\\/\\\/contactfm72.fr\\\/wp-content\\\/uploads\\\/2022\\\/03\\\/inauguration-le-lude.jpg\",\"articleSection\":[\"Contact FM 72\"],\"inLanguage\":\"fr-FR\"},{\"@type\":\"WebPage\",\"@id\":\"https:\\\/\\\/contactfm72.fr\\\/?p=8945\",\"url\":\"https:\\\/\\\/contactfm72.fr\\\/?p=8945\",\"name\":\"Zone des Tourelles au Lude : un p\u00f4le de plus en plus attractif - Contact FM 99.3\",\"isPartOf\":{\"@id\":\"https:\\\/\\\/contactfm72.fr\\\/#website\"},\"primaryImageOfPage\":{\"@id\":\"https:\\\/\\\/contactfm72.fr\\\/?p=8945#primaryimage\"},\"image\":{\"@id\":\"https:\\\/\\\/contactfm72.fr\\\/?p=8945#primaryimage\"},\"thumbnailUrl\":\"https:\\\/\\\/contactfm72.fr\\\/wp-content\\\/uploads\\\/2022\\\/03\\\/inauguration-le-lude.jpg\",\"datePublished\":\"2022-03-04T15:52:20+00:00\",\"breadcrumb\":{\"@id\":\"https:\\\/\\\/contactfm72.fr\\\/?p=8945#breadcrumb\"},\"inLanguage\":\"fr-FR\",\"potentialAction\":[{\"@type\":\"ReadAction\",\"target\":[\"https:\\\/\\\/contactfm72.fr\\\/?p=8945\"]}]},{\"@type\":\"ImageObject\",\"inLanguage\":\"fr-FR\",\"@id\":\"https:\\\/\\\/contactfm72.fr\\\/?p=8945#primaryimage\",\"url\":\"https:\\\/\\\/contactfm72.fr\\\/wp-content\\\/uploads\\\/2022\\\/03\\\/inauguration-le-lude.jpg\",\"contentUrl\":\"https:\\\/\\\/contactfm72.fr\\\/wp-content\\\/uploads\\\/2022\\\/03\\\/inauguration-le-lude.jpg\",\"width\":2048,\"height\":1536,\"caption\":\"Lors de l'inauguration des b\u00e2timents au Lude.\"},{\"@type\":\"BreadcrumbList\",\"@id\":\"https:\\\/\\\/contactfm72.fr\\\/?p=8945#breadcrumb\",\"itemListElement\":[{\"@type\":\"ListItem\",\"position\":1,\"name\":\"Accueil\",\"item\":\"https:\\\/\\\/contactfm72.fr\\\/\"},{\"@type\":\"ListItem\",\"position\":2,\"name\":\"Zone des Tourelles au Lude : un p\u00f4le de plus en plus attractif\"}]},{\"@type\":\"WebSite\",\"@id\":\"https:\\\/\\\/contactfm72.fr\\\/#website\",\"url\":\"https:\\\/\\\/contactfm72.fr\\\/\",\"name\":\"Contact FM 99.3\",\"description\":\"Votre radio en vall\u00e9e du Loir\",\"publisher\":{\"@id\":\"https:\\\/\\\/contactfm72.fr\\\/#organization\"},\"potentialAction\":[{\"@type\":\"SearchAction\",\"target\":{\"@type\":\"EntryPoint\",\"urlTemplate\":\"https:\\\/\\\/contactfm72.fr\\\/?s={search_term_string}\"},\"query-input\":{\"@type\":\"PropertyValueSpecification\",\"valueRequired\":true,\"valueName\":\"search_term_string\"}}],\"inLanguage\":\"fr-FR\"},{\"@type\":\"Organization\",\"@id\":\"https:\\\/\\\/contactfm72.fr\\\/#organization\",\"name\":\"Contact FM 99.3\",\"url\":\"https:\\\/\\\/contactfm72.fr\\\/\",\"logo\":{\"@type\":\"ImageObject\",\"inLanguage\":\"fr-FR\",\"@id\":\"https:\\\/\\\/contactfm72.fr\\\/#\\\/schema\\\/logo\\\/image\\\/\",\"url\":\"https:\\\/\\\/contactfm72.fr\\\/wp-content\\\/uploads\\\/2025\\\/04\\\/2025-04-18-2.jpg\",\"contentUrl\":\"https:\\\/\\\/contactfm72.fr\\\/wp-content\\\/uploads\\\/2025\\\/04\\\/2025-04-18-2.jpg\",\"width\":680,\"height\":307,\"caption\":\"Contact FM 99.3\"},\"image\":{\"@id\":\"https:\\\/\\\/contactfm72.fr\\\/#\\\/schema\\\/logo\\\/image\\\/\"},\"sameAs\":[\"https:\\\/\\\/www.facebook.com\\\/Contactfm.Chateauduloir\",\"https:\\\/\\\/x.com\\\/contactfm72\",\"https:\\\/\\\/www.instagram.com\\\/contact.fm.72?igsh=cGhlMHQ5N2JlNnpp\",\"https:\\\/\\\/www.tiktok.com\\\/@contact.fm\"]},{\"@type\":\"Person\",\"@id\":\"https:\\\/\\\/contactfm72.fr\\\/#\\\/schema\\\/person\\\/9fdc9d1c2eb029354a4f1535b90ba82d\",\"name\":\"Val\u00e9rie C.\",\"image\":{\"@type\":\"ImageObject\",\"inLanguage\":\"fr-FR\",\"@id\":\"https:\\\/\\\/secure.gravatar.com\\\/avatar\\\/2f8aa28f8dfbd7d4420afd1fdcdd0a349923e2c8a38ab28198b0f9d0601e4737?s=96&d=mm&r=g\",\"url\":\"https:\\\/\\\/secure.gravatar.com\\\/avatar\\\/2f8aa28f8dfbd7d4420afd1fdcdd0a349923e2c8a38ab28198b0f9d0601e4737?s=96&d=mm&r=g\",\"contentUrl\":\"https:\\\/\\\/secure.gravatar.com\\\/avatar\\\/2f8aa28f8dfbd7d4420afd1fdcdd0a349923e2c8a38ab28198b0f9d0601e4737?s=96&d=mm&r=g\",\"caption\":\"Val\u00e9rie C.\"},\"url\":\"https:\\\/\\\/contactfm72.fr\\\/?author=4\"}]}<\/script>\n<!-- \/ Yoast SEO plugin. -->","yoast_head_json":{"title":"Zone des Tourelles au Lude : un p\u00f4le de plus en plus attractif - Contact FM 99.3","robots":{"index":"index","follow":"follow","max-snippet":"max-snippet:-1","max-image-preview":"max-image-preview:large","max-video-preview":"max-video-preview:-1"},"canonical":"https:\/\/contactfm72.fr\/?p=8945","og_locale":"fr_FR","og_type":"article","og_title":"Zone des Tourelles au Lude : un p\u00f4le de plus en plus attractif - Contact FM 99.3","og_description":"Le vendredi 4 mars, la commune nouvelle du Lude a inaugur\u00e9 les trois b\u00e2timents \u00e9conomiques de la Zone des Tourelles, une zone de plus en plus attractive. &nbsp; En pr\u00e9sence de Fran\u00e7ois Boussard, pr\u00e9sident de la communaut\u00e9 de communes Sud-Sarthe, l\u2019\u00e9quipe municipale de la commune nouvelle du Lude (Sarthe), ont inaugur\u00e9 les trois nouveaux b\u00e2timents&hellip;","og_url":"https:\/\/contactfm72.fr\/?p=8945","og_site_name":"Contact FM 99.3","article_publisher":"https:\/\/www.facebook.com\/Contactfm.Chateauduloir","article_published_time":"2022-03-04T15:52:20+00:00","og_image":[{"width":2048,"height":1536,"url":"https:\/\/contactfm72.fr\/wp-content\/uploads\/2022\/03\/inauguration-le-lude.jpg","type":"image\/jpeg"}],"author":"Val\u00e9rie C.","twitter_card":"summary_large_image","twitter_creator":"@contactfm72","twitter_site":"@contactfm72","twitter_misc":{"\u00c9crit par":"Val\u00e9rie C.","Dur\u00e9e de lecture estim\u00e9e":"2 minutes"},"schema":{"@context":"https:\/\/schema.org","@graph":[{"@type":"Article","@id":"https:\/\/contactfm72.fr\/?p=8945#article","isPartOf":{"@id":"https:\/\/contactfm72.fr\/?p=8945"},"author":{"name":"Val\u00e9rie C.","@id":"https:\/\/contactfm72.fr\/#\/schema\/person\/9fdc9d1c2eb029354a4f1535b90ba82d"},"headline":"Zone des Tourelles au Lude : un p\u00f4le de plus en plus attractif","datePublished":"2022-03-04T15:52:20+00:00","mainEntityOfPage":{"@id":"https:\/\/contactfm72.fr\/?p=8945"},"wordCount":509,"publisher":{"@id":"https:\/\/contactfm72.fr\/#organization"},"image":{"@id":"https:\/\/contactfm72.fr\/?p=8945#primaryimage"},"thumbnailUrl":"https:\/\/contactfm72.fr\/wp-content\/uploads\/2022\/03\/inauguration-le-lude.jpg","articleSection":["Contact FM 72"],"inLanguage":"fr-FR"},{"@type":"WebPage","@id":"https:\/\/contactfm72.fr\/?p=8945","url":"https:\/\/contactfm72.fr\/?p=8945","name":"Zone des Tourelles au Lude : un p\u00f4le de plus en plus attractif - Contact FM 99.3","isPartOf":{"@id":"https:\/\/contactfm72.fr\/#website"},"primaryImageOfPage":{"@id":"https:\/\/contactfm72.fr\/?p=8945#primaryimage"},"image":{"@id":"https:\/\/contactfm72.fr\/?p=8945#primaryimage"},"thumbnailUrl":"https:\/\/contactfm72.fr\/wp-content\/uploads\/2022\/03\/inauguration-le-lude.jpg","datePublished":"2022-03-04T15:52:20+00:00","breadcrumb":{"@id":"https:\/\/contactfm72.fr\/?p=8945#breadcrumb"},"inLanguage":"fr-FR","potentialAction":[{"@type":"ReadAction","target":["https:\/\/contactfm72.fr\/?p=8945"]}]},{"@type":"ImageObject","inLanguage":"fr-FR","@id":"https:\/\/contactfm72.fr\/?p=8945#primaryimage","url":"https:\/\/contactfm72.fr\/wp-content\/uploads\/2022\/03\/inauguration-le-lude.jpg","contentUrl":"https:\/\/contactfm72.fr\/wp-content\/uploads\/2022\/03\/inauguration-le-lude.jpg","width":2048,"height":1536,"caption":"Lors de l'inauguration des b\u00e2timents au Lude."},{"@type":"BreadcrumbList","@id":"https:\/\/contactfm72.fr\/?p=8945#breadcrumb","itemListElement":[{"@type":"ListItem","position":1,"name":"Accueil","item":"https:\/\/contactfm72.fr\/"},{"@type":"ListItem","position":2,"name":"Zone des Tourelles au Lude : un p\u00f4le de plus en plus attractif"}]},{"@type":"WebSite","@id":"https:\/\/contactfm72.fr\/#website","url":"https:\/\/contactfm72.fr\/","name":"Contact FM 99.3","description":"Votre radio en vall\u00e9e du Loir","publisher":{"@id":"https:\/\/contactfm72.fr\/#organization"},"potentialAction":[{"@type":"SearchAction","target":{"@type":"EntryPoint","urlTemplate":"https:\/\/contactfm72.fr\/?s={search_term_string}"},"query-input":{"@type":"PropertyValueSpecification","valueRequired":true,"valueName":"search_term_string"}}],"inLanguage":"fr-FR"},{"@type":"Organization","@id":"https:\/\/contactfm72.fr\/#organization","name":"Contact FM 99.3","url":"https:\/\/contactfm72.fr\/","logo":{"@type":"ImageObject","inLanguage":"fr-FR","@id":"https:\/\/contactfm72.fr\/#\/schema\/logo\/image\/","url":"https:\/\/contactfm72.fr\/wp-content\/uploads\/2025\/04\/2025-04-18-2.jpg","contentUrl":"https:\/\/contactfm72.fr\/wp-content\/uploads\/2025\/04\/2025-04-18-2.jpg","width":680,"height":307,"caption":"Contact FM 99.3"},"image":{"@id":"https:\/\/contactfm72.fr\/#\/schema\/logo\/image\/"},"sameAs":["https:\/\/www.facebook.com\/Contactfm.Chateauduloir","https:\/\/x.com\/contactfm72","https:\/\/www.instagram.com\/contact.fm.72?igsh=cGhlMHQ5N2JlNnpp","https:\/\/www.tiktok.com\/@contact.fm"]},{"@type":"Person","@id":"https:\/\/contactfm72.fr\/#\/schema\/person\/9fdc9d1c2eb029354a4f1535b90ba82d","name":"Val\u00e9rie C.","image":{"@type":"ImageObject","inLanguage":"fr-FR","@id":"https:\/\/secure.gravatar.com\/avatar\/2f8aa28f8dfbd7d4420afd1fdcdd0a349923e2c8a38ab28198b0f9d0601e4737?s=96&d=mm&r=g","url":"https:\/\/secure.gravatar.com\/avatar\/2f8aa28f8dfbd7d4420afd1fdcdd0a349923e2c8a38ab28198b0f9d0601e4737?s=96&d=mm&r=g","contentUrl":"https:\/\/secure.gravatar.com\/avatar\/2f8aa28f8dfbd7d4420afd1fdcdd0a349923e2c8a38ab28198b0f9d0601e4737?s=96&d=mm&r=g","caption":"Val\u00e9rie C."},"url":"https:\/\/contactfm72.fr\/?author=4"}]}},"_links":{"self":[{"href":"https:\/\/contactfm72.fr\/index.php?rest_route=\/wp\/v2\/posts\/8945","targetHints":{"allow":["GET"]}}],"collection":[{"href":"https:\/\/contactfm72.fr\/index.php?rest_route=\/wp\/v2\/posts"}],"about":[{"href":"https:\/\/contactfm72.fr\/index.php?rest_route=\/wp\/v2\/types\/post"}],"author":[{"embeddable":true,"href":"https:\/\/contactfm72.fr\/index.php?rest_route=\/wp\/v2\/users\/4"}],"replies":[{"embeddable":true,"href":"https:\/\/contactfm72.fr\/index.php?rest_route=%2Fwp%2Fv2%2Fcomments&post=8945"}],"version-history":[{"count":4,"href":"https:\/\/contactfm72.fr\/index.php?rest_route=\/wp\/v2\/posts\/8945\/revisions"}],"predecessor-version":[{"id":8951,"href":"https:\/\/contactfm72.fr\/index.php?rest_route=\/wp\/v2\/posts\/8945\/revisions\/8951"}],"wp:featuredmedia":[{"embeddable":true,"href":"https:\/\/contactfm72.fr\/index.php?rest_route=\/wp\/v2\/media\/8946"}],"wp:attachment":[{"href":"https:\/\/contactfm72.fr\/index.php?rest_route=%2Fwp%2Fv2%2Fmedia&parent=8945"}],"wp:term":[{"taxonomy":"category","embeddable":true,"href":"https:\/\/contactfm72.fr\/index.php?rest_route=%2Fwp%2Fv2%2Fcategories&post=8945"},{"taxonomy":"post_tag","embeddable":true,"href":"https:\/\/contactfm72.fr\/index.php?rest_route=%2Fwp%2Fv2%2Ftags&post=8945"}],"curies":[{"name":"wp","href":"https:\/\/api.w.org\/{rel}","templated":true}]}}