{"id":8929,"date":"2022-03-04T11:05:24","date_gmt":"2022-03-04T10:05:24","guid":{"rendered":"http:\/\/contactfm72.fr\/?p=8929"},"modified":"2022-03-06T20:39:39","modified_gmt":"2022-03-06T19:39:39","slug":"carte-qui-parraine-qui-dans-le-sud-sarthe","status":"publish","type":"post","link":"https:\/\/contactfm72.fr\/?p=8929","title":{"rendered":"Carte. Qui parraine qui dans le Sud-Sarthe?"},"content":{"rendered":"<h2>Pour pouvoir se pr\u00e9senter aux \u00e9lections pr\u00e9sidentielles de 2022, les candidats doivent obtenir 500 parrainages d&#8217;\u00e9lus. Qui parraine qui dans le Sud-Sarthe?<\/h2>\n<p>&nbsp;<\/p>\n<p>Le dispositif de <strong>parrainage<\/strong> existe depuis l&#8217;\u00e9lection du pr\u00e9sident de la R\u00e9publique au suffrage universel direct. Pour les <strong>\u00e9lections pr\u00e9sidentielles de 2022<\/strong>, la p\u00e9riode de recueil des parrainages s&#8217;ach\u00e8ve ce <strong>vendredi 4 mars<\/strong> 2022. Le <strong>Conseil Constitutionnel<\/strong> a r\u00e9guli\u00e8rement mis \u00e0 jour la liste des parrainages sur son <a href=\"https:\/\/presidentielle2022.conseil-constitutionnel.fr\/les-parrainages\/tous-les-parrainages-valides.html\">site<\/a>. Concernant notre territoire, peuvent donner son parrainage les <strong>d\u00e9put\u00e9s<\/strong>, les <strong>s\u00e9nateurs<\/strong>, les <strong>maires<\/strong>, ou encore les <strong>conseillers d\u00e9partementaux et r\u00e9gionaux<\/strong>.<\/p>\n<p>&nbsp;<\/p>\n<p>Qui parraine qui dans le <strong>Sud-Sarthe<\/strong>? Pour qui vos \u00e9lus ont d\u00e9cid\u00e9 de donner leur signature?<\/p>\n<p>&nbsp;<\/p>\n<h3>Les maires<\/h3>\n<p>Voici une carte r\u00e9pertoriant les parrainages de vos maires : <a href=\"https:\/\/www.google.com\/maps\/d\/u\/0\/edit?mid=1DyDFZ2uP_0CGkv9uvMHSY4jLx4fWbLqB&amp;usp=sharing\">carte<\/a>. (Cette carte concerne uniquement notre <strong>zone de diffusion radiophonique<\/strong>).<\/p>\n<p>&nbsp;<\/p>\n<p>Dans le Sud-Sarthe, parmi les maires qui ont donn\u00e9 leur parrainage, on peut tr\u00e8s clairement distinguer<strong> deux cat\u00e9gories<\/strong>; les maires qui soutiennent le parti <strong>Les R\u00e9publicains<\/strong> et sa candidate <strong>Val\u00e9rie P\u00e9cresse<\/strong>, et ceux qui soutiennent la <strong>majorit\u00e9 pr\u00e9sidentielle<\/strong> et le candidat sortant,<strong> Emmanuel Macron<\/strong>.<\/p>\n<p>A noter \u00e9galement qu&#8217;une poign\u00e9e de maires, \u00e0 savoir seulement 13, ont donn\u00e9 leur parrainage.<\/p>\n<p>&nbsp;<\/p>\n<h3>D\u00e9put\u00e9s, s\u00e9nateurs pr\u00e9sidents, et conseillers<\/h3>\n<p>&nbsp;<\/p>\n<p>Sans surprise, la <strong>pr\u00e9sidente de la R\u00e9gion Pays-de-la-Loire, Christelle Moran\u00e7ais<\/strong>, d\u00e9sign\u00e9e r\u00e9cemment porte-parole de la candidate des R\u00e9publicains, lui a donn\u00e9 son parrainage.<\/p>\n<p>Le <strong>pr\u00e9sident du d\u00e9partement, Dominique Le M\u00e9ner<\/strong>, a donn\u00e9 son parrainage \u00e0 Val\u00e9rie P\u00e9cresse.<\/p>\n<p>Le <strong>conseiller de la R\u00e9gion Matthias Tavel<\/strong> a donn\u00e9 son parrainage au candidat de la France Insoumise, Jean-Luc M\u00e9lenchon. La <strong>conseill\u00e8re r\u00e9gionale Christine Tafforeau-Hardy<\/strong> a donn\u00e9 son parrainage \u00e0 Anne Hidalgo, candidate du Parti Socialiste. Le <strong>conseiller r\u00e9gional, Benoit Barr\u00e9<\/strong>, a donn\u00e9 son parrainage \u00e0 Val\u00e9rie P\u00e9cresse, tout comme <strong>Jean-Luc Catanzaro et Anne Beauchef<\/strong>.<\/p>\n<p>Le <strong>s\u00e9nateur<\/strong> <strong>Thierry Cozic<\/strong> a donn\u00e9 son parrainage \u00e0 Anne Hidalgo. <strong>Louis-Jean de Nicola\u00ff<\/strong> a donn\u00e9 son parrainage \u00e0 Val\u00e9rie P\u00e9cresse, tout comme<strong> Jean-Pierre Vogel<\/strong>.<\/p>\n<p>Et enfin, la <strong>d\u00e9put\u00e9e de la 3\u00e8me circonscription Pascale Fontenel Personne<\/strong> a d\u00e9livr\u00e9 son parrainage \u00e0 Emmanuel Macron.<\/p>\n<p>&nbsp;<\/p>\n<h3>A retenir<\/h3>\n<p>Plus globalement, en <strong>Sarthe<\/strong>, la grande majorit\u00e9 des maires ont <strong>refus\u00e9 de donner leur parrainage<\/strong>. Ils \u00e9taient moins de 150 lors des derni\u00e8res \u00e9lections pr\u00e9sidentielles, ils ne sont que <strong>94 en 2022<\/strong>.<\/p>\n<p>Enfin, la candidate des R\u00e9publicains, <strong>Val\u00e9rie P\u00e9cresse, est la candidate la plus parrain\u00e9e sur le territoire<\/strong>. Elle a d&#8217;ailleurs \u00e9t\u00e9 la candidate aux \u00e9lections \u00e0 obtenir le plus rapidement les 500 pr\u00e9cieuses signatures.<\/p>\n<p>&nbsp;<\/p>\n<p>&nbsp;<\/p>\n<p>&nbsp;<\/p>\n<p>&nbsp;<\/p>\n<p>&nbsp;<\/p>\n<p>&nbsp;<\/p>\n<p>&nbsp;<\/p>\n<p>&nbsp;<\/p>\n<!-- AddThis Advanced Settings generic via filter on the_content --><!-- AddThis Share Buttons generic via filter on the_content -->","protected":false},"excerpt":{"rendered":"<p>Pour pouvoir se pr\u00e9senter aux \u00e9lections pr\u00e9sidentielles de 2022, les candidats doivent obtenir 500 parrainages d&#8217;\u00e9lus. Qui parraine qui dans le Sud-Sarthe? &nbsp; Le dispositif de parrainage existe depuis l&#8217;\u00e9lection du pr\u00e9sident de la R\u00e9publique au suffrage universel direct. Pour les \u00e9lections pr\u00e9sidentielles de 2022, la p\u00e9riode de recueil des parrainages s&#8217;ach\u00e8ve ce vendredi 4&hellip;<!-- AddThis Advanced Settings generic via filter on get_the_excerpt --><!-- AddThis Share Buttons generic via filter on get_the_excerpt --><\/p>\n","protected":false},"author":4,"featured_media":8935,"comment_status":"closed","ping_status":"open","sticky":false,"template":"","format":"standard","meta":{"footnotes":""},"categories":[1],"tags":[],"class_list":["post-8929","post","type-post","status-publish","format-standard","has-post-thumbnail","hentry","category-contact-fm-72","category-1","description-off"],"yoast_head":"<!-- This site is optimized with the Yoast SEO plugin v27.4 - https:\/\/yoast.com\/product\/yoast-seo-wordpress\/ -->\n<title>Carte. Qui parraine qui dans le Sud-Sarthe? - Contact FM 99.3<\/title>\n<meta name=\"robots\" content=\"index, follow, max-snippet:-1, max-image-preview:large, max-video-preview:-1\" \/>\n<link rel=\"canonical\" href=\"https:\/\/contactfm72.fr\/?p=8929\" \/>\n<meta property=\"og:locale\" content=\"fr_FR\" \/>\n<meta property=\"og:type\" content=\"article\" \/>\n<meta property=\"og:title\" content=\"Carte. Qui parraine qui dans le Sud-Sarthe? - Contact FM 99.3\" \/>\n<meta property=\"og:description\" content=\"Pour pouvoir se pr\u00e9senter aux \u00e9lections pr\u00e9sidentielles de 2022, les candidats doivent obtenir 500 parrainages d&#8217;\u00e9lus. Qui parraine qui dans le Sud-Sarthe? &nbsp; Le dispositif de parrainage existe depuis l&#8217;\u00e9lection du pr\u00e9sident de la R\u00e9publique au suffrage universel direct. Pour les \u00e9lections pr\u00e9sidentielles de 2022, la p\u00e9riode de recueil des parrainages s&#8217;ach\u00e8ve ce vendredi 4&hellip;\" \/>\n<meta property=\"og:url\" content=\"https:\/\/contactfm72.fr\/?p=8929\" \/>\n<meta property=\"og:site_name\" content=\"Contact FM 99.3\" \/>\n<meta property=\"article:publisher\" content=\"https:\/\/www.facebook.com\/Contactfm.Chateauduloir\" \/>\n<meta property=\"article:published_time\" content=\"2022-03-04T10:05:24+00:00\" \/>\n<meta property=\"article:modified_time\" content=\"2022-03-06T19:39:39+00:00\" \/>\n<meta property=\"og:image\" content=\"https:\/\/contactfm72.fr\/wp-content\/uploads\/2022\/03\/carte-\u00e9lectorale.jpg\" \/>\n\t<meta property=\"og:image:width\" content=\"1536\" \/>\n\t<meta property=\"og:image:height\" content=\"2048\" \/>\n\t<meta property=\"og:image:type\" content=\"image\/jpeg\" \/>\n<meta name=\"author\" content=\"Val\u00e9rie C.\" \/>\n<meta name=\"twitter:card\" content=\"summary_large_image\" \/>\n<meta name=\"twitter:creator\" content=\"@contactfm72\" \/>\n<meta name=\"twitter:site\" content=\"@contactfm72\" \/>\n<meta name=\"twitter:label1\" content=\"\u00c9crit par\" \/>\n\t<meta name=\"twitter:data1\" content=\"Val\u00e9rie C.\" \/>\n\t<meta name=\"twitter:label2\" content=\"Dur\u00e9e de lecture estim\u00e9e\" \/>\n\t<meta name=\"twitter:data2\" content=\"2 minutes\" \/>\n<script type=\"application\/ld+json\" class=\"yoast-schema-graph\">{\"@context\":\"https:\\\/\\\/schema.org\",\"@graph\":[{\"@type\":\"Article\",\"@id\":\"https:\\\/\\\/contactfm72.fr\\\/?p=8929#article\",\"isPartOf\":{\"@id\":\"https:\\\/\\\/contactfm72.fr\\\/?p=8929\"},\"author\":{\"name\":\"Val\u00e9rie C.\",\"@id\":\"https:\\\/\\\/contactfm72.fr\\\/#\\\/schema\\\/person\\\/9fdc9d1c2eb029354a4f1535b90ba82d\"},\"headline\":\"Carte. Qui parraine qui dans le Sud-Sarthe?\",\"datePublished\":\"2022-03-04T10:05:24+00:00\",\"dateModified\":\"2022-03-06T19:39:39+00:00\",\"mainEntityOfPage\":{\"@id\":\"https:\\\/\\\/contactfm72.fr\\\/?p=8929\"},\"wordCount\":460,\"publisher\":{\"@id\":\"https:\\\/\\\/contactfm72.fr\\\/#organization\"},\"image\":{\"@id\":\"https:\\\/\\\/contactfm72.fr\\\/?p=8929#primaryimage\"},\"thumbnailUrl\":\"https:\\\/\\\/contactfm72.fr\\\/wp-content\\\/uploads\\\/2022\\\/03\\\/carte-\u00e9lectorale.jpg\",\"articleSection\":[\"Contact FM 72\"],\"inLanguage\":\"fr-FR\"},{\"@type\":\"WebPage\",\"@id\":\"https:\\\/\\\/contactfm72.fr\\\/?p=8929\",\"url\":\"https:\\\/\\\/contactfm72.fr\\\/?p=8929\",\"name\":\"Carte. Qui parraine qui dans le Sud-Sarthe? - Contact FM 99.3\",\"isPartOf\":{\"@id\":\"https:\\\/\\\/contactfm72.fr\\\/#website\"},\"primaryImageOfPage\":{\"@id\":\"https:\\\/\\\/contactfm72.fr\\\/?p=8929#primaryimage\"},\"image\":{\"@id\":\"https:\\\/\\\/contactfm72.fr\\\/?p=8929#primaryimage\"},\"thumbnailUrl\":\"https:\\\/\\\/contactfm72.fr\\\/wp-content\\\/uploads\\\/2022\\\/03\\\/carte-\u00e9lectorale.jpg\",\"datePublished\":\"2022-03-04T10:05:24+00:00\",\"dateModified\":\"2022-03-06T19:39:39+00:00\",\"breadcrumb\":{\"@id\":\"https:\\\/\\\/contactfm72.fr\\\/?p=8929#breadcrumb\"},\"inLanguage\":\"fr-FR\",\"potentialAction\":[{\"@type\":\"ReadAction\",\"target\":[\"https:\\\/\\\/contactfm72.fr\\\/?p=8929\"]}]},{\"@type\":\"ImageObject\",\"inLanguage\":\"fr-FR\",\"@id\":\"https:\\\/\\\/contactfm72.fr\\\/?p=8929#primaryimage\",\"url\":\"https:\\\/\\\/contactfm72.fr\\\/wp-content\\\/uploads\\\/2022\\\/03\\\/carte-\u00e9lectorale.jpg\",\"contentUrl\":\"https:\\\/\\\/contactfm72.fr\\\/wp-content\\\/uploads\\\/2022\\\/03\\\/carte-\u00e9lectorale.jpg\",\"width\":1536,\"height\":2048,\"caption\":\"Le premier tour des \u00e9lections pr\u00e9sidentielles aura lieu le dimanche 10 avril, et le second tour aura lieu le dimanche 24 avril.\"},{\"@type\":\"BreadcrumbList\",\"@id\":\"https:\\\/\\\/contactfm72.fr\\\/?p=8929#breadcrumb\",\"itemListElement\":[{\"@type\":\"ListItem\",\"position\":1,\"name\":\"Accueil\",\"item\":\"https:\\\/\\\/contactfm72.fr\\\/\"},{\"@type\":\"ListItem\",\"position\":2,\"name\":\"Carte. Qui parraine qui dans le Sud-Sarthe?\"}]},{\"@type\":\"WebSite\",\"@id\":\"https:\\\/\\\/contactfm72.fr\\\/#website\",\"url\":\"https:\\\/\\\/contactfm72.fr\\\/\",\"name\":\"Contact FM 99.3\",\"description\":\"Votre radio en vall\u00e9e du Loir\",\"publisher\":{\"@id\":\"https:\\\/\\\/contactfm72.fr\\\/#organization\"},\"potentialAction\":[{\"@type\":\"SearchAction\",\"target\":{\"@type\":\"EntryPoint\",\"urlTemplate\":\"https:\\\/\\\/contactfm72.fr\\\/?s={search_term_string}\"},\"query-input\":{\"@type\":\"PropertyValueSpecification\",\"valueRequired\":true,\"valueName\":\"search_term_string\"}}],\"inLanguage\":\"fr-FR\"},{\"@type\":\"Organization\",\"@id\":\"https:\\\/\\\/contactfm72.fr\\\/#organization\",\"name\":\"Contact FM 99.3\",\"url\":\"https:\\\/\\\/contactfm72.fr\\\/\",\"logo\":{\"@type\":\"ImageObject\",\"inLanguage\":\"fr-FR\",\"@id\":\"https:\\\/\\\/contactfm72.fr\\\/#\\\/schema\\\/logo\\\/image\\\/\",\"url\":\"https:\\\/\\\/contactfm72.fr\\\/wp-content\\\/uploads\\\/2025\\\/04\\\/2025-04-18-2.jpg\",\"contentUrl\":\"https:\\\/\\\/contactfm72.fr\\\/wp-content\\\/uploads\\\/2025\\\/04\\\/2025-04-18-2.jpg\",\"width\":680,\"height\":307,\"caption\":\"Contact FM 99.3\"},\"image\":{\"@id\":\"https:\\\/\\\/contactfm72.fr\\\/#\\\/schema\\\/logo\\\/image\\\/\"},\"sameAs\":[\"https:\\\/\\\/www.facebook.com\\\/Contactfm.Chateauduloir\",\"https:\\\/\\\/x.com\\\/contactfm72\",\"https:\\\/\\\/www.instagram.com\\\/contact.fm.72?igsh=cGhlMHQ5N2JlNnpp\",\"https:\\\/\\\/www.tiktok.com\\\/@contact.fm\"]},{\"@type\":\"Person\",\"@id\":\"https:\\\/\\\/contactfm72.fr\\\/#\\\/schema\\\/person\\\/9fdc9d1c2eb029354a4f1535b90ba82d\",\"name\":\"Val\u00e9rie C.\",\"image\":{\"@type\":\"ImageObject\",\"inLanguage\":\"fr-FR\",\"@id\":\"https:\\\/\\\/secure.gravatar.com\\\/avatar\\\/2f8aa28f8dfbd7d4420afd1fdcdd0a349923e2c8a38ab28198b0f9d0601e4737?s=96&d=mm&r=g\",\"url\":\"https:\\\/\\\/secure.gravatar.com\\\/avatar\\\/2f8aa28f8dfbd7d4420afd1fdcdd0a349923e2c8a38ab28198b0f9d0601e4737?s=96&d=mm&r=g\",\"contentUrl\":\"https:\\\/\\\/secure.gravatar.com\\\/avatar\\\/2f8aa28f8dfbd7d4420afd1fdcdd0a349923e2c8a38ab28198b0f9d0601e4737?s=96&d=mm&r=g\",\"caption\":\"Val\u00e9rie C.\"},\"url\":\"https:\\\/\\\/contactfm72.fr\\\/?author=4\"}]}<\/script>\n<!-- \/ Yoast SEO plugin. -->","yoast_head_json":{"title":"Carte. Qui parraine qui dans le Sud-Sarthe? - Contact FM 99.3","robots":{"index":"index","follow":"follow","max-snippet":"max-snippet:-1","max-image-preview":"max-image-preview:large","max-video-preview":"max-video-preview:-1"},"canonical":"https:\/\/contactfm72.fr\/?p=8929","og_locale":"fr_FR","og_type":"article","og_title":"Carte. Qui parraine qui dans le Sud-Sarthe? - Contact FM 99.3","og_description":"Pour pouvoir se pr\u00e9senter aux \u00e9lections pr\u00e9sidentielles de 2022, les candidats doivent obtenir 500 parrainages d&#8217;\u00e9lus. Qui parraine qui dans le Sud-Sarthe? &nbsp; Le dispositif de parrainage existe depuis l&#8217;\u00e9lection du pr\u00e9sident de la R\u00e9publique au suffrage universel direct. Pour les \u00e9lections pr\u00e9sidentielles de 2022, la p\u00e9riode de recueil des parrainages s&#8217;ach\u00e8ve ce vendredi 4&hellip;","og_url":"https:\/\/contactfm72.fr\/?p=8929","og_site_name":"Contact FM 99.3","article_publisher":"https:\/\/www.facebook.com\/Contactfm.Chateauduloir","article_published_time":"2022-03-04T10:05:24+00:00","article_modified_time":"2022-03-06T19:39:39+00:00","og_image":[{"width":1536,"height":2048,"url":"https:\/\/contactfm72.fr\/wp-content\/uploads\/2022\/03\/carte-\u00e9lectorale.jpg","type":"image\/jpeg"}],"author":"Val\u00e9rie C.","twitter_card":"summary_large_image","twitter_creator":"@contactfm72","twitter_site":"@contactfm72","twitter_misc":{"\u00c9crit par":"Val\u00e9rie C.","Dur\u00e9e de lecture estim\u00e9e":"2 minutes"},"schema":{"@context":"https:\/\/schema.org","@graph":[{"@type":"Article","@id":"https:\/\/contactfm72.fr\/?p=8929#article","isPartOf":{"@id":"https:\/\/contactfm72.fr\/?p=8929"},"author":{"name":"Val\u00e9rie C.","@id":"https:\/\/contactfm72.fr\/#\/schema\/person\/9fdc9d1c2eb029354a4f1535b90ba82d"},"headline":"Carte. Qui parraine qui dans le Sud-Sarthe?","datePublished":"2022-03-04T10:05:24+00:00","dateModified":"2022-03-06T19:39:39+00:00","mainEntityOfPage":{"@id":"https:\/\/contactfm72.fr\/?p=8929"},"wordCount":460,"publisher":{"@id":"https:\/\/contactfm72.fr\/#organization"},"image":{"@id":"https:\/\/contactfm72.fr\/?p=8929#primaryimage"},"thumbnailUrl":"https:\/\/contactfm72.fr\/wp-content\/uploads\/2022\/03\/carte-\u00e9lectorale.jpg","articleSection":["Contact FM 72"],"inLanguage":"fr-FR"},{"@type":"WebPage","@id":"https:\/\/contactfm72.fr\/?p=8929","url":"https:\/\/contactfm72.fr\/?p=8929","name":"Carte. Qui parraine qui dans le Sud-Sarthe? - Contact FM 99.3","isPartOf":{"@id":"https:\/\/contactfm72.fr\/#website"},"primaryImageOfPage":{"@id":"https:\/\/contactfm72.fr\/?p=8929#primaryimage"},"image":{"@id":"https:\/\/contactfm72.fr\/?p=8929#primaryimage"},"thumbnailUrl":"https:\/\/contactfm72.fr\/wp-content\/uploads\/2022\/03\/carte-\u00e9lectorale.jpg","datePublished":"2022-03-04T10:05:24+00:00","dateModified":"2022-03-06T19:39:39+00:00","breadcrumb":{"@id":"https:\/\/contactfm72.fr\/?p=8929#breadcrumb"},"inLanguage":"fr-FR","potentialAction":[{"@type":"ReadAction","target":["https:\/\/contactfm72.fr\/?p=8929"]}]},{"@type":"ImageObject","inLanguage":"fr-FR","@id":"https:\/\/contactfm72.fr\/?p=8929#primaryimage","url":"https:\/\/contactfm72.fr\/wp-content\/uploads\/2022\/03\/carte-\u00e9lectorale.jpg","contentUrl":"https:\/\/contactfm72.fr\/wp-content\/uploads\/2022\/03\/carte-\u00e9lectorale.jpg","width":1536,"height":2048,"caption":"Le premier tour des \u00e9lections pr\u00e9sidentielles aura lieu le dimanche 10 avril, et le second tour aura lieu le dimanche 24 avril."},{"@type":"BreadcrumbList","@id":"https:\/\/contactfm72.fr\/?p=8929#breadcrumb","itemListElement":[{"@type":"ListItem","position":1,"name":"Accueil","item":"https:\/\/contactfm72.fr\/"},{"@type":"ListItem","position":2,"name":"Carte. Qui parraine qui dans le Sud-Sarthe?"}]},{"@type":"WebSite","@id":"https:\/\/contactfm72.fr\/#website","url":"https:\/\/contactfm72.fr\/","name":"Contact FM 99.3","description":"Votre radio en vall\u00e9e du Loir","publisher":{"@id":"https:\/\/contactfm72.fr\/#organization"},"potentialAction":[{"@type":"SearchAction","target":{"@type":"EntryPoint","urlTemplate":"https:\/\/contactfm72.fr\/?s={search_term_string}"},"query-input":{"@type":"PropertyValueSpecification","valueRequired":true,"valueName":"search_term_string"}}],"inLanguage":"fr-FR"},{"@type":"Organization","@id":"https:\/\/contactfm72.fr\/#organization","name":"Contact FM 99.3","url":"https:\/\/contactfm72.fr\/","logo":{"@type":"ImageObject","inLanguage":"fr-FR","@id":"https:\/\/contactfm72.fr\/#\/schema\/logo\/image\/","url":"https:\/\/contactfm72.fr\/wp-content\/uploads\/2025\/04\/2025-04-18-2.jpg","contentUrl":"https:\/\/contactfm72.fr\/wp-content\/uploads\/2025\/04\/2025-04-18-2.jpg","width":680,"height":307,"caption":"Contact FM 99.3"},"image":{"@id":"https:\/\/contactfm72.fr\/#\/schema\/logo\/image\/"},"sameAs":["https:\/\/www.facebook.com\/Contactfm.Chateauduloir","https:\/\/x.com\/contactfm72","https:\/\/www.instagram.com\/contact.fm.72?igsh=cGhlMHQ5N2JlNnpp","https:\/\/www.tiktok.com\/@contact.fm"]},{"@type":"Person","@id":"https:\/\/contactfm72.fr\/#\/schema\/person\/9fdc9d1c2eb029354a4f1535b90ba82d","name":"Val\u00e9rie C.","image":{"@type":"ImageObject","inLanguage":"fr-FR","@id":"https:\/\/secure.gravatar.com\/avatar\/2f8aa28f8dfbd7d4420afd1fdcdd0a349923e2c8a38ab28198b0f9d0601e4737?s=96&d=mm&r=g","url":"https:\/\/secure.gravatar.com\/avatar\/2f8aa28f8dfbd7d4420afd1fdcdd0a349923e2c8a38ab28198b0f9d0601e4737?s=96&d=mm&r=g","contentUrl":"https:\/\/secure.gravatar.com\/avatar\/2f8aa28f8dfbd7d4420afd1fdcdd0a349923e2c8a38ab28198b0f9d0601e4737?s=96&d=mm&r=g","caption":"Val\u00e9rie C."},"url":"https:\/\/contactfm72.fr\/?author=4"}]}},"_links":{"self":[{"href":"https:\/\/contactfm72.fr\/index.php?rest_route=\/wp\/v2\/posts\/8929","targetHints":{"allow":["GET"]}}],"collection":[{"href":"https:\/\/contactfm72.fr\/index.php?rest_route=\/wp\/v2\/posts"}],"about":[{"href":"https:\/\/contactfm72.fr\/index.php?rest_route=\/wp\/v2\/types\/post"}],"author":[{"embeddable":true,"href":"https:\/\/contactfm72.fr\/index.php?rest_route=\/wp\/v2\/users\/4"}],"replies":[{"embeddable":true,"href":"https:\/\/contactfm72.fr\/index.php?rest_route=%2Fwp%2Fv2%2Fcomments&post=8929"}],"version-history":[{"count":5,"href":"https:\/\/contactfm72.fr\/index.php?rest_route=\/wp\/v2\/posts\/8929\/revisions"}],"predecessor-version":[{"id":8953,"href":"https:\/\/contactfm72.fr\/index.php?rest_route=\/wp\/v2\/posts\/8929\/revisions\/8953"}],"wp:featuredmedia":[{"embeddable":true,"href":"https:\/\/contactfm72.fr\/index.php?rest_route=\/wp\/v2\/media\/8935"}],"wp:attachment":[{"href":"https:\/\/contactfm72.fr\/index.php?rest_route=%2Fwp%2Fv2%2Fmedia&parent=8929"}],"wp:term":[{"taxonomy":"category","embeddable":true,"href":"https:\/\/contactfm72.fr\/index.php?rest_route=%2Fwp%2Fv2%2Fcategories&post=8929"},{"taxonomy":"post_tag","embeddable":true,"href":"https:\/\/contactfm72.fr\/index.php?rest_route=%2Fwp%2Fv2%2Ftags&post=8929"}],"curies":[{"name":"wp","href":"https:\/\/api.w.org\/{rel}","templated":true}]}}