{"id":8922,"date":"2022-03-03T16:51:40","date_gmt":"2022-03-03T15:51:40","guid":{"rendered":"http:\/\/contactfm72.fr\/?p=8922"},"modified":"2022-09-12T15:13:20","modified_gmt":"2022-09-12T13:13:20","slug":"un-forum-pour-trouver-son-job-dete","status":"publish","type":"post","link":"https:\/\/contactfm72.fr\/?p=8922","title":{"rendered":"Montval-sur-Loir. Un forum pour trouver son job d\u2019\u00e9t\u00e9"},"content":{"rendered":"<h2>Ce samedi 5 mars, \u00e0 Montval-sur-Loir, un forum consacr\u00e9 aux jobs d\u2019\u00e9t\u00e9 sera organis\u00e9 \u00e0 la Mission Locale, de 9 h \u00e0 12 h 30.<\/h2>\n<p>&nbsp;<\/p>\n<p><strong>Justine Bardet, charg\u00e9e d\u2019accueil et d\u2019animations au sein de la Mission Locale<\/strong> de <strong>Montval-sur-Loir (Sud-Sarthe)<\/strong>, remplace Jocelyne Sinigaglia, partie \u00e0 la retraite.<\/p>\n<p>Elle organise son premier <strong>forum d\u00e9di\u00e9 aux jobs d\u2019\u00e9t\u00e9<\/strong>, ce<strong> samedi 5 mars<\/strong>. \u00ab\u00a0Je reprends ce que faisait Jocelyne. Le but est de permettre aux jeunes de <strong>trouver un emploi<\/strong>, de <strong>recevoir des conseils et d\u2019\u00e9changer avec les professionnels pr\u00e9sents<\/strong>\u00a0\u00bb, pr\u00e9cise Justine Bardet. Ce forum est ouvert \u00e0 tous et pour tout public.<\/p>\n<p>&nbsp;<\/p>\n<h3>CV et lettre de motivation<\/h3>\n<p>Lors de ce forum, ce sont <strong>sept entreprises qui seront pr\u00e9sentes<\/strong>. \u00ab\u00a0On veut toucher un maximum de secteurs d\u2019activit\u00e9s\u00a0: la <strong>restauration<\/strong>, le <strong>service \u00e0 la personne,<\/strong> <strong>l\u2019arboriculture<\/strong>\u2026 C\u2019est assez vari\u00e9 et ce sont des entreprises qui recrutent sur le secteur \u00bb. La <strong>Maison de l\u2019Europe<\/strong> sera pr\u00e9sente, comme le service <strong>P\u00f4le Emploi de Montval-sur-Loir<\/strong>.<\/p>\n<p>Les jeunes doivent venir avec leur CV et leur lettre de motivation afin de les laisser aux recruteurs.<\/p>\n<p>&nbsp;<\/p>\n<p>&nbsp;<\/p>\n<h5>Pour rappel, la Mission Locale concerne les 16-25 ans qui ne sont plus en situation de scolarit\u00e9. Plus d\u2019informations\u00a0: chateauduloir@ml-sartheloir.fr, tel 02 43 79 24 87. 16 rue du Onze Novembre \u00e0 Ch\u00e2teau-du-Loir, Montval-sur-Loir.<\/h5>\n<p>&nbsp;<\/p>\n<!-- AddThis Advanced Settings generic via filter on the_content --><!-- AddThis Share Buttons generic via filter on the_content -->","protected":false},"excerpt":{"rendered":"<p>Ce samedi 5 mars, \u00e0 Montval-sur-Loir, un forum consacr\u00e9 aux jobs d\u2019\u00e9t\u00e9 sera organis\u00e9 \u00e0 la Mission Locale, de 9 h \u00e0 12 h 30. &nbsp; Justine Bardet, charg\u00e9e d\u2019accueil et d\u2019animations au sein de la Mission Locale de Montval-sur-Loir (Sud-Sarthe), remplace Jocelyne Sinigaglia, partie \u00e0 la retraite. Elle organise son premier forum d\u00e9di\u00e9 aux&hellip;<!-- AddThis Advanced Settings generic via filter on get_the_excerpt --><!-- AddThis Share Buttons generic via filter on get_the_excerpt --><\/p>\n","protected":false},"author":4,"featured_media":8888,"comment_status":"closed","ping_status":"open","sticky":false,"template":"","format":"standard","meta":{"footnotes":""},"categories":[1],"tags":[],"class_list":["post-8922","post","type-post","status-publish","format-standard","has-post-thumbnail","hentry","category-contact-fm-72","category-1","description-off"],"yoast_head":"<!-- This site is optimized with the Yoast SEO plugin v27.4 - https:\/\/yoast.com\/product\/yoast-seo-wordpress\/ -->\n<title>Montval-sur-Loir. Un forum pour trouver son job d\u2019\u00e9t\u00e9 - Contact FM 99.3<\/title>\n<meta name=\"robots\" content=\"index, follow, max-snippet:-1, max-image-preview:large, max-video-preview:-1\" \/>\n<link rel=\"canonical\" href=\"https:\/\/contactfm72.fr\/?p=8922\" \/>\n<meta property=\"og:locale\" content=\"fr_FR\" \/>\n<meta property=\"og:type\" content=\"article\" \/>\n<meta property=\"og:title\" content=\"Montval-sur-Loir. Un forum pour trouver son job d\u2019\u00e9t\u00e9 - Contact FM 99.3\" \/>\n<meta property=\"og:description\" content=\"Ce samedi 5 mars, \u00e0 Montval-sur-Loir, un forum consacr\u00e9 aux jobs d\u2019\u00e9t\u00e9 sera organis\u00e9 \u00e0 la Mission Locale, de 9 h \u00e0 12 h 30. &nbsp; Justine Bardet, charg\u00e9e d\u2019accueil et d\u2019animations au sein de la Mission Locale de Montval-sur-Loir (Sud-Sarthe), remplace Jocelyne Sinigaglia, partie \u00e0 la retraite. Elle organise son premier forum d\u00e9di\u00e9 aux&hellip;\" \/>\n<meta property=\"og:url\" content=\"https:\/\/contactfm72.fr\/?p=8922\" \/>\n<meta property=\"og:site_name\" content=\"Contact FM 99.3\" \/>\n<meta property=\"article:publisher\" content=\"https:\/\/www.facebook.com\/Contactfm.Chateauduloir\" \/>\n<meta property=\"article:published_time\" content=\"2022-03-03T15:51:40+00:00\" \/>\n<meta property=\"article:modified_time\" content=\"2022-09-12T13:13:20+00:00\" \/>\n<meta property=\"og:image\" content=\"https:\/\/contactfm72.fr\/wp-content\/uploads\/2022\/03\/IMG-3812.jpg\" \/>\n\t<meta property=\"og:image:width\" content=\"1024\" \/>\n\t<meta property=\"og:image:height\" content=\"768\" \/>\n\t<meta property=\"og:image:type\" content=\"image\/jpeg\" \/>\n<meta name=\"author\" content=\"Val\u00e9rie C.\" \/>\n<meta name=\"twitter:card\" content=\"summary_large_image\" \/>\n<meta name=\"twitter:creator\" content=\"@contactfm72\" \/>\n<meta name=\"twitter:site\" content=\"@contactfm72\" \/>\n<meta name=\"twitter:label1\" content=\"\u00c9crit par\" \/>\n\t<meta name=\"twitter:data1\" content=\"Val\u00e9rie C.\" \/>\n\t<meta name=\"twitter:label2\" content=\"Dur\u00e9e de lecture estim\u00e9e\" \/>\n\t<meta name=\"twitter:data2\" content=\"1 minute\" \/>\n<script type=\"application\/ld+json\" class=\"yoast-schema-graph\">{\"@context\":\"https:\\\/\\\/schema.org\",\"@graph\":[{\"@type\":\"Article\",\"@id\":\"https:\\\/\\\/contactfm72.fr\\\/?p=8922#article\",\"isPartOf\":{\"@id\":\"https:\\\/\\\/contactfm72.fr\\\/?p=8922\"},\"author\":{\"name\":\"Val\u00e9rie C.\",\"@id\":\"https:\\\/\\\/contactfm72.fr\\\/#\\\/schema\\\/person\\\/9fdc9d1c2eb029354a4f1535b90ba82d\"},\"headline\":\"Montval-sur-Loir. Un forum pour trouver son job d\u2019\u00e9t\u00e9\",\"datePublished\":\"2022-03-03T15:51:40+00:00\",\"dateModified\":\"2022-09-12T13:13:20+00:00\",\"mainEntityOfPage\":{\"@id\":\"https:\\\/\\\/contactfm72.fr\\\/?p=8922\"},\"wordCount\":227,\"publisher\":{\"@id\":\"https:\\\/\\\/contactfm72.fr\\\/#organization\"},\"image\":{\"@id\":\"https:\\\/\\\/contactfm72.fr\\\/?p=8922#primaryimage\"},\"thumbnailUrl\":\"https:\\\/\\\/contactfm72.fr\\\/wp-content\\\/uploads\\\/2022\\\/03\\\/IMG-3812.jpg\",\"articleSection\":[\"Contact FM 72\"],\"inLanguage\":\"fr-FR\"},{\"@type\":\"WebPage\",\"@id\":\"https:\\\/\\\/contactfm72.fr\\\/?p=8922\",\"url\":\"https:\\\/\\\/contactfm72.fr\\\/?p=8922\",\"name\":\"Montval-sur-Loir. Un forum pour trouver son job d\u2019\u00e9t\u00e9 - Contact FM 99.3\",\"isPartOf\":{\"@id\":\"https:\\\/\\\/contactfm72.fr\\\/#website\"},\"primaryImageOfPage\":{\"@id\":\"https:\\\/\\\/contactfm72.fr\\\/?p=8922#primaryimage\"},\"image\":{\"@id\":\"https:\\\/\\\/contactfm72.fr\\\/?p=8922#primaryimage\"},\"thumbnailUrl\":\"https:\\\/\\\/contactfm72.fr\\\/wp-content\\\/uploads\\\/2022\\\/03\\\/IMG-3812.jpg\",\"datePublished\":\"2022-03-03T15:51:40+00:00\",\"dateModified\":\"2022-09-12T13:13:20+00:00\",\"breadcrumb\":{\"@id\":\"https:\\\/\\\/contactfm72.fr\\\/?p=8922#breadcrumb\"},\"inLanguage\":\"fr-FR\",\"potentialAction\":[{\"@type\":\"ReadAction\",\"target\":[\"https:\\\/\\\/contactfm72.fr\\\/?p=8922\"]}]},{\"@type\":\"ImageObject\",\"inLanguage\":\"fr-FR\",\"@id\":\"https:\\\/\\\/contactfm72.fr\\\/?p=8922#primaryimage\",\"url\":\"https:\\\/\\\/contactfm72.fr\\\/wp-content\\\/uploads\\\/2022\\\/03\\\/IMG-3812.jpg\",\"contentUrl\":\"https:\\\/\\\/contactfm72.fr\\\/wp-content\\\/uploads\\\/2022\\\/03\\\/IMG-3812.jpg\",\"width\":4032,\"height\":3024,\"caption\":\"Justine Bardet est la nouvelle charg\u00e9 d'accueil et d'animations \u00e0 la Mission Locale de Montval-sur-Loir.\"},{\"@type\":\"BreadcrumbList\",\"@id\":\"https:\\\/\\\/contactfm72.fr\\\/?p=8922#breadcrumb\",\"itemListElement\":[{\"@type\":\"ListItem\",\"position\":1,\"name\":\"Accueil\",\"item\":\"https:\\\/\\\/contactfm72.fr\\\/\"},{\"@type\":\"ListItem\",\"position\":2,\"name\":\"Montval-sur-Loir. Un forum pour trouver son job d\u2019\u00e9t\u00e9\"}]},{\"@type\":\"WebSite\",\"@id\":\"https:\\\/\\\/contactfm72.fr\\\/#website\",\"url\":\"https:\\\/\\\/contactfm72.fr\\\/\",\"name\":\"Contact FM 99.3\",\"description\":\"Votre radio en vall\u00e9e du Loir\",\"publisher\":{\"@id\":\"https:\\\/\\\/contactfm72.fr\\\/#organization\"},\"potentialAction\":[{\"@type\":\"SearchAction\",\"target\":{\"@type\":\"EntryPoint\",\"urlTemplate\":\"https:\\\/\\\/contactfm72.fr\\\/?s={search_term_string}\"},\"query-input\":{\"@type\":\"PropertyValueSpecification\",\"valueRequired\":true,\"valueName\":\"search_term_string\"}}],\"inLanguage\":\"fr-FR\"},{\"@type\":\"Organization\",\"@id\":\"https:\\\/\\\/contactfm72.fr\\\/#organization\",\"name\":\"Contact FM 99.3\",\"url\":\"https:\\\/\\\/contactfm72.fr\\\/\",\"logo\":{\"@type\":\"ImageObject\",\"inLanguage\":\"fr-FR\",\"@id\":\"https:\\\/\\\/contactfm72.fr\\\/#\\\/schema\\\/logo\\\/image\\\/\",\"url\":\"https:\\\/\\\/contactfm72.fr\\\/wp-content\\\/uploads\\\/2025\\\/04\\\/2025-04-18-2.jpg\",\"contentUrl\":\"https:\\\/\\\/contactfm72.fr\\\/wp-content\\\/uploads\\\/2025\\\/04\\\/2025-04-18-2.jpg\",\"width\":680,\"height\":307,\"caption\":\"Contact FM 99.3\"},\"image\":{\"@id\":\"https:\\\/\\\/contactfm72.fr\\\/#\\\/schema\\\/logo\\\/image\\\/\"},\"sameAs\":[\"https:\\\/\\\/www.facebook.com\\\/Contactfm.Chateauduloir\",\"https:\\\/\\\/x.com\\\/contactfm72\",\"https:\\\/\\\/www.instagram.com\\\/contact.fm.72?igsh=cGhlMHQ5N2JlNnpp\",\"https:\\\/\\\/www.tiktok.com\\\/@contact.fm\"]},{\"@type\":\"Person\",\"@id\":\"https:\\\/\\\/contactfm72.fr\\\/#\\\/schema\\\/person\\\/9fdc9d1c2eb029354a4f1535b90ba82d\",\"name\":\"Val\u00e9rie C.\",\"image\":{\"@type\":\"ImageObject\",\"inLanguage\":\"fr-FR\",\"@id\":\"https:\\\/\\\/secure.gravatar.com\\\/avatar\\\/2f8aa28f8dfbd7d4420afd1fdcdd0a349923e2c8a38ab28198b0f9d0601e4737?s=96&d=mm&r=g\",\"url\":\"https:\\\/\\\/secure.gravatar.com\\\/avatar\\\/2f8aa28f8dfbd7d4420afd1fdcdd0a349923e2c8a38ab28198b0f9d0601e4737?s=96&d=mm&r=g\",\"contentUrl\":\"https:\\\/\\\/secure.gravatar.com\\\/avatar\\\/2f8aa28f8dfbd7d4420afd1fdcdd0a349923e2c8a38ab28198b0f9d0601e4737?s=96&d=mm&r=g\",\"caption\":\"Val\u00e9rie C.\"},\"url\":\"https:\\\/\\\/contactfm72.fr\\\/?author=4\"}]}<\/script>\n<!-- \/ Yoast SEO plugin. -->","yoast_head_json":{"title":"Montval-sur-Loir. Un forum pour trouver son job d\u2019\u00e9t\u00e9 - Contact FM 99.3","robots":{"index":"index","follow":"follow","max-snippet":"max-snippet:-1","max-image-preview":"max-image-preview:large","max-video-preview":"max-video-preview:-1"},"canonical":"https:\/\/contactfm72.fr\/?p=8922","og_locale":"fr_FR","og_type":"article","og_title":"Montval-sur-Loir. Un forum pour trouver son job d\u2019\u00e9t\u00e9 - Contact FM 99.3","og_description":"Ce samedi 5 mars, \u00e0 Montval-sur-Loir, un forum consacr\u00e9 aux jobs d\u2019\u00e9t\u00e9 sera organis\u00e9 \u00e0 la Mission Locale, de 9 h \u00e0 12 h 30. &nbsp; Justine Bardet, charg\u00e9e d\u2019accueil et d\u2019animations au sein de la Mission Locale de Montval-sur-Loir (Sud-Sarthe), remplace Jocelyne Sinigaglia, partie \u00e0 la retraite. Elle organise son premier forum d\u00e9di\u00e9 aux&hellip;","og_url":"https:\/\/contactfm72.fr\/?p=8922","og_site_name":"Contact FM 99.3","article_publisher":"https:\/\/www.facebook.com\/Contactfm.Chateauduloir","article_published_time":"2022-03-03T15:51:40+00:00","article_modified_time":"2022-09-12T13:13:20+00:00","og_image":[{"url":"https:\/\/contactfm72.fr\/wp-content\/uploads\/2022\/03\/IMG-3812.jpg","width":1024,"height":768,"type":"image\/jpeg"}],"author":"Val\u00e9rie C.","twitter_card":"summary_large_image","twitter_creator":"@contactfm72","twitter_site":"@contactfm72","twitter_misc":{"\u00c9crit par":"Val\u00e9rie C.","Dur\u00e9e de lecture estim\u00e9e":"1 minute"},"schema":{"@context":"https:\/\/schema.org","@graph":[{"@type":"Article","@id":"https:\/\/contactfm72.fr\/?p=8922#article","isPartOf":{"@id":"https:\/\/contactfm72.fr\/?p=8922"},"author":{"name":"Val\u00e9rie C.","@id":"https:\/\/contactfm72.fr\/#\/schema\/person\/9fdc9d1c2eb029354a4f1535b90ba82d"},"headline":"Montval-sur-Loir. Un forum pour trouver son job d\u2019\u00e9t\u00e9","datePublished":"2022-03-03T15:51:40+00:00","dateModified":"2022-09-12T13:13:20+00:00","mainEntityOfPage":{"@id":"https:\/\/contactfm72.fr\/?p=8922"},"wordCount":227,"publisher":{"@id":"https:\/\/contactfm72.fr\/#organization"},"image":{"@id":"https:\/\/contactfm72.fr\/?p=8922#primaryimage"},"thumbnailUrl":"https:\/\/contactfm72.fr\/wp-content\/uploads\/2022\/03\/IMG-3812.jpg","articleSection":["Contact FM 72"],"inLanguage":"fr-FR"},{"@type":"WebPage","@id":"https:\/\/contactfm72.fr\/?p=8922","url":"https:\/\/contactfm72.fr\/?p=8922","name":"Montval-sur-Loir. Un forum pour trouver son job d\u2019\u00e9t\u00e9 - Contact FM 99.3","isPartOf":{"@id":"https:\/\/contactfm72.fr\/#website"},"primaryImageOfPage":{"@id":"https:\/\/contactfm72.fr\/?p=8922#primaryimage"},"image":{"@id":"https:\/\/contactfm72.fr\/?p=8922#primaryimage"},"thumbnailUrl":"https:\/\/contactfm72.fr\/wp-content\/uploads\/2022\/03\/IMG-3812.jpg","datePublished":"2022-03-03T15:51:40+00:00","dateModified":"2022-09-12T13:13:20+00:00","breadcrumb":{"@id":"https:\/\/contactfm72.fr\/?p=8922#breadcrumb"},"inLanguage":"fr-FR","potentialAction":[{"@type":"ReadAction","target":["https:\/\/contactfm72.fr\/?p=8922"]}]},{"@type":"ImageObject","inLanguage":"fr-FR","@id":"https:\/\/contactfm72.fr\/?p=8922#primaryimage","url":"https:\/\/contactfm72.fr\/wp-content\/uploads\/2022\/03\/IMG-3812.jpg","contentUrl":"https:\/\/contactfm72.fr\/wp-content\/uploads\/2022\/03\/IMG-3812.jpg","width":4032,"height":3024,"caption":"Justine Bardet est la nouvelle charg\u00e9 d'accueil et d'animations \u00e0 la Mission Locale de Montval-sur-Loir."},{"@type":"BreadcrumbList","@id":"https:\/\/contactfm72.fr\/?p=8922#breadcrumb","itemListElement":[{"@type":"ListItem","position":1,"name":"Accueil","item":"https:\/\/contactfm72.fr\/"},{"@type":"ListItem","position":2,"name":"Montval-sur-Loir. Un forum pour trouver son job d\u2019\u00e9t\u00e9"}]},{"@type":"WebSite","@id":"https:\/\/contactfm72.fr\/#website","url":"https:\/\/contactfm72.fr\/","name":"Contact FM 99.3","description":"Votre radio en vall\u00e9e du Loir","publisher":{"@id":"https:\/\/contactfm72.fr\/#organization"},"potentialAction":[{"@type":"SearchAction","target":{"@type":"EntryPoint","urlTemplate":"https:\/\/contactfm72.fr\/?s={search_term_string}"},"query-input":{"@type":"PropertyValueSpecification","valueRequired":true,"valueName":"search_term_string"}}],"inLanguage":"fr-FR"},{"@type":"Organization","@id":"https:\/\/contactfm72.fr\/#organization","name":"Contact FM 99.3","url":"https:\/\/contactfm72.fr\/","logo":{"@type":"ImageObject","inLanguage":"fr-FR","@id":"https:\/\/contactfm72.fr\/#\/schema\/logo\/image\/","url":"https:\/\/contactfm72.fr\/wp-content\/uploads\/2025\/04\/2025-04-18-2.jpg","contentUrl":"https:\/\/contactfm72.fr\/wp-content\/uploads\/2025\/04\/2025-04-18-2.jpg","width":680,"height":307,"caption":"Contact FM 99.3"},"image":{"@id":"https:\/\/contactfm72.fr\/#\/schema\/logo\/image\/"},"sameAs":["https:\/\/www.facebook.com\/Contactfm.Chateauduloir","https:\/\/x.com\/contactfm72","https:\/\/www.instagram.com\/contact.fm.72?igsh=cGhlMHQ5N2JlNnpp","https:\/\/www.tiktok.com\/@contact.fm"]},{"@type":"Person","@id":"https:\/\/contactfm72.fr\/#\/schema\/person\/9fdc9d1c2eb029354a4f1535b90ba82d","name":"Val\u00e9rie C.","image":{"@type":"ImageObject","inLanguage":"fr-FR","@id":"https:\/\/secure.gravatar.com\/avatar\/2f8aa28f8dfbd7d4420afd1fdcdd0a349923e2c8a38ab28198b0f9d0601e4737?s=96&d=mm&r=g","url":"https:\/\/secure.gravatar.com\/avatar\/2f8aa28f8dfbd7d4420afd1fdcdd0a349923e2c8a38ab28198b0f9d0601e4737?s=96&d=mm&r=g","contentUrl":"https:\/\/secure.gravatar.com\/avatar\/2f8aa28f8dfbd7d4420afd1fdcdd0a349923e2c8a38ab28198b0f9d0601e4737?s=96&d=mm&r=g","caption":"Val\u00e9rie C."},"url":"https:\/\/contactfm72.fr\/?author=4"}]}},"_links":{"self":[{"href":"https:\/\/contactfm72.fr\/index.php?rest_route=\/wp\/v2\/posts\/8922","targetHints":{"allow":["GET"]}}],"collection":[{"href":"https:\/\/contactfm72.fr\/index.php?rest_route=\/wp\/v2\/posts"}],"about":[{"href":"https:\/\/contactfm72.fr\/index.php?rest_route=\/wp\/v2\/types\/post"}],"author":[{"embeddable":true,"href":"https:\/\/contactfm72.fr\/index.php?rest_route=\/wp\/v2\/users\/4"}],"replies":[{"embeddable":true,"href":"https:\/\/contactfm72.fr\/index.php?rest_route=%2Fwp%2Fv2%2Fcomments&post=8922"}],"version-history":[{"count":4,"href":"https:\/\/contactfm72.fr\/index.php?rest_route=\/wp\/v2\/posts\/8922\/revisions"}],"predecessor-version":[{"id":11005,"href":"https:\/\/contactfm72.fr\/index.php?rest_route=\/wp\/v2\/posts\/8922\/revisions\/11005"}],"wp:featuredmedia":[{"embeddable":true,"href":"https:\/\/contactfm72.fr\/index.php?rest_route=\/wp\/v2\/media\/8888"}],"wp:attachment":[{"href":"https:\/\/contactfm72.fr\/index.php?rest_route=%2Fwp%2Fv2%2Fmedia&parent=8922"}],"wp:term":[{"taxonomy":"category","embeddable":true,"href":"https:\/\/contactfm72.fr\/index.php?rest_route=%2Fwp%2Fv2%2Fcategories&post=8922"},{"taxonomy":"post_tag","embeddable":true,"href":"https:\/\/contactfm72.fr\/index.php?rest_route=%2Fwp%2Fv2%2Ftags&post=8922"}],"curies":[{"name":"wp","href":"https:\/\/api.w.org\/{rel}","templated":true}]}}