{"id":8900,"date":"2022-03-03T11:38:31","date_gmt":"2022-03-03T10:38:31","guid":{"rendered":"http:\/\/contactfm72.fr\/?p=8900"},"modified":"2022-03-03T11:48:40","modified_gmt":"2022-03-03T10:48:40","slug":"ukraine-montval-sur-loir-se-mobilise","status":"publish","type":"post","link":"https:\/\/contactfm72.fr\/?p=8900","title":{"rendered":"Guerre en Ukraine. Logements disponibles, dons mat\u00e9riels&#8230; Montval-sur-Loir se mobilise"},"content":{"rendered":"<h2>Comme toutes les mairies de France, Montval-sur-Loir organise ses actions de solidarit\u00e9s envers le peuple ukrainien\u00a0: recensement des logements disponibles ou encore, un appel aux dons.<\/h2>\n<p>&nbsp;<\/p>\n<p>La <strong>guerre d\u00e9clar\u00e9e en Ukraine par la Russie<\/strong> entra\u00eene un mouvement de <strong>d\u00e9placement de masse de la population ukrainienne vers l\u2019ouest de l\u2019Europe<\/strong>, et donc de la France, prochainement. Les Maires du territoire ont \u00e9t\u00e9 contact\u00e9s afin de mettre en place des mesures de solidarit\u00e9s.<\/p>\n<p>\u00c0 <strong>Montval-sur-Loir (Sarthe), Herv\u00e9 Ronci\u00e8re<\/strong>, maire, et son \u00e9quipe municipale, lancent des <strong>appels \u00e0 la solidarit\u00e9<\/strong>, <a href=\"https:\/\/www.facebook.com\/chateauduloirmaville\">comme relay\u00e9 le mercredi 2 mars sur le compte Facebook officiel de la mairie<\/a>.<\/p>\n<p>&nbsp;<\/p>\n<h3>Recensement des logements<\/h3>\n<p>L\u2019une des mesures de solidarit\u00e9 mise en place est le <strong>recensement des logements disponibles<\/strong>\u00a0:<\/p>\n<p>&nbsp;<\/p>\n<blockquote><p>\u00ab Chacun d\u2019entre nous, en fonction de ses disponibilit\u00e9s, peut choisir de participer \u00e0 cet \u00e9lan de solidarit\u00e9 envers le peuple ukrainien en faisant savoir aupr\u00e8s de la mairie de sa commune ce qu\u2019il peut apporter \u00bb, confie le maire, Herv\u00e9 Ronci\u00e8re.<\/p>\n<p>&nbsp;<\/p><\/blockquote>\n<p>Logements vacants ou encore h\u00e9bergements disponibles, <strong>toute personne pouvant accueillir les exil\u00e9s ukrainiens<\/strong> peuvent se rapprocher de sa mairie.<\/p>\n<p>&nbsp;<\/p>\n<h3>Dons mat\u00e9riels<\/h3>\n<p>Face \u00e0 cette invasion, les populations civiles sont durement touch\u00e9es. Outre d\u2019accueillir les r\u00e9fugi\u00e9s, des <strong>aides mat\u00e9rielles<\/strong> sont aussi \u00e0 favoriser. En ce sens, la mairie fait un appel aux dons logistiques, d\u2019hygi\u00e8ne et de secours.<\/p>\n<p>Voici la <strong>liste des dons<\/strong> fourni par l\u2019association des Maires de France\u00a0:<\/p>\n<ul>\n<li><strong>Logistique<\/strong>\u00a0: lits de camp, sacs de couchage, couvertures de survie, v\u00eatements, mat\u00e9riel \u00e9lectrique (projecteurs, lumi\u00e8res, rallonges, g\u00e9n\u00e9rateurs)<\/li>\n<li><strong>Hygi\u00e8ne\u00a0<\/strong>: gels et savons de corps, dentifrices, brosses \u00e0 dents, couches et laits maternis\u00e9s, m\u00e9dicaments (non p\u00e9rim\u00e9s), rasoirs, mousses \u00e0 raser, serviettes hygi\u00e9niques<\/li>\n<li><strong>Secours\u00a0<\/strong>: gants \u00e0 usage unique, masques chirurgicaux, mat\u00e9riel de suture, blouses m\u00e9dicales, bandages \u00e9lastiques, garrots, lecteurs \u00e0 glyc\u00e9mies, pansements h\u00e9mostatiques, pansements, mat\u00e9riel m\u00e9dical (respirateur, d\u00e9fibrillateur, moniteur\u2026)<\/li>\n<li>D\u2019autres dons \u00e9galement, comme des <strong>v\u00eatements chauds, des denr\u00e9es alimentaires non p\u00e9rissables, des sets de vaisselle r\u00e9utilisables<\/strong>\u2026<\/li>\n<\/ul>\n<p>&nbsp;<\/p>\n<h3>Privil\u00e9gier les dons financiers<\/h3>\n<p>En revanche, les dons financiers restent le moyen le<strong> plus utile pour aider les ukrainiens<\/strong>. L&#8217;argent r\u00e9colt\u00e9 servira \u00e0 faire des achats divers ou encore <strong>aider les pays voisins<\/strong> qui viennent pr\u00eater main forte aux ukrainiens. \u00ab Il est <strong>pr\u00e9f\u00e9rable de faire des dons num\u00e9raires que des colis<\/strong>. Nous sommes loin de la fronti\u00e8re, d\u2019un point de vue personnel, \u00e7a me para\u00eet plus logique \u00bb, explique le maire.<\/p>\n<p>&nbsp;<\/p>\n<h3>A qui\u00a0?<\/h3>\n<p>Les points de collectes s\u2019organisent en ce moment m\u00eame \u00e0 l\u2019<strong>\u00e9chelle d\u00e9partementale<\/strong>. Des <strong>convois humanitaires<\/strong> sont organis\u00e9s pour acheminer vos dons jusqu\u2019aux fronti\u00e8res. Des <strong>associations internationales<\/strong> organisent ce relai.<\/p>\n<p>&nbsp;<\/p>\n<p>Voici une liste des <strong>ONG impliqu\u00e9es<\/strong> dans l\u2019aide au peuple ukrainien\u00a0:<\/p>\n<ul>\n<li><a href=\"https:\/\/amc.ukr.fr\/\">AMC France-Ukraine<\/a><\/li>\n<li>L\u2019Agence des Nations Unies <a href=\"https:\/\/donner.unhcr.org\/urgence-ukraine\/~mon-don?_cv=1#_ga=2.135624057.955164721.1646303237-1886313939.1646303237\">UNHCR<\/a><\/li>\n<li>Ou encore <a href=\"https:\/\/donner.croix-rouge.fr\/urgence-ukraine\/~mon-don?ns_ira_cr_arg=IyMjIyMjIyMjIyMjIyMjIyMjIyMjIyMjIyMjIyMjIyMsRD2zgzAR814D1aasVJyaf0NXBorjM05NDqjzvSOOxPyz30HubNOHZnIodutNe1ehl4h5Xig%2Fqdahf9AeMK14tiBJhw%2BRjP2wmpIKYx3Mm3tUiT9Pge5PqhlOIXL9r1mS%2Fuco5Rm3K%2B7i17wPWiksGkFQ1B0LdlmOOdofJkRC0Q%3D%3D&amp;gclid=Cj0KCQiA64GRBhCZARIsAHOLriKiVX_ysVFeRqGBaxdoswIH1WZWdV4tLMDnSz4Jw3qT5T8tWgZa-GMaArG3EALw_wcB&amp;_cv=1\">La Croix Rouge<\/a>. A l&#8217;\u00e9chelle locale, il est possible de venir <strong>d\u00e9poser vos dons \u00e0 la Croix Rouge de Montval-sur-Loir, au 26 rue Aristide Briand<\/strong>, les <strong>lundi et mercredi de 14h \u00e0 17h30<\/strong>. Les d\u00e9p\u00f4ts &#8220;sauvages mais bien intentionn\u00e9es&#8221; devant la mairie ne pourront \u00eatre g\u00e9r\u00e9s.<\/li>\n<\/ul>\n<p>&nbsp;<\/p>\n<h3>La mairie aux couleurs de l\u2019Ukraine<\/h3>\n<p>Le maire termine en expliquant que \u00ab\u00a0des <strong>drapeaux de l\u2019Ukraine<\/strong> ont \u00e9t\u00e9 command\u00e9s et seront bient\u00f4t accroch\u00e9s \u00e0 la <strong>devanture des trois mairies montvaloises<\/strong> \u00bb.<\/p>\n<p>&nbsp;<\/p>\n<blockquote><p>\u00ab En mettant en coh\u00e9rence nos actes et nos valeurs telles qu\u2019elles se manifestent dans l\u2019urgence, en France comme dans l\u2019Union Europ\u00e9enne, unanimement indign\u00e9s, nous affirmons plus que jamais notre <strong>attachement aux valeurs de libert\u00e9, d\u2019\u00e9galit\u00e9 et de fraternit\u00e9<\/strong> \u00bb, termine Herv\u00e9 Ronci\u00e8re.<\/p><\/blockquote>\n<!-- AddThis Advanced Settings generic via filter on the_content --><!-- AddThis Share Buttons generic via filter on the_content -->","protected":false},"excerpt":{"rendered":"<p>Comme toutes les mairies de France, Montval-sur-Loir organise ses actions de solidarit\u00e9s envers le peuple ukrainien\u00a0: recensement des logements disponibles ou encore, un appel aux dons. &nbsp; La guerre d\u00e9clar\u00e9e en Ukraine par la Russie entra\u00eene un mouvement de d\u00e9placement de masse de la population ukrainienne vers l\u2019ouest de l\u2019Europe, et donc de la France,&hellip;<!-- AddThis Advanced Settings generic via filter on get_the_excerpt --><!-- AddThis Share Buttons generic via filter on get_the_excerpt --><\/p>\n","protected":false},"author":4,"featured_media":8901,"comment_status":"closed","ping_status":"open","sticky":false,"template":"","format":"standard","meta":{"footnotes":""},"categories":[1],"tags":[],"class_list":["post-8900","post","type-post","status-publish","format-standard","has-post-thumbnail","hentry","category-contact-fm-72","category-1","description-off"],"yoast_head":"<!-- This site is optimized with the Yoast SEO plugin v27.4 - https:\/\/yoast.com\/product\/yoast-seo-wordpress\/ -->\n<title>Guerre en Ukraine. Logements disponibles, dons mat\u00e9riels... Montval-sur-Loir se mobilise - Contact FM 99.3<\/title>\n<meta name=\"robots\" content=\"index, follow, max-snippet:-1, max-image-preview:large, max-video-preview:-1\" \/>\n<link rel=\"canonical\" href=\"https:\/\/contactfm72.fr\/?p=8900\" \/>\n<meta property=\"og:locale\" content=\"fr_FR\" \/>\n<meta property=\"og:type\" content=\"article\" \/>\n<meta property=\"og:title\" content=\"Guerre en Ukraine. Logements disponibles, dons mat\u00e9riels... Montval-sur-Loir se mobilise - Contact FM 99.3\" \/>\n<meta property=\"og:description\" content=\"Comme toutes les mairies de France, Montval-sur-Loir organise ses actions de solidarit\u00e9s envers le peuple ukrainien\u00a0: recensement des logements disponibles ou encore, un appel aux dons. &nbsp; La guerre d\u00e9clar\u00e9e en Ukraine par la Russie entra\u00eene un mouvement de d\u00e9placement de masse de la population ukrainienne vers l\u2019ouest de l\u2019Europe, et donc de la France,&hellip;\" \/>\n<meta property=\"og:url\" content=\"https:\/\/contactfm72.fr\/?p=8900\" \/>\n<meta property=\"og:site_name\" content=\"Contact FM 99.3\" \/>\n<meta property=\"article:publisher\" content=\"https:\/\/www.facebook.com\/Contactfm.Chateauduloir\" \/>\n<meta property=\"article:published_time\" content=\"2022-03-03T10:38:31+00:00\" \/>\n<meta property=\"article:modified_time\" content=\"2022-03-03T10:48:40+00:00\" \/>\n<meta property=\"og:image\" content=\"https:\/\/contactfm72.fr\/wp-content\/uploads\/2022\/03\/HR-ukraine.jpg\" \/>\n\t<meta property=\"og:image:width\" content=\"2048\" \/>\n\t<meta property=\"og:image:height\" content=\"1536\" \/>\n\t<meta property=\"og:image:type\" content=\"image\/jpeg\" \/>\n<meta name=\"author\" content=\"Val\u00e9rie C.\" \/>\n<meta name=\"twitter:card\" content=\"summary_large_image\" \/>\n<meta name=\"twitter:creator\" content=\"@contactfm72\" \/>\n<meta name=\"twitter:site\" content=\"@contactfm72\" \/>\n<meta name=\"twitter:label1\" content=\"\u00c9crit par\" \/>\n\t<meta name=\"twitter:data1\" content=\"Val\u00e9rie C.\" \/>\n\t<meta name=\"twitter:label2\" content=\"Dur\u00e9e de lecture estim\u00e9e\" \/>\n\t<meta name=\"twitter:data2\" content=\"3 minutes\" \/>\n<script type=\"application\/ld+json\" class=\"yoast-schema-graph\">{\"@context\":\"https:\\\/\\\/schema.org\",\"@graph\":[{\"@type\":\"Article\",\"@id\":\"https:\\\/\\\/contactfm72.fr\\\/?p=8900#article\",\"isPartOf\":{\"@id\":\"https:\\\/\\\/contactfm72.fr\\\/?p=8900\"},\"author\":{\"name\":\"Val\u00e9rie C.\",\"@id\":\"https:\\\/\\\/contactfm72.fr\\\/#\\\/schema\\\/person\\\/9fdc9d1c2eb029354a4f1535b90ba82d\"},\"headline\":\"Guerre en Ukraine. Logements disponibles, dons mat\u00e9riels&#8230; Montval-sur-Loir se mobilise\",\"datePublished\":\"2022-03-03T10:38:31+00:00\",\"dateModified\":\"2022-03-03T10:48:40+00:00\",\"mainEntityOfPage\":{\"@id\":\"https:\\\/\\\/contactfm72.fr\\\/?p=8900\"},\"wordCount\":643,\"publisher\":{\"@id\":\"https:\\\/\\\/contactfm72.fr\\\/#organization\"},\"image\":{\"@id\":\"https:\\\/\\\/contactfm72.fr\\\/?p=8900#primaryimage\"},\"thumbnailUrl\":\"https:\\\/\\\/contactfm72.fr\\\/wp-content\\\/uploads\\\/2022\\\/03\\\/HR-ukraine.jpg\",\"articleSection\":[\"Contact FM 72\"],\"inLanguage\":\"fr-FR\"},{\"@type\":\"WebPage\",\"@id\":\"https:\\\/\\\/contactfm72.fr\\\/?p=8900\",\"url\":\"https:\\\/\\\/contactfm72.fr\\\/?p=8900\",\"name\":\"Guerre en Ukraine. Logements disponibles, dons mat\u00e9riels... Montval-sur-Loir se mobilise - Contact FM 99.3\",\"isPartOf\":{\"@id\":\"https:\\\/\\\/contactfm72.fr\\\/#website\"},\"primaryImageOfPage\":{\"@id\":\"https:\\\/\\\/contactfm72.fr\\\/?p=8900#primaryimage\"},\"image\":{\"@id\":\"https:\\\/\\\/contactfm72.fr\\\/?p=8900#primaryimage\"},\"thumbnailUrl\":\"https:\\\/\\\/contactfm72.fr\\\/wp-content\\\/uploads\\\/2022\\\/03\\\/HR-ukraine.jpg\",\"datePublished\":\"2022-03-03T10:38:31+00:00\",\"dateModified\":\"2022-03-03T10:48:40+00:00\",\"breadcrumb\":{\"@id\":\"https:\\\/\\\/contactfm72.fr\\\/?p=8900#breadcrumb\"},\"inLanguage\":\"fr-FR\",\"potentialAction\":[{\"@type\":\"ReadAction\",\"target\":[\"https:\\\/\\\/contactfm72.fr\\\/?p=8900\"]}]},{\"@type\":\"ImageObject\",\"inLanguage\":\"fr-FR\",\"@id\":\"https:\\\/\\\/contactfm72.fr\\\/?p=8900#primaryimage\",\"url\":\"https:\\\/\\\/contactfm72.fr\\\/wp-content\\\/uploads\\\/2022\\\/03\\\/HR-ukraine.jpg\",\"contentUrl\":\"https:\\\/\\\/contactfm72.fr\\\/wp-content\\\/uploads\\\/2022\\\/03\\\/HR-ukraine.jpg\",\"width\":2048,\"height\":1536,\"caption\":\"Herv\u00e9 Ronci\u00e8re, maire de Montval-sur-Loir.\"},{\"@type\":\"BreadcrumbList\",\"@id\":\"https:\\\/\\\/contactfm72.fr\\\/?p=8900#breadcrumb\",\"itemListElement\":[{\"@type\":\"ListItem\",\"position\":1,\"name\":\"Accueil\",\"item\":\"https:\\\/\\\/contactfm72.fr\\\/\"},{\"@type\":\"ListItem\",\"position\":2,\"name\":\"Guerre en Ukraine. Logements disponibles, dons mat\u00e9riels&#8230; Montval-sur-Loir se mobilise\"}]},{\"@type\":\"WebSite\",\"@id\":\"https:\\\/\\\/contactfm72.fr\\\/#website\",\"url\":\"https:\\\/\\\/contactfm72.fr\\\/\",\"name\":\"Contact FM 99.3\",\"description\":\"Votre radio en vall\u00e9e du Loir\",\"publisher\":{\"@id\":\"https:\\\/\\\/contactfm72.fr\\\/#organization\"},\"potentialAction\":[{\"@type\":\"SearchAction\",\"target\":{\"@type\":\"EntryPoint\",\"urlTemplate\":\"https:\\\/\\\/contactfm72.fr\\\/?s={search_term_string}\"},\"query-input\":{\"@type\":\"PropertyValueSpecification\",\"valueRequired\":true,\"valueName\":\"search_term_string\"}}],\"inLanguage\":\"fr-FR\"},{\"@type\":\"Organization\",\"@id\":\"https:\\\/\\\/contactfm72.fr\\\/#organization\",\"name\":\"Contact FM 99.3\",\"url\":\"https:\\\/\\\/contactfm72.fr\\\/\",\"logo\":{\"@type\":\"ImageObject\",\"inLanguage\":\"fr-FR\",\"@id\":\"https:\\\/\\\/contactfm72.fr\\\/#\\\/schema\\\/logo\\\/image\\\/\",\"url\":\"https:\\\/\\\/contactfm72.fr\\\/wp-content\\\/uploads\\\/2025\\\/04\\\/2025-04-18-2.jpg\",\"contentUrl\":\"https:\\\/\\\/contactfm72.fr\\\/wp-content\\\/uploads\\\/2025\\\/04\\\/2025-04-18-2.jpg\",\"width\":680,\"height\":307,\"caption\":\"Contact FM 99.3\"},\"image\":{\"@id\":\"https:\\\/\\\/contactfm72.fr\\\/#\\\/schema\\\/logo\\\/image\\\/\"},\"sameAs\":[\"https:\\\/\\\/www.facebook.com\\\/Contactfm.Chateauduloir\",\"https:\\\/\\\/x.com\\\/contactfm72\",\"https:\\\/\\\/www.instagram.com\\\/contact.fm.72?igsh=cGhlMHQ5N2JlNnpp\",\"https:\\\/\\\/www.tiktok.com\\\/@contact.fm\"]},{\"@type\":\"Person\",\"@id\":\"https:\\\/\\\/contactfm72.fr\\\/#\\\/schema\\\/person\\\/9fdc9d1c2eb029354a4f1535b90ba82d\",\"name\":\"Val\u00e9rie C.\",\"image\":{\"@type\":\"ImageObject\",\"inLanguage\":\"fr-FR\",\"@id\":\"https:\\\/\\\/secure.gravatar.com\\\/avatar\\\/2f8aa28f8dfbd7d4420afd1fdcdd0a349923e2c8a38ab28198b0f9d0601e4737?s=96&d=mm&r=g\",\"url\":\"https:\\\/\\\/secure.gravatar.com\\\/avatar\\\/2f8aa28f8dfbd7d4420afd1fdcdd0a349923e2c8a38ab28198b0f9d0601e4737?s=96&d=mm&r=g\",\"contentUrl\":\"https:\\\/\\\/secure.gravatar.com\\\/avatar\\\/2f8aa28f8dfbd7d4420afd1fdcdd0a349923e2c8a38ab28198b0f9d0601e4737?s=96&d=mm&r=g\",\"caption\":\"Val\u00e9rie C.\"},\"url\":\"https:\\\/\\\/contactfm72.fr\\\/?author=4\"}]}<\/script>\n<!-- \/ Yoast SEO plugin. -->","yoast_head_json":{"title":"Guerre en Ukraine. Logements disponibles, dons mat\u00e9riels... Montval-sur-Loir se mobilise - Contact FM 99.3","robots":{"index":"index","follow":"follow","max-snippet":"max-snippet:-1","max-image-preview":"max-image-preview:large","max-video-preview":"max-video-preview:-1"},"canonical":"https:\/\/contactfm72.fr\/?p=8900","og_locale":"fr_FR","og_type":"article","og_title":"Guerre en Ukraine. Logements disponibles, dons mat\u00e9riels... Montval-sur-Loir se mobilise - Contact FM 99.3","og_description":"Comme toutes les mairies de France, Montval-sur-Loir organise ses actions de solidarit\u00e9s envers le peuple ukrainien\u00a0: recensement des logements disponibles ou encore, un appel aux dons. &nbsp; La guerre d\u00e9clar\u00e9e en Ukraine par la Russie entra\u00eene un mouvement de d\u00e9placement de masse de la population ukrainienne vers l\u2019ouest de l\u2019Europe, et donc de la France,&hellip;","og_url":"https:\/\/contactfm72.fr\/?p=8900","og_site_name":"Contact FM 99.3","article_publisher":"https:\/\/www.facebook.com\/Contactfm.Chateauduloir","article_published_time":"2022-03-03T10:38:31+00:00","article_modified_time":"2022-03-03T10:48:40+00:00","og_image":[{"width":2048,"height":1536,"url":"https:\/\/contactfm72.fr\/wp-content\/uploads\/2022\/03\/HR-ukraine.jpg","type":"image\/jpeg"}],"author":"Val\u00e9rie C.","twitter_card":"summary_large_image","twitter_creator":"@contactfm72","twitter_site":"@contactfm72","twitter_misc":{"\u00c9crit par":"Val\u00e9rie C.","Dur\u00e9e de lecture estim\u00e9e":"3 minutes"},"schema":{"@context":"https:\/\/schema.org","@graph":[{"@type":"Article","@id":"https:\/\/contactfm72.fr\/?p=8900#article","isPartOf":{"@id":"https:\/\/contactfm72.fr\/?p=8900"},"author":{"name":"Val\u00e9rie C.","@id":"https:\/\/contactfm72.fr\/#\/schema\/person\/9fdc9d1c2eb029354a4f1535b90ba82d"},"headline":"Guerre en Ukraine. Logements disponibles, dons mat\u00e9riels&#8230; Montval-sur-Loir se mobilise","datePublished":"2022-03-03T10:38:31+00:00","dateModified":"2022-03-03T10:48:40+00:00","mainEntityOfPage":{"@id":"https:\/\/contactfm72.fr\/?p=8900"},"wordCount":643,"publisher":{"@id":"https:\/\/contactfm72.fr\/#organization"},"image":{"@id":"https:\/\/contactfm72.fr\/?p=8900#primaryimage"},"thumbnailUrl":"https:\/\/contactfm72.fr\/wp-content\/uploads\/2022\/03\/HR-ukraine.jpg","articleSection":["Contact FM 72"],"inLanguage":"fr-FR"},{"@type":"WebPage","@id":"https:\/\/contactfm72.fr\/?p=8900","url":"https:\/\/contactfm72.fr\/?p=8900","name":"Guerre en Ukraine. Logements disponibles, dons mat\u00e9riels... Montval-sur-Loir se mobilise - Contact FM 99.3","isPartOf":{"@id":"https:\/\/contactfm72.fr\/#website"},"primaryImageOfPage":{"@id":"https:\/\/contactfm72.fr\/?p=8900#primaryimage"},"image":{"@id":"https:\/\/contactfm72.fr\/?p=8900#primaryimage"},"thumbnailUrl":"https:\/\/contactfm72.fr\/wp-content\/uploads\/2022\/03\/HR-ukraine.jpg","datePublished":"2022-03-03T10:38:31+00:00","dateModified":"2022-03-03T10:48:40+00:00","breadcrumb":{"@id":"https:\/\/contactfm72.fr\/?p=8900#breadcrumb"},"inLanguage":"fr-FR","potentialAction":[{"@type":"ReadAction","target":["https:\/\/contactfm72.fr\/?p=8900"]}]},{"@type":"ImageObject","inLanguage":"fr-FR","@id":"https:\/\/contactfm72.fr\/?p=8900#primaryimage","url":"https:\/\/contactfm72.fr\/wp-content\/uploads\/2022\/03\/HR-ukraine.jpg","contentUrl":"https:\/\/contactfm72.fr\/wp-content\/uploads\/2022\/03\/HR-ukraine.jpg","width":2048,"height":1536,"caption":"Herv\u00e9 Ronci\u00e8re, maire de Montval-sur-Loir."},{"@type":"BreadcrumbList","@id":"https:\/\/contactfm72.fr\/?p=8900#breadcrumb","itemListElement":[{"@type":"ListItem","position":1,"name":"Accueil","item":"https:\/\/contactfm72.fr\/"},{"@type":"ListItem","position":2,"name":"Guerre en Ukraine. Logements disponibles, dons mat\u00e9riels&#8230; Montval-sur-Loir se mobilise"}]},{"@type":"WebSite","@id":"https:\/\/contactfm72.fr\/#website","url":"https:\/\/contactfm72.fr\/","name":"Contact FM 99.3","description":"Votre radio en vall\u00e9e du Loir","publisher":{"@id":"https:\/\/contactfm72.fr\/#organization"},"potentialAction":[{"@type":"SearchAction","target":{"@type":"EntryPoint","urlTemplate":"https:\/\/contactfm72.fr\/?s={search_term_string}"},"query-input":{"@type":"PropertyValueSpecification","valueRequired":true,"valueName":"search_term_string"}}],"inLanguage":"fr-FR"},{"@type":"Organization","@id":"https:\/\/contactfm72.fr\/#organization","name":"Contact FM 99.3","url":"https:\/\/contactfm72.fr\/","logo":{"@type":"ImageObject","inLanguage":"fr-FR","@id":"https:\/\/contactfm72.fr\/#\/schema\/logo\/image\/","url":"https:\/\/contactfm72.fr\/wp-content\/uploads\/2025\/04\/2025-04-18-2.jpg","contentUrl":"https:\/\/contactfm72.fr\/wp-content\/uploads\/2025\/04\/2025-04-18-2.jpg","width":680,"height":307,"caption":"Contact FM 99.3"},"image":{"@id":"https:\/\/contactfm72.fr\/#\/schema\/logo\/image\/"},"sameAs":["https:\/\/www.facebook.com\/Contactfm.Chateauduloir","https:\/\/x.com\/contactfm72","https:\/\/www.instagram.com\/contact.fm.72?igsh=cGhlMHQ5N2JlNnpp","https:\/\/www.tiktok.com\/@contact.fm"]},{"@type":"Person","@id":"https:\/\/contactfm72.fr\/#\/schema\/person\/9fdc9d1c2eb029354a4f1535b90ba82d","name":"Val\u00e9rie C.","image":{"@type":"ImageObject","inLanguage":"fr-FR","@id":"https:\/\/secure.gravatar.com\/avatar\/2f8aa28f8dfbd7d4420afd1fdcdd0a349923e2c8a38ab28198b0f9d0601e4737?s=96&d=mm&r=g","url":"https:\/\/secure.gravatar.com\/avatar\/2f8aa28f8dfbd7d4420afd1fdcdd0a349923e2c8a38ab28198b0f9d0601e4737?s=96&d=mm&r=g","contentUrl":"https:\/\/secure.gravatar.com\/avatar\/2f8aa28f8dfbd7d4420afd1fdcdd0a349923e2c8a38ab28198b0f9d0601e4737?s=96&d=mm&r=g","caption":"Val\u00e9rie C."},"url":"https:\/\/contactfm72.fr\/?author=4"}]}},"_links":{"self":[{"href":"https:\/\/contactfm72.fr\/index.php?rest_route=\/wp\/v2\/posts\/8900","targetHints":{"allow":["GET"]}}],"collection":[{"href":"https:\/\/contactfm72.fr\/index.php?rest_route=\/wp\/v2\/posts"}],"about":[{"href":"https:\/\/contactfm72.fr\/index.php?rest_route=\/wp\/v2\/types\/post"}],"author":[{"embeddable":true,"href":"https:\/\/contactfm72.fr\/index.php?rest_route=\/wp\/v2\/users\/4"}],"replies":[{"embeddable":true,"href":"https:\/\/contactfm72.fr\/index.php?rest_route=%2Fwp%2Fv2%2Fcomments&post=8900"}],"version-history":[{"count":5,"href":"https:\/\/contactfm72.fr\/index.php?rest_route=\/wp\/v2\/posts\/8900\/revisions"}],"predecessor-version":[{"id":8914,"href":"https:\/\/contactfm72.fr\/index.php?rest_route=\/wp\/v2\/posts\/8900\/revisions\/8914"}],"wp:featuredmedia":[{"embeddable":true,"href":"https:\/\/contactfm72.fr\/index.php?rest_route=\/wp\/v2\/media\/8901"}],"wp:attachment":[{"href":"https:\/\/contactfm72.fr\/index.php?rest_route=%2Fwp%2Fv2%2Fmedia&parent=8900"}],"wp:term":[{"taxonomy":"category","embeddable":true,"href":"https:\/\/contactfm72.fr\/index.php?rest_route=%2Fwp%2Fv2%2Fcategories&post=8900"},{"taxonomy":"post_tag","embeddable":true,"href":"https:\/\/contactfm72.fr\/index.php?rest_route=%2Fwp%2Fv2%2Ftags&post=8900"}],"curies":[{"name":"wp","href":"https:\/\/api.w.org\/{rel}","templated":true}]}}