{"id":8895,"date":"2022-03-02T17:52:49","date_gmt":"2022-03-02T16:52:49","guid":{"rendered":"http:\/\/contactfm72.fr\/?p=8895"},"modified":"2022-05-01T13:35:05","modified_gmt":"2022-05-01T11:35:05","slug":"agression-a-larme-blanche-a-la-faculte-du-mans-un-etudiant-temoigne","status":"publish","type":"post","link":"https:\/\/contactfm72.fr\/?p=8895","title":{"rendered":"Agression \u00e0 l&#8217;arme blanche \u00e0 la facult\u00e9 du Mans, un \u00e9tudiant t\u00e9moigne"},"content":{"rendered":"<h2>Ce mercredi 2 mars 2022, un homme a bless\u00e9 quatre personnes \u00e0 l\u2019arme blanche \u00e0 la facult\u00e9 de lettres du Mans (Sarthe). Il a \u00e9t\u00e9 interpell\u00e9 par les forces de l\u2019ordre et plac\u00e9 en garde \u00e0 vue. Un jeune \u00e9tudiant a crois\u00e9 son chemin et t\u00e9moigne.<\/h2>\n<p>&nbsp;<\/p>\n<p>&nbsp;<\/p>\n<p>\u00ab\u00a0Aujourd\u2019hui vers <strong>13h40 \u00e0 l\u2019Universit\u00e9 du Mans<\/strong>, dans le b\u00e2timent de la <strong>Facult\u00e9 de Lettres<\/strong>, un \u00e9tudiant de l\u2019Universit\u00e9 s\u2019est introduit, arm\u00e9 d\u2019un long b\u00e2ton, dans une salle o\u00f9 se tenait une table ronde d\u2019\u00e9tudiants et d\u2019anciens \u00e9tudiants d\u2019un master d\u2019histoire. Il a tenu aussit\u00f4t apr\u00e8s son entr\u00e9e dans la <strong>salle des propos incoh\u00e9rents \u00e0 caract\u00e8re politique et mystique<\/strong>, sans contenu \u00e0 caract\u00e8re radical d\u2019apr\u00e8s les premiers t\u00e9moignages\u00a0\u00bb, fait savoir le <strong>pr\u00e9fet de la Sarthe, Patrick Dallennes<\/strong>.<\/p>\n<p>&nbsp;<\/p>\n<h3>Trois \u00e9tudiants et un professeur bless\u00e9s<\/h3>\n<p>Un enseignant lui a demand\u00e9 de sortir de la salle mais un \u00e9tudiant s\u2019est interpos\u00e9 et l\u2019agresseur l\u2019a frapp\u00e9 avec son b\u00e2ton. L\u2019\u00e9tudiant a ripost\u00e9 faisant chuter l\u2019agresseur au sol. L\u2019agresseur est ensuite all\u00e9 chercher un couteau dans son sac et s\u2019est dirig\u00e9 vers le couloir o\u00f9 il a frapp\u00e9 un enseignant \u00e0 mains nues puis a bless\u00e9 avec son couteau deux \u00e9tudiantes l\u00e9g\u00e8rement. Ils ont toutefois \u00e9t\u00e9 conduits \u00e0 l\u2019h\u00f4pital.<\/p>\n<p>&nbsp;<\/p>\n<h3>Le jeune homme croise son chemin<\/h3>\n<p>Un <strong>\u00e9tudiant en premi\u00e8re ann\u00e9e de licence langues \u00e9trang\u00e8res appliqu\u00e9es<\/strong> a crois\u00e9 le chemin de l\u2019agresseur avant qu\u2019il ne passe \u00e0 l\u2019acte. Il raconte\u00a0:<\/p>\n<p>&nbsp;<\/p>\n<blockquote><p>\u00ab Avec un ami, on \u00e9tait assis dehors en train de manger. A un moment, je me retourne et je vois un homme arriver avec un grand b\u00e2ton qui tape par terre. Il <strong>passe devant nous<\/strong>, et au d\u00e9but, on se dit que c\u2019est<strong> bizarre qu\u2019un homme agisse comme \u00e7a<\/strong> dans un b\u00e2timent de l\u2019universit\u00e9. Et finalement, on ne pr\u00eate pas plus attention \u00bb.<\/p><\/blockquote>\n<p>&nbsp;<\/p>\n<p>Par la suite, le jeune \u00e9tudiant et son ami se sont rendus devant leur salle de cours, dans le b\u00e2timent Enseignement : \u00ab On a <strong>entendu des gros bruits<\/strong>. On se questionne, et on ne pr\u00eate plus attention jusqu\u2019\u00e0 ce qu\u2019il<strong> arrive \u00e0 notre \u00e9tage et commence \u00e0 donner des coups contre le sol, encore une fois<\/strong>. Il avait son t\u00e9l\u00e9phone \u00e0 la main et on entendait une <strong>musique africaine avec des sortil\u00e8ges \u00e9tranges<\/strong>. Et d\u2019un seul coup, on a <strong>entendu des cris de femmes et d\u2019un homme<\/strong> \u00bb.<\/p>\n<p>&nbsp;<\/p>\n<h3>\u00ab\u00a0On d\u00e9cide de partir car on sent que c\u2019est bizarre\u00a0\u00bb<\/h3>\n<p>Le jeune homme a eu raison de se fier \u00e0 son instinct. Il poursuit :<\/p>\n<blockquote><p>\u00ab Avec mon ami, on d\u00e9cide de partir car <strong>on sent que c\u2019est bizarre<\/strong>. On emprunte les escaliers pour descendre, et on voit un \u00e9l\u00e8ve et un professeur qui descendent \u00e9galement de l\u2019\u00e9tage du dessus. A peine arriv\u00e9s \u00e0 l\u2019\u00e9tage inf\u00e9rieur, les <strong>alarmes retentissent et les portes se ferment<\/strong>. J\u2019ai eu le r\u00e9flexe de mettre ma main pour retenir la porte. Et enfin, on est sortis du b\u00e2timent, et tous les \u00e9tudiants courraient. On <strong>entendait les cris de l\u2019agresseur<\/strong> \u00bb.<\/p><\/blockquote>\n<p>&nbsp;<\/p>\n<h3>En garde \u00e0 vue<\/h3>\n<p>Par la suite, les policiers de la patrouille ont interpell\u00e9 l\u2019individu qui n\u2019a pas pr\u00e9sent\u00e9 de r\u00e9sistance. Il a \u00e9t\u00e9 <strong>plac\u00e9 en garde \u00e0 vue<\/strong>.<\/p>\n<p>\u00ab\u00a0L\u2019Universit\u00e9 a rapidement mis en \u0153uvre un <strong>soutien psychologique pour la trentaine d\u2019\u00e9tudiants choqu\u00e9s<\/strong>. Cette cellule a \u00e9t\u00e9 renforc\u00e9e dans l\u2019apr\u00e8s-midi par une cellule d\u2019urgence m\u00e9dico-psychologique mise en place par le SAMU du centre hospitalier du Mans\u00a0\u00bb, termine le pr\u00e9fet.<\/p>\n<p>&nbsp;<\/p>\n<p>&nbsp;<\/p>\n<!-- AddThis Advanced Settings generic via filter on the_content --><!-- AddThis Share Buttons generic via filter on the_content -->","protected":false},"excerpt":{"rendered":"<p>Ce mercredi 2 mars 2022, un homme a bless\u00e9 quatre personnes \u00e0 l\u2019arme blanche \u00e0 la facult\u00e9 de lettres du Mans (Sarthe). Il a \u00e9t\u00e9 interpell\u00e9 par les forces de l\u2019ordre et plac\u00e9 en garde \u00e0 vue. Un jeune \u00e9tudiant a crois\u00e9 son chemin et t\u00e9moigne. &nbsp; &nbsp; \u00ab\u00a0Aujourd\u2019hui vers 13h40 \u00e0 l\u2019Universit\u00e9 du Mans,&hellip;<!-- AddThis Advanced Settings generic via filter on get_the_excerpt --><!-- AddThis Share Buttons generic via filter on get_the_excerpt --><\/p>\n","protected":false},"author":4,"featured_media":8896,"comment_status":"closed","ping_status":"open","sticky":false,"template":"","format":"standard","meta":{"footnotes":""},"categories":[1],"tags":[],"class_list":["post-8895","post","type-post","status-publish","format-standard","has-post-thumbnail","hentry","category-contact-fm-72","category-1","description-off"],"yoast_head":"<!-- This site is optimized with the Yoast SEO plugin v27.4 - https:\/\/yoast.com\/product\/yoast-seo-wordpress\/ -->\n<title>Agression \u00e0 l&#039;arme blanche \u00e0 la facult\u00e9 du Mans, un \u00e9tudiant t\u00e9moigne - Contact FM 99.3<\/title>\n<meta name=\"robots\" content=\"index, follow, max-snippet:-1, max-image-preview:large, max-video-preview:-1\" \/>\n<link rel=\"canonical\" href=\"https:\/\/contactfm72.fr\/?p=8895\" \/>\n<meta property=\"og:locale\" content=\"fr_FR\" \/>\n<meta property=\"og:type\" content=\"article\" \/>\n<meta property=\"og:title\" content=\"Agression \u00e0 l&#039;arme blanche \u00e0 la facult\u00e9 du Mans, un \u00e9tudiant t\u00e9moigne - Contact FM 99.3\" \/>\n<meta property=\"og:description\" content=\"Ce mercredi 2 mars 2022, un homme a bless\u00e9 quatre personnes \u00e0 l\u2019arme blanche \u00e0 la facult\u00e9 de lettres du Mans (Sarthe). Il a \u00e9t\u00e9 interpell\u00e9 par les forces de l\u2019ordre et plac\u00e9 en garde \u00e0 vue. Un jeune \u00e9tudiant a crois\u00e9 son chemin et t\u00e9moigne. &nbsp; &nbsp; \u00ab\u00a0Aujourd\u2019hui vers 13h40 \u00e0 l\u2019Universit\u00e9 du Mans,&hellip;\" \/>\n<meta property=\"og:url\" content=\"https:\/\/contactfm72.fr\/?p=8895\" \/>\n<meta property=\"og:site_name\" content=\"Contact FM 99.3\" \/>\n<meta property=\"article:publisher\" content=\"https:\/\/www.facebook.com\/Contactfm.Chateauduloir\" \/>\n<meta property=\"article:published_time\" content=\"2022-03-02T16:52:49+00:00\" \/>\n<meta property=\"article:modified_time\" content=\"2022-05-01T11:35:05+00:00\" \/>\n<meta property=\"og:image\" content=\"https:\/\/contactfm72.fr\/wp-content\/uploads\/2022\/03\/Batiment_lettres_universit\u00e9_du_Mans.jpg\" \/>\n\t<meta property=\"og:image:width\" content=\"1632\" \/>\n\t<meta property=\"og:image:height\" content=\"1232\" \/>\n\t<meta property=\"og:image:type\" content=\"image\/jpeg\" \/>\n<meta name=\"author\" content=\"Val\u00e9rie C.\" \/>\n<meta name=\"twitter:card\" content=\"summary_large_image\" \/>\n<meta name=\"twitter:creator\" content=\"@contactfm72\" \/>\n<meta name=\"twitter:site\" content=\"@contactfm72\" \/>\n<meta name=\"twitter:label1\" content=\"\u00c9crit par\" \/>\n\t<meta name=\"twitter:data1\" content=\"Val\u00e9rie C.\" \/>\n\t<meta name=\"twitter:label2\" content=\"Dur\u00e9e de lecture estim\u00e9e\" \/>\n\t<meta name=\"twitter:data2\" content=\"3 minutes\" \/>\n<script type=\"application\/ld+json\" class=\"yoast-schema-graph\">{\"@context\":\"https:\\\/\\\/schema.org\",\"@graph\":[{\"@type\":\"Article\",\"@id\":\"https:\\\/\\\/contactfm72.fr\\\/?p=8895#article\",\"isPartOf\":{\"@id\":\"https:\\\/\\\/contactfm72.fr\\\/?p=8895\"},\"author\":{\"name\":\"Val\u00e9rie C.\",\"@id\":\"https:\\\/\\\/contactfm72.fr\\\/#\\\/schema\\\/person\\\/9fdc9d1c2eb029354a4f1535b90ba82d\"},\"headline\":\"Agression \u00e0 l&#8217;arme blanche \u00e0 la facult\u00e9 du Mans, un \u00e9tudiant t\u00e9moigne\",\"datePublished\":\"2022-03-02T16:52:49+00:00\",\"dateModified\":\"2022-05-01T11:35:05+00:00\",\"mainEntityOfPage\":{\"@id\":\"https:\\\/\\\/contactfm72.fr\\\/?p=8895\"},\"wordCount\":638,\"publisher\":{\"@id\":\"https:\\\/\\\/contactfm72.fr\\\/#organization\"},\"image\":{\"@id\":\"https:\\\/\\\/contactfm72.fr\\\/?p=8895#primaryimage\"},\"thumbnailUrl\":\"https:\\\/\\\/contactfm72.fr\\\/wp-content\\\/uploads\\\/2022\\\/03\\\/Batiment_lettres_universit\u00e9_du_Mans.jpg\",\"articleSection\":[\"Contact FM 72\"],\"inLanguage\":\"fr-FR\"},{\"@type\":\"WebPage\",\"@id\":\"https:\\\/\\\/contactfm72.fr\\\/?p=8895\",\"url\":\"https:\\\/\\\/contactfm72.fr\\\/?p=8895\",\"name\":\"Agression \u00e0 l'arme blanche \u00e0 la facult\u00e9 du Mans, un \u00e9tudiant t\u00e9moigne - Contact FM 99.3\",\"isPartOf\":{\"@id\":\"https:\\\/\\\/contactfm72.fr\\\/#website\"},\"primaryImageOfPage\":{\"@id\":\"https:\\\/\\\/contactfm72.fr\\\/?p=8895#primaryimage\"},\"image\":{\"@id\":\"https:\\\/\\\/contactfm72.fr\\\/?p=8895#primaryimage\"},\"thumbnailUrl\":\"https:\\\/\\\/contactfm72.fr\\\/wp-content\\\/uploads\\\/2022\\\/03\\\/Batiment_lettres_universit\u00e9_du_Mans.jpg\",\"datePublished\":\"2022-03-02T16:52:49+00:00\",\"dateModified\":\"2022-05-01T11:35:05+00:00\",\"breadcrumb\":{\"@id\":\"https:\\\/\\\/contactfm72.fr\\\/?p=8895#breadcrumb\"},\"inLanguage\":\"fr-FR\",\"potentialAction\":[{\"@type\":\"ReadAction\",\"target\":[\"https:\\\/\\\/contactfm72.fr\\\/?p=8895\"]}]},{\"@type\":\"ImageObject\",\"inLanguage\":\"fr-FR\",\"@id\":\"https:\\\/\\\/contactfm72.fr\\\/?p=8895#primaryimage\",\"url\":\"https:\\\/\\\/contactfm72.fr\\\/wp-content\\\/uploads\\\/2022\\\/03\\\/Batiment_lettres_universit\u00e9_du_Mans.jpg\",\"contentUrl\":\"https:\\\/\\\/contactfm72.fr\\\/wp-content\\\/uploads\\\/2022\\\/03\\\/Batiment_lettres_universit\u00e9_du_Mans.jpg\",\"width\":1632,\"height\":1232,\"caption\":\"Les faits se sont d\u00e9roul\u00e9s \u00e0 la facult\u00e9 de lettres de l'universit\u00e9 du Mans, en Sarthe.\"},{\"@type\":\"BreadcrumbList\",\"@id\":\"https:\\\/\\\/contactfm72.fr\\\/?p=8895#breadcrumb\",\"itemListElement\":[{\"@type\":\"ListItem\",\"position\":1,\"name\":\"Accueil\",\"item\":\"https:\\\/\\\/contactfm72.fr\\\/\"},{\"@type\":\"ListItem\",\"position\":2,\"name\":\"Agression \u00e0 l&#8217;arme blanche \u00e0 la facult\u00e9 du Mans, un \u00e9tudiant t\u00e9moigne\"}]},{\"@type\":\"WebSite\",\"@id\":\"https:\\\/\\\/contactfm72.fr\\\/#website\",\"url\":\"https:\\\/\\\/contactfm72.fr\\\/\",\"name\":\"Contact FM 99.3\",\"description\":\"Votre radio en vall\u00e9e du Loir\",\"publisher\":{\"@id\":\"https:\\\/\\\/contactfm72.fr\\\/#organization\"},\"potentialAction\":[{\"@type\":\"SearchAction\",\"target\":{\"@type\":\"EntryPoint\",\"urlTemplate\":\"https:\\\/\\\/contactfm72.fr\\\/?s={search_term_string}\"},\"query-input\":{\"@type\":\"PropertyValueSpecification\",\"valueRequired\":true,\"valueName\":\"search_term_string\"}}],\"inLanguage\":\"fr-FR\"},{\"@type\":\"Organization\",\"@id\":\"https:\\\/\\\/contactfm72.fr\\\/#organization\",\"name\":\"Contact FM 99.3\",\"url\":\"https:\\\/\\\/contactfm72.fr\\\/\",\"logo\":{\"@type\":\"ImageObject\",\"inLanguage\":\"fr-FR\",\"@id\":\"https:\\\/\\\/contactfm72.fr\\\/#\\\/schema\\\/logo\\\/image\\\/\",\"url\":\"https:\\\/\\\/contactfm72.fr\\\/wp-content\\\/uploads\\\/2025\\\/04\\\/2025-04-18-2.jpg\",\"contentUrl\":\"https:\\\/\\\/contactfm72.fr\\\/wp-content\\\/uploads\\\/2025\\\/04\\\/2025-04-18-2.jpg\",\"width\":680,\"height\":307,\"caption\":\"Contact FM 99.3\"},\"image\":{\"@id\":\"https:\\\/\\\/contactfm72.fr\\\/#\\\/schema\\\/logo\\\/image\\\/\"},\"sameAs\":[\"https:\\\/\\\/www.facebook.com\\\/Contactfm.Chateauduloir\",\"https:\\\/\\\/x.com\\\/contactfm72\",\"https:\\\/\\\/www.instagram.com\\\/contact.fm.72?igsh=cGhlMHQ5N2JlNnpp\",\"https:\\\/\\\/www.tiktok.com\\\/@contact.fm\"]},{\"@type\":\"Person\",\"@id\":\"https:\\\/\\\/contactfm72.fr\\\/#\\\/schema\\\/person\\\/9fdc9d1c2eb029354a4f1535b90ba82d\",\"name\":\"Val\u00e9rie C.\",\"image\":{\"@type\":\"ImageObject\",\"inLanguage\":\"fr-FR\",\"@id\":\"https:\\\/\\\/secure.gravatar.com\\\/avatar\\\/2f8aa28f8dfbd7d4420afd1fdcdd0a349923e2c8a38ab28198b0f9d0601e4737?s=96&d=mm&r=g\",\"url\":\"https:\\\/\\\/secure.gravatar.com\\\/avatar\\\/2f8aa28f8dfbd7d4420afd1fdcdd0a349923e2c8a38ab28198b0f9d0601e4737?s=96&d=mm&r=g\",\"contentUrl\":\"https:\\\/\\\/secure.gravatar.com\\\/avatar\\\/2f8aa28f8dfbd7d4420afd1fdcdd0a349923e2c8a38ab28198b0f9d0601e4737?s=96&d=mm&r=g\",\"caption\":\"Val\u00e9rie C.\"},\"url\":\"https:\\\/\\\/contactfm72.fr\\\/?author=4\"}]}<\/script>\n<!-- \/ Yoast SEO plugin. -->","yoast_head_json":{"title":"Agression \u00e0 l'arme blanche \u00e0 la facult\u00e9 du Mans, un \u00e9tudiant t\u00e9moigne - Contact FM 99.3","robots":{"index":"index","follow":"follow","max-snippet":"max-snippet:-1","max-image-preview":"max-image-preview:large","max-video-preview":"max-video-preview:-1"},"canonical":"https:\/\/contactfm72.fr\/?p=8895","og_locale":"fr_FR","og_type":"article","og_title":"Agression \u00e0 l'arme blanche \u00e0 la facult\u00e9 du Mans, un \u00e9tudiant t\u00e9moigne - Contact FM 99.3","og_description":"Ce mercredi 2 mars 2022, un homme a bless\u00e9 quatre personnes \u00e0 l\u2019arme blanche \u00e0 la facult\u00e9 de lettres du Mans (Sarthe). Il a \u00e9t\u00e9 interpell\u00e9 par les forces de l\u2019ordre et plac\u00e9 en garde \u00e0 vue. Un jeune \u00e9tudiant a crois\u00e9 son chemin et t\u00e9moigne. &nbsp; &nbsp; \u00ab\u00a0Aujourd\u2019hui vers 13h40 \u00e0 l\u2019Universit\u00e9 du Mans,&hellip;","og_url":"https:\/\/contactfm72.fr\/?p=8895","og_site_name":"Contact FM 99.3","article_publisher":"https:\/\/www.facebook.com\/Contactfm.Chateauduloir","article_published_time":"2022-03-02T16:52:49+00:00","article_modified_time":"2022-05-01T11:35:05+00:00","og_image":[{"width":1632,"height":1232,"url":"https:\/\/contactfm72.fr\/wp-content\/uploads\/2022\/03\/Batiment_lettres_universit\u00e9_du_Mans.jpg","type":"image\/jpeg"}],"author":"Val\u00e9rie C.","twitter_card":"summary_large_image","twitter_creator":"@contactfm72","twitter_site":"@contactfm72","twitter_misc":{"\u00c9crit par":"Val\u00e9rie C.","Dur\u00e9e de lecture estim\u00e9e":"3 minutes"},"schema":{"@context":"https:\/\/schema.org","@graph":[{"@type":"Article","@id":"https:\/\/contactfm72.fr\/?p=8895#article","isPartOf":{"@id":"https:\/\/contactfm72.fr\/?p=8895"},"author":{"name":"Val\u00e9rie C.","@id":"https:\/\/contactfm72.fr\/#\/schema\/person\/9fdc9d1c2eb029354a4f1535b90ba82d"},"headline":"Agression \u00e0 l&#8217;arme blanche \u00e0 la facult\u00e9 du Mans, un \u00e9tudiant t\u00e9moigne","datePublished":"2022-03-02T16:52:49+00:00","dateModified":"2022-05-01T11:35:05+00:00","mainEntityOfPage":{"@id":"https:\/\/contactfm72.fr\/?p=8895"},"wordCount":638,"publisher":{"@id":"https:\/\/contactfm72.fr\/#organization"},"image":{"@id":"https:\/\/contactfm72.fr\/?p=8895#primaryimage"},"thumbnailUrl":"https:\/\/contactfm72.fr\/wp-content\/uploads\/2022\/03\/Batiment_lettres_universit\u00e9_du_Mans.jpg","articleSection":["Contact FM 72"],"inLanguage":"fr-FR"},{"@type":"WebPage","@id":"https:\/\/contactfm72.fr\/?p=8895","url":"https:\/\/contactfm72.fr\/?p=8895","name":"Agression \u00e0 l'arme blanche \u00e0 la facult\u00e9 du Mans, un \u00e9tudiant t\u00e9moigne - Contact FM 99.3","isPartOf":{"@id":"https:\/\/contactfm72.fr\/#website"},"primaryImageOfPage":{"@id":"https:\/\/contactfm72.fr\/?p=8895#primaryimage"},"image":{"@id":"https:\/\/contactfm72.fr\/?p=8895#primaryimage"},"thumbnailUrl":"https:\/\/contactfm72.fr\/wp-content\/uploads\/2022\/03\/Batiment_lettres_universit\u00e9_du_Mans.jpg","datePublished":"2022-03-02T16:52:49+00:00","dateModified":"2022-05-01T11:35:05+00:00","breadcrumb":{"@id":"https:\/\/contactfm72.fr\/?p=8895#breadcrumb"},"inLanguage":"fr-FR","potentialAction":[{"@type":"ReadAction","target":["https:\/\/contactfm72.fr\/?p=8895"]}]},{"@type":"ImageObject","inLanguage":"fr-FR","@id":"https:\/\/contactfm72.fr\/?p=8895#primaryimage","url":"https:\/\/contactfm72.fr\/wp-content\/uploads\/2022\/03\/Batiment_lettres_universit\u00e9_du_Mans.jpg","contentUrl":"https:\/\/contactfm72.fr\/wp-content\/uploads\/2022\/03\/Batiment_lettres_universit\u00e9_du_Mans.jpg","width":1632,"height":1232,"caption":"Les faits se sont d\u00e9roul\u00e9s \u00e0 la facult\u00e9 de lettres de l'universit\u00e9 du Mans, en Sarthe."},{"@type":"BreadcrumbList","@id":"https:\/\/contactfm72.fr\/?p=8895#breadcrumb","itemListElement":[{"@type":"ListItem","position":1,"name":"Accueil","item":"https:\/\/contactfm72.fr\/"},{"@type":"ListItem","position":2,"name":"Agression \u00e0 l&#8217;arme blanche \u00e0 la facult\u00e9 du Mans, un \u00e9tudiant t\u00e9moigne"}]},{"@type":"WebSite","@id":"https:\/\/contactfm72.fr\/#website","url":"https:\/\/contactfm72.fr\/","name":"Contact FM 99.3","description":"Votre radio en vall\u00e9e du Loir","publisher":{"@id":"https:\/\/contactfm72.fr\/#organization"},"potentialAction":[{"@type":"SearchAction","target":{"@type":"EntryPoint","urlTemplate":"https:\/\/contactfm72.fr\/?s={search_term_string}"},"query-input":{"@type":"PropertyValueSpecification","valueRequired":true,"valueName":"search_term_string"}}],"inLanguage":"fr-FR"},{"@type":"Organization","@id":"https:\/\/contactfm72.fr\/#organization","name":"Contact FM 99.3","url":"https:\/\/contactfm72.fr\/","logo":{"@type":"ImageObject","inLanguage":"fr-FR","@id":"https:\/\/contactfm72.fr\/#\/schema\/logo\/image\/","url":"https:\/\/contactfm72.fr\/wp-content\/uploads\/2025\/04\/2025-04-18-2.jpg","contentUrl":"https:\/\/contactfm72.fr\/wp-content\/uploads\/2025\/04\/2025-04-18-2.jpg","width":680,"height":307,"caption":"Contact FM 99.3"},"image":{"@id":"https:\/\/contactfm72.fr\/#\/schema\/logo\/image\/"},"sameAs":["https:\/\/www.facebook.com\/Contactfm.Chateauduloir","https:\/\/x.com\/contactfm72","https:\/\/www.instagram.com\/contact.fm.72?igsh=cGhlMHQ5N2JlNnpp","https:\/\/www.tiktok.com\/@contact.fm"]},{"@type":"Person","@id":"https:\/\/contactfm72.fr\/#\/schema\/person\/9fdc9d1c2eb029354a4f1535b90ba82d","name":"Val\u00e9rie C.","image":{"@type":"ImageObject","inLanguage":"fr-FR","@id":"https:\/\/secure.gravatar.com\/avatar\/2f8aa28f8dfbd7d4420afd1fdcdd0a349923e2c8a38ab28198b0f9d0601e4737?s=96&d=mm&r=g","url":"https:\/\/secure.gravatar.com\/avatar\/2f8aa28f8dfbd7d4420afd1fdcdd0a349923e2c8a38ab28198b0f9d0601e4737?s=96&d=mm&r=g","contentUrl":"https:\/\/secure.gravatar.com\/avatar\/2f8aa28f8dfbd7d4420afd1fdcdd0a349923e2c8a38ab28198b0f9d0601e4737?s=96&d=mm&r=g","caption":"Val\u00e9rie C."},"url":"https:\/\/contactfm72.fr\/?author=4"}]}},"_links":{"self":[{"href":"https:\/\/contactfm72.fr\/index.php?rest_route=\/wp\/v2\/posts\/8895","targetHints":{"allow":["GET"]}}],"collection":[{"href":"https:\/\/contactfm72.fr\/index.php?rest_route=\/wp\/v2\/posts"}],"about":[{"href":"https:\/\/contactfm72.fr\/index.php?rest_route=\/wp\/v2\/types\/post"}],"author":[{"embeddable":true,"href":"https:\/\/contactfm72.fr\/index.php?rest_route=\/wp\/v2\/users\/4"}],"replies":[{"embeddable":true,"href":"https:\/\/contactfm72.fr\/index.php?rest_route=%2Fwp%2Fv2%2Fcomments&post=8895"}],"version-history":[{"count":3,"href":"https:\/\/contactfm72.fr\/index.php?rest_route=\/wp\/v2\/posts\/8895\/revisions"}],"predecessor-version":[{"id":9630,"href":"https:\/\/contactfm72.fr\/index.php?rest_route=\/wp\/v2\/posts\/8895\/revisions\/9630"}],"wp:featuredmedia":[{"embeddable":true,"href":"https:\/\/contactfm72.fr\/index.php?rest_route=\/wp\/v2\/media\/8896"}],"wp:attachment":[{"href":"https:\/\/contactfm72.fr\/index.php?rest_route=%2Fwp%2Fv2%2Fmedia&parent=8895"}],"wp:term":[{"taxonomy":"category","embeddable":true,"href":"https:\/\/contactfm72.fr\/index.php?rest_route=%2Fwp%2Fv2%2Fcategories&post=8895"},{"taxonomy":"post_tag","embeddable":true,"href":"https:\/\/contactfm72.fr\/index.php?rest_route=%2Fwp%2Fv2%2Ftags&post=8895"}],"curies":[{"name":"wp","href":"https:\/\/api.w.org\/{rel}","templated":true}]}}