{"id":8886,"date":"2022-03-02T13:45:03","date_gmt":"2022-03-02T12:45:03","guid":{"rendered":"http:\/\/contactfm72.fr\/?p=8886"},"modified":"2022-03-02T11:50:26","modified_gmt":"2022-03-02T10:50:26","slug":"montval-sur-loir-le-centre-social-demenage-aux-recollets","status":"publish","type":"post","link":"https:\/\/contactfm72.fr\/?p=8886","title":{"rendered":"Montval-sur-Loir. Le centre social d\u00e9m\u00e9nage aux R\u00e9collets"},"content":{"rendered":"<h2>A partir du vendredi 4 mars, les services du centre social Loir &amp; Berc\u00e9 de Montval-sur-Loir se trouveront d\u00e9sormais dans le patio des R\u00e9collets dans des modulaires. Le b\u00e2timent du centre social sera d\u00e9sormais occup\u00e9 par la communaut\u00e9 de communes Loir-Luc\u00e9-Berc\u00e9.<\/h2>\n<p>&nbsp;<\/p>\n<p>C\u2019est le <strong>grand projet<\/strong> du mandat de l\u2019actuelle <strong>municipalit\u00e9 Montvaloise<\/strong>\u00a0: le futur <strong>am\u00e9nagement de l\u2019espace des R\u00e9collets<\/strong>.<\/p>\n<p>Avant le d\u00e9m\u00e9nagement d\u00e9finitif du <a href=\"https:\/\/www.centresocialchateauduloir.fr\/\">centre social Loir &amp; Berc\u00e9<\/a> dans les locaux des R\u00e9collets occup\u00e9s actuellement par la <a href=\"https:\/\/www.loirluceberce.fr\/\">communaut\u00e9 de communes Loir-Luc\u00e9-Berc\u00e9<\/a>, des travaux doivent \u00eatre effectu\u00e9s.<\/p>\n<p>&nbsp;<\/p>\n<div id=\"attachment_8887\" style=\"width: 2058px\" class=\"wp-caption alignnone\"><img loading=\"lazy\" decoding=\"async\" aria-describedby=\"caption-attachment-8887\" class=\"size-full wp-image-8887\" src=\"http:\/\/contactfm72.fr\/wp-content\/uploads\/2022\/03\/r\u00e9collets.jpg\" alt=\"\" width=\"2048\" height=\"1536\" \/><p id=\"caption-attachment-8887\" class=\"wp-caption-text\">Les services du centre social d\u00e9m\u00e9nagent et s&#8217;installent dans le b\u00e2timent des R\u00e9collets.<\/p><\/div>\n<h3>Des services dans des modulaires<\/h3>\n<p>Dans cette attente, les services du centre social accueilleront le public dans le patio des R\u00e9collets dans des modulaires.<\/p>\n<blockquote><p>\u00ab\u00a0\u00c0 cet effet, ce <strong>vendredi 4 mars<\/strong> d\u00e9butera l&#8217;installation des <strong>huit modulaires par des grues<\/strong>. Aucune voirie ne sera ferm\u00e9e, seules <strong>dix places de parking<\/strong> pr\u00e8s du b\u00e2timent des R\u00e9collets seront neutralis\u00e9es pour la journ\u00e9e afin de permettre le stationnement des camions pour proc\u00e9der au d\u00e9chargement et \u00e0 la mise en place des modulaires \u00bb, fait savoir la municipalit\u00e9.<\/p><\/blockquote>\n<p>&nbsp;<\/p>\n<h3>Futur p\u00f4le attractif<\/h3>\n<p>A savoir que le futur am\u00e9nagement des R\u00e9collets verra plusieurs agencements\u00a0: la <strong>r\u00e9novation du cin\u00e9ma en 2022<\/strong> et de la <strong>salle des R\u00e9collets en 2023<\/strong>, l\u2019installation d\u00e9finitive du centre social, du <strong>local jeunes, de l\u2019Espace public num\u00e9rique et d\u2019autres structures culturelles \u00e0 l\u2019automne 2023<\/strong>.<\/p>\n<!-- AddThis Advanced Settings generic via filter on the_content --><!-- AddThis Share Buttons generic via filter on the_content -->","protected":false},"excerpt":{"rendered":"<p>A partir du vendredi 4 mars, les services du centre social Loir &amp; Berc\u00e9 de Montval-sur-Loir se trouveront d\u00e9sormais dans le patio des R\u00e9collets dans des modulaires. Le b\u00e2timent du centre social sera d\u00e9sormais occup\u00e9 par la communaut\u00e9 de communes Loir-Luc\u00e9-Berc\u00e9. &nbsp; C\u2019est le grand projet du mandat de l\u2019actuelle municipalit\u00e9 Montvaloise\u00a0: le futur am\u00e9nagement&hellip;<!-- AddThis Advanced Settings generic via filter on get_the_excerpt --><!-- AddThis Share Buttons generic via filter on get_the_excerpt --><\/p>\n","protected":false},"author":4,"featured_media":8889,"comment_status":"closed","ping_status":"open","sticky":false,"template":"","format":"standard","meta":{"footnotes":""},"categories":[1],"tags":[],"class_list":["post-8886","post","type-post","status-publish","format-standard","has-post-thumbnail","hentry","category-contact-fm-72","category-1","description-off"],"yoast_head":"<!-- This site is optimized with the Yoast SEO plugin v27.4 - https:\/\/yoast.com\/product\/yoast-seo-wordpress\/ -->\n<title>Montval-sur-Loir. Le centre social d\u00e9m\u00e9nage aux R\u00e9collets - Contact FM 99.3<\/title>\n<meta name=\"robots\" content=\"index, follow, max-snippet:-1, max-image-preview:large, max-video-preview:-1\" \/>\n<link rel=\"canonical\" href=\"https:\/\/contactfm72.fr\/?p=8886\" \/>\n<meta property=\"og:locale\" content=\"fr_FR\" \/>\n<meta property=\"og:type\" content=\"article\" \/>\n<meta property=\"og:title\" content=\"Montval-sur-Loir. Le centre social d\u00e9m\u00e9nage aux R\u00e9collets - Contact FM 99.3\" \/>\n<meta property=\"og:description\" content=\"A partir du vendredi 4 mars, les services du centre social Loir &amp; Berc\u00e9 de Montval-sur-Loir se trouveront d\u00e9sormais dans le patio des R\u00e9collets dans des modulaires. Le b\u00e2timent du centre social sera d\u00e9sormais occup\u00e9 par la communaut\u00e9 de communes Loir-Luc\u00e9-Berc\u00e9. &nbsp; C\u2019est le grand projet du mandat de l\u2019actuelle municipalit\u00e9 Montvaloise\u00a0: le futur am\u00e9nagement&hellip;\" \/>\n<meta property=\"og:url\" content=\"https:\/\/contactfm72.fr\/?p=8886\" \/>\n<meta property=\"og:site_name\" content=\"Contact FM 99.3\" \/>\n<meta property=\"article:publisher\" content=\"https:\/\/www.facebook.com\/Contactfm.Chateauduloir\" \/>\n<meta property=\"article:published_time\" content=\"2022-03-02T12:45:03+00:00\" \/>\n<meta property=\"og:image\" content=\"https:\/\/contactfm72.fr\/wp-content\/uploads\/2022\/03\/Centre-Social-loir-et-berc\u00e9.jpg\" \/>\n\t<meta property=\"og:image:width\" content=\"2048\" \/>\n\t<meta property=\"og:image:height\" content=\"1536\" \/>\n\t<meta property=\"og:image:type\" content=\"image\/jpeg\" \/>\n<meta name=\"author\" content=\"Val\u00e9rie C.\" \/>\n<meta name=\"twitter:card\" content=\"summary_large_image\" \/>\n<meta name=\"twitter:creator\" content=\"@contactfm72\" \/>\n<meta name=\"twitter:site\" content=\"@contactfm72\" \/>\n<meta name=\"twitter:label1\" content=\"\u00c9crit par\" \/>\n\t<meta name=\"twitter:data1\" content=\"Val\u00e9rie C.\" \/>\n\t<meta name=\"twitter:label2\" content=\"Dur\u00e9e de lecture estim\u00e9e\" \/>\n\t<meta name=\"twitter:data2\" content=\"1 minute\" \/>\n<script type=\"application\/ld+json\" class=\"yoast-schema-graph\">{\"@context\":\"https:\\\/\\\/schema.org\",\"@graph\":[{\"@type\":\"Article\",\"@id\":\"https:\\\/\\\/contactfm72.fr\\\/?p=8886#article\",\"isPartOf\":{\"@id\":\"https:\\\/\\\/contactfm72.fr\\\/?p=8886\"},\"author\":{\"name\":\"Val\u00e9rie C.\",\"@id\":\"https:\\\/\\\/contactfm72.fr\\\/#\\\/schema\\\/person\\\/9fdc9d1c2eb029354a4f1535b90ba82d\"},\"headline\":\"Montval-sur-Loir. Le centre social d\u00e9m\u00e9nage aux R\u00e9collets\",\"datePublished\":\"2022-03-02T12:45:03+00:00\",\"mainEntityOfPage\":{\"@id\":\"https:\\\/\\\/contactfm72.fr\\\/?p=8886\"},\"wordCount\":285,\"publisher\":{\"@id\":\"https:\\\/\\\/contactfm72.fr\\\/#organization\"},\"image\":{\"@id\":\"https:\\\/\\\/contactfm72.fr\\\/?p=8886#primaryimage\"},\"thumbnailUrl\":\"https:\\\/\\\/contactfm72.fr\\\/wp-content\\\/uploads\\\/2022\\\/03\\\/Centre-Social-loir-et-berc\u00e9.jpg\",\"articleSection\":[\"Contact FM 72\"],\"inLanguage\":\"fr-FR\"},{\"@type\":\"WebPage\",\"@id\":\"https:\\\/\\\/contactfm72.fr\\\/?p=8886\",\"url\":\"https:\\\/\\\/contactfm72.fr\\\/?p=8886\",\"name\":\"Montval-sur-Loir. Le centre social d\u00e9m\u00e9nage aux R\u00e9collets - Contact FM 99.3\",\"isPartOf\":{\"@id\":\"https:\\\/\\\/contactfm72.fr\\\/#website\"},\"primaryImageOfPage\":{\"@id\":\"https:\\\/\\\/contactfm72.fr\\\/?p=8886#primaryimage\"},\"image\":{\"@id\":\"https:\\\/\\\/contactfm72.fr\\\/?p=8886#primaryimage\"},\"thumbnailUrl\":\"https:\\\/\\\/contactfm72.fr\\\/wp-content\\\/uploads\\\/2022\\\/03\\\/Centre-Social-loir-et-berc\u00e9.jpg\",\"datePublished\":\"2022-03-02T12:45:03+00:00\",\"breadcrumb\":{\"@id\":\"https:\\\/\\\/contactfm72.fr\\\/?p=8886#breadcrumb\"},\"inLanguage\":\"fr-FR\",\"potentialAction\":[{\"@type\":\"ReadAction\",\"target\":[\"https:\\\/\\\/contactfm72.fr\\\/?p=8886\"]}]},{\"@type\":\"ImageObject\",\"inLanguage\":\"fr-FR\",\"@id\":\"https:\\\/\\\/contactfm72.fr\\\/?p=8886#primaryimage\",\"url\":\"https:\\\/\\\/contactfm72.fr\\\/wp-content\\\/uploads\\\/2022\\\/03\\\/Centre-Social-loir-et-berc\u00e9.jpg\",\"contentUrl\":\"https:\\\/\\\/contactfm72.fr\\\/wp-content\\\/uploads\\\/2022\\\/03\\\/Centre-Social-loir-et-berc\u00e9.jpg\",\"width\":2048,\"height\":1536,\"caption\":\"La communaut\u00e9 de communes s'installe dans les locaux du centre social Loir & Berc\u00e9.\"},{\"@type\":\"BreadcrumbList\",\"@id\":\"https:\\\/\\\/contactfm72.fr\\\/?p=8886#breadcrumb\",\"itemListElement\":[{\"@type\":\"ListItem\",\"position\":1,\"name\":\"Accueil\",\"item\":\"https:\\\/\\\/contactfm72.fr\\\/\"},{\"@type\":\"ListItem\",\"position\":2,\"name\":\"Montval-sur-Loir. Le centre social d\u00e9m\u00e9nage aux R\u00e9collets\"}]},{\"@type\":\"WebSite\",\"@id\":\"https:\\\/\\\/contactfm72.fr\\\/#website\",\"url\":\"https:\\\/\\\/contactfm72.fr\\\/\",\"name\":\"Contact FM 99.3\",\"description\":\"Votre radio en vall\u00e9e du Loir\",\"publisher\":{\"@id\":\"https:\\\/\\\/contactfm72.fr\\\/#organization\"},\"potentialAction\":[{\"@type\":\"SearchAction\",\"target\":{\"@type\":\"EntryPoint\",\"urlTemplate\":\"https:\\\/\\\/contactfm72.fr\\\/?s={search_term_string}\"},\"query-input\":{\"@type\":\"PropertyValueSpecification\",\"valueRequired\":true,\"valueName\":\"search_term_string\"}}],\"inLanguage\":\"fr-FR\"},{\"@type\":\"Organization\",\"@id\":\"https:\\\/\\\/contactfm72.fr\\\/#organization\",\"name\":\"Contact FM 99.3\",\"url\":\"https:\\\/\\\/contactfm72.fr\\\/\",\"logo\":{\"@type\":\"ImageObject\",\"inLanguage\":\"fr-FR\",\"@id\":\"https:\\\/\\\/contactfm72.fr\\\/#\\\/schema\\\/logo\\\/image\\\/\",\"url\":\"https:\\\/\\\/contactfm72.fr\\\/wp-content\\\/uploads\\\/2025\\\/04\\\/2025-04-18-2.jpg\",\"contentUrl\":\"https:\\\/\\\/contactfm72.fr\\\/wp-content\\\/uploads\\\/2025\\\/04\\\/2025-04-18-2.jpg\",\"width\":680,\"height\":307,\"caption\":\"Contact FM 99.3\"},\"image\":{\"@id\":\"https:\\\/\\\/contactfm72.fr\\\/#\\\/schema\\\/logo\\\/image\\\/\"},\"sameAs\":[\"https:\\\/\\\/www.facebook.com\\\/Contactfm.Chateauduloir\",\"https:\\\/\\\/x.com\\\/contactfm72\",\"https:\\\/\\\/www.instagram.com\\\/contact.fm.72?igsh=cGhlMHQ5N2JlNnpp\",\"https:\\\/\\\/www.tiktok.com\\\/@contact.fm\"]},{\"@type\":\"Person\",\"@id\":\"https:\\\/\\\/contactfm72.fr\\\/#\\\/schema\\\/person\\\/9fdc9d1c2eb029354a4f1535b90ba82d\",\"name\":\"Val\u00e9rie C.\",\"image\":{\"@type\":\"ImageObject\",\"inLanguage\":\"fr-FR\",\"@id\":\"https:\\\/\\\/secure.gravatar.com\\\/avatar\\\/2f8aa28f8dfbd7d4420afd1fdcdd0a349923e2c8a38ab28198b0f9d0601e4737?s=96&d=mm&r=g\",\"url\":\"https:\\\/\\\/secure.gravatar.com\\\/avatar\\\/2f8aa28f8dfbd7d4420afd1fdcdd0a349923e2c8a38ab28198b0f9d0601e4737?s=96&d=mm&r=g\",\"contentUrl\":\"https:\\\/\\\/secure.gravatar.com\\\/avatar\\\/2f8aa28f8dfbd7d4420afd1fdcdd0a349923e2c8a38ab28198b0f9d0601e4737?s=96&d=mm&r=g\",\"caption\":\"Val\u00e9rie C.\"},\"url\":\"https:\\\/\\\/contactfm72.fr\\\/?author=4\"}]}<\/script>\n<!-- \/ Yoast SEO plugin. -->","yoast_head_json":{"title":"Montval-sur-Loir. Le centre social d\u00e9m\u00e9nage aux R\u00e9collets - Contact FM 99.3","robots":{"index":"index","follow":"follow","max-snippet":"max-snippet:-1","max-image-preview":"max-image-preview:large","max-video-preview":"max-video-preview:-1"},"canonical":"https:\/\/contactfm72.fr\/?p=8886","og_locale":"fr_FR","og_type":"article","og_title":"Montval-sur-Loir. Le centre social d\u00e9m\u00e9nage aux R\u00e9collets - Contact FM 99.3","og_description":"A partir du vendredi 4 mars, les services du centre social Loir &amp; Berc\u00e9 de Montval-sur-Loir se trouveront d\u00e9sormais dans le patio des R\u00e9collets dans des modulaires. Le b\u00e2timent du centre social sera d\u00e9sormais occup\u00e9 par la communaut\u00e9 de communes Loir-Luc\u00e9-Berc\u00e9. &nbsp; C\u2019est le grand projet du mandat de l\u2019actuelle municipalit\u00e9 Montvaloise\u00a0: le futur am\u00e9nagement&hellip;","og_url":"https:\/\/contactfm72.fr\/?p=8886","og_site_name":"Contact FM 99.3","article_publisher":"https:\/\/www.facebook.com\/Contactfm.Chateauduloir","article_published_time":"2022-03-02T12:45:03+00:00","og_image":[{"width":2048,"height":1536,"url":"https:\/\/contactfm72.fr\/wp-content\/uploads\/2022\/03\/Centre-Social-loir-et-berc\u00e9.jpg","type":"image\/jpeg"}],"author":"Val\u00e9rie C.","twitter_card":"summary_large_image","twitter_creator":"@contactfm72","twitter_site":"@contactfm72","twitter_misc":{"\u00c9crit par":"Val\u00e9rie C.","Dur\u00e9e de lecture estim\u00e9e":"1 minute"},"schema":{"@context":"https:\/\/schema.org","@graph":[{"@type":"Article","@id":"https:\/\/contactfm72.fr\/?p=8886#article","isPartOf":{"@id":"https:\/\/contactfm72.fr\/?p=8886"},"author":{"name":"Val\u00e9rie C.","@id":"https:\/\/contactfm72.fr\/#\/schema\/person\/9fdc9d1c2eb029354a4f1535b90ba82d"},"headline":"Montval-sur-Loir. Le centre social d\u00e9m\u00e9nage aux R\u00e9collets","datePublished":"2022-03-02T12:45:03+00:00","mainEntityOfPage":{"@id":"https:\/\/contactfm72.fr\/?p=8886"},"wordCount":285,"publisher":{"@id":"https:\/\/contactfm72.fr\/#organization"},"image":{"@id":"https:\/\/contactfm72.fr\/?p=8886#primaryimage"},"thumbnailUrl":"https:\/\/contactfm72.fr\/wp-content\/uploads\/2022\/03\/Centre-Social-loir-et-berc\u00e9.jpg","articleSection":["Contact FM 72"],"inLanguage":"fr-FR"},{"@type":"WebPage","@id":"https:\/\/contactfm72.fr\/?p=8886","url":"https:\/\/contactfm72.fr\/?p=8886","name":"Montval-sur-Loir. Le centre social d\u00e9m\u00e9nage aux R\u00e9collets - Contact FM 99.3","isPartOf":{"@id":"https:\/\/contactfm72.fr\/#website"},"primaryImageOfPage":{"@id":"https:\/\/contactfm72.fr\/?p=8886#primaryimage"},"image":{"@id":"https:\/\/contactfm72.fr\/?p=8886#primaryimage"},"thumbnailUrl":"https:\/\/contactfm72.fr\/wp-content\/uploads\/2022\/03\/Centre-Social-loir-et-berc\u00e9.jpg","datePublished":"2022-03-02T12:45:03+00:00","breadcrumb":{"@id":"https:\/\/contactfm72.fr\/?p=8886#breadcrumb"},"inLanguage":"fr-FR","potentialAction":[{"@type":"ReadAction","target":["https:\/\/contactfm72.fr\/?p=8886"]}]},{"@type":"ImageObject","inLanguage":"fr-FR","@id":"https:\/\/contactfm72.fr\/?p=8886#primaryimage","url":"https:\/\/contactfm72.fr\/wp-content\/uploads\/2022\/03\/Centre-Social-loir-et-berc\u00e9.jpg","contentUrl":"https:\/\/contactfm72.fr\/wp-content\/uploads\/2022\/03\/Centre-Social-loir-et-berc\u00e9.jpg","width":2048,"height":1536,"caption":"La communaut\u00e9 de communes s'installe dans les locaux du centre social Loir & Berc\u00e9."},{"@type":"BreadcrumbList","@id":"https:\/\/contactfm72.fr\/?p=8886#breadcrumb","itemListElement":[{"@type":"ListItem","position":1,"name":"Accueil","item":"https:\/\/contactfm72.fr\/"},{"@type":"ListItem","position":2,"name":"Montval-sur-Loir. Le centre social d\u00e9m\u00e9nage aux R\u00e9collets"}]},{"@type":"WebSite","@id":"https:\/\/contactfm72.fr\/#website","url":"https:\/\/contactfm72.fr\/","name":"Contact FM 99.3","description":"Votre radio en vall\u00e9e du Loir","publisher":{"@id":"https:\/\/contactfm72.fr\/#organization"},"potentialAction":[{"@type":"SearchAction","target":{"@type":"EntryPoint","urlTemplate":"https:\/\/contactfm72.fr\/?s={search_term_string}"},"query-input":{"@type":"PropertyValueSpecification","valueRequired":true,"valueName":"search_term_string"}}],"inLanguage":"fr-FR"},{"@type":"Organization","@id":"https:\/\/contactfm72.fr\/#organization","name":"Contact FM 99.3","url":"https:\/\/contactfm72.fr\/","logo":{"@type":"ImageObject","inLanguage":"fr-FR","@id":"https:\/\/contactfm72.fr\/#\/schema\/logo\/image\/","url":"https:\/\/contactfm72.fr\/wp-content\/uploads\/2025\/04\/2025-04-18-2.jpg","contentUrl":"https:\/\/contactfm72.fr\/wp-content\/uploads\/2025\/04\/2025-04-18-2.jpg","width":680,"height":307,"caption":"Contact FM 99.3"},"image":{"@id":"https:\/\/contactfm72.fr\/#\/schema\/logo\/image\/"},"sameAs":["https:\/\/www.facebook.com\/Contactfm.Chateauduloir","https:\/\/x.com\/contactfm72","https:\/\/www.instagram.com\/contact.fm.72?igsh=cGhlMHQ5N2JlNnpp","https:\/\/www.tiktok.com\/@contact.fm"]},{"@type":"Person","@id":"https:\/\/contactfm72.fr\/#\/schema\/person\/9fdc9d1c2eb029354a4f1535b90ba82d","name":"Val\u00e9rie C.","image":{"@type":"ImageObject","inLanguage":"fr-FR","@id":"https:\/\/secure.gravatar.com\/avatar\/2f8aa28f8dfbd7d4420afd1fdcdd0a349923e2c8a38ab28198b0f9d0601e4737?s=96&d=mm&r=g","url":"https:\/\/secure.gravatar.com\/avatar\/2f8aa28f8dfbd7d4420afd1fdcdd0a349923e2c8a38ab28198b0f9d0601e4737?s=96&d=mm&r=g","contentUrl":"https:\/\/secure.gravatar.com\/avatar\/2f8aa28f8dfbd7d4420afd1fdcdd0a349923e2c8a38ab28198b0f9d0601e4737?s=96&d=mm&r=g","caption":"Val\u00e9rie C."},"url":"https:\/\/contactfm72.fr\/?author=4"}]}},"_links":{"self":[{"href":"https:\/\/contactfm72.fr\/index.php?rest_route=\/wp\/v2\/posts\/8886","targetHints":{"allow":["GET"]}}],"collection":[{"href":"https:\/\/contactfm72.fr\/index.php?rest_route=\/wp\/v2\/posts"}],"about":[{"href":"https:\/\/contactfm72.fr\/index.php?rest_route=\/wp\/v2\/types\/post"}],"author":[{"embeddable":true,"href":"https:\/\/contactfm72.fr\/index.php?rest_route=\/wp\/v2\/users\/4"}],"replies":[{"embeddable":true,"href":"https:\/\/contactfm72.fr\/index.php?rest_route=%2Fwp%2Fv2%2Fcomments&post=8886"}],"version-history":[{"count":1,"href":"https:\/\/contactfm72.fr\/index.php?rest_route=\/wp\/v2\/posts\/8886\/revisions"}],"predecessor-version":[{"id":8891,"href":"https:\/\/contactfm72.fr\/index.php?rest_route=\/wp\/v2\/posts\/8886\/revisions\/8891"}],"wp:featuredmedia":[{"embeddable":true,"href":"https:\/\/contactfm72.fr\/index.php?rest_route=\/wp\/v2\/media\/8889"}],"wp:attachment":[{"href":"https:\/\/contactfm72.fr\/index.php?rest_route=%2Fwp%2Fv2%2Fmedia&parent=8886"}],"wp:term":[{"taxonomy":"category","embeddable":true,"href":"https:\/\/contactfm72.fr\/index.php?rest_route=%2Fwp%2Fv2%2Fcategories&post=8886"},{"taxonomy":"post_tag","embeddable":true,"href":"https:\/\/contactfm72.fr\/index.php?rest_route=%2Fwp%2Fv2%2Ftags&post=8886"}],"curies":[{"name":"wp","href":"https:\/\/api.w.org\/{rel}","templated":true}]}}