{"id":8876,"date":"2022-03-01T17:15:41","date_gmt":"2022-03-01T16:15:41","guid":{"rendered":"http:\/\/contactfm72.fr\/?p=8876"},"modified":"2022-03-01T16:26:43","modified_gmt":"2022-03-01T15:26:43","slug":"rapport-du-giec-quelles-consequences-pour-notre-region","status":"publish","type":"post","link":"https:\/\/contactfm72.fr\/?p=8876","title":{"rendered":"Rapport du Giec. Quelles cons\u00e9quences pour notre R\u00e9gion ?"},"content":{"rendered":"<h2>Le GIEC, groupe d\u2019experts sur l\u2019\u00e9volution du climat, a rendu leur deuxi\u00e8me volet du sixi\u00e8me rapport sur les impacts du changement climatique. \u00ab\u00a0Il est urgent d&#8217;agir face aux risques croissants\u00a0\u00bb.<\/h2>\n<p>&nbsp;<\/p>\n<p>Alors que le premier volet du sixi\u00e8me rapport du<strong> Groupe d&#8217;experts intergouvernemental sur l&#8217;\u00e9volution du climat (<a href=\"https:\/\/www.ipcc.ch\/report\/ar6\/wg2\/\">GIEC<\/a>)<\/strong>, l\u2019organe des Nations Unies charg\u00e9 d&#8217;\u00e9valuer les travaux scientifiques consacr\u00e9s aux changements climatiques, s&#8217;int\u00e9ressait \u00e0 l&#8217;\u00e9volution du climat, la deuxi\u00e8me partie, publi\u00e9e le <strong>lundi 28 f\u00e9vrier<\/strong>, d\u00e9taille les <strong>cons\u00e9quences de ce r\u00e9chauffement climatique<\/strong>.<\/p>\n<p>&nbsp;<\/p>\n<h3>Avertissement tr\u00e8s s\u00e9rieux<\/h3>\n<p>\u00ab\u00a0Le changement climatique <strong>d\u00fb aux activit\u00e9s humaines<\/strong> provoque des<strong> perturbations dangereuses<\/strong> et g\u00e9n\u00e9ralis\u00e9es dans la nature et affecte la vie de milliards de personnes dans le monde, malgr\u00e9 les efforts d\u00e9ploy\u00e9s pour r\u00e9duire les risques. Les populations et les \u00e9cosyst\u00e8mes les moins aptes \u00e0 y faire face sont les plus durement touch\u00e9s\u00a0\u00bb, <a href=\"https:\/\/report.ipcc.ch\/ar6wg2\/pdf\/IPCC_AR6_WGII_FinalDraft_Chapter13.pdf\">peut-on lire dans le rapport<\/a>.<\/p>\n<p>\u00ab Ce rapport lance un avertissement tr\u00e8s s\u00e9rieux sur les cons\u00e9quences de l&#8217;inaction\u00bb, a d\u00e9clar\u00e9 <strong>Hoesung Lee, pr\u00e9sident du GIEC<\/strong>. \u00ab Il montre que le changement climatique fait peser une menace grave et \u00e9volue sur notre bien-\u00eatre et la sant\u00e9 de la plan\u00e8te. Les mesures prises aujourd&#8217;hui fa\u00e7onneront l&#8217;adaptation de l&#8217;humanit\u00e9 et la r\u00e9ponse de la nature aux risques climatiques croissants \u00bb. \u00ab Ce rapport reconna\u00eet l&#8217;interd\u00e9pendance du climat, de la biodiversit\u00e9 et des populations humaines et int\u00e8gre davantage les sciences naturelles, sociales et \u00e9conomiques que les \u00e9valuations pr\u00e9c\u00e9dentes du GIEC \u00bb, fait valoir Hoesung Lee. \u00ab On y insiste sur l&#8217;<strong>urgence de prendre des mesures imm\u00e9diates et plus ambitieuses<\/strong> pour faire face aux risques climatiques. Les demi-mesures ne sont plus possibles \u00bb.<\/p>\n<p>&nbsp;<\/p>\n<blockquote><p>\u00ab\u00a0Le monde sera confront\u00e9 \u00e0 de multiples al\u00e9as climatiques in\u00e9luctables au cours des deux prochaines d\u00e9cennies avec un <strong>r\u00e9chauffement plan\u00e9taire de 1,5 \u00b0C<\/strong>. Le d\u00e9passement, m\u00eame temporaire, d&#8217;un tel niveau de r\u00e9chauffement entra\u00eenera des cons\u00e9quences graves suppl\u00e9mentaires, dont certaines seront irr\u00e9versibles\u00a0\u00bb.<\/p><\/blockquote>\n<p>&nbsp;<\/p>\n<h3>Chaleur, s\u00e9cheresse, canicule<\/h3>\n<p>Qui dit r\u00e9chauffement climatique dit augmentation de la temp\u00e9rature. Et on le constate de jour en jour, de plus en plus. Le GIEC annonce que le <strong>nombre de morts va doubler, voire tripler<\/strong>, pour un r\u00e9chauffement de 3\u00b0C. Au-del\u00e0 de ce seuil, il sera tr\u00e8s difficile, voire impossible, de s\u2019adapter.<\/p>\n<p>La multiplication des vagues de chaleur, des s\u00e9cheresses et des inondations exc\u00e8de d\u00e9j\u00e0 les seuils de tol\u00e9rance des v\u00e9g\u00e9taux et des animaux, provoquant la <strong>mortalit\u00e9 d&#8217;esp\u00e8ces<\/strong>.<\/p>\n<p>\u00c9galement, les projections sugg\u00e8rent que de nouvelles r\u00e9gions sujettes aux incendies pourraient appara\u00eetre dans notre r\u00e9gion, o\u00f9 les incendies sont peu fr\u00e9quents et o\u00f9 la capacit\u00e9 de gestion des incendies augmente lentement.<\/p>\n<p><strong>\u00a0<\/strong><\/p>\n<h3>Risques en cascade<\/h3>\n<p>Cette s\u00e9lection ne repr\u00e9sente pas les seuls risques du r\u00e9chauffement climatique, mais entra\u00eeneront des ph\u00e9nom\u00e8nes en cascade\u00a0: <strong><a href=\"http:\/\/contactfm72.fr\/?p=6123\">probl\u00e8me de rendement pour l&#8217;agriculture<\/a>, <\/strong><strong>inondation, risques d&#8217;ouverture de cavit\u00e9,<\/strong>\u00a0apr\u00e8s une inondation \u2013 l&#8217;eau \u00e9largit une cavit\u00e9 souterraine, provoquant un trou en surface \u2013 ou la<strong> fissuration des maisons<\/strong>, <strong>destruction des \u00e9cosyst\u00e8mes<\/strong>\u2026<\/p>\n<blockquote><p>&nbsp;<\/p>\n<p>\u00ab\u00a0Si l&#8217;on veut \u00e9viter de perdre toujours plus de vies humaines, de biodiversit\u00e9 et d&#8217;infrastructures, la prise acc\u00e9l\u00e9r\u00e9e de mesures ambitieuses est requise pour s&#8217;adapter au changement climatique, tout en utilisant rapidement et fortement les \u00e9missions de gaz \u00e0 effet de serre. \u00c0 ce jour, les progr\u00e8s en mati\u00e8re d&#8217;adaptation sont in\u00e9gaux et les \u00e9carts se creusent entre l&#8217;action engag\u00e9e et ce qui est n\u00e9cessaire pour faire face aux risques croissants\u00a0\u00bb, selon le nouveau rapport.<\/p>\n<p>&nbsp;<\/p><\/blockquote>\n<p>\u00ab Les \u00e9l\u00e9ments scientifiques sont sans \u00e9quivoque : le changement climatique <strong>menace le bien-\u00eatre de l&#8217;humanit\u00e9 et la sant\u00e9 de la plan\u00e8te<\/strong>. Tout retard dans l&#8217;action mondiale concert\u00e9e nous a fait perdre un temps pr\u00e9cieux et limit\u00e9 pour instaurer un avenir viable \u00bb, termine Hans-Otto P\u00f6rtner.<\/p>\n<!-- AddThis Advanced Settings generic via filter on the_content --><!-- AddThis Share Buttons generic via filter on the_content -->","protected":false},"excerpt":{"rendered":"<p>Le GIEC, groupe d\u2019experts sur l\u2019\u00e9volution du climat, a rendu leur deuxi\u00e8me volet du sixi\u00e8me rapport sur les impacts du changement climatique. \u00ab\u00a0Il est urgent d&#8217;agir face aux risques croissants\u00a0\u00bb. &nbsp; Alors que le premier volet du sixi\u00e8me rapport du Groupe d&#8217;experts intergouvernemental sur l&#8217;\u00e9volution du climat (GIEC), l\u2019organe des Nations Unies charg\u00e9 d&#8217;\u00e9valuer les&hellip;<!-- AddThis Advanced Settings generic via filter on get_the_excerpt --><!-- AddThis Share Buttons generic via filter on get_the_excerpt --><\/p>\n","protected":false},"author":4,"featured_media":8879,"comment_status":"closed","ping_status":"open","sticky":false,"template":"","format":"standard","meta":{"footnotes":""},"categories":[1],"tags":[],"class_list":["post-8876","post","type-post","status-publish","format-standard","has-post-thumbnail","hentry","category-contact-fm-72","category-1","description-off"],"yoast_head":"<!-- This site is optimized with the Yoast SEO plugin v27.4 - https:\/\/yoast.com\/product\/yoast-seo-wordpress\/ -->\n<title>Rapport du Giec. Quelles cons\u00e9quences pour notre R\u00e9gion ? - Contact FM 99.3<\/title>\n<meta name=\"robots\" content=\"index, follow, max-snippet:-1, max-image-preview:large, max-video-preview:-1\" \/>\n<link rel=\"canonical\" href=\"https:\/\/contactfm72.fr\/?p=8876\" \/>\n<meta property=\"og:locale\" content=\"fr_FR\" \/>\n<meta property=\"og:type\" content=\"article\" \/>\n<meta property=\"og:title\" content=\"Rapport du Giec. Quelles cons\u00e9quences pour notre R\u00e9gion ? - Contact FM 99.3\" \/>\n<meta property=\"og:description\" content=\"Le GIEC, groupe d\u2019experts sur l\u2019\u00e9volution du climat, a rendu leur deuxi\u00e8me volet du sixi\u00e8me rapport sur les impacts du changement climatique. \u00ab\u00a0Il est urgent d&#8217;agir face aux risques croissants\u00a0\u00bb. &nbsp; Alors que le premier volet du sixi\u00e8me rapport du Groupe d&#8217;experts intergouvernemental sur l&#8217;\u00e9volution du climat (GIEC), l\u2019organe des Nations Unies charg\u00e9 d&#8217;\u00e9valuer les&hellip;\" \/>\n<meta property=\"og:url\" content=\"https:\/\/contactfm72.fr\/?p=8876\" \/>\n<meta property=\"og:site_name\" content=\"Contact FM 99.3\" \/>\n<meta property=\"article:publisher\" content=\"https:\/\/www.facebook.com\/Contactfm.Chateauduloir\" \/>\n<meta property=\"article:published_time\" content=\"2022-03-01T16:15:41+00:00\" \/>\n<meta property=\"og:image\" content=\"https:\/\/contactfm72.fr\/wp-content\/uploads\/2022\/03\/Canicule.jpg\" \/>\n\t<meta property=\"og:image:width\" content=\"612\" \/>\n\t<meta property=\"og:image:height\" content=\"408\" \/>\n\t<meta property=\"og:image:type\" content=\"image\/jpeg\" \/>\n<meta name=\"author\" content=\"Val\u00e9rie C.\" \/>\n<meta name=\"twitter:card\" content=\"summary_large_image\" \/>\n<meta name=\"twitter:creator\" content=\"@contactfm72\" \/>\n<meta name=\"twitter:site\" content=\"@contactfm72\" \/>\n<meta name=\"twitter:label1\" content=\"\u00c9crit par\" \/>\n\t<meta name=\"twitter:data1\" content=\"Val\u00e9rie C.\" \/>\n\t<meta name=\"twitter:label2\" content=\"Dur\u00e9e de lecture estim\u00e9e\" \/>\n\t<meta name=\"twitter:data2\" content=\"3 minutes\" \/>\n<script type=\"application\/ld+json\" class=\"yoast-schema-graph\">{\"@context\":\"https:\\\/\\\/schema.org\",\"@graph\":[{\"@type\":\"Article\",\"@id\":\"https:\\\/\\\/contactfm72.fr\\\/?p=8876#article\",\"isPartOf\":{\"@id\":\"https:\\\/\\\/contactfm72.fr\\\/?p=8876\"},\"author\":{\"name\":\"Val\u00e9rie C.\",\"@id\":\"https:\\\/\\\/contactfm72.fr\\\/#\\\/schema\\\/person\\\/9fdc9d1c2eb029354a4f1535b90ba82d\"},\"headline\":\"Rapport du Giec. Quelles cons\u00e9quences pour notre R\u00e9gion ?\",\"datePublished\":\"2022-03-01T16:15:41+00:00\",\"mainEntityOfPage\":{\"@id\":\"https:\\\/\\\/contactfm72.fr\\\/?p=8876\"},\"wordCount\":703,\"publisher\":{\"@id\":\"https:\\\/\\\/contactfm72.fr\\\/#organization\"},\"image\":{\"@id\":\"https:\\\/\\\/contactfm72.fr\\\/?p=8876#primaryimage\"},\"thumbnailUrl\":\"https:\\\/\\\/contactfm72.fr\\\/wp-content\\\/uploads\\\/2022\\\/03\\\/Canicule.jpg\",\"articleSection\":[\"Contact FM 72\"],\"inLanguage\":\"fr-FR\"},{\"@type\":\"WebPage\",\"@id\":\"https:\\\/\\\/contactfm72.fr\\\/?p=8876\",\"url\":\"https:\\\/\\\/contactfm72.fr\\\/?p=8876\",\"name\":\"Rapport du Giec. Quelles cons\u00e9quences pour notre R\u00e9gion ? - Contact FM 99.3\",\"isPartOf\":{\"@id\":\"https:\\\/\\\/contactfm72.fr\\\/#website\"},\"primaryImageOfPage\":{\"@id\":\"https:\\\/\\\/contactfm72.fr\\\/?p=8876#primaryimage\"},\"image\":{\"@id\":\"https:\\\/\\\/contactfm72.fr\\\/?p=8876#primaryimage\"},\"thumbnailUrl\":\"https:\\\/\\\/contactfm72.fr\\\/wp-content\\\/uploads\\\/2022\\\/03\\\/Canicule.jpg\",\"datePublished\":\"2022-03-01T16:15:41+00:00\",\"breadcrumb\":{\"@id\":\"https:\\\/\\\/contactfm72.fr\\\/?p=8876#breadcrumb\"},\"inLanguage\":\"fr-FR\",\"potentialAction\":[{\"@type\":\"ReadAction\",\"target\":[\"https:\\\/\\\/contactfm72.fr\\\/?p=8876\"]}]},{\"@type\":\"ImageObject\",\"inLanguage\":\"fr-FR\",\"@id\":\"https:\\\/\\\/contactfm72.fr\\\/?p=8876#primaryimage\",\"url\":\"https:\\\/\\\/contactfm72.fr\\\/wp-content\\\/uploads\\\/2022\\\/03\\\/Canicule.jpg\",\"contentUrl\":\"https:\\\/\\\/contactfm72.fr\\\/wp-content\\\/uploads\\\/2022\\\/03\\\/Canicule.jpg\",\"width\":612,\"height\":408,\"caption\":\"Les vagues de canicule seront de plus en plus fr\u00e9quentes et de plus en plus longues. Image d'illustration.\"},{\"@type\":\"BreadcrumbList\",\"@id\":\"https:\\\/\\\/contactfm72.fr\\\/?p=8876#breadcrumb\",\"itemListElement\":[{\"@type\":\"ListItem\",\"position\":1,\"name\":\"Accueil\",\"item\":\"https:\\\/\\\/contactfm72.fr\\\/\"},{\"@type\":\"ListItem\",\"position\":2,\"name\":\"Rapport du Giec. Quelles cons\u00e9quences pour notre R\u00e9gion ?\"}]},{\"@type\":\"WebSite\",\"@id\":\"https:\\\/\\\/contactfm72.fr\\\/#website\",\"url\":\"https:\\\/\\\/contactfm72.fr\\\/\",\"name\":\"Contact FM 99.3\",\"description\":\"Votre radio en vall\u00e9e du Loir\",\"publisher\":{\"@id\":\"https:\\\/\\\/contactfm72.fr\\\/#organization\"},\"potentialAction\":[{\"@type\":\"SearchAction\",\"target\":{\"@type\":\"EntryPoint\",\"urlTemplate\":\"https:\\\/\\\/contactfm72.fr\\\/?s={search_term_string}\"},\"query-input\":{\"@type\":\"PropertyValueSpecification\",\"valueRequired\":true,\"valueName\":\"search_term_string\"}}],\"inLanguage\":\"fr-FR\"},{\"@type\":\"Organization\",\"@id\":\"https:\\\/\\\/contactfm72.fr\\\/#organization\",\"name\":\"Contact FM 99.3\",\"url\":\"https:\\\/\\\/contactfm72.fr\\\/\",\"logo\":{\"@type\":\"ImageObject\",\"inLanguage\":\"fr-FR\",\"@id\":\"https:\\\/\\\/contactfm72.fr\\\/#\\\/schema\\\/logo\\\/image\\\/\",\"url\":\"https:\\\/\\\/contactfm72.fr\\\/wp-content\\\/uploads\\\/2025\\\/04\\\/2025-04-18-2.jpg\",\"contentUrl\":\"https:\\\/\\\/contactfm72.fr\\\/wp-content\\\/uploads\\\/2025\\\/04\\\/2025-04-18-2.jpg\",\"width\":680,\"height\":307,\"caption\":\"Contact FM 99.3\"},\"image\":{\"@id\":\"https:\\\/\\\/contactfm72.fr\\\/#\\\/schema\\\/logo\\\/image\\\/\"},\"sameAs\":[\"https:\\\/\\\/www.facebook.com\\\/Contactfm.Chateauduloir\",\"https:\\\/\\\/x.com\\\/contactfm72\",\"https:\\\/\\\/www.instagram.com\\\/contact.fm.72?igsh=cGhlMHQ5N2JlNnpp\",\"https:\\\/\\\/www.tiktok.com\\\/@contact.fm\"]},{\"@type\":\"Person\",\"@id\":\"https:\\\/\\\/contactfm72.fr\\\/#\\\/schema\\\/person\\\/9fdc9d1c2eb029354a4f1535b90ba82d\",\"name\":\"Val\u00e9rie C.\",\"image\":{\"@type\":\"ImageObject\",\"inLanguage\":\"fr-FR\",\"@id\":\"https:\\\/\\\/secure.gravatar.com\\\/avatar\\\/2f8aa28f8dfbd7d4420afd1fdcdd0a349923e2c8a38ab28198b0f9d0601e4737?s=96&d=mm&r=g\",\"url\":\"https:\\\/\\\/secure.gravatar.com\\\/avatar\\\/2f8aa28f8dfbd7d4420afd1fdcdd0a349923e2c8a38ab28198b0f9d0601e4737?s=96&d=mm&r=g\",\"contentUrl\":\"https:\\\/\\\/secure.gravatar.com\\\/avatar\\\/2f8aa28f8dfbd7d4420afd1fdcdd0a349923e2c8a38ab28198b0f9d0601e4737?s=96&d=mm&r=g\",\"caption\":\"Val\u00e9rie C.\"},\"url\":\"https:\\\/\\\/contactfm72.fr\\\/?author=4\"}]}<\/script>\n<!-- \/ Yoast SEO plugin. -->","yoast_head_json":{"title":"Rapport du Giec. Quelles cons\u00e9quences pour notre R\u00e9gion ? - Contact FM 99.3","robots":{"index":"index","follow":"follow","max-snippet":"max-snippet:-1","max-image-preview":"max-image-preview:large","max-video-preview":"max-video-preview:-1"},"canonical":"https:\/\/contactfm72.fr\/?p=8876","og_locale":"fr_FR","og_type":"article","og_title":"Rapport du Giec. Quelles cons\u00e9quences pour notre R\u00e9gion ? - Contact FM 99.3","og_description":"Le GIEC, groupe d\u2019experts sur l\u2019\u00e9volution du climat, a rendu leur deuxi\u00e8me volet du sixi\u00e8me rapport sur les impacts du changement climatique. \u00ab\u00a0Il est urgent d&#8217;agir face aux risques croissants\u00a0\u00bb. &nbsp; Alors que le premier volet du sixi\u00e8me rapport du Groupe d&#8217;experts intergouvernemental sur l&#8217;\u00e9volution du climat (GIEC), l\u2019organe des Nations Unies charg\u00e9 d&#8217;\u00e9valuer les&hellip;","og_url":"https:\/\/contactfm72.fr\/?p=8876","og_site_name":"Contact FM 99.3","article_publisher":"https:\/\/www.facebook.com\/Contactfm.Chateauduloir","article_published_time":"2022-03-01T16:15:41+00:00","og_image":[{"width":612,"height":408,"url":"https:\/\/contactfm72.fr\/wp-content\/uploads\/2022\/03\/Canicule.jpg","type":"image\/jpeg"}],"author":"Val\u00e9rie C.","twitter_card":"summary_large_image","twitter_creator":"@contactfm72","twitter_site":"@contactfm72","twitter_misc":{"\u00c9crit par":"Val\u00e9rie C.","Dur\u00e9e de lecture estim\u00e9e":"3 minutes"},"schema":{"@context":"https:\/\/schema.org","@graph":[{"@type":"Article","@id":"https:\/\/contactfm72.fr\/?p=8876#article","isPartOf":{"@id":"https:\/\/contactfm72.fr\/?p=8876"},"author":{"name":"Val\u00e9rie C.","@id":"https:\/\/contactfm72.fr\/#\/schema\/person\/9fdc9d1c2eb029354a4f1535b90ba82d"},"headline":"Rapport du Giec. Quelles cons\u00e9quences pour notre R\u00e9gion ?","datePublished":"2022-03-01T16:15:41+00:00","mainEntityOfPage":{"@id":"https:\/\/contactfm72.fr\/?p=8876"},"wordCount":703,"publisher":{"@id":"https:\/\/contactfm72.fr\/#organization"},"image":{"@id":"https:\/\/contactfm72.fr\/?p=8876#primaryimage"},"thumbnailUrl":"https:\/\/contactfm72.fr\/wp-content\/uploads\/2022\/03\/Canicule.jpg","articleSection":["Contact FM 72"],"inLanguage":"fr-FR"},{"@type":"WebPage","@id":"https:\/\/contactfm72.fr\/?p=8876","url":"https:\/\/contactfm72.fr\/?p=8876","name":"Rapport du Giec. Quelles cons\u00e9quences pour notre R\u00e9gion ? - Contact FM 99.3","isPartOf":{"@id":"https:\/\/contactfm72.fr\/#website"},"primaryImageOfPage":{"@id":"https:\/\/contactfm72.fr\/?p=8876#primaryimage"},"image":{"@id":"https:\/\/contactfm72.fr\/?p=8876#primaryimage"},"thumbnailUrl":"https:\/\/contactfm72.fr\/wp-content\/uploads\/2022\/03\/Canicule.jpg","datePublished":"2022-03-01T16:15:41+00:00","breadcrumb":{"@id":"https:\/\/contactfm72.fr\/?p=8876#breadcrumb"},"inLanguage":"fr-FR","potentialAction":[{"@type":"ReadAction","target":["https:\/\/contactfm72.fr\/?p=8876"]}]},{"@type":"ImageObject","inLanguage":"fr-FR","@id":"https:\/\/contactfm72.fr\/?p=8876#primaryimage","url":"https:\/\/contactfm72.fr\/wp-content\/uploads\/2022\/03\/Canicule.jpg","contentUrl":"https:\/\/contactfm72.fr\/wp-content\/uploads\/2022\/03\/Canicule.jpg","width":612,"height":408,"caption":"Les vagues de canicule seront de plus en plus fr\u00e9quentes et de plus en plus longues. Image d'illustration."},{"@type":"BreadcrumbList","@id":"https:\/\/contactfm72.fr\/?p=8876#breadcrumb","itemListElement":[{"@type":"ListItem","position":1,"name":"Accueil","item":"https:\/\/contactfm72.fr\/"},{"@type":"ListItem","position":2,"name":"Rapport du Giec. Quelles cons\u00e9quences pour notre R\u00e9gion ?"}]},{"@type":"WebSite","@id":"https:\/\/contactfm72.fr\/#website","url":"https:\/\/contactfm72.fr\/","name":"Contact FM 99.3","description":"Votre radio en vall\u00e9e du Loir","publisher":{"@id":"https:\/\/contactfm72.fr\/#organization"},"potentialAction":[{"@type":"SearchAction","target":{"@type":"EntryPoint","urlTemplate":"https:\/\/contactfm72.fr\/?s={search_term_string}"},"query-input":{"@type":"PropertyValueSpecification","valueRequired":true,"valueName":"search_term_string"}}],"inLanguage":"fr-FR"},{"@type":"Organization","@id":"https:\/\/contactfm72.fr\/#organization","name":"Contact FM 99.3","url":"https:\/\/contactfm72.fr\/","logo":{"@type":"ImageObject","inLanguage":"fr-FR","@id":"https:\/\/contactfm72.fr\/#\/schema\/logo\/image\/","url":"https:\/\/contactfm72.fr\/wp-content\/uploads\/2025\/04\/2025-04-18-2.jpg","contentUrl":"https:\/\/contactfm72.fr\/wp-content\/uploads\/2025\/04\/2025-04-18-2.jpg","width":680,"height":307,"caption":"Contact FM 99.3"},"image":{"@id":"https:\/\/contactfm72.fr\/#\/schema\/logo\/image\/"},"sameAs":["https:\/\/www.facebook.com\/Contactfm.Chateauduloir","https:\/\/x.com\/contactfm72","https:\/\/www.instagram.com\/contact.fm.72?igsh=cGhlMHQ5N2JlNnpp","https:\/\/www.tiktok.com\/@contact.fm"]},{"@type":"Person","@id":"https:\/\/contactfm72.fr\/#\/schema\/person\/9fdc9d1c2eb029354a4f1535b90ba82d","name":"Val\u00e9rie C.","image":{"@type":"ImageObject","inLanguage":"fr-FR","@id":"https:\/\/secure.gravatar.com\/avatar\/2f8aa28f8dfbd7d4420afd1fdcdd0a349923e2c8a38ab28198b0f9d0601e4737?s=96&d=mm&r=g","url":"https:\/\/secure.gravatar.com\/avatar\/2f8aa28f8dfbd7d4420afd1fdcdd0a349923e2c8a38ab28198b0f9d0601e4737?s=96&d=mm&r=g","contentUrl":"https:\/\/secure.gravatar.com\/avatar\/2f8aa28f8dfbd7d4420afd1fdcdd0a349923e2c8a38ab28198b0f9d0601e4737?s=96&d=mm&r=g","caption":"Val\u00e9rie C."},"url":"https:\/\/contactfm72.fr\/?author=4"}]}},"_links":{"self":[{"href":"https:\/\/contactfm72.fr\/index.php?rest_route=\/wp\/v2\/posts\/8876","targetHints":{"allow":["GET"]}}],"collection":[{"href":"https:\/\/contactfm72.fr\/index.php?rest_route=\/wp\/v2\/posts"}],"about":[{"href":"https:\/\/contactfm72.fr\/index.php?rest_route=\/wp\/v2\/types\/post"}],"author":[{"embeddable":true,"href":"https:\/\/contactfm72.fr\/index.php?rest_route=\/wp\/v2\/users\/4"}],"replies":[{"embeddable":true,"href":"https:\/\/contactfm72.fr\/index.php?rest_route=%2Fwp%2Fv2%2Fcomments&post=8876"}],"version-history":[{"count":1,"href":"https:\/\/contactfm72.fr\/index.php?rest_route=\/wp\/v2\/posts\/8876\/revisions"}],"predecessor-version":[{"id":8878,"href":"https:\/\/contactfm72.fr\/index.php?rest_route=\/wp\/v2\/posts\/8876\/revisions\/8878"}],"wp:featuredmedia":[{"embeddable":true,"href":"https:\/\/contactfm72.fr\/index.php?rest_route=\/wp\/v2\/media\/8879"}],"wp:attachment":[{"href":"https:\/\/contactfm72.fr\/index.php?rest_route=%2Fwp%2Fv2%2Fmedia&parent=8876"}],"wp:term":[{"taxonomy":"category","embeddable":true,"href":"https:\/\/contactfm72.fr\/index.php?rest_route=%2Fwp%2Fv2%2Fcategories&post=8876"},{"taxonomy":"post_tag","embeddable":true,"href":"https:\/\/contactfm72.fr\/index.php?rest_route=%2Fwp%2Fv2%2Ftags&post=8876"}],"curies":[{"name":"wp","href":"https:\/\/api.w.org\/{rel}","templated":true}]}}