{"id":8867,"date":"2022-03-01T11:00:27","date_gmt":"2022-03-01T10:00:27","guid":{"rendered":"http:\/\/contactfm72.fr\/?p=8867"},"modified":"2022-03-01T10:30:31","modified_gmt":"2022-03-01T09:30:31","slug":"guerre-en-ukraine-centres-dhebergement-dons-financiers-lamf72-se-mobilise","status":"publish","type":"post","link":"https:\/\/contactfm72.fr\/?p=8867","title":{"rendered":"Guerre en Ukraine. Centres d\u2019h\u00e9bergement, dons financiers\u2026 L\u2019AMF72 se mobilise"},"content":{"rendered":"<h2>Face \u00e0 l\u2019invasion russe en Ukraine et aux futures vagues d\u2019immigration en Europe de l\u2019Ouest, et notamment en France, l\u2019association des maires de France sarthoise soutien les ukrainiens et ukrainiennes et mobilise des collectes et des centres d\u2019h\u00e9bergement.<\/h2>\n<p>&nbsp;<\/p>\n<p>Depuis bient\u00f4t une semaine, la <strong>Russie<\/strong> a d\u00e9clench\u00e9 une <strong>guerre arm\u00e9e en Ukraine<\/strong>. Des <strong>centaines de milliers de citoyens<\/strong> ont fui leur pays afin de se r\u00e9fugier dans les pays frontaliers, la Pologne, la Slovaquie ou la Roumanie. Les populations se d\u00e9placent et leurs besoins avec elle. En r\u00e9ponse, l\u2019<strong>association des maires de France se mobilise<\/strong>. En Sarthe, plusieurs initiatives sont organis\u00e9es.<\/p>\n<p>&nbsp;<\/p>\n<h3>Dons financiers<\/h3>\n<p>\u00ab\u00a0Le Pr\u00e9sident de notre Association appelle ainsi les collectivit\u00e9s sarthoises \u00e0 encourager \u00e9galement les <strong>dons financiers directement fl\u00e9ch\u00e9s vers les associations sur place<\/strong>, \u00e0 m\u00eame de cibler les besoins en temps r\u00e9els, en sus des <strong>collectes locales de produits m\u00e9dicaux et de premi\u00e8re n\u00e9cessit\u00e9 mises en \u0153uvre par plusieurs maires sarthois<\/strong>. Divers organismes locaux, \u00e0 commencer par la <strong><a href=\"https:\/\/www.croix-rouge.fr\/Annuaire\/DELEGATION-TERRITORIALE-DE-LA-SARTHE9\">Croix Rouge<\/a> ou le <a href=\"https:\/\/www.secourspopulaire.fr\/72\/\">Secours Populaire<\/a>, <\/strong>disposent d\u2019antennes d\u00e9partementales, <strong>mobilis\u00e9es pour recueillir les dons<\/strong> et s\u2019assurer de leur suivi\u00a0\u00bb.<\/p>\n<p>&nbsp;<\/p>\n<h3>Partenariat et centres d\u2019h\u00e9bergement<\/h3>\n<p>\u00c9galement, l\u2019AMF72 souhaite d&#8217;ores et d\u00e9j\u00e0 \u00ab la <strong>mobilisation de nos centres d\u2019h\u00e9bergements<\/strong>, <strong>pavoisons nos frontons de mairie aux couleurs jaune et bleu<\/strong>, montrons collectivement la<strong> solidarit\u00e9 de la France<\/strong> avec les Ukrainiens, et d\u00e9fendons par l\u00e0-m\u00eame les valeurs fondamentales de l&#8217;Occident :<strong> d\u00e9mocratie &amp; humanisme<\/strong> \u00bb.<\/p>\n<p>Un <strong>partenariat avec la F\u00e9d\u00e9ration de la protection civile<\/strong> est en train d\u2019\u00eatre mis en place \u00e0 l\u2019\u00e9chelle de l\u2019Association des Maires de France pour permettre aux communes de pouvoir organiser la collecte et l&#8217;acheminement de produits de premi\u00e8re n\u00e9cessit\u00e9 et de fonds. \u00ab\u00a0Notre Association d\u00e9partementale sera aux c\u00f4t\u00e9s des maires sarthois pour leur relayer les informations n\u00e9cessaires\u00a0\u00bb, termine l\u2019AMF72.<\/p>\n<!-- AddThis Advanced Settings generic via filter on the_content --><!-- AddThis Share Buttons generic via filter on the_content -->","protected":false},"excerpt":{"rendered":"<p>Face \u00e0 l\u2019invasion russe en Ukraine et aux futures vagues d\u2019immigration en Europe de l\u2019Ouest, et notamment en France, l\u2019association des maires de France sarthoise soutien les ukrainiens et ukrainiennes et mobilise des collectes et des centres d\u2019h\u00e9bergement. &nbsp; Depuis bient\u00f4t une semaine, la Russie a d\u00e9clench\u00e9 une guerre arm\u00e9e en Ukraine. Des centaines de&hellip;<!-- AddThis Advanced Settings generic via filter on get_the_excerpt --><!-- AddThis Share Buttons generic via filter on get_the_excerpt --><\/p>\n","protected":false},"author":4,"featured_media":8868,"comment_status":"closed","ping_status":"open","sticky":false,"template":"","format":"standard","meta":{"footnotes":""},"categories":[1],"tags":[],"class_list":["post-8867","post","type-post","status-publish","format-standard","has-post-thumbnail","hentry","category-contact-fm-72","category-1","description-off"],"yoast_head":"<!-- This site is optimized with the Yoast SEO plugin v27.4 - https:\/\/yoast.com\/product\/yoast-seo-wordpress\/ -->\n<title>Guerre en Ukraine. Centres d\u2019h\u00e9bergement, dons financiers\u2026 L\u2019AMF72 se mobilise - Contact FM 99.3<\/title>\n<meta name=\"robots\" content=\"index, follow, max-snippet:-1, max-image-preview:large, max-video-preview:-1\" \/>\n<link rel=\"canonical\" href=\"https:\/\/contactfm72.fr\/?p=8867\" \/>\n<meta property=\"og:locale\" content=\"fr_FR\" \/>\n<meta property=\"og:type\" content=\"article\" \/>\n<meta property=\"og:title\" content=\"Guerre en Ukraine. Centres d\u2019h\u00e9bergement, dons financiers\u2026 L\u2019AMF72 se mobilise - Contact FM 99.3\" \/>\n<meta property=\"og:description\" content=\"Face \u00e0 l\u2019invasion russe en Ukraine et aux futures vagues d\u2019immigration en Europe de l\u2019Ouest, et notamment en France, l\u2019association des maires de France sarthoise soutien les ukrainiens et ukrainiennes et mobilise des collectes et des centres d\u2019h\u00e9bergement. &nbsp; Depuis bient\u00f4t une semaine, la Russie a d\u00e9clench\u00e9 une guerre arm\u00e9e en Ukraine. Des centaines de&hellip;\" \/>\n<meta property=\"og:url\" content=\"https:\/\/contactfm72.fr\/?p=8867\" \/>\n<meta property=\"og:site_name\" content=\"Contact FM 99.3\" \/>\n<meta property=\"article:publisher\" content=\"https:\/\/www.facebook.com\/Contactfm.Chateauduloir\" \/>\n<meta property=\"article:published_time\" content=\"2022-03-01T10:00:27+00:00\" \/>\n<meta property=\"og:image\" content=\"https:\/\/contactfm72.fr\/wp-content\/uploads\/2022\/03\/Dons-association-banque-alimentaire.jpg\" \/>\n\t<meta property=\"og:image:width\" content=\"612\" \/>\n\t<meta property=\"og:image:height\" content=\"408\" \/>\n\t<meta property=\"og:image:type\" content=\"image\/jpeg\" \/>\n<meta name=\"author\" content=\"Val\u00e9rie C.\" \/>\n<meta name=\"twitter:card\" content=\"summary_large_image\" \/>\n<meta name=\"twitter:creator\" content=\"@contactfm72\" \/>\n<meta name=\"twitter:site\" content=\"@contactfm72\" \/>\n<meta name=\"twitter:label1\" content=\"\u00c9crit par\" \/>\n\t<meta name=\"twitter:data1\" content=\"Val\u00e9rie C.\" \/>\n\t<meta name=\"twitter:label2\" content=\"Dur\u00e9e de lecture estim\u00e9e\" \/>\n\t<meta name=\"twitter:data2\" content=\"2 minutes\" \/>\n<script type=\"application\/ld+json\" class=\"yoast-schema-graph\">{\"@context\":\"https:\\\/\\\/schema.org\",\"@graph\":[{\"@type\":\"Article\",\"@id\":\"https:\\\/\\\/contactfm72.fr\\\/?p=8867#article\",\"isPartOf\":{\"@id\":\"https:\\\/\\\/contactfm72.fr\\\/?p=8867\"},\"author\":{\"name\":\"Val\u00e9rie C.\",\"@id\":\"https:\\\/\\\/contactfm72.fr\\\/#\\\/schema\\\/person\\\/9fdc9d1c2eb029354a4f1535b90ba82d\"},\"headline\":\"Guerre en Ukraine. Centres d\u2019h\u00e9bergement, dons financiers\u2026 L\u2019AMF72 se mobilise\",\"datePublished\":\"2022-03-01T10:00:27+00:00\",\"mainEntityOfPage\":{\"@id\":\"https:\\\/\\\/contactfm72.fr\\\/?p=8867\"},\"wordCount\":350,\"publisher\":{\"@id\":\"https:\\\/\\\/contactfm72.fr\\\/#organization\"},\"image\":{\"@id\":\"https:\\\/\\\/contactfm72.fr\\\/?p=8867#primaryimage\"},\"thumbnailUrl\":\"https:\\\/\\\/contactfm72.fr\\\/wp-content\\\/uploads\\\/2022\\\/03\\\/Dons-association-banque-alimentaire.jpg\",\"articleSection\":[\"Contact FM 72\"],\"inLanguage\":\"fr-FR\"},{\"@type\":\"WebPage\",\"@id\":\"https:\\\/\\\/contactfm72.fr\\\/?p=8867\",\"url\":\"https:\\\/\\\/contactfm72.fr\\\/?p=8867\",\"name\":\"Guerre en Ukraine. Centres d\u2019h\u00e9bergement, dons financiers\u2026 L\u2019AMF72 se mobilise - Contact FM 99.3\",\"isPartOf\":{\"@id\":\"https:\\\/\\\/contactfm72.fr\\\/#website\"},\"primaryImageOfPage\":{\"@id\":\"https:\\\/\\\/contactfm72.fr\\\/?p=8867#primaryimage\"},\"image\":{\"@id\":\"https:\\\/\\\/contactfm72.fr\\\/?p=8867#primaryimage\"},\"thumbnailUrl\":\"https:\\\/\\\/contactfm72.fr\\\/wp-content\\\/uploads\\\/2022\\\/03\\\/Dons-association-banque-alimentaire.jpg\",\"datePublished\":\"2022-03-01T10:00:27+00:00\",\"breadcrumb\":{\"@id\":\"https:\\\/\\\/contactfm72.fr\\\/?p=8867#breadcrumb\"},\"inLanguage\":\"fr-FR\",\"potentialAction\":[{\"@type\":\"ReadAction\",\"target\":[\"https:\\\/\\\/contactfm72.fr\\\/?p=8867\"]}]},{\"@type\":\"ImageObject\",\"inLanguage\":\"fr-FR\",\"@id\":\"https:\\\/\\\/contactfm72.fr\\\/?p=8867#primaryimage\",\"url\":\"https:\\\/\\\/contactfm72.fr\\\/wp-content\\\/uploads\\\/2022\\\/03\\\/Dons-association-banque-alimentaire.jpg\",\"contentUrl\":\"https:\\\/\\\/contactfm72.fr\\\/wp-content\\\/uploads\\\/2022\\\/03\\\/Dons-association-banque-alimentaire.jpg\",\"width\":612,\"height\":408,\"caption\":\"Image d'illustration.\"},{\"@type\":\"BreadcrumbList\",\"@id\":\"https:\\\/\\\/contactfm72.fr\\\/?p=8867#breadcrumb\",\"itemListElement\":[{\"@type\":\"ListItem\",\"position\":1,\"name\":\"Accueil\",\"item\":\"https:\\\/\\\/contactfm72.fr\\\/\"},{\"@type\":\"ListItem\",\"position\":2,\"name\":\"Guerre en Ukraine. Centres d\u2019h\u00e9bergement, dons financiers\u2026 L\u2019AMF72 se mobilise\"}]},{\"@type\":\"WebSite\",\"@id\":\"https:\\\/\\\/contactfm72.fr\\\/#website\",\"url\":\"https:\\\/\\\/contactfm72.fr\\\/\",\"name\":\"Contact FM 99.3\",\"description\":\"Votre radio en vall\u00e9e du Loir\",\"publisher\":{\"@id\":\"https:\\\/\\\/contactfm72.fr\\\/#organization\"},\"potentialAction\":[{\"@type\":\"SearchAction\",\"target\":{\"@type\":\"EntryPoint\",\"urlTemplate\":\"https:\\\/\\\/contactfm72.fr\\\/?s={search_term_string}\"},\"query-input\":{\"@type\":\"PropertyValueSpecification\",\"valueRequired\":true,\"valueName\":\"search_term_string\"}}],\"inLanguage\":\"fr-FR\"},{\"@type\":\"Organization\",\"@id\":\"https:\\\/\\\/contactfm72.fr\\\/#organization\",\"name\":\"Contact FM 99.3\",\"url\":\"https:\\\/\\\/contactfm72.fr\\\/\",\"logo\":{\"@type\":\"ImageObject\",\"inLanguage\":\"fr-FR\",\"@id\":\"https:\\\/\\\/contactfm72.fr\\\/#\\\/schema\\\/logo\\\/image\\\/\",\"url\":\"https:\\\/\\\/contactfm72.fr\\\/wp-content\\\/uploads\\\/2025\\\/04\\\/2025-04-18-2.jpg\",\"contentUrl\":\"https:\\\/\\\/contactfm72.fr\\\/wp-content\\\/uploads\\\/2025\\\/04\\\/2025-04-18-2.jpg\",\"width\":680,\"height\":307,\"caption\":\"Contact FM 99.3\"},\"image\":{\"@id\":\"https:\\\/\\\/contactfm72.fr\\\/#\\\/schema\\\/logo\\\/image\\\/\"},\"sameAs\":[\"https:\\\/\\\/www.facebook.com\\\/Contactfm.Chateauduloir\",\"https:\\\/\\\/x.com\\\/contactfm72\",\"https:\\\/\\\/www.instagram.com\\\/contact.fm.72?igsh=cGhlMHQ5N2JlNnpp\",\"https:\\\/\\\/www.tiktok.com\\\/@contact.fm\"]},{\"@type\":\"Person\",\"@id\":\"https:\\\/\\\/contactfm72.fr\\\/#\\\/schema\\\/person\\\/9fdc9d1c2eb029354a4f1535b90ba82d\",\"name\":\"Val\u00e9rie C.\",\"image\":{\"@type\":\"ImageObject\",\"inLanguage\":\"fr-FR\",\"@id\":\"https:\\\/\\\/secure.gravatar.com\\\/avatar\\\/2f8aa28f8dfbd7d4420afd1fdcdd0a349923e2c8a38ab28198b0f9d0601e4737?s=96&d=mm&r=g\",\"url\":\"https:\\\/\\\/secure.gravatar.com\\\/avatar\\\/2f8aa28f8dfbd7d4420afd1fdcdd0a349923e2c8a38ab28198b0f9d0601e4737?s=96&d=mm&r=g\",\"contentUrl\":\"https:\\\/\\\/secure.gravatar.com\\\/avatar\\\/2f8aa28f8dfbd7d4420afd1fdcdd0a349923e2c8a38ab28198b0f9d0601e4737?s=96&d=mm&r=g\",\"caption\":\"Val\u00e9rie C.\"},\"url\":\"https:\\\/\\\/contactfm72.fr\\\/?author=4\"}]}<\/script>\n<!-- \/ Yoast SEO plugin. -->","yoast_head_json":{"title":"Guerre en Ukraine. Centres d\u2019h\u00e9bergement, dons financiers\u2026 L\u2019AMF72 se mobilise - Contact FM 99.3","robots":{"index":"index","follow":"follow","max-snippet":"max-snippet:-1","max-image-preview":"max-image-preview:large","max-video-preview":"max-video-preview:-1"},"canonical":"https:\/\/contactfm72.fr\/?p=8867","og_locale":"fr_FR","og_type":"article","og_title":"Guerre en Ukraine. Centres d\u2019h\u00e9bergement, dons financiers\u2026 L\u2019AMF72 se mobilise - Contact FM 99.3","og_description":"Face \u00e0 l\u2019invasion russe en Ukraine et aux futures vagues d\u2019immigration en Europe de l\u2019Ouest, et notamment en France, l\u2019association des maires de France sarthoise soutien les ukrainiens et ukrainiennes et mobilise des collectes et des centres d\u2019h\u00e9bergement. &nbsp; Depuis bient\u00f4t une semaine, la Russie a d\u00e9clench\u00e9 une guerre arm\u00e9e en Ukraine. Des centaines de&hellip;","og_url":"https:\/\/contactfm72.fr\/?p=8867","og_site_name":"Contact FM 99.3","article_publisher":"https:\/\/www.facebook.com\/Contactfm.Chateauduloir","article_published_time":"2022-03-01T10:00:27+00:00","og_image":[{"width":612,"height":408,"url":"https:\/\/contactfm72.fr\/wp-content\/uploads\/2022\/03\/Dons-association-banque-alimentaire.jpg","type":"image\/jpeg"}],"author":"Val\u00e9rie C.","twitter_card":"summary_large_image","twitter_creator":"@contactfm72","twitter_site":"@contactfm72","twitter_misc":{"\u00c9crit par":"Val\u00e9rie C.","Dur\u00e9e de lecture estim\u00e9e":"2 minutes"},"schema":{"@context":"https:\/\/schema.org","@graph":[{"@type":"Article","@id":"https:\/\/contactfm72.fr\/?p=8867#article","isPartOf":{"@id":"https:\/\/contactfm72.fr\/?p=8867"},"author":{"name":"Val\u00e9rie C.","@id":"https:\/\/contactfm72.fr\/#\/schema\/person\/9fdc9d1c2eb029354a4f1535b90ba82d"},"headline":"Guerre en Ukraine. Centres d\u2019h\u00e9bergement, dons financiers\u2026 L\u2019AMF72 se mobilise","datePublished":"2022-03-01T10:00:27+00:00","mainEntityOfPage":{"@id":"https:\/\/contactfm72.fr\/?p=8867"},"wordCount":350,"publisher":{"@id":"https:\/\/contactfm72.fr\/#organization"},"image":{"@id":"https:\/\/contactfm72.fr\/?p=8867#primaryimage"},"thumbnailUrl":"https:\/\/contactfm72.fr\/wp-content\/uploads\/2022\/03\/Dons-association-banque-alimentaire.jpg","articleSection":["Contact FM 72"],"inLanguage":"fr-FR"},{"@type":"WebPage","@id":"https:\/\/contactfm72.fr\/?p=8867","url":"https:\/\/contactfm72.fr\/?p=8867","name":"Guerre en Ukraine. Centres d\u2019h\u00e9bergement, dons financiers\u2026 L\u2019AMF72 se mobilise - Contact FM 99.3","isPartOf":{"@id":"https:\/\/contactfm72.fr\/#website"},"primaryImageOfPage":{"@id":"https:\/\/contactfm72.fr\/?p=8867#primaryimage"},"image":{"@id":"https:\/\/contactfm72.fr\/?p=8867#primaryimage"},"thumbnailUrl":"https:\/\/contactfm72.fr\/wp-content\/uploads\/2022\/03\/Dons-association-banque-alimentaire.jpg","datePublished":"2022-03-01T10:00:27+00:00","breadcrumb":{"@id":"https:\/\/contactfm72.fr\/?p=8867#breadcrumb"},"inLanguage":"fr-FR","potentialAction":[{"@type":"ReadAction","target":["https:\/\/contactfm72.fr\/?p=8867"]}]},{"@type":"ImageObject","inLanguage":"fr-FR","@id":"https:\/\/contactfm72.fr\/?p=8867#primaryimage","url":"https:\/\/contactfm72.fr\/wp-content\/uploads\/2022\/03\/Dons-association-banque-alimentaire.jpg","contentUrl":"https:\/\/contactfm72.fr\/wp-content\/uploads\/2022\/03\/Dons-association-banque-alimentaire.jpg","width":612,"height":408,"caption":"Image d'illustration."},{"@type":"BreadcrumbList","@id":"https:\/\/contactfm72.fr\/?p=8867#breadcrumb","itemListElement":[{"@type":"ListItem","position":1,"name":"Accueil","item":"https:\/\/contactfm72.fr\/"},{"@type":"ListItem","position":2,"name":"Guerre en Ukraine. Centres d\u2019h\u00e9bergement, dons financiers\u2026 L\u2019AMF72 se mobilise"}]},{"@type":"WebSite","@id":"https:\/\/contactfm72.fr\/#website","url":"https:\/\/contactfm72.fr\/","name":"Contact FM 99.3","description":"Votre radio en vall\u00e9e du Loir","publisher":{"@id":"https:\/\/contactfm72.fr\/#organization"},"potentialAction":[{"@type":"SearchAction","target":{"@type":"EntryPoint","urlTemplate":"https:\/\/contactfm72.fr\/?s={search_term_string}"},"query-input":{"@type":"PropertyValueSpecification","valueRequired":true,"valueName":"search_term_string"}}],"inLanguage":"fr-FR"},{"@type":"Organization","@id":"https:\/\/contactfm72.fr\/#organization","name":"Contact FM 99.3","url":"https:\/\/contactfm72.fr\/","logo":{"@type":"ImageObject","inLanguage":"fr-FR","@id":"https:\/\/contactfm72.fr\/#\/schema\/logo\/image\/","url":"https:\/\/contactfm72.fr\/wp-content\/uploads\/2025\/04\/2025-04-18-2.jpg","contentUrl":"https:\/\/contactfm72.fr\/wp-content\/uploads\/2025\/04\/2025-04-18-2.jpg","width":680,"height":307,"caption":"Contact FM 99.3"},"image":{"@id":"https:\/\/contactfm72.fr\/#\/schema\/logo\/image\/"},"sameAs":["https:\/\/www.facebook.com\/Contactfm.Chateauduloir","https:\/\/x.com\/contactfm72","https:\/\/www.instagram.com\/contact.fm.72?igsh=cGhlMHQ5N2JlNnpp","https:\/\/www.tiktok.com\/@contact.fm"]},{"@type":"Person","@id":"https:\/\/contactfm72.fr\/#\/schema\/person\/9fdc9d1c2eb029354a4f1535b90ba82d","name":"Val\u00e9rie C.","image":{"@type":"ImageObject","inLanguage":"fr-FR","@id":"https:\/\/secure.gravatar.com\/avatar\/2f8aa28f8dfbd7d4420afd1fdcdd0a349923e2c8a38ab28198b0f9d0601e4737?s=96&d=mm&r=g","url":"https:\/\/secure.gravatar.com\/avatar\/2f8aa28f8dfbd7d4420afd1fdcdd0a349923e2c8a38ab28198b0f9d0601e4737?s=96&d=mm&r=g","contentUrl":"https:\/\/secure.gravatar.com\/avatar\/2f8aa28f8dfbd7d4420afd1fdcdd0a349923e2c8a38ab28198b0f9d0601e4737?s=96&d=mm&r=g","caption":"Val\u00e9rie C."},"url":"https:\/\/contactfm72.fr\/?author=4"}]}},"_links":{"self":[{"href":"https:\/\/contactfm72.fr\/index.php?rest_route=\/wp\/v2\/posts\/8867","targetHints":{"allow":["GET"]}}],"collection":[{"href":"https:\/\/contactfm72.fr\/index.php?rest_route=\/wp\/v2\/posts"}],"about":[{"href":"https:\/\/contactfm72.fr\/index.php?rest_route=\/wp\/v2\/types\/post"}],"author":[{"embeddable":true,"href":"https:\/\/contactfm72.fr\/index.php?rest_route=\/wp\/v2\/users\/4"}],"replies":[{"embeddable":true,"href":"https:\/\/contactfm72.fr\/index.php?rest_route=%2Fwp%2Fv2%2Fcomments&post=8867"}],"version-history":[{"count":1,"href":"https:\/\/contactfm72.fr\/index.php?rest_route=\/wp\/v2\/posts\/8867\/revisions"}],"predecessor-version":[{"id":8869,"href":"https:\/\/contactfm72.fr\/index.php?rest_route=\/wp\/v2\/posts\/8867\/revisions\/8869"}],"wp:featuredmedia":[{"embeddable":true,"href":"https:\/\/contactfm72.fr\/index.php?rest_route=\/wp\/v2\/media\/8868"}],"wp:attachment":[{"href":"https:\/\/contactfm72.fr\/index.php?rest_route=%2Fwp%2Fv2%2Fmedia&parent=8867"}],"wp:term":[{"taxonomy":"category","embeddable":true,"href":"https:\/\/contactfm72.fr\/index.php?rest_route=%2Fwp%2Fv2%2Fcategories&post=8867"},{"taxonomy":"post_tag","embeddable":true,"href":"https:\/\/contactfm72.fr\/index.php?rest_route=%2Fwp%2Fv2%2Ftags&post=8867"}],"curies":[{"name":"wp","href":"https:\/\/api.w.org\/{rel}","templated":true}]}}