{"id":8864,"date":"2022-02-28T16:30:49","date_gmt":"2022-02-28T15:30:49","guid":{"rendered":"http:\/\/contactfm72.fr\/?p=8864"},"modified":"2022-02-28T15:33:15","modified_gmt":"2022-02-28T14:33:15","slug":"elections-legislatives-pascale-fontenel-personne-ne-se-representera-pas","status":"publish","type":"post","link":"https:\/\/contactfm72.fr\/?p=8864","title":{"rendered":"\u00c9lections l\u00e9gislatives : Pascale Fontenel Personne ne se repr\u00e9sentera pas"},"content":{"rendered":"<h2>La d\u00e9put\u00e9e de la 3<sup>\u00e8me<\/sup> circonscription Pascale Fontenel Personne a annonc\u00e9 ne pas \u00eatre candidate aux prochaines \u00e9lections l\u00e9gislatives en juin prochain.<\/h2>\n<p>&nbsp;<\/p>\n<p>Elle l\u2019a annonc\u00e9 au <strong>Grand-Luc\u00e9 (Sarthe),<\/strong> le samedi 26 f\u00e9vrier, lors de sa c\u00e9r\u00e9monie des v\u0153ux\u00a0: <strong>Pascale Fontenel Personne, d\u00e9put\u00e9e de la 3<sup>\u00e8me<\/sup> circonscription<\/strong>, ne sera <strong>pas candidate<\/strong> \u00e0 sa r\u00e9\u00e9lection lors des prochaines \u00e9lections l\u00e9gislatives organis\u00e9es en juin 2022.<\/p>\n<p>Elle pr\u00e9cise dans un communiqu\u00e9\u00a0:<\/p>\n<blockquote><p>\u00ab\u00a0Accepter un mandat \u00e9lectif en 2017 n\u2019\u00e9tait \u00e0 mes yeux ni d\u2019entrer en religion, ni embrasser une carri\u00e8re professionnelle mais bien de donner le meilleur de moi-m\u00eame, au service de nos concitoyens. Je ne regrette rien de ce choix ni de mon engagement aupr\u00e8s d\u2019Emmanuel Macron\u00a0\u00bb.<\/p><\/blockquote>\n<p>&nbsp;<\/p>\n<p><strong>Quelques grandes lignes <\/strong><\/p>\n<p>La d\u00e9put\u00e9e a souhait\u00e9 souligner <strong>quelques investissements<\/strong> lors de son mandat. En 2018, le vote de la <strong>loi de programmation militaire<\/strong> permettant une enveloppe de <strong>90 millions d\u2019euros pour la r\u00e9novation du Prytan\u00e9e de La Fl\u00e8che<\/strong>. Cette m\u00eame ann\u00e9e, <strong>480 000 euros obtenus Loto du Patrimoine pour la Rotonde Ferroviaire de Montabon<\/strong>. En 2019, la fin des activit\u00e9s d\u2019Arjowiggins \u00e0 Bess\u00e9-sur-Braye, et en 2021,10 millions d\u2019euros inject\u00e9s par l\u2019\u00c9tat pour la <strong>reprise du site d\u2019Arjowiggins<\/strong>. Ou encore, les <strong>aides d\u2019urgence aux agriculteurs suite \u00e0 l\u2019\u00e9pisode de gel en 2021<\/strong>.<\/p>\n<p>&nbsp;<\/p>\n<p><strong>Soutien \u00e0 Emmanuel Macron, s\u2019il est candidat <\/strong><\/p>\n<p>D\u2019autre part, si le pr\u00e9sident Emmanuel Macron est candidat \u00e0 l\u2019\u00e9lection pr\u00e9sidentielle de 2022, la d\u00e9put\u00e9 s\u2019 \u00ab engage donc encore derri\u00e8re lui et porterai de toutes mes forces, durant la campagne pr\u00e9sidentielle, son projet d\u2019avenir pour la France \u00bb, .<\/p>\n<p>&nbsp;<\/p>\n<p>Pascale Fontenel Personne <strong>ne si\u00e9gera plus \u00e0 l\u2019Assembl\u00e9e Nationale<\/strong> d\u00e8s juin 2022.<\/p>\n<!-- AddThis Advanced Settings generic via filter on the_content --><!-- AddThis Share Buttons generic via filter on the_content -->","protected":false},"excerpt":{"rendered":"<p>La d\u00e9put\u00e9e de la 3\u00e8me circonscription Pascale Fontenel Personne a annonc\u00e9 ne pas \u00eatre candidate aux prochaines \u00e9lections l\u00e9gislatives en juin prochain. &nbsp; Elle l\u2019a annonc\u00e9 au Grand-Luc\u00e9 (Sarthe), le samedi 26 f\u00e9vrier, lors de sa c\u00e9r\u00e9monie des v\u0153ux\u00a0: Pascale Fontenel Personne, d\u00e9put\u00e9e de la 3\u00e8me circonscription, ne sera pas candidate \u00e0 sa r\u00e9\u00e9lection lors&hellip;<!-- AddThis Advanced Settings generic via filter on get_the_excerpt --><!-- AddThis Share Buttons generic via filter on get_the_excerpt --><\/p>\n","protected":false},"author":4,"featured_media":8865,"comment_status":"closed","ping_status":"open","sticky":false,"template":"","format":"standard","meta":{"footnotes":""},"categories":[1],"tags":[],"class_list":["post-8864","post","type-post","status-publish","format-standard","has-post-thumbnail","hentry","category-contact-fm-72","category-1","description-off"],"yoast_head":"<!-- This site is optimized with the Yoast SEO plugin v27.4 - https:\/\/yoast.com\/product\/yoast-seo-wordpress\/ -->\n<title>\u00c9lections l\u00e9gislatives : Pascale Fontenel Personne ne se repr\u00e9sentera pas - Contact FM 99.3<\/title>\n<meta name=\"robots\" content=\"index, follow, max-snippet:-1, max-image-preview:large, max-video-preview:-1\" \/>\n<link rel=\"canonical\" href=\"https:\/\/contactfm72.fr\/?p=8864\" \/>\n<meta property=\"og:locale\" content=\"fr_FR\" \/>\n<meta property=\"og:type\" content=\"article\" \/>\n<meta property=\"og:title\" content=\"\u00c9lections l\u00e9gislatives : Pascale Fontenel Personne ne se repr\u00e9sentera pas - Contact FM 99.3\" \/>\n<meta property=\"og:description\" content=\"La d\u00e9put\u00e9e de la 3\u00e8me circonscription Pascale Fontenel Personne a annonc\u00e9 ne pas \u00eatre candidate aux prochaines \u00e9lections l\u00e9gislatives en juin prochain. &nbsp; Elle l\u2019a annonc\u00e9 au Grand-Luc\u00e9 (Sarthe), le samedi 26 f\u00e9vrier, lors de sa c\u00e9r\u00e9monie des v\u0153ux\u00a0: Pascale Fontenel Personne, d\u00e9put\u00e9e de la 3\u00e8me circonscription, ne sera pas candidate \u00e0 sa r\u00e9\u00e9lection lors&hellip;\" \/>\n<meta property=\"og:url\" content=\"https:\/\/contactfm72.fr\/?p=8864\" \/>\n<meta property=\"og:site_name\" content=\"Contact FM 99.3\" \/>\n<meta property=\"article:publisher\" content=\"https:\/\/www.facebook.com\/Contactfm.Chateauduloir\" \/>\n<meta property=\"article:published_time\" content=\"2022-02-28T15:30:49+00:00\" \/>\n<meta property=\"og:image\" content=\"https:\/\/contactfm72.fr\/wp-content\/uploads\/2022\/02\/PFP.jpg\" \/>\n\t<meta property=\"og:image:width\" content=\"2016\" \/>\n\t<meta property=\"og:image:height\" content=\"1512\" \/>\n\t<meta property=\"og:image:type\" content=\"image\/jpeg\" \/>\n<meta name=\"author\" content=\"Val\u00e9rie C.\" \/>\n<meta name=\"twitter:card\" content=\"summary_large_image\" \/>\n<meta name=\"twitter:creator\" content=\"@contactfm72\" \/>\n<meta name=\"twitter:site\" content=\"@contactfm72\" \/>\n<meta name=\"twitter:label1\" content=\"\u00c9crit par\" \/>\n\t<meta name=\"twitter:data1\" content=\"Val\u00e9rie C.\" \/>\n\t<meta name=\"twitter:label2\" content=\"Dur\u00e9e de lecture estim\u00e9e\" \/>\n\t<meta name=\"twitter:data2\" content=\"1 minute\" \/>\n<script type=\"application\/ld+json\" class=\"yoast-schema-graph\">{\"@context\":\"https:\\\/\\\/schema.org\",\"@graph\":[{\"@type\":\"Article\",\"@id\":\"https:\\\/\\\/contactfm72.fr\\\/?p=8864#article\",\"isPartOf\":{\"@id\":\"https:\\\/\\\/contactfm72.fr\\\/?p=8864\"},\"author\":{\"name\":\"Val\u00e9rie C.\",\"@id\":\"https:\\\/\\\/contactfm72.fr\\\/#\\\/schema\\\/person\\\/9fdc9d1c2eb029354a4f1535b90ba82d\"},\"headline\":\"\u00c9lections l\u00e9gislatives : Pascale Fontenel Personne ne se repr\u00e9sentera pas\",\"datePublished\":\"2022-02-28T15:30:49+00:00\",\"mainEntityOfPage\":{\"@id\":\"https:\\\/\\\/contactfm72.fr\\\/?p=8864\"},\"wordCount\":308,\"publisher\":{\"@id\":\"https:\\\/\\\/contactfm72.fr\\\/#organization\"},\"image\":{\"@id\":\"https:\\\/\\\/contactfm72.fr\\\/?p=8864#primaryimage\"},\"thumbnailUrl\":\"https:\\\/\\\/contactfm72.fr\\\/wp-content\\\/uploads\\\/2022\\\/02\\\/PFP.jpg\",\"articleSection\":[\"Contact FM 72\"],\"inLanguage\":\"fr-FR\"},{\"@type\":\"WebPage\",\"@id\":\"https:\\\/\\\/contactfm72.fr\\\/?p=8864\",\"url\":\"https:\\\/\\\/contactfm72.fr\\\/?p=8864\",\"name\":\"\u00c9lections l\u00e9gislatives : Pascale Fontenel Personne ne se repr\u00e9sentera pas - Contact FM 99.3\",\"isPartOf\":{\"@id\":\"https:\\\/\\\/contactfm72.fr\\\/#website\"},\"primaryImageOfPage\":{\"@id\":\"https:\\\/\\\/contactfm72.fr\\\/?p=8864#primaryimage\"},\"image\":{\"@id\":\"https:\\\/\\\/contactfm72.fr\\\/?p=8864#primaryimage\"},\"thumbnailUrl\":\"https:\\\/\\\/contactfm72.fr\\\/wp-content\\\/uploads\\\/2022\\\/02\\\/PFP.jpg\",\"datePublished\":\"2022-02-28T15:30:49+00:00\",\"breadcrumb\":{\"@id\":\"https:\\\/\\\/contactfm72.fr\\\/?p=8864#breadcrumb\"},\"inLanguage\":\"fr-FR\",\"potentialAction\":[{\"@type\":\"ReadAction\",\"target\":[\"https:\\\/\\\/contactfm72.fr\\\/?p=8864\"]}]},{\"@type\":\"ImageObject\",\"inLanguage\":\"fr-FR\",\"@id\":\"https:\\\/\\\/contactfm72.fr\\\/?p=8864#primaryimage\",\"url\":\"https:\\\/\\\/contactfm72.fr\\\/wp-content\\\/uploads\\\/2022\\\/02\\\/PFP.jpg\",\"contentUrl\":\"https:\\\/\\\/contactfm72.fr\\\/wp-content\\\/uploads\\\/2022\\\/02\\\/PFP.jpg\",\"width\":2016,\"height\":1512,\"caption\":\"Pascale Fontenel Personne a annonc\u00e9 ne pas \u00eatre candidate \u00e0 sa r\u00e9\u00e9lection.\"},{\"@type\":\"BreadcrumbList\",\"@id\":\"https:\\\/\\\/contactfm72.fr\\\/?p=8864#breadcrumb\",\"itemListElement\":[{\"@type\":\"ListItem\",\"position\":1,\"name\":\"Accueil\",\"item\":\"https:\\\/\\\/contactfm72.fr\\\/\"},{\"@type\":\"ListItem\",\"position\":2,\"name\":\"\u00c9lections l\u00e9gislatives : Pascale Fontenel Personne ne se repr\u00e9sentera pas\"}]},{\"@type\":\"WebSite\",\"@id\":\"https:\\\/\\\/contactfm72.fr\\\/#website\",\"url\":\"https:\\\/\\\/contactfm72.fr\\\/\",\"name\":\"Contact FM 99.3\",\"description\":\"Votre radio en vall\u00e9e du Loir\",\"publisher\":{\"@id\":\"https:\\\/\\\/contactfm72.fr\\\/#organization\"},\"potentialAction\":[{\"@type\":\"SearchAction\",\"target\":{\"@type\":\"EntryPoint\",\"urlTemplate\":\"https:\\\/\\\/contactfm72.fr\\\/?s={search_term_string}\"},\"query-input\":{\"@type\":\"PropertyValueSpecification\",\"valueRequired\":true,\"valueName\":\"search_term_string\"}}],\"inLanguage\":\"fr-FR\"},{\"@type\":\"Organization\",\"@id\":\"https:\\\/\\\/contactfm72.fr\\\/#organization\",\"name\":\"Contact FM 99.3\",\"url\":\"https:\\\/\\\/contactfm72.fr\\\/\",\"logo\":{\"@type\":\"ImageObject\",\"inLanguage\":\"fr-FR\",\"@id\":\"https:\\\/\\\/contactfm72.fr\\\/#\\\/schema\\\/logo\\\/image\\\/\",\"url\":\"https:\\\/\\\/contactfm72.fr\\\/wp-content\\\/uploads\\\/2025\\\/04\\\/2025-04-18-2.jpg\",\"contentUrl\":\"https:\\\/\\\/contactfm72.fr\\\/wp-content\\\/uploads\\\/2025\\\/04\\\/2025-04-18-2.jpg\",\"width\":680,\"height\":307,\"caption\":\"Contact FM 99.3\"},\"image\":{\"@id\":\"https:\\\/\\\/contactfm72.fr\\\/#\\\/schema\\\/logo\\\/image\\\/\"},\"sameAs\":[\"https:\\\/\\\/www.facebook.com\\\/Contactfm.Chateauduloir\",\"https:\\\/\\\/x.com\\\/contactfm72\",\"https:\\\/\\\/www.instagram.com\\\/contact.fm.72?igsh=cGhlMHQ5N2JlNnpp\",\"https:\\\/\\\/www.tiktok.com\\\/@contact.fm\"]},{\"@type\":\"Person\",\"@id\":\"https:\\\/\\\/contactfm72.fr\\\/#\\\/schema\\\/person\\\/9fdc9d1c2eb029354a4f1535b90ba82d\",\"name\":\"Val\u00e9rie C.\",\"image\":{\"@type\":\"ImageObject\",\"inLanguage\":\"fr-FR\",\"@id\":\"https:\\\/\\\/secure.gravatar.com\\\/avatar\\\/2f8aa28f8dfbd7d4420afd1fdcdd0a349923e2c8a38ab28198b0f9d0601e4737?s=96&d=mm&r=g\",\"url\":\"https:\\\/\\\/secure.gravatar.com\\\/avatar\\\/2f8aa28f8dfbd7d4420afd1fdcdd0a349923e2c8a38ab28198b0f9d0601e4737?s=96&d=mm&r=g\",\"contentUrl\":\"https:\\\/\\\/secure.gravatar.com\\\/avatar\\\/2f8aa28f8dfbd7d4420afd1fdcdd0a349923e2c8a38ab28198b0f9d0601e4737?s=96&d=mm&r=g\",\"caption\":\"Val\u00e9rie C.\"},\"url\":\"https:\\\/\\\/contactfm72.fr\\\/?author=4\"}]}<\/script>\n<!-- \/ Yoast SEO plugin. -->","yoast_head_json":{"title":"\u00c9lections l\u00e9gislatives : Pascale Fontenel Personne ne se repr\u00e9sentera pas - Contact FM 99.3","robots":{"index":"index","follow":"follow","max-snippet":"max-snippet:-1","max-image-preview":"max-image-preview:large","max-video-preview":"max-video-preview:-1"},"canonical":"https:\/\/contactfm72.fr\/?p=8864","og_locale":"fr_FR","og_type":"article","og_title":"\u00c9lections l\u00e9gislatives : Pascale Fontenel Personne ne se repr\u00e9sentera pas - Contact FM 99.3","og_description":"La d\u00e9put\u00e9e de la 3\u00e8me circonscription Pascale Fontenel Personne a annonc\u00e9 ne pas \u00eatre candidate aux prochaines \u00e9lections l\u00e9gislatives en juin prochain. &nbsp; Elle l\u2019a annonc\u00e9 au Grand-Luc\u00e9 (Sarthe), le samedi 26 f\u00e9vrier, lors de sa c\u00e9r\u00e9monie des v\u0153ux\u00a0: Pascale Fontenel Personne, d\u00e9put\u00e9e de la 3\u00e8me circonscription, ne sera pas candidate \u00e0 sa r\u00e9\u00e9lection lors&hellip;","og_url":"https:\/\/contactfm72.fr\/?p=8864","og_site_name":"Contact FM 99.3","article_publisher":"https:\/\/www.facebook.com\/Contactfm.Chateauduloir","article_published_time":"2022-02-28T15:30:49+00:00","og_image":[{"width":2016,"height":1512,"url":"https:\/\/contactfm72.fr\/wp-content\/uploads\/2022\/02\/PFP.jpg","type":"image\/jpeg"}],"author":"Val\u00e9rie C.","twitter_card":"summary_large_image","twitter_creator":"@contactfm72","twitter_site":"@contactfm72","twitter_misc":{"\u00c9crit par":"Val\u00e9rie C.","Dur\u00e9e de lecture estim\u00e9e":"1 minute"},"schema":{"@context":"https:\/\/schema.org","@graph":[{"@type":"Article","@id":"https:\/\/contactfm72.fr\/?p=8864#article","isPartOf":{"@id":"https:\/\/contactfm72.fr\/?p=8864"},"author":{"name":"Val\u00e9rie C.","@id":"https:\/\/contactfm72.fr\/#\/schema\/person\/9fdc9d1c2eb029354a4f1535b90ba82d"},"headline":"\u00c9lections l\u00e9gislatives : Pascale Fontenel Personne ne se repr\u00e9sentera pas","datePublished":"2022-02-28T15:30:49+00:00","mainEntityOfPage":{"@id":"https:\/\/contactfm72.fr\/?p=8864"},"wordCount":308,"publisher":{"@id":"https:\/\/contactfm72.fr\/#organization"},"image":{"@id":"https:\/\/contactfm72.fr\/?p=8864#primaryimage"},"thumbnailUrl":"https:\/\/contactfm72.fr\/wp-content\/uploads\/2022\/02\/PFP.jpg","articleSection":["Contact FM 72"],"inLanguage":"fr-FR"},{"@type":"WebPage","@id":"https:\/\/contactfm72.fr\/?p=8864","url":"https:\/\/contactfm72.fr\/?p=8864","name":"\u00c9lections l\u00e9gislatives : Pascale Fontenel Personne ne se repr\u00e9sentera pas - Contact FM 99.3","isPartOf":{"@id":"https:\/\/contactfm72.fr\/#website"},"primaryImageOfPage":{"@id":"https:\/\/contactfm72.fr\/?p=8864#primaryimage"},"image":{"@id":"https:\/\/contactfm72.fr\/?p=8864#primaryimage"},"thumbnailUrl":"https:\/\/contactfm72.fr\/wp-content\/uploads\/2022\/02\/PFP.jpg","datePublished":"2022-02-28T15:30:49+00:00","breadcrumb":{"@id":"https:\/\/contactfm72.fr\/?p=8864#breadcrumb"},"inLanguage":"fr-FR","potentialAction":[{"@type":"ReadAction","target":["https:\/\/contactfm72.fr\/?p=8864"]}]},{"@type":"ImageObject","inLanguage":"fr-FR","@id":"https:\/\/contactfm72.fr\/?p=8864#primaryimage","url":"https:\/\/contactfm72.fr\/wp-content\/uploads\/2022\/02\/PFP.jpg","contentUrl":"https:\/\/contactfm72.fr\/wp-content\/uploads\/2022\/02\/PFP.jpg","width":2016,"height":1512,"caption":"Pascale Fontenel Personne a annonc\u00e9 ne pas \u00eatre candidate \u00e0 sa r\u00e9\u00e9lection."},{"@type":"BreadcrumbList","@id":"https:\/\/contactfm72.fr\/?p=8864#breadcrumb","itemListElement":[{"@type":"ListItem","position":1,"name":"Accueil","item":"https:\/\/contactfm72.fr\/"},{"@type":"ListItem","position":2,"name":"\u00c9lections l\u00e9gislatives : Pascale Fontenel Personne ne se repr\u00e9sentera pas"}]},{"@type":"WebSite","@id":"https:\/\/contactfm72.fr\/#website","url":"https:\/\/contactfm72.fr\/","name":"Contact FM 99.3","description":"Votre radio en vall\u00e9e du Loir","publisher":{"@id":"https:\/\/contactfm72.fr\/#organization"},"potentialAction":[{"@type":"SearchAction","target":{"@type":"EntryPoint","urlTemplate":"https:\/\/contactfm72.fr\/?s={search_term_string}"},"query-input":{"@type":"PropertyValueSpecification","valueRequired":true,"valueName":"search_term_string"}}],"inLanguage":"fr-FR"},{"@type":"Organization","@id":"https:\/\/contactfm72.fr\/#organization","name":"Contact FM 99.3","url":"https:\/\/contactfm72.fr\/","logo":{"@type":"ImageObject","inLanguage":"fr-FR","@id":"https:\/\/contactfm72.fr\/#\/schema\/logo\/image\/","url":"https:\/\/contactfm72.fr\/wp-content\/uploads\/2025\/04\/2025-04-18-2.jpg","contentUrl":"https:\/\/contactfm72.fr\/wp-content\/uploads\/2025\/04\/2025-04-18-2.jpg","width":680,"height":307,"caption":"Contact FM 99.3"},"image":{"@id":"https:\/\/contactfm72.fr\/#\/schema\/logo\/image\/"},"sameAs":["https:\/\/www.facebook.com\/Contactfm.Chateauduloir","https:\/\/x.com\/contactfm72","https:\/\/www.instagram.com\/contact.fm.72?igsh=cGhlMHQ5N2JlNnpp","https:\/\/www.tiktok.com\/@contact.fm"]},{"@type":"Person","@id":"https:\/\/contactfm72.fr\/#\/schema\/person\/9fdc9d1c2eb029354a4f1535b90ba82d","name":"Val\u00e9rie C.","image":{"@type":"ImageObject","inLanguage":"fr-FR","@id":"https:\/\/secure.gravatar.com\/avatar\/2f8aa28f8dfbd7d4420afd1fdcdd0a349923e2c8a38ab28198b0f9d0601e4737?s=96&d=mm&r=g","url":"https:\/\/secure.gravatar.com\/avatar\/2f8aa28f8dfbd7d4420afd1fdcdd0a349923e2c8a38ab28198b0f9d0601e4737?s=96&d=mm&r=g","contentUrl":"https:\/\/secure.gravatar.com\/avatar\/2f8aa28f8dfbd7d4420afd1fdcdd0a349923e2c8a38ab28198b0f9d0601e4737?s=96&d=mm&r=g","caption":"Val\u00e9rie C."},"url":"https:\/\/contactfm72.fr\/?author=4"}]}},"_links":{"self":[{"href":"https:\/\/contactfm72.fr\/index.php?rest_route=\/wp\/v2\/posts\/8864","targetHints":{"allow":["GET"]}}],"collection":[{"href":"https:\/\/contactfm72.fr\/index.php?rest_route=\/wp\/v2\/posts"}],"about":[{"href":"https:\/\/contactfm72.fr\/index.php?rest_route=\/wp\/v2\/types\/post"}],"author":[{"embeddable":true,"href":"https:\/\/contactfm72.fr\/index.php?rest_route=\/wp\/v2\/users\/4"}],"replies":[{"embeddable":true,"href":"https:\/\/contactfm72.fr\/index.php?rest_route=%2Fwp%2Fv2%2Fcomments&post=8864"}],"version-history":[{"count":1,"href":"https:\/\/contactfm72.fr\/index.php?rest_route=\/wp\/v2\/posts\/8864\/revisions"}],"predecessor-version":[{"id":8866,"href":"https:\/\/contactfm72.fr\/index.php?rest_route=\/wp\/v2\/posts\/8864\/revisions\/8866"}],"wp:featuredmedia":[{"embeddable":true,"href":"https:\/\/contactfm72.fr\/index.php?rest_route=\/wp\/v2\/media\/8865"}],"wp:attachment":[{"href":"https:\/\/contactfm72.fr\/index.php?rest_route=%2Fwp%2Fv2%2Fmedia&parent=8864"}],"wp:term":[{"taxonomy":"category","embeddable":true,"href":"https:\/\/contactfm72.fr\/index.php?rest_route=%2Fwp%2Fv2%2Fcategories&post=8864"},{"taxonomy":"post_tag","embeddable":true,"href":"https:\/\/contactfm72.fr\/index.php?rest_route=%2Fwp%2Fv2%2Ftags&post=8864"}],"curies":[{"name":"wp","href":"https:\/\/api.w.org\/{rel}","templated":true}]}}