{"id":8859,"date":"2022-03-02T16:30:56","date_gmt":"2022-03-02T15:30:56","guid":{"rendered":"http:\/\/contactfm72.fr\/?p=8859"},"modified":"2022-02-28T14:33:32","modified_gmt":"2022-02-28T13:33:32","slug":"un-livre-et-des-rendez-vous-exceptionnels-pour-comprendre-le-patrimoine-local","status":"publish","type":"post","link":"https:\/\/contactfm72.fr\/?p=8859","title":{"rendered":"Un livre et des rendez-vous exceptionnels pour comprendre le patrimoine local"},"content":{"rendered":"<h2>A l\u2019occasion de la publication du livre \u00ab\u00a0Autour de la Chartre, un territoire entre Loir et coteaux\u00a0\u00bb, un programme in\u00e9dit compos\u00e9 de conf\u00e9rences et visites est organis\u00e9 tous les week-ends de mars et du 5 au 6 avril.<\/h2>\n<p>&nbsp;<\/p>\n<p>Le livre<strong> \u00ab\u00a0Autour de la Chartre, un territoire entre Loir et coteaux\u00a0\u00bb<\/strong> est finalis\u00e9. \u00ab Apr\u00e8s plusieurs ann\u00e9es de travail intensif, on est tr\u00e8s heureux de le pr\u00e9senter. Pas moins de <strong>250 photos<\/strong> illustrent notre <strong>patrimoine<\/strong> \u00bb, informe <strong>St\u00e9phanie Barioz, charg\u00e9e de mission Inventaire du Patrimoine<\/strong>.<\/p>\n<p>&nbsp;<\/p>\n<h3>Patrimoine de neuf communes<\/h3>\n<p>Co \u00e9dit\u00e9 par la <strong>R\u00e9gion<\/strong> et les <strong>\u00e9ditions 303<\/strong>, cet ouvrage met en valeur le patrimoine des neuf communes de l\u2019ex canton de la Chartre-sur-le-Loir (<strong>Sarthe<\/strong>) : \u00ab cet \u00e9v\u00e9nement patrimonial met en valeur notre canton, le tout premier \u00e9v\u00e9nement de l\u2019apr\u00e8s-crise sanitaire. On est tr\u00e8s <strong>heureux et honor\u00e9<\/strong>\u00a0\u00bb, souligne <strong>Dominique Peter, maire de Chahaignes<\/strong>.<\/p>\n<p>\u00ab\u00a0C\u2019est l\u2019aboutissement de l\u2019inventaire du patrimoine. Il permet d\u2019avoir une <strong>vision transversale<\/strong> de notre territoire, particuli\u00e8rement riche. J\u2019invite tout le monde \u00e0 venir d\u00e9couvrir l\u2019enti\u00e8ret\u00e9 du programme\u00a0\u00bb, pr\u00e9cise \u00e0 son tour <strong>Galienne Cohu, maire de Loir-en-Vall\u00e9e, et pr\u00e9sidente de la commission culture et patrimoine du Pays Vall\u00e9e du Loir.<\/strong><\/p>\n<p>&nbsp;<\/p>\n<h3>Week-ends in\u00e9dits<\/h3>\n<p>A l\u2019occasion de la sortie de cet ouvrage, pas moins de <strong>cinq week-ends sont organis\u00e9s<\/strong> pour permettre de comprendre et d&#8217;appr\u00e9cier le patrimoine local. \u00ab Tous les rendez-vous seront <strong>uniques et totalement in\u00e9dits<\/strong>. C\u2019est un programme de qualit\u00e9 qui refl\u00e8te le livre\u00a0\u00bb, explique St\u00e9phanie Barioz.<\/p>\n<p>Ce programme commence le <strong>samedi 5 mars, \u00e0 Chahaignes<\/strong>, avec le lancement du livre et de l\u2019inauguration de l\u2019<strong>exposition \u00ab\u00a0Les plus belles photographies de l\u2019inventaire du patrimoine\u00a0\u00bb<\/strong>. La journ\u00e9e se terminera avec une conf\u00e9rence sur \u00ab\u00a0les ch\u00e2teaux et manoirs autour de la Chartre-sur-le-Loir\u00a0\u00bb, pr\u00e9sent\u00e9e par St\u00e9phanie Barioz. \u00ab Il y en une trentaine rien que sur la Vall\u00e9e du Loir\u00a0\u00bb, poursuit-elle.<\/p>\n<p>Autre conf\u00e9rence exceptionnelle le<strong> dimanche 6 mars \u00ab\u00a0La Renaissance en vall\u00e9es du Loir et de la Loire\u00a0\u00bb, par Thierry Cr\u00e9pin-Leblonc<\/strong>, directeur du Mus\u00e9e national de la Renaissance-Ch\u00e2teau d\u2019\u00c9couen (Val d\u2019Oise). Ancien dirigeant du Ch\u00e2teau de Blois, \u00ab\u00a0c\u2019est une conf\u00e9rence \u00e0 ne pas louper\u00a0\u00bb, d\u2019apr\u00e8s St\u00e9phanie Barioz.<\/p>\n<p>&nbsp;<\/p>\n<h5>L\u2019int\u00e9gralit\u00e9 du programme est \u00e0 retrouver <a href=\"https:\/\/pays-valleeduloir.fr\/agenda\/\">ici<\/a>. <a href=\"https:\/\/pays-valleeduloir.fr\/contact\/\">Renseignements<\/a> au 02 43 38 16 62. Le livre sera vendu au prix de 18 \u20ac, \u00e0 retrouver le samedi 5 mars \u00e0 Chahaignes, ou bien dans les commerces \u00e0 partir du 10 mars. R\u00e9servations pour les conf\u00e9rences et visites en ligne ou Pays Vall\u00e9e du Loir, Rue Anatole Carr\u00e9, 72500 Vaas.<\/h5>\n<!-- AddThis Advanced Settings generic via filter on the_content --><!-- AddThis Share Buttons generic via filter on the_content -->","protected":false},"excerpt":{"rendered":"<p>A l\u2019occasion de la publication du livre \u00ab\u00a0Autour de la Chartre, un territoire entre Loir et coteaux\u00a0\u00bb, un programme in\u00e9dit compos\u00e9 de conf\u00e9rences et visites est organis\u00e9 tous les week-ends de mars et du 5 au 6 avril. &nbsp; Le livre \u00ab\u00a0Autour de la Chartre, un territoire entre Loir et coteaux\u00a0\u00bb est finalis\u00e9. \u00ab Apr\u00e8s&hellip;<!-- AddThis Advanced Settings generic via filter on get_the_excerpt --><!-- AddThis Share Buttons generic via filter on get_the_excerpt --><\/p>\n","protected":false},"author":4,"featured_media":8860,"comment_status":"closed","ping_status":"open","sticky":false,"template":"","format":"standard","meta":{"footnotes":""},"categories":[1],"tags":[],"class_list":["post-8859","post","type-post","status-publish","format-standard","has-post-thumbnail","hentry","category-contact-fm-72","category-1","description-off"],"yoast_head":"<!-- This site is optimized with the Yoast SEO plugin v27.4 - https:\/\/yoast.com\/product\/yoast-seo-wordpress\/ -->\n<title>Un livre et des rendez-vous exceptionnels pour comprendre le patrimoine local - Contact FM 99.3<\/title>\n<meta name=\"robots\" content=\"index, follow, max-snippet:-1, max-image-preview:large, max-video-preview:-1\" \/>\n<link rel=\"canonical\" href=\"https:\/\/contactfm72.fr\/?p=8859\" \/>\n<meta property=\"og:locale\" content=\"fr_FR\" \/>\n<meta property=\"og:type\" content=\"article\" \/>\n<meta property=\"og:title\" content=\"Un livre et des rendez-vous exceptionnels pour comprendre le patrimoine local - Contact FM 99.3\" \/>\n<meta property=\"og:description\" content=\"A l\u2019occasion de la publication du livre \u00ab\u00a0Autour de la Chartre, un territoire entre Loir et coteaux\u00a0\u00bb, un programme in\u00e9dit compos\u00e9 de conf\u00e9rences et visites est organis\u00e9 tous les week-ends de mars et du 5 au 6 avril. &nbsp; Le livre \u00ab\u00a0Autour de la Chartre, un territoire entre Loir et coteaux\u00a0\u00bb est finalis\u00e9. \u00ab Apr\u00e8s&hellip;\" \/>\n<meta property=\"og:url\" content=\"https:\/\/contactfm72.fr\/?p=8859\" \/>\n<meta property=\"og:site_name\" content=\"Contact FM 99.3\" \/>\n<meta property=\"article:publisher\" content=\"https:\/\/www.facebook.com\/Contactfm.Chateauduloir\" \/>\n<meta property=\"article:published_time\" content=\"2022-03-02T15:30:56+00:00\" \/>\n<meta property=\"og:image\" content=\"https:\/\/contactfm72.fr\/wp-content\/uploads\/2022\/02\/pays-livre.jpg\" \/>\n\t<meta property=\"og:image:width\" content=\"2048\" \/>\n\t<meta property=\"og:image:height\" content=\"1536\" \/>\n\t<meta property=\"og:image:type\" content=\"image\/jpeg\" \/>\n<meta name=\"author\" content=\"Val\u00e9rie C.\" \/>\n<meta name=\"twitter:card\" content=\"summary_large_image\" \/>\n<meta name=\"twitter:creator\" content=\"@contactfm72\" \/>\n<meta name=\"twitter:site\" content=\"@contactfm72\" \/>\n<meta name=\"twitter:label1\" content=\"\u00c9crit par\" \/>\n\t<meta name=\"twitter:data1\" content=\"Val\u00e9rie C.\" \/>\n\t<meta name=\"twitter:label2\" content=\"Dur\u00e9e de lecture estim\u00e9e\" \/>\n\t<meta name=\"twitter:data2\" content=\"2 minutes\" \/>\n<script type=\"application\/ld+json\" class=\"yoast-schema-graph\">{\"@context\":\"https:\\\/\\\/schema.org\",\"@graph\":[{\"@type\":\"Article\",\"@id\":\"https:\\\/\\\/contactfm72.fr\\\/?p=8859#article\",\"isPartOf\":{\"@id\":\"https:\\\/\\\/contactfm72.fr\\\/?p=8859\"},\"author\":{\"name\":\"Val\u00e9rie C.\",\"@id\":\"https:\\\/\\\/contactfm72.fr\\\/#\\\/schema\\\/person\\\/9fdc9d1c2eb029354a4f1535b90ba82d\"},\"headline\":\"Un livre et des rendez-vous exceptionnels pour comprendre le patrimoine local\",\"datePublished\":\"2022-03-02T15:30:56+00:00\",\"mainEntityOfPage\":{\"@id\":\"https:\\\/\\\/contactfm72.fr\\\/?p=8859\"},\"wordCount\":456,\"publisher\":{\"@id\":\"https:\\\/\\\/contactfm72.fr\\\/#organization\"},\"image\":{\"@id\":\"https:\\\/\\\/contactfm72.fr\\\/?p=8859#primaryimage\"},\"thumbnailUrl\":\"https:\\\/\\\/contactfm72.fr\\\/wp-content\\\/uploads\\\/2022\\\/02\\\/pays-livre.jpg\",\"articleSection\":[\"Contact FM 72\"],\"inLanguage\":\"fr-FR\"},{\"@type\":\"WebPage\",\"@id\":\"https:\\\/\\\/contactfm72.fr\\\/?p=8859\",\"url\":\"https:\\\/\\\/contactfm72.fr\\\/?p=8859\",\"name\":\"Un livre et des rendez-vous exceptionnels pour comprendre le patrimoine local - Contact FM 99.3\",\"isPartOf\":{\"@id\":\"https:\\\/\\\/contactfm72.fr\\\/#website\"},\"primaryImageOfPage\":{\"@id\":\"https:\\\/\\\/contactfm72.fr\\\/?p=8859#primaryimage\"},\"image\":{\"@id\":\"https:\\\/\\\/contactfm72.fr\\\/?p=8859#primaryimage\"},\"thumbnailUrl\":\"https:\\\/\\\/contactfm72.fr\\\/wp-content\\\/uploads\\\/2022\\\/02\\\/pays-livre.jpg\",\"datePublished\":\"2022-03-02T15:30:56+00:00\",\"breadcrumb\":{\"@id\":\"https:\\\/\\\/contactfm72.fr\\\/?p=8859#breadcrumb\"},\"inLanguage\":\"fr-FR\",\"potentialAction\":[{\"@type\":\"ReadAction\",\"target\":[\"https:\\\/\\\/contactfm72.fr\\\/?p=8859\"]}]},{\"@type\":\"ImageObject\",\"inLanguage\":\"fr-FR\",\"@id\":\"https:\\\/\\\/contactfm72.fr\\\/?p=8859#primaryimage\",\"url\":\"https:\\\/\\\/contactfm72.fr\\\/wp-content\\\/uploads\\\/2022\\\/02\\\/pays-livre.jpg\",\"contentUrl\":\"https:\\\/\\\/contactfm72.fr\\\/wp-content\\\/uploads\\\/2022\\\/02\\\/pays-livre.jpg\",\"width\":2048,\"height\":1536},{\"@type\":\"BreadcrumbList\",\"@id\":\"https:\\\/\\\/contactfm72.fr\\\/?p=8859#breadcrumb\",\"itemListElement\":[{\"@type\":\"ListItem\",\"position\":1,\"name\":\"Accueil\",\"item\":\"https:\\\/\\\/contactfm72.fr\\\/\"},{\"@type\":\"ListItem\",\"position\":2,\"name\":\"Un livre et des rendez-vous exceptionnels pour comprendre le patrimoine local\"}]},{\"@type\":\"WebSite\",\"@id\":\"https:\\\/\\\/contactfm72.fr\\\/#website\",\"url\":\"https:\\\/\\\/contactfm72.fr\\\/\",\"name\":\"Contact FM 99.3\",\"description\":\"Votre radio en vall\u00e9e du Loir\",\"publisher\":{\"@id\":\"https:\\\/\\\/contactfm72.fr\\\/#organization\"},\"potentialAction\":[{\"@type\":\"SearchAction\",\"target\":{\"@type\":\"EntryPoint\",\"urlTemplate\":\"https:\\\/\\\/contactfm72.fr\\\/?s={search_term_string}\"},\"query-input\":{\"@type\":\"PropertyValueSpecification\",\"valueRequired\":true,\"valueName\":\"search_term_string\"}}],\"inLanguage\":\"fr-FR\"},{\"@type\":\"Organization\",\"@id\":\"https:\\\/\\\/contactfm72.fr\\\/#organization\",\"name\":\"Contact FM 99.3\",\"url\":\"https:\\\/\\\/contactfm72.fr\\\/\",\"logo\":{\"@type\":\"ImageObject\",\"inLanguage\":\"fr-FR\",\"@id\":\"https:\\\/\\\/contactfm72.fr\\\/#\\\/schema\\\/logo\\\/image\\\/\",\"url\":\"https:\\\/\\\/contactfm72.fr\\\/wp-content\\\/uploads\\\/2025\\\/04\\\/2025-04-18-2.jpg\",\"contentUrl\":\"https:\\\/\\\/contactfm72.fr\\\/wp-content\\\/uploads\\\/2025\\\/04\\\/2025-04-18-2.jpg\",\"width\":680,\"height\":307,\"caption\":\"Contact FM 99.3\"},\"image\":{\"@id\":\"https:\\\/\\\/contactfm72.fr\\\/#\\\/schema\\\/logo\\\/image\\\/\"},\"sameAs\":[\"https:\\\/\\\/www.facebook.com\\\/Contactfm.Chateauduloir\",\"https:\\\/\\\/x.com\\\/contactfm72\",\"https:\\\/\\\/www.instagram.com\\\/contact.fm.72?igsh=cGhlMHQ5N2JlNnpp\",\"https:\\\/\\\/www.tiktok.com\\\/@contact.fm\"]},{\"@type\":\"Person\",\"@id\":\"https:\\\/\\\/contactfm72.fr\\\/#\\\/schema\\\/person\\\/9fdc9d1c2eb029354a4f1535b90ba82d\",\"name\":\"Val\u00e9rie C.\",\"image\":{\"@type\":\"ImageObject\",\"inLanguage\":\"fr-FR\",\"@id\":\"https:\\\/\\\/secure.gravatar.com\\\/avatar\\\/2f8aa28f8dfbd7d4420afd1fdcdd0a349923e2c8a38ab28198b0f9d0601e4737?s=96&d=mm&r=g\",\"url\":\"https:\\\/\\\/secure.gravatar.com\\\/avatar\\\/2f8aa28f8dfbd7d4420afd1fdcdd0a349923e2c8a38ab28198b0f9d0601e4737?s=96&d=mm&r=g\",\"contentUrl\":\"https:\\\/\\\/secure.gravatar.com\\\/avatar\\\/2f8aa28f8dfbd7d4420afd1fdcdd0a349923e2c8a38ab28198b0f9d0601e4737?s=96&d=mm&r=g\",\"caption\":\"Val\u00e9rie C.\"},\"url\":\"https:\\\/\\\/contactfm72.fr\\\/?author=4\"}]}<\/script>\n<!-- \/ Yoast SEO plugin. -->","yoast_head_json":{"title":"Un livre et des rendez-vous exceptionnels pour comprendre le patrimoine local - Contact FM 99.3","robots":{"index":"index","follow":"follow","max-snippet":"max-snippet:-1","max-image-preview":"max-image-preview:large","max-video-preview":"max-video-preview:-1"},"canonical":"https:\/\/contactfm72.fr\/?p=8859","og_locale":"fr_FR","og_type":"article","og_title":"Un livre et des rendez-vous exceptionnels pour comprendre le patrimoine local - Contact FM 99.3","og_description":"A l\u2019occasion de la publication du livre \u00ab\u00a0Autour de la Chartre, un territoire entre Loir et coteaux\u00a0\u00bb, un programme in\u00e9dit compos\u00e9 de conf\u00e9rences et visites est organis\u00e9 tous les week-ends de mars et du 5 au 6 avril. &nbsp; Le livre \u00ab\u00a0Autour de la Chartre, un territoire entre Loir et coteaux\u00a0\u00bb est finalis\u00e9. \u00ab Apr\u00e8s&hellip;","og_url":"https:\/\/contactfm72.fr\/?p=8859","og_site_name":"Contact FM 99.3","article_publisher":"https:\/\/www.facebook.com\/Contactfm.Chateauduloir","article_published_time":"2022-03-02T15:30:56+00:00","og_image":[{"width":2048,"height":1536,"url":"https:\/\/contactfm72.fr\/wp-content\/uploads\/2022\/02\/pays-livre.jpg","type":"image\/jpeg"}],"author":"Val\u00e9rie C.","twitter_card":"summary_large_image","twitter_creator":"@contactfm72","twitter_site":"@contactfm72","twitter_misc":{"\u00c9crit par":"Val\u00e9rie C.","Dur\u00e9e de lecture estim\u00e9e":"2 minutes"},"schema":{"@context":"https:\/\/schema.org","@graph":[{"@type":"Article","@id":"https:\/\/contactfm72.fr\/?p=8859#article","isPartOf":{"@id":"https:\/\/contactfm72.fr\/?p=8859"},"author":{"name":"Val\u00e9rie C.","@id":"https:\/\/contactfm72.fr\/#\/schema\/person\/9fdc9d1c2eb029354a4f1535b90ba82d"},"headline":"Un livre et des rendez-vous exceptionnels pour comprendre le patrimoine local","datePublished":"2022-03-02T15:30:56+00:00","mainEntityOfPage":{"@id":"https:\/\/contactfm72.fr\/?p=8859"},"wordCount":456,"publisher":{"@id":"https:\/\/contactfm72.fr\/#organization"},"image":{"@id":"https:\/\/contactfm72.fr\/?p=8859#primaryimage"},"thumbnailUrl":"https:\/\/contactfm72.fr\/wp-content\/uploads\/2022\/02\/pays-livre.jpg","articleSection":["Contact FM 72"],"inLanguage":"fr-FR"},{"@type":"WebPage","@id":"https:\/\/contactfm72.fr\/?p=8859","url":"https:\/\/contactfm72.fr\/?p=8859","name":"Un livre et des rendez-vous exceptionnels pour comprendre le patrimoine local - Contact FM 99.3","isPartOf":{"@id":"https:\/\/contactfm72.fr\/#website"},"primaryImageOfPage":{"@id":"https:\/\/contactfm72.fr\/?p=8859#primaryimage"},"image":{"@id":"https:\/\/contactfm72.fr\/?p=8859#primaryimage"},"thumbnailUrl":"https:\/\/contactfm72.fr\/wp-content\/uploads\/2022\/02\/pays-livre.jpg","datePublished":"2022-03-02T15:30:56+00:00","breadcrumb":{"@id":"https:\/\/contactfm72.fr\/?p=8859#breadcrumb"},"inLanguage":"fr-FR","potentialAction":[{"@type":"ReadAction","target":["https:\/\/contactfm72.fr\/?p=8859"]}]},{"@type":"ImageObject","inLanguage":"fr-FR","@id":"https:\/\/contactfm72.fr\/?p=8859#primaryimage","url":"https:\/\/contactfm72.fr\/wp-content\/uploads\/2022\/02\/pays-livre.jpg","contentUrl":"https:\/\/contactfm72.fr\/wp-content\/uploads\/2022\/02\/pays-livre.jpg","width":2048,"height":1536},{"@type":"BreadcrumbList","@id":"https:\/\/contactfm72.fr\/?p=8859#breadcrumb","itemListElement":[{"@type":"ListItem","position":1,"name":"Accueil","item":"https:\/\/contactfm72.fr\/"},{"@type":"ListItem","position":2,"name":"Un livre et des rendez-vous exceptionnels pour comprendre le patrimoine local"}]},{"@type":"WebSite","@id":"https:\/\/contactfm72.fr\/#website","url":"https:\/\/contactfm72.fr\/","name":"Contact FM 99.3","description":"Votre radio en vall\u00e9e du Loir","publisher":{"@id":"https:\/\/contactfm72.fr\/#organization"},"potentialAction":[{"@type":"SearchAction","target":{"@type":"EntryPoint","urlTemplate":"https:\/\/contactfm72.fr\/?s={search_term_string}"},"query-input":{"@type":"PropertyValueSpecification","valueRequired":true,"valueName":"search_term_string"}}],"inLanguage":"fr-FR"},{"@type":"Organization","@id":"https:\/\/contactfm72.fr\/#organization","name":"Contact FM 99.3","url":"https:\/\/contactfm72.fr\/","logo":{"@type":"ImageObject","inLanguage":"fr-FR","@id":"https:\/\/contactfm72.fr\/#\/schema\/logo\/image\/","url":"https:\/\/contactfm72.fr\/wp-content\/uploads\/2025\/04\/2025-04-18-2.jpg","contentUrl":"https:\/\/contactfm72.fr\/wp-content\/uploads\/2025\/04\/2025-04-18-2.jpg","width":680,"height":307,"caption":"Contact FM 99.3"},"image":{"@id":"https:\/\/contactfm72.fr\/#\/schema\/logo\/image\/"},"sameAs":["https:\/\/www.facebook.com\/Contactfm.Chateauduloir","https:\/\/x.com\/contactfm72","https:\/\/www.instagram.com\/contact.fm.72?igsh=cGhlMHQ5N2JlNnpp","https:\/\/www.tiktok.com\/@contact.fm"]},{"@type":"Person","@id":"https:\/\/contactfm72.fr\/#\/schema\/person\/9fdc9d1c2eb029354a4f1535b90ba82d","name":"Val\u00e9rie C.","image":{"@type":"ImageObject","inLanguage":"fr-FR","@id":"https:\/\/secure.gravatar.com\/avatar\/2f8aa28f8dfbd7d4420afd1fdcdd0a349923e2c8a38ab28198b0f9d0601e4737?s=96&d=mm&r=g","url":"https:\/\/secure.gravatar.com\/avatar\/2f8aa28f8dfbd7d4420afd1fdcdd0a349923e2c8a38ab28198b0f9d0601e4737?s=96&d=mm&r=g","contentUrl":"https:\/\/secure.gravatar.com\/avatar\/2f8aa28f8dfbd7d4420afd1fdcdd0a349923e2c8a38ab28198b0f9d0601e4737?s=96&d=mm&r=g","caption":"Val\u00e9rie C."},"url":"https:\/\/contactfm72.fr\/?author=4"}]}},"_links":{"self":[{"href":"https:\/\/contactfm72.fr\/index.php?rest_route=\/wp\/v2\/posts\/8859","targetHints":{"allow":["GET"]}}],"collection":[{"href":"https:\/\/contactfm72.fr\/index.php?rest_route=\/wp\/v2\/posts"}],"about":[{"href":"https:\/\/contactfm72.fr\/index.php?rest_route=\/wp\/v2\/types\/post"}],"author":[{"embeddable":true,"href":"https:\/\/contactfm72.fr\/index.php?rest_route=\/wp\/v2\/users\/4"}],"replies":[{"embeddable":true,"href":"https:\/\/contactfm72.fr\/index.php?rest_route=%2Fwp%2Fv2%2Fcomments&post=8859"}],"version-history":[{"count":2,"href":"https:\/\/contactfm72.fr\/index.php?rest_route=\/wp\/v2\/posts\/8859\/revisions"}],"predecessor-version":[{"id":8862,"href":"https:\/\/contactfm72.fr\/index.php?rest_route=\/wp\/v2\/posts\/8859\/revisions\/8862"}],"wp:featuredmedia":[{"embeddable":true,"href":"https:\/\/contactfm72.fr\/index.php?rest_route=\/wp\/v2\/media\/8860"}],"wp:attachment":[{"href":"https:\/\/contactfm72.fr\/index.php?rest_route=%2Fwp%2Fv2%2Fmedia&parent=8859"}],"wp:term":[{"taxonomy":"category","embeddable":true,"href":"https:\/\/contactfm72.fr\/index.php?rest_route=%2Fwp%2Fv2%2Fcategories&post=8859"},{"taxonomy":"post_tag","embeddable":true,"href":"https:\/\/contactfm72.fr\/index.php?rest_route=%2Fwp%2Fv2%2Ftags&post=8859"}],"curies":[{"name":"wp","href":"https:\/\/api.w.org\/{rel}","templated":true}]}}