{"id":8843,"date":"2022-02-25T10:00:31","date_gmt":"2022-02-25T09:00:31","guid":{"rendered":"http:\/\/contactfm72.fr\/?p=8843"},"modified":"2022-02-25T09:51:43","modified_gmt":"2022-02-25T08:51:43","slug":"montval-sur-loir-deux-interpellations-suite-a-lincendie-du-1er-fevrier","status":"publish","type":"post","link":"https:\/\/contactfm72.fr\/?p=8843","title":{"rendered":"Montval-sur-Loir. Deux interpellations suite \u00e0 l\u2019incendie du 1er f\u00e9vrier"},"content":{"rendered":"<h2>Deux personnes ont \u00e9t\u00e9 interpell\u00e9es suite \u00e0 l\u2019incendie dans la nuit du 31 janvier au 1<sup>er<\/sup> f\u00e9vrier 2022. Elles seront d\u00e9ferr\u00e9es devant le Procureur de la R\u00e9publique ce vendredi 25 f\u00e9vrier.<\/h2>\n<p>&nbsp;<\/p>\n<p><strong>Deux personnes ont \u00e9t\u00e9 arr\u00eat\u00e9es<\/strong> dans le cadre de l\u2019enqu\u00eate suite \u00e0 <strong>l<a href=\"http:\/\/contactfm72.fr\/?p=8476\">\u2019incendie<\/a><\/strong><a href=\"http:\/\/contactfm72.fr\/?p=8476\"> rue Aristide Briand \u00e0 <strong>Ch\u00e2teau-du-Loir<\/strong><\/a> (<strong>Sarthe<\/strong>). Elles seront jug\u00e9es en <strong>comparution imm\u00e9diate<\/strong> et d\u00e9ferr\u00e9es ce <strong>vendredi 25 f\u00e9vrier<\/strong>. Elles sont soup\u00e7onn\u00e9es d\u2019avoir mis le feu alors qu\u2019elles s\u2019\u00e9taient \u00ab introduites dans l&#8217;appartement pour d\u00e9rober le chargeur de la trottinette \u00bb.<\/p>\n<p>&nbsp;<\/p>\n<h3>Un vol de trottinette<\/h3>\n<p>L\u2019enqu\u00eate a \u00e9t\u00e9 men\u00e9e par les gendarmes de la communaut\u00e9 de la brigade de <strong>Luceau<\/strong>. Dans la nuit du 26 au 27 janvier 2022, deux suspects se sont introduits dans le logement. Ils ont d\u00e9rob\u00e9 une trottinette \u00e9lectrique sans son chargeur, des halt\u00e8res et un tabouret.<\/p>\n<p><strong>\u00a0<\/strong><\/p>\n<h3>Incendie volontaire<\/h3>\n<p>Le 1er f\u00e9vrier 2022, ces m\u00eames individus sont pr\u00e9sum\u00e9s s&#8217;\u00eatre de nouveau introduits dans l&#8217;appartement pour d\u00e9rober le chargeur de la trottinette, oubli\u00e9 lors du premier vol. &#8220;Sur place, l&#8217;un des deux individus aurait pris des allumettes pour fumer une cigarette. Il aurait<strong> jet\u00e9 l\u2019allumette en direction du canap\u00e9<\/strong> o\u00f9 se trouvait une couette. A priori <strong>conscients de ce d\u00e9part de feu<\/strong>, ils prennent la fuite. L\u2019incendie entra\u00eene la destruction totale d&#8217;un b\u00e2timent de trois logements&#8221;, fait savoir la Gendarmerie de la Sarthe.<\/p>\n<p>Deux personnes avaient \u00e9t\u00e9 bless\u00e9es et plus de 20 habitants avaient \u00e9t\u00e9 \u00e9vacu\u00e9es.<\/p>\n<p>&nbsp;<\/p>\n<p>Elles seront jug\u00e9es ce <strong>vendredi 25 f\u00e9vrier<\/strong> au<strong> tribunal du Mans<\/strong>.<\/p>\n<!-- AddThis Advanced Settings generic via filter on the_content --><!-- AddThis Share Buttons generic via filter on the_content -->","protected":false},"excerpt":{"rendered":"<p>Deux personnes ont \u00e9t\u00e9 interpell\u00e9es suite \u00e0 l\u2019incendie dans la nuit du 31 janvier au 1er f\u00e9vrier 2022. Elles seront d\u00e9ferr\u00e9es devant le Procureur de la R\u00e9publique ce vendredi 25 f\u00e9vrier. &nbsp; Deux personnes ont \u00e9t\u00e9 arr\u00eat\u00e9es dans le cadre de l\u2019enqu\u00eate suite \u00e0 l\u2019incendie rue Aristide Briand \u00e0 Ch\u00e2teau-du-Loir (Sarthe). Elles seront jug\u00e9es en&hellip;<!-- AddThis Advanced Settings generic via filter on get_the_excerpt --><!-- AddThis Share Buttons generic via filter on get_the_excerpt --><\/p>\n","protected":false},"author":4,"featured_media":8477,"comment_status":"closed","ping_status":"open","sticky":false,"template":"","format":"standard","meta":{"footnotes":""},"categories":[1],"tags":[],"class_list":["post-8843","post","type-post","status-publish","format-standard","has-post-thumbnail","hentry","category-contact-fm-72","category-1","description-off"],"yoast_head":"<!-- This site is optimized with the Yoast SEO plugin v27.4 - https:\/\/yoast.com\/product\/yoast-seo-wordpress\/ -->\n<title>Montval-sur-Loir. Deux interpellations suite \u00e0 l\u2019incendie du 1er f\u00e9vrier - Contact FM 99.3<\/title>\n<meta name=\"robots\" content=\"index, follow, max-snippet:-1, max-image-preview:large, max-video-preview:-1\" \/>\n<link rel=\"canonical\" href=\"https:\/\/contactfm72.fr\/?p=8843\" \/>\n<meta property=\"og:locale\" content=\"fr_FR\" \/>\n<meta property=\"og:type\" content=\"article\" \/>\n<meta property=\"og:title\" content=\"Montval-sur-Loir. Deux interpellations suite \u00e0 l\u2019incendie du 1er f\u00e9vrier - Contact FM 99.3\" \/>\n<meta property=\"og:description\" content=\"Deux personnes ont \u00e9t\u00e9 interpell\u00e9es suite \u00e0 l\u2019incendie dans la nuit du 31 janvier au 1er f\u00e9vrier 2022. Elles seront d\u00e9ferr\u00e9es devant le Procureur de la R\u00e9publique ce vendredi 25 f\u00e9vrier. &nbsp; Deux personnes ont \u00e9t\u00e9 arr\u00eat\u00e9es dans le cadre de l\u2019enqu\u00eate suite \u00e0 l\u2019incendie rue Aristide Briand \u00e0 Ch\u00e2teau-du-Loir (Sarthe). Elles seront jug\u00e9es en&hellip;\" \/>\n<meta property=\"og:url\" content=\"https:\/\/contactfm72.fr\/?p=8843\" \/>\n<meta property=\"og:site_name\" content=\"Contact FM 99.3\" \/>\n<meta property=\"article:publisher\" content=\"https:\/\/www.facebook.com\/Contactfm.Chateauduloir\" \/>\n<meta property=\"article:published_time\" content=\"2022-02-25T09:00:31+00:00\" \/>\n<meta property=\"og:image\" content=\"https:\/\/contactfm72.fr\/wp-content\/uploads\/2022\/02\/Feu-Ch\u00e2teau-01-02.jpg\" \/>\n\t<meta property=\"og:image:width\" content=\"2048\" \/>\n\t<meta property=\"og:image:height\" content=\"1536\" \/>\n\t<meta property=\"og:image:type\" content=\"image\/jpeg\" \/>\n<meta name=\"author\" content=\"Val\u00e9rie C.\" \/>\n<meta name=\"twitter:card\" content=\"summary_large_image\" \/>\n<meta name=\"twitter:creator\" content=\"@contactfm72\" \/>\n<meta name=\"twitter:site\" content=\"@contactfm72\" \/>\n<meta name=\"twitter:label1\" content=\"\u00c9crit par\" \/>\n\t<meta name=\"twitter:data1\" content=\"Val\u00e9rie C.\" \/>\n\t<meta name=\"twitter:label2\" content=\"Dur\u00e9e de lecture estim\u00e9e\" \/>\n\t<meta name=\"twitter:data2\" content=\"1 minute\" \/>\n<script type=\"application\/ld+json\" class=\"yoast-schema-graph\">{\"@context\":\"https:\\\/\\\/schema.org\",\"@graph\":[{\"@type\":\"Article\",\"@id\":\"https:\\\/\\\/contactfm72.fr\\\/?p=8843#article\",\"isPartOf\":{\"@id\":\"https:\\\/\\\/contactfm72.fr\\\/?p=8843\"},\"author\":{\"name\":\"Val\u00e9rie C.\",\"@id\":\"https:\\\/\\\/contactfm72.fr\\\/#\\\/schema\\\/person\\\/9fdc9d1c2eb029354a4f1535b90ba82d\"},\"headline\":\"Montval-sur-Loir. Deux interpellations suite \u00e0 l\u2019incendie du 1er f\u00e9vrier\",\"datePublished\":\"2022-02-25T09:00:31+00:00\",\"mainEntityOfPage\":{\"@id\":\"https:\\\/\\\/contactfm72.fr\\\/?p=8843\"},\"wordCount\":289,\"publisher\":{\"@id\":\"https:\\\/\\\/contactfm72.fr\\\/#organization\"},\"image\":{\"@id\":\"https:\\\/\\\/contactfm72.fr\\\/?p=8843#primaryimage\"},\"thumbnailUrl\":\"https:\\\/\\\/contactfm72.fr\\\/wp-content\\\/uploads\\\/2022\\\/02\\\/Feu-Ch\u00e2teau-01-02.jpg\",\"articleSection\":[\"Contact FM 72\"],\"inLanguage\":\"fr-FR\"},{\"@type\":\"WebPage\",\"@id\":\"https:\\\/\\\/contactfm72.fr\\\/?p=8843\",\"url\":\"https:\\\/\\\/contactfm72.fr\\\/?p=8843\",\"name\":\"Montval-sur-Loir. Deux interpellations suite \u00e0 l\u2019incendie du 1er f\u00e9vrier - Contact FM 99.3\",\"isPartOf\":{\"@id\":\"https:\\\/\\\/contactfm72.fr\\\/#website\"},\"primaryImageOfPage\":{\"@id\":\"https:\\\/\\\/contactfm72.fr\\\/?p=8843#primaryimage\"},\"image\":{\"@id\":\"https:\\\/\\\/contactfm72.fr\\\/?p=8843#primaryimage\"},\"thumbnailUrl\":\"https:\\\/\\\/contactfm72.fr\\\/wp-content\\\/uploads\\\/2022\\\/02\\\/Feu-Ch\u00e2teau-01-02.jpg\",\"datePublished\":\"2022-02-25T09:00:31+00:00\",\"breadcrumb\":{\"@id\":\"https:\\\/\\\/contactfm72.fr\\\/?p=8843#breadcrumb\"},\"inLanguage\":\"fr-FR\",\"potentialAction\":[{\"@type\":\"ReadAction\",\"target\":[\"https:\\\/\\\/contactfm72.fr\\\/?p=8843\"]}]},{\"@type\":\"ImageObject\",\"inLanguage\":\"fr-FR\",\"@id\":\"https:\\\/\\\/contactfm72.fr\\\/?p=8843#primaryimage\",\"url\":\"https:\\\/\\\/contactfm72.fr\\\/wp-content\\\/uploads\\\/2022\\\/02\\\/Feu-Ch\u00e2teau-01-02.jpg\",\"contentUrl\":\"https:\\\/\\\/contactfm72.fr\\\/wp-content\\\/uploads\\\/2022\\\/02\\\/Feu-Ch\u00e2teau-01-02.jpg\",\"width\":2048,\"height\":1536,\"caption\":\"Le feu a d\u00e9marr\u00e9 vers 2h du matin le 1er f\u00e9vrier, dans le centre-ville de Ch\u00e2teau-du-Loir.\"},{\"@type\":\"BreadcrumbList\",\"@id\":\"https:\\\/\\\/contactfm72.fr\\\/?p=8843#breadcrumb\",\"itemListElement\":[{\"@type\":\"ListItem\",\"position\":1,\"name\":\"Accueil\",\"item\":\"https:\\\/\\\/contactfm72.fr\\\/\"},{\"@type\":\"ListItem\",\"position\":2,\"name\":\"Montval-sur-Loir. Deux interpellations suite \u00e0 l\u2019incendie du 1er f\u00e9vrier\"}]},{\"@type\":\"WebSite\",\"@id\":\"https:\\\/\\\/contactfm72.fr\\\/#website\",\"url\":\"https:\\\/\\\/contactfm72.fr\\\/\",\"name\":\"Contact FM 99.3\",\"description\":\"Votre radio en vall\u00e9e du Loir\",\"publisher\":{\"@id\":\"https:\\\/\\\/contactfm72.fr\\\/#organization\"},\"potentialAction\":[{\"@type\":\"SearchAction\",\"target\":{\"@type\":\"EntryPoint\",\"urlTemplate\":\"https:\\\/\\\/contactfm72.fr\\\/?s={search_term_string}\"},\"query-input\":{\"@type\":\"PropertyValueSpecification\",\"valueRequired\":true,\"valueName\":\"search_term_string\"}}],\"inLanguage\":\"fr-FR\"},{\"@type\":\"Organization\",\"@id\":\"https:\\\/\\\/contactfm72.fr\\\/#organization\",\"name\":\"Contact FM 99.3\",\"url\":\"https:\\\/\\\/contactfm72.fr\\\/\",\"logo\":{\"@type\":\"ImageObject\",\"inLanguage\":\"fr-FR\",\"@id\":\"https:\\\/\\\/contactfm72.fr\\\/#\\\/schema\\\/logo\\\/image\\\/\",\"url\":\"https:\\\/\\\/contactfm72.fr\\\/wp-content\\\/uploads\\\/2025\\\/04\\\/2025-04-18-2.jpg\",\"contentUrl\":\"https:\\\/\\\/contactfm72.fr\\\/wp-content\\\/uploads\\\/2025\\\/04\\\/2025-04-18-2.jpg\",\"width\":680,\"height\":307,\"caption\":\"Contact FM 99.3\"},\"image\":{\"@id\":\"https:\\\/\\\/contactfm72.fr\\\/#\\\/schema\\\/logo\\\/image\\\/\"},\"sameAs\":[\"https:\\\/\\\/www.facebook.com\\\/Contactfm.Chateauduloir\",\"https:\\\/\\\/x.com\\\/contactfm72\",\"https:\\\/\\\/www.instagram.com\\\/contact.fm.72?igsh=cGhlMHQ5N2JlNnpp\",\"https:\\\/\\\/www.tiktok.com\\\/@contact.fm\"]},{\"@type\":\"Person\",\"@id\":\"https:\\\/\\\/contactfm72.fr\\\/#\\\/schema\\\/person\\\/9fdc9d1c2eb029354a4f1535b90ba82d\",\"name\":\"Val\u00e9rie C.\",\"image\":{\"@type\":\"ImageObject\",\"inLanguage\":\"fr-FR\",\"@id\":\"https:\\\/\\\/secure.gravatar.com\\\/avatar\\\/2f8aa28f8dfbd7d4420afd1fdcdd0a349923e2c8a38ab28198b0f9d0601e4737?s=96&d=mm&r=g\",\"url\":\"https:\\\/\\\/secure.gravatar.com\\\/avatar\\\/2f8aa28f8dfbd7d4420afd1fdcdd0a349923e2c8a38ab28198b0f9d0601e4737?s=96&d=mm&r=g\",\"contentUrl\":\"https:\\\/\\\/secure.gravatar.com\\\/avatar\\\/2f8aa28f8dfbd7d4420afd1fdcdd0a349923e2c8a38ab28198b0f9d0601e4737?s=96&d=mm&r=g\",\"caption\":\"Val\u00e9rie C.\"},\"url\":\"https:\\\/\\\/contactfm72.fr\\\/?author=4\"}]}<\/script>\n<!-- \/ Yoast SEO plugin. -->","yoast_head_json":{"title":"Montval-sur-Loir. Deux interpellations suite \u00e0 l\u2019incendie du 1er f\u00e9vrier - Contact FM 99.3","robots":{"index":"index","follow":"follow","max-snippet":"max-snippet:-1","max-image-preview":"max-image-preview:large","max-video-preview":"max-video-preview:-1"},"canonical":"https:\/\/contactfm72.fr\/?p=8843","og_locale":"fr_FR","og_type":"article","og_title":"Montval-sur-Loir. Deux interpellations suite \u00e0 l\u2019incendie du 1er f\u00e9vrier - Contact FM 99.3","og_description":"Deux personnes ont \u00e9t\u00e9 interpell\u00e9es suite \u00e0 l\u2019incendie dans la nuit du 31 janvier au 1er f\u00e9vrier 2022. Elles seront d\u00e9ferr\u00e9es devant le Procureur de la R\u00e9publique ce vendredi 25 f\u00e9vrier. &nbsp; Deux personnes ont \u00e9t\u00e9 arr\u00eat\u00e9es dans le cadre de l\u2019enqu\u00eate suite \u00e0 l\u2019incendie rue Aristide Briand \u00e0 Ch\u00e2teau-du-Loir (Sarthe). Elles seront jug\u00e9es en&hellip;","og_url":"https:\/\/contactfm72.fr\/?p=8843","og_site_name":"Contact FM 99.3","article_publisher":"https:\/\/www.facebook.com\/Contactfm.Chateauduloir","article_published_time":"2022-02-25T09:00:31+00:00","og_image":[{"width":2048,"height":1536,"url":"https:\/\/contactfm72.fr\/wp-content\/uploads\/2022\/02\/Feu-Ch\u00e2teau-01-02.jpg","type":"image\/jpeg"}],"author":"Val\u00e9rie C.","twitter_card":"summary_large_image","twitter_creator":"@contactfm72","twitter_site":"@contactfm72","twitter_misc":{"\u00c9crit par":"Val\u00e9rie C.","Dur\u00e9e de lecture estim\u00e9e":"1 minute"},"schema":{"@context":"https:\/\/schema.org","@graph":[{"@type":"Article","@id":"https:\/\/contactfm72.fr\/?p=8843#article","isPartOf":{"@id":"https:\/\/contactfm72.fr\/?p=8843"},"author":{"name":"Val\u00e9rie C.","@id":"https:\/\/contactfm72.fr\/#\/schema\/person\/9fdc9d1c2eb029354a4f1535b90ba82d"},"headline":"Montval-sur-Loir. Deux interpellations suite \u00e0 l\u2019incendie du 1er f\u00e9vrier","datePublished":"2022-02-25T09:00:31+00:00","mainEntityOfPage":{"@id":"https:\/\/contactfm72.fr\/?p=8843"},"wordCount":289,"publisher":{"@id":"https:\/\/contactfm72.fr\/#organization"},"image":{"@id":"https:\/\/contactfm72.fr\/?p=8843#primaryimage"},"thumbnailUrl":"https:\/\/contactfm72.fr\/wp-content\/uploads\/2022\/02\/Feu-Ch\u00e2teau-01-02.jpg","articleSection":["Contact FM 72"],"inLanguage":"fr-FR"},{"@type":"WebPage","@id":"https:\/\/contactfm72.fr\/?p=8843","url":"https:\/\/contactfm72.fr\/?p=8843","name":"Montval-sur-Loir. Deux interpellations suite \u00e0 l\u2019incendie du 1er f\u00e9vrier - Contact FM 99.3","isPartOf":{"@id":"https:\/\/contactfm72.fr\/#website"},"primaryImageOfPage":{"@id":"https:\/\/contactfm72.fr\/?p=8843#primaryimage"},"image":{"@id":"https:\/\/contactfm72.fr\/?p=8843#primaryimage"},"thumbnailUrl":"https:\/\/contactfm72.fr\/wp-content\/uploads\/2022\/02\/Feu-Ch\u00e2teau-01-02.jpg","datePublished":"2022-02-25T09:00:31+00:00","breadcrumb":{"@id":"https:\/\/contactfm72.fr\/?p=8843#breadcrumb"},"inLanguage":"fr-FR","potentialAction":[{"@type":"ReadAction","target":["https:\/\/contactfm72.fr\/?p=8843"]}]},{"@type":"ImageObject","inLanguage":"fr-FR","@id":"https:\/\/contactfm72.fr\/?p=8843#primaryimage","url":"https:\/\/contactfm72.fr\/wp-content\/uploads\/2022\/02\/Feu-Ch\u00e2teau-01-02.jpg","contentUrl":"https:\/\/contactfm72.fr\/wp-content\/uploads\/2022\/02\/Feu-Ch\u00e2teau-01-02.jpg","width":2048,"height":1536,"caption":"Le feu a d\u00e9marr\u00e9 vers 2h du matin le 1er f\u00e9vrier, dans le centre-ville de Ch\u00e2teau-du-Loir."},{"@type":"BreadcrumbList","@id":"https:\/\/contactfm72.fr\/?p=8843#breadcrumb","itemListElement":[{"@type":"ListItem","position":1,"name":"Accueil","item":"https:\/\/contactfm72.fr\/"},{"@type":"ListItem","position":2,"name":"Montval-sur-Loir. Deux interpellations suite \u00e0 l\u2019incendie du 1er f\u00e9vrier"}]},{"@type":"WebSite","@id":"https:\/\/contactfm72.fr\/#website","url":"https:\/\/contactfm72.fr\/","name":"Contact FM 99.3","description":"Votre radio en vall\u00e9e du Loir","publisher":{"@id":"https:\/\/contactfm72.fr\/#organization"},"potentialAction":[{"@type":"SearchAction","target":{"@type":"EntryPoint","urlTemplate":"https:\/\/contactfm72.fr\/?s={search_term_string}"},"query-input":{"@type":"PropertyValueSpecification","valueRequired":true,"valueName":"search_term_string"}}],"inLanguage":"fr-FR"},{"@type":"Organization","@id":"https:\/\/contactfm72.fr\/#organization","name":"Contact FM 99.3","url":"https:\/\/contactfm72.fr\/","logo":{"@type":"ImageObject","inLanguage":"fr-FR","@id":"https:\/\/contactfm72.fr\/#\/schema\/logo\/image\/","url":"https:\/\/contactfm72.fr\/wp-content\/uploads\/2025\/04\/2025-04-18-2.jpg","contentUrl":"https:\/\/contactfm72.fr\/wp-content\/uploads\/2025\/04\/2025-04-18-2.jpg","width":680,"height":307,"caption":"Contact FM 99.3"},"image":{"@id":"https:\/\/contactfm72.fr\/#\/schema\/logo\/image\/"},"sameAs":["https:\/\/www.facebook.com\/Contactfm.Chateauduloir","https:\/\/x.com\/contactfm72","https:\/\/www.instagram.com\/contact.fm.72?igsh=cGhlMHQ5N2JlNnpp","https:\/\/www.tiktok.com\/@contact.fm"]},{"@type":"Person","@id":"https:\/\/contactfm72.fr\/#\/schema\/person\/9fdc9d1c2eb029354a4f1535b90ba82d","name":"Val\u00e9rie C.","image":{"@type":"ImageObject","inLanguage":"fr-FR","@id":"https:\/\/secure.gravatar.com\/avatar\/2f8aa28f8dfbd7d4420afd1fdcdd0a349923e2c8a38ab28198b0f9d0601e4737?s=96&d=mm&r=g","url":"https:\/\/secure.gravatar.com\/avatar\/2f8aa28f8dfbd7d4420afd1fdcdd0a349923e2c8a38ab28198b0f9d0601e4737?s=96&d=mm&r=g","contentUrl":"https:\/\/secure.gravatar.com\/avatar\/2f8aa28f8dfbd7d4420afd1fdcdd0a349923e2c8a38ab28198b0f9d0601e4737?s=96&d=mm&r=g","caption":"Val\u00e9rie C."},"url":"https:\/\/contactfm72.fr\/?author=4"}]}},"_links":{"self":[{"href":"https:\/\/contactfm72.fr\/index.php?rest_route=\/wp\/v2\/posts\/8843","targetHints":{"allow":["GET"]}}],"collection":[{"href":"https:\/\/contactfm72.fr\/index.php?rest_route=\/wp\/v2\/posts"}],"about":[{"href":"https:\/\/contactfm72.fr\/index.php?rest_route=\/wp\/v2\/types\/post"}],"author":[{"embeddable":true,"href":"https:\/\/contactfm72.fr\/index.php?rest_route=\/wp\/v2\/users\/4"}],"replies":[{"embeddable":true,"href":"https:\/\/contactfm72.fr\/index.php?rest_route=%2Fwp%2Fv2%2Fcomments&post=8843"}],"version-history":[{"count":2,"href":"https:\/\/contactfm72.fr\/index.php?rest_route=\/wp\/v2\/posts\/8843\/revisions"}],"predecessor-version":[{"id":8845,"href":"https:\/\/contactfm72.fr\/index.php?rest_route=\/wp\/v2\/posts\/8843\/revisions\/8845"}],"wp:featuredmedia":[{"embeddable":true,"href":"https:\/\/contactfm72.fr\/index.php?rest_route=\/wp\/v2\/media\/8477"}],"wp:attachment":[{"href":"https:\/\/contactfm72.fr\/index.php?rest_route=%2Fwp%2Fv2%2Fmedia&parent=8843"}],"wp:term":[{"taxonomy":"category","embeddable":true,"href":"https:\/\/contactfm72.fr\/index.php?rest_route=%2Fwp%2Fv2%2Fcategories&post=8843"},{"taxonomy":"post_tag","embeddable":true,"href":"https:\/\/contactfm72.fr\/index.php?rest_route=%2Fwp%2Fv2%2Ftags&post=8843"}],"curies":[{"name":"wp","href":"https:\/\/api.w.org\/{rel}","templated":true}]}}