{"id":8837,"date":"2022-02-25T07:39:08","date_gmt":"2022-02-25T06:39:08","guid":{"rendered":"http:\/\/contactfm72.fr\/?p=8837"},"modified":"2022-02-24T18:07:32","modified_gmt":"2022-02-24T17:07:32","slug":"les-sarthois-au-salon-de-lagriculture-theme-du-magazine-allo-ici-la-terre","status":"publish","type":"post","link":"https:\/\/contactfm72.fr\/?p=8837","title":{"rendered":"Les Sarthois au salon de l&#8217;agriculture, th\u00e8me du magazine &#8220;All\u00f4 ici la terre&#8221;"},"content":{"rendered":"<p>Le Salon international de l&#8217;agriculture se tiendra du samedi 26 f\u00e9vrier au dimanche 6 mars \u00e0 la Porte de Versailles \u00e0 Paris.<\/p>\n<p>Comme chaque ann\u00e9e, la Sarthe sera bien repr\u00e9sent\u00e9e. Olivier Lebert, pr\u00e9sident de la Chambre d&#8217;agriculture de la Sarthe, parle de ces Sarthois fid\u00e8les au salon.<\/p>\n<p>Retrouvez \u00e9galement la chronique du Syndicat mixte du Val de Loir, &#8220;un geste pour la plan\u00e8te&#8221;, consacr\u00e9e \u00e0 ses d\u00e9chetteries.<\/p>\n<p>Ces sujets sont \u00e0 \u00e9couter dans le magazine &#8220;All\u00f4 ici la terre&#8221; vendredi 25 f\u00e9vrier \u00e0 12h30 et mardi 1er mars \u00e0 17h30.<\/p>\n<p>&nbsp;<\/p>\n<div id=\"audioigniter-291\" class=\"audioigniter-root \" data-player-type=\"full\" data-tracks-url=\"https:\/\/contactfm72.fr\/?audioigniter_playlist_id=291\" data-display-track-no=\"false\" data-reverse-track-order=\"false\" data-display-tracklist-covers=\"false\" data-display-active-cover=\"false\" data-display-artist-names=\"false\" data-display-buy-buttons=\"true\" data-buy-buttons-target=\"false\" data-cycle-tracks=\"false\" data-display-credits=\"false\" data-display-tracklist=\"true\" data-allow-tracklist-toggle=\"true\" data-allow-tracklist-loop=\"true\" data-limit-tracklist-height=\"true\" data-volume=\"100\" data-tracklist-height=\"185\" data-allow-track-loop=\"false\" ><\/div>\n<!-- AddThis Advanced Settings generic via filter on the_content --><!-- AddThis Share Buttons generic via filter on the_content -->","protected":false},"excerpt":{"rendered":"<p>Le Salon international de l&#8217;agriculture se tiendra du samedi 26 f\u00e9vrier au dimanche 6 mars \u00e0 la Porte de Versailles \u00e0 Paris. Comme chaque ann\u00e9e, la Sarthe sera bien repr\u00e9sent\u00e9e. Olivier Lebert, pr\u00e9sident de la Chambre d&#8217;agriculture de la Sarthe, parle de ces Sarthois fid\u00e8les au salon. Retrouvez \u00e9galement la chronique du Syndicat mixte du&hellip;<!-- AddThis Advanced Settings generic via filter on get_the_excerpt --><!-- AddThis Share Buttons generic via filter on get_the_excerpt --><\/p>\n","protected":false},"author":4,"featured_media":8838,"comment_status":"closed","ping_status":"open","sticky":false,"template":"","format":"standard","meta":{"footnotes":""},"categories":[13,1],"tags":[],"class_list":["post-8837","post","type-post","status-publish","format-standard","has-post-thumbnail","hentry","category-allo-ici-la-terre","category-contact-fm-72","category-13","category-1","description-off"],"yoast_head":"<!-- This site is optimized with the Yoast SEO plugin v27.4 - https:\/\/yoast.com\/product\/yoast-seo-wordpress\/ -->\n<title>Les Sarthois au salon de l&#039;agriculture, th\u00e8me du magazine &quot;All\u00f4 ici la terre&quot; - Contact FM 99.3<\/title>\n<meta name=\"robots\" content=\"index, follow, max-snippet:-1, max-image-preview:large, max-video-preview:-1\" \/>\n<link rel=\"canonical\" href=\"https:\/\/contactfm72.fr\/?p=8837\" \/>\n<meta property=\"og:locale\" content=\"fr_FR\" \/>\n<meta property=\"og:type\" content=\"article\" \/>\n<meta property=\"og:title\" content=\"Les Sarthois au salon de l&#039;agriculture, th\u00e8me du magazine &quot;All\u00f4 ici la terre&quot; - Contact FM 99.3\" \/>\n<meta property=\"og:description\" content=\"Le Salon international de l&#8217;agriculture se tiendra du samedi 26 f\u00e9vrier au dimanche 6 mars \u00e0 la Porte de Versailles \u00e0 Paris. Comme chaque ann\u00e9e, la Sarthe sera bien repr\u00e9sent\u00e9e. Olivier Lebert, pr\u00e9sident de la Chambre d&#8217;agriculture de la Sarthe, parle de ces Sarthois fid\u00e8les au salon. Retrouvez \u00e9galement la chronique du Syndicat mixte du&hellip;\" \/>\n<meta property=\"og:url\" content=\"https:\/\/contactfm72.fr\/?p=8837\" \/>\n<meta property=\"og:site_name\" content=\"Contact FM 99.3\" \/>\n<meta property=\"article:publisher\" content=\"https:\/\/www.facebook.com\/Contactfm.Chateauduloir\" \/>\n<meta property=\"article:published_time\" content=\"2022-02-25T06:39:08+00:00\" \/>\n<meta property=\"og:image\" content=\"https:\/\/contactfm72.fr\/wp-content\/uploads\/2022\/02\/MjAyMTA2ZjJjMDViNTYwMjVkOTA1OGFhOTdhZTIzMjA0OTA0YzY.jpg\" \/>\n\t<meta property=\"og:image:width\" content=\"1260\" \/>\n\t<meta property=\"og:image:height\" content=\"899\" \/>\n\t<meta property=\"og:image:type\" content=\"image\/jpeg\" \/>\n<meta name=\"author\" content=\"Val\u00e9rie C.\" \/>\n<meta name=\"twitter:card\" content=\"summary_large_image\" \/>\n<meta name=\"twitter:creator\" content=\"@contactfm72\" \/>\n<meta name=\"twitter:site\" content=\"@contactfm72\" \/>\n<meta name=\"twitter:label1\" content=\"\u00c9crit par\" \/>\n\t<meta name=\"twitter:data1\" content=\"Val\u00e9rie C.\" \/>\n<script type=\"application\/ld+json\" class=\"yoast-schema-graph\">{\"@context\":\"https:\\\/\\\/schema.org\",\"@graph\":[{\"@type\":\"Article\",\"@id\":\"https:\\\/\\\/contactfm72.fr\\\/?p=8837#article\",\"isPartOf\":{\"@id\":\"https:\\\/\\\/contactfm72.fr\\\/?p=8837\"},\"author\":{\"name\":\"Val\u00e9rie C.\",\"@id\":\"https:\\\/\\\/contactfm72.fr\\\/#\\\/schema\\\/person\\\/9fdc9d1c2eb029354a4f1535b90ba82d\"},\"headline\":\"Les Sarthois au salon de l&#8217;agriculture, th\u00e8me du magazine &#8220;All\u00f4 ici la terre&#8221;\",\"datePublished\":\"2022-02-25T06:39:08+00:00\",\"mainEntityOfPage\":{\"@id\":\"https:\\\/\\\/contactfm72.fr\\\/?p=8837\"},\"wordCount\":112,\"publisher\":{\"@id\":\"https:\\\/\\\/contactfm72.fr\\\/#organization\"},\"image\":{\"@id\":\"https:\\\/\\\/contactfm72.fr\\\/?p=8837#primaryimage\"},\"thumbnailUrl\":\"https:\\\/\\\/contactfm72.fr\\\/wp-content\\\/uploads\\\/2022\\\/02\\\/MjAyMTA2ZjJjMDViNTYwMjVkOTA1OGFhOTdhZTIzMjA0OTA0YzY.jpg\",\"articleSection\":[\"Allo ici la terre\",\"Contact FM 72\"],\"inLanguage\":\"fr-FR\"},{\"@type\":\"WebPage\",\"@id\":\"https:\\\/\\\/contactfm72.fr\\\/?p=8837\",\"url\":\"https:\\\/\\\/contactfm72.fr\\\/?p=8837\",\"name\":\"Les Sarthois au salon de l'agriculture, th\u00e8me du magazine \\\"All\u00f4 ici la terre\\\" - Contact FM 99.3\",\"isPartOf\":{\"@id\":\"https:\\\/\\\/contactfm72.fr\\\/#website\"},\"primaryImageOfPage\":{\"@id\":\"https:\\\/\\\/contactfm72.fr\\\/?p=8837#primaryimage\"},\"image\":{\"@id\":\"https:\\\/\\\/contactfm72.fr\\\/?p=8837#primaryimage\"},\"thumbnailUrl\":\"https:\\\/\\\/contactfm72.fr\\\/wp-content\\\/uploads\\\/2022\\\/02\\\/MjAyMTA2ZjJjMDViNTYwMjVkOTA1OGFhOTdhZTIzMjA0OTA0YzY.jpg\",\"datePublished\":\"2022-02-25T06:39:08+00:00\",\"breadcrumb\":{\"@id\":\"https:\\\/\\\/contactfm72.fr\\\/?p=8837#breadcrumb\"},\"inLanguage\":\"fr-FR\",\"potentialAction\":[{\"@type\":\"ReadAction\",\"target\":[\"https:\\\/\\\/contactfm72.fr\\\/?p=8837\"]}]},{\"@type\":\"ImageObject\",\"inLanguage\":\"fr-FR\",\"@id\":\"https:\\\/\\\/contactfm72.fr\\\/?p=8837#primaryimage\",\"url\":\"https:\\\/\\\/contactfm72.fr\\\/wp-content\\\/uploads\\\/2022\\\/02\\\/MjAyMTA2ZjJjMDViNTYwMjVkOTA1OGFhOTdhZTIzMjA0OTA0YzY.jpg\",\"contentUrl\":\"https:\\\/\\\/contactfm72.fr\\\/wp-content\\\/uploads\\\/2022\\\/02\\\/MjAyMTA2ZjJjMDViNTYwMjVkOTA1OGFhOTdhZTIzMjA0OTA0YzY.jpg\",\"width\":1260,\"height\":899,\"caption\":\"PHOTOPQR_YVON LOUE_LE MAINE LIBRE\\u2028ROUYILLON_LE 28 JUIN 2021 ELECTION DU NOUVEAU PRESIDENT DE LA CHAMBRE D AGRICULTURE AGRICULTEURS_CHAMBRE D AGRICULTURE OLIVIER LEBERT LE NOUVEAU PRESIDENT DE LA CHAMBRE D AGRICULTURE\"},{\"@type\":\"BreadcrumbList\",\"@id\":\"https:\\\/\\\/contactfm72.fr\\\/?p=8837#breadcrumb\",\"itemListElement\":[{\"@type\":\"ListItem\",\"position\":1,\"name\":\"Accueil\",\"item\":\"https:\\\/\\\/contactfm72.fr\\\/\"},{\"@type\":\"ListItem\",\"position\":2,\"name\":\"Les Sarthois au salon de l&#8217;agriculture, th\u00e8me du magazine &#8220;All\u00f4 ici la terre&#8221;\"}]},{\"@type\":\"WebSite\",\"@id\":\"https:\\\/\\\/contactfm72.fr\\\/#website\",\"url\":\"https:\\\/\\\/contactfm72.fr\\\/\",\"name\":\"Contact FM 99.3\",\"description\":\"Votre radio en vall\u00e9e du Loir\",\"publisher\":{\"@id\":\"https:\\\/\\\/contactfm72.fr\\\/#organization\"},\"potentialAction\":[{\"@type\":\"SearchAction\",\"target\":{\"@type\":\"EntryPoint\",\"urlTemplate\":\"https:\\\/\\\/contactfm72.fr\\\/?s={search_term_string}\"},\"query-input\":{\"@type\":\"PropertyValueSpecification\",\"valueRequired\":true,\"valueName\":\"search_term_string\"}}],\"inLanguage\":\"fr-FR\"},{\"@type\":\"Organization\",\"@id\":\"https:\\\/\\\/contactfm72.fr\\\/#organization\",\"name\":\"Contact FM 99.3\",\"url\":\"https:\\\/\\\/contactfm72.fr\\\/\",\"logo\":{\"@type\":\"ImageObject\",\"inLanguage\":\"fr-FR\",\"@id\":\"https:\\\/\\\/contactfm72.fr\\\/#\\\/schema\\\/logo\\\/image\\\/\",\"url\":\"https:\\\/\\\/contactfm72.fr\\\/wp-content\\\/uploads\\\/2025\\\/04\\\/2025-04-18-2.jpg\",\"contentUrl\":\"https:\\\/\\\/contactfm72.fr\\\/wp-content\\\/uploads\\\/2025\\\/04\\\/2025-04-18-2.jpg\",\"width\":680,\"height\":307,\"caption\":\"Contact FM 99.3\"},\"image\":{\"@id\":\"https:\\\/\\\/contactfm72.fr\\\/#\\\/schema\\\/logo\\\/image\\\/\"},\"sameAs\":[\"https:\\\/\\\/www.facebook.com\\\/Contactfm.Chateauduloir\",\"https:\\\/\\\/x.com\\\/contactfm72\",\"https:\\\/\\\/www.instagram.com\\\/contact.fm.72?igsh=cGhlMHQ5N2JlNnpp\",\"https:\\\/\\\/www.tiktok.com\\\/@contact.fm\"]},{\"@type\":\"Person\",\"@id\":\"https:\\\/\\\/contactfm72.fr\\\/#\\\/schema\\\/person\\\/9fdc9d1c2eb029354a4f1535b90ba82d\",\"name\":\"Val\u00e9rie C.\",\"image\":{\"@type\":\"ImageObject\",\"inLanguage\":\"fr-FR\",\"@id\":\"https:\\\/\\\/secure.gravatar.com\\\/avatar\\\/2f8aa28f8dfbd7d4420afd1fdcdd0a349923e2c8a38ab28198b0f9d0601e4737?s=96&d=mm&r=g\",\"url\":\"https:\\\/\\\/secure.gravatar.com\\\/avatar\\\/2f8aa28f8dfbd7d4420afd1fdcdd0a349923e2c8a38ab28198b0f9d0601e4737?s=96&d=mm&r=g\",\"contentUrl\":\"https:\\\/\\\/secure.gravatar.com\\\/avatar\\\/2f8aa28f8dfbd7d4420afd1fdcdd0a349923e2c8a38ab28198b0f9d0601e4737?s=96&d=mm&r=g\",\"caption\":\"Val\u00e9rie C.\"},\"url\":\"https:\\\/\\\/contactfm72.fr\\\/?author=4\"}]}<\/script>\n<!-- \/ Yoast SEO plugin. -->","yoast_head_json":{"title":"Les Sarthois au salon de l'agriculture, th\u00e8me du magazine \"All\u00f4 ici la terre\" - Contact FM 99.3","robots":{"index":"index","follow":"follow","max-snippet":"max-snippet:-1","max-image-preview":"max-image-preview:large","max-video-preview":"max-video-preview:-1"},"canonical":"https:\/\/contactfm72.fr\/?p=8837","og_locale":"fr_FR","og_type":"article","og_title":"Les Sarthois au salon de l'agriculture, th\u00e8me du magazine \"All\u00f4 ici la terre\" - Contact FM 99.3","og_description":"Le Salon international de l&#8217;agriculture se tiendra du samedi 26 f\u00e9vrier au dimanche 6 mars \u00e0 la Porte de Versailles \u00e0 Paris. Comme chaque ann\u00e9e, la Sarthe sera bien repr\u00e9sent\u00e9e. Olivier Lebert, pr\u00e9sident de la Chambre d&#8217;agriculture de la Sarthe, parle de ces Sarthois fid\u00e8les au salon. Retrouvez \u00e9galement la chronique du Syndicat mixte du&hellip;","og_url":"https:\/\/contactfm72.fr\/?p=8837","og_site_name":"Contact FM 99.3","article_publisher":"https:\/\/www.facebook.com\/Contactfm.Chateauduloir","article_published_time":"2022-02-25T06:39:08+00:00","og_image":[{"width":1260,"height":899,"url":"https:\/\/contactfm72.fr\/wp-content\/uploads\/2022\/02\/MjAyMTA2ZjJjMDViNTYwMjVkOTA1OGFhOTdhZTIzMjA0OTA0YzY.jpg","type":"image\/jpeg"}],"author":"Val\u00e9rie C.","twitter_card":"summary_large_image","twitter_creator":"@contactfm72","twitter_site":"@contactfm72","twitter_misc":{"\u00c9crit par":"Val\u00e9rie C."},"schema":{"@context":"https:\/\/schema.org","@graph":[{"@type":"Article","@id":"https:\/\/contactfm72.fr\/?p=8837#article","isPartOf":{"@id":"https:\/\/contactfm72.fr\/?p=8837"},"author":{"name":"Val\u00e9rie C.","@id":"https:\/\/contactfm72.fr\/#\/schema\/person\/9fdc9d1c2eb029354a4f1535b90ba82d"},"headline":"Les Sarthois au salon de l&#8217;agriculture, th\u00e8me du magazine &#8220;All\u00f4 ici la terre&#8221;","datePublished":"2022-02-25T06:39:08+00:00","mainEntityOfPage":{"@id":"https:\/\/contactfm72.fr\/?p=8837"},"wordCount":112,"publisher":{"@id":"https:\/\/contactfm72.fr\/#organization"},"image":{"@id":"https:\/\/contactfm72.fr\/?p=8837#primaryimage"},"thumbnailUrl":"https:\/\/contactfm72.fr\/wp-content\/uploads\/2022\/02\/MjAyMTA2ZjJjMDViNTYwMjVkOTA1OGFhOTdhZTIzMjA0OTA0YzY.jpg","articleSection":["Allo ici la terre","Contact FM 72"],"inLanguage":"fr-FR"},{"@type":"WebPage","@id":"https:\/\/contactfm72.fr\/?p=8837","url":"https:\/\/contactfm72.fr\/?p=8837","name":"Les Sarthois au salon de l'agriculture, th\u00e8me du magazine \"All\u00f4 ici la terre\" - Contact FM 99.3","isPartOf":{"@id":"https:\/\/contactfm72.fr\/#website"},"primaryImageOfPage":{"@id":"https:\/\/contactfm72.fr\/?p=8837#primaryimage"},"image":{"@id":"https:\/\/contactfm72.fr\/?p=8837#primaryimage"},"thumbnailUrl":"https:\/\/contactfm72.fr\/wp-content\/uploads\/2022\/02\/MjAyMTA2ZjJjMDViNTYwMjVkOTA1OGFhOTdhZTIzMjA0OTA0YzY.jpg","datePublished":"2022-02-25T06:39:08+00:00","breadcrumb":{"@id":"https:\/\/contactfm72.fr\/?p=8837#breadcrumb"},"inLanguage":"fr-FR","potentialAction":[{"@type":"ReadAction","target":["https:\/\/contactfm72.fr\/?p=8837"]}]},{"@type":"ImageObject","inLanguage":"fr-FR","@id":"https:\/\/contactfm72.fr\/?p=8837#primaryimage","url":"https:\/\/contactfm72.fr\/wp-content\/uploads\/2022\/02\/MjAyMTA2ZjJjMDViNTYwMjVkOTA1OGFhOTdhZTIzMjA0OTA0YzY.jpg","contentUrl":"https:\/\/contactfm72.fr\/wp-content\/uploads\/2022\/02\/MjAyMTA2ZjJjMDViNTYwMjVkOTA1OGFhOTdhZTIzMjA0OTA0YzY.jpg","width":1260,"height":899,"caption":"PHOTOPQR_YVON LOUE_LE MAINE LIBRE\u2028ROUYILLON_LE 28 JUIN 2021 ELECTION DU NOUVEAU PRESIDENT DE LA CHAMBRE D AGRICULTURE AGRICULTEURS_CHAMBRE D AGRICULTURE OLIVIER LEBERT LE NOUVEAU PRESIDENT DE LA CHAMBRE D AGRICULTURE"},{"@type":"BreadcrumbList","@id":"https:\/\/contactfm72.fr\/?p=8837#breadcrumb","itemListElement":[{"@type":"ListItem","position":1,"name":"Accueil","item":"https:\/\/contactfm72.fr\/"},{"@type":"ListItem","position":2,"name":"Les Sarthois au salon de l&#8217;agriculture, th\u00e8me du magazine &#8220;All\u00f4 ici la terre&#8221;"}]},{"@type":"WebSite","@id":"https:\/\/contactfm72.fr\/#website","url":"https:\/\/contactfm72.fr\/","name":"Contact FM 99.3","description":"Votre radio en vall\u00e9e du Loir","publisher":{"@id":"https:\/\/contactfm72.fr\/#organization"},"potentialAction":[{"@type":"SearchAction","target":{"@type":"EntryPoint","urlTemplate":"https:\/\/contactfm72.fr\/?s={search_term_string}"},"query-input":{"@type":"PropertyValueSpecification","valueRequired":true,"valueName":"search_term_string"}}],"inLanguage":"fr-FR"},{"@type":"Organization","@id":"https:\/\/contactfm72.fr\/#organization","name":"Contact FM 99.3","url":"https:\/\/contactfm72.fr\/","logo":{"@type":"ImageObject","inLanguage":"fr-FR","@id":"https:\/\/contactfm72.fr\/#\/schema\/logo\/image\/","url":"https:\/\/contactfm72.fr\/wp-content\/uploads\/2025\/04\/2025-04-18-2.jpg","contentUrl":"https:\/\/contactfm72.fr\/wp-content\/uploads\/2025\/04\/2025-04-18-2.jpg","width":680,"height":307,"caption":"Contact FM 99.3"},"image":{"@id":"https:\/\/contactfm72.fr\/#\/schema\/logo\/image\/"},"sameAs":["https:\/\/www.facebook.com\/Contactfm.Chateauduloir","https:\/\/x.com\/contactfm72","https:\/\/www.instagram.com\/contact.fm.72?igsh=cGhlMHQ5N2JlNnpp","https:\/\/www.tiktok.com\/@contact.fm"]},{"@type":"Person","@id":"https:\/\/contactfm72.fr\/#\/schema\/person\/9fdc9d1c2eb029354a4f1535b90ba82d","name":"Val\u00e9rie C.","image":{"@type":"ImageObject","inLanguage":"fr-FR","@id":"https:\/\/secure.gravatar.com\/avatar\/2f8aa28f8dfbd7d4420afd1fdcdd0a349923e2c8a38ab28198b0f9d0601e4737?s=96&d=mm&r=g","url":"https:\/\/secure.gravatar.com\/avatar\/2f8aa28f8dfbd7d4420afd1fdcdd0a349923e2c8a38ab28198b0f9d0601e4737?s=96&d=mm&r=g","contentUrl":"https:\/\/secure.gravatar.com\/avatar\/2f8aa28f8dfbd7d4420afd1fdcdd0a349923e2c8a38ab28198b0f9d0601e4737?s=96&d=mm&r=g","caption":"Val\u00e9rie C."},"url":"https:\/\/contactfm72.fr\/?author=4"}]}},"_links":{"self":[{"href":"https:\/\/contactfm72.fr\/index.php?rest_route=\/wp\/v2\/posts\/8837","targetHints":{"allow":["GET"]}}],"collection":[{"href":"https:\/\/contactfm72.fr\/index.php?rest_route=\/wp\/v2\/posts"}],"about":[{"href":"https:\/\/contactfm72.fr\/index.php?rest_route=\/wp\/v2\/types\/post"}],"author":[{"embeddable":true,"href":"https:\/\/contactfm72.fr\/index.php?rest_route=\/wp\/v2\/users\/4"}],"replies":[{"embeddable":true,"href":"https:\/\/contactfm72.fr\/index.php?rest_route=%2Fwp%2Fv2%2Fcomments&post=8837"}],"version-history":[{"count":4,"href":"https:\/\/contactfm72.fr\/index.php?rest_route=\/wp\/v2\/posts\/8837\/revisions"}],"predecessor-version":[{"id":8842,"href":"https:\/\/contactfm72.fr\/index.php?rest_route=\/wp\/v2\/posts\/8837\/revisions\/8842"}],"wp:featuredmedia":[{"embeddable":true,"href":"https:\/\/contactfm72.fr\/index.php?rest_route=\/wp\/v2\/media\/8838"}],"wp:attachment":[{"href":"https:\/\/contactfm72.fr\/index.php?rest_route=%2Fwp%2Fv2%2Fmedia&parent=8837"}],"wp:term":[{"taxonomy":"category","embeddable":true,"href":"https:\/\/contactfm72.fr\/index.php?rest_route=%2Fwp%2Fv2%2Fcategories&post=8837"},{"taxonomy":"post_tag","embeddable":true,"href":"https:\/\/contactfm72.fr\/index.php?rest_route=%2Fwp%2Fv2%2Ftags&post=8837"}],"curies":[{"name":"wp","href":"https:\/\/api.w.org\/{rel}","templated":true}]}}