{"id":8786,"date":"2022-02-23T17:30:51","date_gmt":"2022-02-23T16:30:51","guid":{"rendered":"http:\/\/contactfm72.fr\/?p=8786"},"modified":"2022-02-22T15:36:39","modified_gmt":"2022-02-22T14:36:39","slug":"le-mans-le-cfa-btp-ouvre-ses-portes","status":"publish","type":"post","link":"https:\/\/contactfm72.fr\/?p=8786","title":{"rendered":"Le Mans. Le CFA BTP ouvre ses portes"},"content":{"rendered":"<h2>Le samedi 26 f\u00e9vrier, le centre de formation des m\u00e9tiers du b\u00e2timent bas\u00e9 au Mans ouvre ses portes de 9h \u00e0 17h.<\/h2>\n<p>&nbsp;<\/p>\n<p><strong>BTP CFA Sarthe<\/strong>, centre de formation des m\u00e9tiers du b\u00e2timent bas\u00e9 au <strong>Mans<\/strong>, ouvre ses portes au public le <strong>samedi 26 f\u00e9vrier de 9h \u00e0 17h<\/strong>. Le centre de formation accueille ses futurs apprentis, chefs d\u2019entreprise, salari\u00e9s et demandeurs d\u2019emploi pour d\u00e9couvrir et visiter le CFA et rencontrer les apprentis actuels et les \u00e9quipes p\u00e9dagogiques.<\/p>\n<p>&nbsp;<\/p>\n<h3>28 formations<\/h3>\n<p>BTP CFA Sarthe est un centre de formation sp\u00e9cialis\u00e9 dans les m\u00e9tiers du b\u00e2timent. Le CFA BTP propose <strong>28 formations du CAP au BAC+2<\/strong> dans 6 fili\u00e8res\u00a0: bois, \u00e9quipement, finition, gros \u0153uvre, m\u00e9tal, couverture.<\/p>\n<p>Le BTP CFA Sarthe base ses actions p\u00e9dagogiques sur une alternance entre la <strong>formation<\/strong> dispens\u00e9e au sein de l\u2019\u00e9tablissement et <strong>l\u2019apprentissage<\/strong> r\u00e9alis\u00e9 chez pr\u00e8s de <strong>500 professionnels.<\/strong> \u00ab\u00a0Fort de ses 87% de r\u00e9ussite toutes fili\u00e8res confondues et de 85% de taux d\u2019insertion, BTP CFA Sarthe s\u2019affirme comme un p\u00f4le d\u2019excellence formant 830 apprenants en formation initiale ou en formation continue\u00a0\u00bb font ils savoir dans un communiqu\u00e9.<\/p>\n<p>&nbsp;<\/p>\n<h3>Un secteur qui recrute<\/h3>\n<p>Le secteur du b\u00e2timent et des travaux publics repr\u00e9sente <strong>20% de l\u2019apprentissage en France<\/strong>. En 2020-2021, pas moins de 83 000 apprentis ont \u00e9t\u00e9 form\u00e9s, soit 7% de plus que sur la p\u00e9riode pr\u00e9c\u00e9dente.<\/p>\n<blockquote><p>\u00ab\u00a0On estime \u00e0 150 000 les besoins en recrutement d\u2019ici 2023, une tendance qui s\u2019explique notamment gr\u00e2ce \u00e0 la forte \u00e9volution technologique et technique li\u00e9e au secteur de la construction en pleine expansion. \u00c0 cela, s\u2019ajoutent les objectifs de sobri\u00e9t\u00e9 \u00e9nerg\u00e9tique et la hausse de la demande concernant les travaux de r\u00e9novation\u00a0\u00bb.<\/p><\/blockquote>\n<p>Depuis septembre 2019, BTP CFA Sarthe a \u00e9tendu son offre en formation continue aupr\u00e8s des salari\u00e9s d\u2019entreprise et des demandeurs d\u2019emploi afin de les accompagner dans le cadre d\u2019une reconversion professionnelle ou du d\u00e9veloppement de comp\u00e9tences.<\/p>\n<p>&nbsp;<\/p>\n<h3>Quelques chiffres<\/h3>\n<p>Pr\u00e8s de <strong>830 apprenant(e)s<\/strong> sont accueilli(e)s chaque ann\u00e9e en formation ; plus de 900 heures de formation sur deux ans sont dispens\u00e9es pour chaque jeune dans notre centre ; 60 collaborateurs animent le centre et les formations dispens\u00e9es ; 28 formations dans 6 fili\u00e8res d\u2019avenir.<\/p>\n<p>&nbsp;<\/p>\n<p>A savoir : \u00c9v\u00e9nement accessible sous inscription <a href=\"https:\/\/www.billetweb.fr\/journees-portes-ouvertes2\">https:\/\/www.billetweb.fr\/journees-portes-ouvertes2<\/a> . Rendez vous sur <a href=\"http:\/\/www.btpcfa72.com\">www.btpcfa72.com<\/a>. Les candidats \u00e0 l\u2019apprentissage pourront \u00e9galement profiter des portes ouvertes pour s\u2019inscrire aux <strong>mini-stages \u00ab Tremplin M\u00e9tiers \u00bb<\/strong>. Pr\u00e9vues sur une journ\u00e9e, ces initiations en atelier permettent de d\u00e9couvrir une fili\u00e8re choisie en appr\u00e9hendant les premiers gestes professionnels.<\/p>\n<h5>\n<p>Portes ouvertes: samedi 26 f\u00e9vrier de 9h \u00e0 17h. 15 Rue du Ribay, 72000 Le Mans. T\u00e9l\u00e9phone : 02 43 39 92 92.<\/h5>\n<!-- AddThis Advanced Settings generic via filter on the_content --><!-- AddThis Share Buttons generic via filter on the_content -->","protected":false},"excerpt":{"rendered":"<p>Le samedi 26 f\u00e9vrier, le centre de formation des m\u00e9tiers du b\u00e2timent bas\u00e9 au Mans ouvre ses portes de 9h \u00e0 17h. &nbsp; BTP CFA Sarthe, centre de formation des m\u00e9tiers du b\u00e2timent bas\u00e9 au Mans, ouvre ses portes au public le samedi 26 f\u00e9vrier de 9h \u00e0 17h. Le centre de formation accueille ses&hellip;<!-- AddThis Advanced Settings generic via filter on get_the_excerpt --><!-- AddThis Share Buttons generic via filter on get_the_excerpt --><\/p>\n","protected":false},"author":4,"featured_media":8787,"comment_status":"closed","ping_status":"open","sticky":false,"template":"","format":"standard","meta":{"footnotes":""},"categories":[1],"tags":[],"class_list":["post-8786","post","type-post","status-publish","format-standard","has-post-thumbnail","hentry","category-contact-fm-72","category-1","description-off"],"yoast_head":"<!-- This site is optimized with the Yoast SEO plugin v27.4 - https:\/\/yoast.com\/product\/yoast-seo-wordpress\/ -->\n<title>Le Mans. Le CFA BTP ouvre ses portes - Contact FM 99.3<\/title>\n<meta name=\"robots\" content=\"index, follow, max-snippet:-1, max-image-preview:large, max-video-preview:-1\" \/>\n<link rel=\"canonical\" href=\"https:\/\/contactfm72.fr\/?p=8786\" \/>\n<meta property=\"og:locale\" content=\"fr_FR\" \/>\n<meta property=\"og:type\" content=\"article\" \/>\n<meta property=\"og:title\" content=\"Le Mans. Le CFA BTP ouvre ses portes - Contact FM 99.3\" \/>\n<meta property=\"og:description\" content=\"Le samedi 26 f\u00e9vrier, le centre de formation des m\u00e9tiers du b\u00e2timent bas\u00e9 au Mans ouvre ses portes de 9h \u00e0 17h. &nbsp; BTP CFA Sarthe, centre de formation des m\u00e9tiers du b\u00e2timent bas\u00e9 au Mans, ouvre ses portes au public le samedi 26 f\u00e9vrier de 9h \u00e0 17h. Le centre de formation accueille ses&hellip;\" \/>\n<meta property=\"og:url\" content=\"https:\/\/contactfm72.fr\/?p=8786\" \/>\n<meta property=\"og:site_name\" content=\"Contact FM 99.3\" \/>\n<meta property=\"article:publisher\" content=\"https:\/\/www.facebook.com\/Contactfm.Chateauduloir\" \/>\n<meta property=\"article:published_time\" content=\"2022-02-23T16:30:51+00:00\" \/>\n<meta property=\"og:image\" content=\"https:\/\/contactfm72.fr\/wp-content\/uploads\/2022\/02\/CFA-portes-ouvertes.jpg\" \/>\n\t<meta property=\"og:image:width\" content=\"1137\" \/>\n\t<meta property=\"og:image:height\" content=\"721\" \/>\n\t<meta property=\"og:image:type\" content=\"image\/jpeg\" \/>\n<meta name=\"author\" content=\"Val\u00e9rie C.\" \/>\n<meta name=\"twitter:card\" content=\"summary_large_image\" \/>\n<meta name=\"twitter:creator\" content=\"@contactfm72\" \/>\n<meta name=\"twitter:site\" content=\"@contactfm72\" \/>\n<meta name=\"twitter:label1\" content=\"\u00c9crit par\" \/>\n\t<meta name=\"twitter:data1\" content=\"Val\u00e9rie C.\" \/>\n\t<meta name=\"twitter:label2\" content=\"Dur\u00e9e de lecture estim\u00e9e\" \/>\n\t<meta name=\"twitter:data2\" content=\"2 minutes\" \/>\n<script type=\"application\/ld+json\" class=\"yoast-schema-graph\">{\"@context\":\"https:\\\/\\\/schema.org\",\"@graph\":[{\"@type\":\"Article\",\"@id\":\"https:\\\/\\\/contactfm72.fr\\\/?p=8786#article\",\"isPartOf\":{\"@id\":\"https:\\\/\\\/contactfm72.fr\\\/?p=8786\"},\"author\":{\"name\":\"Val\u00e9rie C.\",\"@id\":\"https:\\\/\\\/contactfm72.fr\\\/#\\\/schema\\\/person\\\/9fdc9d1c2eb029354a4f1535b90ba82d\"},\"headline\":\"Le Mans. Le CFA BTP ouvre ses portes\",\"datePublished\":\"2022-02-23T16:30:51+00:00\",\"mainEntityOfPage\":{\"@id\":\"https:\\\/\\\/contactfm72.fr\\\/?p=8786\"},\"wordCount\":472,\"publisher\":{\"@id\":\"https:\\\/\\\/contactfm72.fr\\\/#organization\"},\"image\":{\"@id\":\"https:\\\/\\\/contactfm72.fr\\\/?p=8786#primaryimage\"},\"thumbnailUrl\":\"https:\\\/\\\/contactfm72.fr\\\/wp-content\\\/uploads\\\/2022\\\/02\\\/CFA-portes-ouvertes.jpg\",\"articleSection\":[\"Contact FM 72\"],\"inLanguage\":\"fr-FR\"},{\"@type\":\"WebPage\",\"@id\":\"https:\\\/\\\/contactfm72.fr\\\/?p=8786\",\"url\":\"https:\\\/\\\/contactfm72.fr\\\/?p=8786\",\"name\":\"Le Mans. Le CFA BTP ouvre ses portes - Contact FM 99.3\",\"isPartOf\":{\"@id\":\"https:\\\/\\\/contactfm72.fr\\\/#website\"},\"primaryImageOfPage\":{\"@id\":\"https:\\\/\\\/contactfm72.fr\\\/?p=8786#primaryimage\"},\"image\":{\"@id\":\"https:\\\/\\\/contactfm72.fr\\\/?p=8786#primaryimage\"},\"thumbnailUrl\":\"https:\\\/\\\/contactfm72.fr\\\/wp-content\\\/uploads\\\/2022\\\/02\\\/CFA-portes-ouvertes.jpg\",\"datePublished\":\"2022-02-23T16:30:51+00:00\",\"breadcrumb\":{\"@id\":\"https:\\\/\\\/contactfm72.fr\\\/?p=8786#breadcrumb\"},\"inLanguage\":\"fr-FR\",\"potentialAction\":[{\"@type\":\"ReadAction\",\"target\":[\"https:\\\/\\\/contactfm72.fr\\\/?p=8786\"]}]},{\"@type\":\"ImageObject\",\"inLanguage\":\"fr-FR\",\"@id\":\"https:\\\/\\\/contactfm72.fr\\\/?p=8786#primaryimage\",\"url\":\"https:\\\/\\\/contactfm72.fr\\\/wp-content\\\/uploads\\\/2022\\\/02\\\/CFA-portes-ouvertes.jpg\",\"contentUrl\":\"https:\\\/\\\/contactfm72.fr\\\/wp-content\\\/uploads\\\/2022\\\/02\\\/CFA-portes-ouvertes.jpg\",\"width\":1137,\"height\":721,\"caption\":\"Pour ses portes ouvertes, le CFA a donn\u00e9 un second rendez-vous, le samedi 30 avril de 8h30 \u00e0 12h30.\"},{\"@type\":\"BreadcrumbList\",\"@id\":\"https:\\\/\\\/contactfm72.fr\\\/?p=8786#breadcrumb\",\"itemListElement\":[{\"@type\":\"ListItem\",\"position\":1,\"name\":\"Accueil\",\"item\":\"https:\\\/\\\/contactfm72.fr\\\/\"},{\"@type\":\"ListItem\",\"position\":2,\"name\":\"Le Mans. Le CFA BTP ouvre ses portes\"}]},{\"@type\":\"WebSite\",\"@id\":\"https:\\\/\\\/contactfm72.fr\\\/#website\",\"url\":\"https:\\\/\\\/contactfm72.fr\\\/\",\"name\":\"Contact FM 99.3\",\"description\":\"Votre radio en vall\u00e9e du Loir\",\"publisher\":{\"@id\":\"https:\\\/\\\/contactfm72.fr\\\/#organization\"},\"potentialAction\":[{\"@type\":\"SearchAction\",\"target\":{\"@type\":\"EntryPoint\",\"urlTemplate\":\"https:\\\/\\\/contactfm72.fr\\\/?s={search_term_string}\"},\"query-input\":{\"@type\":\"PropertyValueSpecification\",\"valueRequired\":true,\"valueName\":\"search_term_string\"}}],\"inLanguage\":\"fr-FR\"},{\"@type\":\"Organization\",\"@id\":\"https:\\\/\\\/contactfm72.fr\\\/#organization\",\"name\":\"Contact FM 99.3\",\"url\":\"https:\\\/\\\/contactfm72.fr\\\/\",\"logo\":{\"@type\":\"ImageObject\",\"inLanguage\":\"fr-FR\",\"@id\":\"https:\\\/\\\/contactfm72.fr\\\/#\\\/schema\\\/logo\\\/image\\\/\",\"url\":\"https:\\\/\\\/contactfm72.fr\\\/wp-content\\\/uploads\\\/2025\\\/04\\\/2025-04-18-2.jpg\",\"contentUrl\":\"https:\\\/\\\/contactfm72.fr\\\/wp-content\\\/uploads\\\/2025\\\/04\\\/2025-04-18-2.jpg\",\"width\":680,\"height\":307,\"caption\":\"Contact FM 99.3\"},\"image\":{\"@id\":\"https:\\\/\\\/contactfm72.fr\\\/#\\\/schema\\\/logo\\\/image\\\/\"},\"sameAs\":[\"https:\\\/\\\/www.facebook.com\\\/Contactfm.Chateauduloir\",\"https:\\\/\\\/x.com\\\/contactfm72\",\"https:\\\/\\\/www.instagram.com\\\/contact.fm.72?igsh=cGhlMHQ5N2JlNnpp\",\"https:\\\/\\\/www.tiktok.com\\\/@contact.fm\"]},{\"@type\":\"Person\",\"@id\":\"https:\\\/\\\/contactfm72.fr\\\/#\\\/schema\\\/person\\\/9fdc9d1c2eb029354a4f1535b90ba82d\",\"name\":\"Val\u00e9rie C.\",\"image\":{\"@type\":\"ImageObject\",\"inLanguage\":\"fr-FR\",\"@id\":\"https:\\\/\\\/secure.gravatar.com\\\/avatar\\\/2f8aa28f8dfbd7d4420afd1fdcdd0a349923e2c8a38ab28198b0f9d0601e4737?s=96&d=mm&r=g\",\"url\":\"https:\\\/\\\/secure.gravatar.com\\\/avatar\\\/2f8aa28f8dfbd7d4420afd1fdcdd0a349923e2c8a38ab28198b0f9d0601e4737?s=96&d=mm&r=g\",\"contentUrl\":\"https:\\\/\\\/secure.gravatar.com\\\/avatar\\\/2f8aa28f8dfbd7d4420afd1fdcdd0a349923e2c8a38ab28198b0f9d0601e4737?s=96&d=mm&r=g\",\"caption\":\"Val\u00e9rie C.\"},\"url\":\"https:\\\/\\\/contactfm72.fr\\\/?author=4\"}]}<\/script>\n<!-- \/ Yoast SEO plugin. -->","yoast_head_json":{"title":"Le Mans. Le CFA BTP ouvre ses portes - Contact FM 99.3","robots":{"index":"index","follow":"follow","max-snippet":"max-snippet:-1","max-image-preview":"max-image-preview:large","max-video-preview":"max-video-preview:-1"},"canonical":"https:\/\/contactfm72.fr\/?p=8786","og_locale":"fr_FR","og_type":"article","og_title":"Le Mans. Le CFA BTP ouvre ses portes - Contact FM 99.3","og_description":"Le samedi 26 f\u00e9vrier, le centre de formation des m\u00e9tiers du b\u00e2timent bas\u00e9 au Mans ouvre ses portes de 9h \u00e0 17h. &nbsp; BTP CFA Sarthe, centre de formation des m\u00e9tiers du b\u00e2timent bas\u00e9 au Mans, ouvre ses portes au public le samedi 26 f\u00e9vrier de 9h \u00e0 17h. Le centre de formation accueille ses&hellip;","og_url":"https:\/\/contactfm72.fr\/?p=8786","og_site_name":"Contact FM 99.3","article_publisher":"https:\/\/www.facebook.com\/Contactfm.Chateauduloir","article_published_time":"2022-02-23T16:30:51+00:00","og_image":[{"width":1137,"height":721,"url":"https:\/\/contactfm72.fr\/wp-content\/uploads\/2022\/02\/CFA-portes-ouvertes.jpg","type":"image\/jpeg"}],"author":"Val\u00e9rie C.","twitter_card":"summary_large_image","twitter_creator":"@contactfm72","twitter_site":"@contactfm72","twitter_misc":{"\u00c9crit par":"Val\u00e9rie C.","Dur\u00e9e de lecture estim\u00e9e":"2 minutes"},"schema":{"@context":"https:\/\/schema.org","@graph":[{"@type":"Article","@id":"https:\/\/contactfm72.fr\/?p=8786#article","isPartOf":{"@id":"https:\/\/contactfm72.fr\/?p=8786"},"author":{"name":"Val\u00e9rie C.","@id":"https:\/\/contactfm72.fr\/#\/schema\/person\/9fdc9d1c2eb029354a4f1535b90ba82d"},"headline":"Le Mans. Le CFA BTP ouvre ses portes","datePublished":"2022-02-23T16:30:51+00:00","mainEntityOfPage":{"@id":"https:\/\/contactfm72.fr\/?p=8786"},"wordCount":472,"publisher":{"@id":"https:\/\/contactfm72.fr\/#organization"},"image":{"@id":"https:\/\/contactfm72.fr\/?p=8786#primaryimage"},"thumbnailUrl":"https:\/\/contactfm72.fr\/wp-content\/uploads\/2022\/02\/CFA-portes-ouvertes.jpg","articleSection":["Contact FM 72"],"inLanguage":"fr-FR"},{"@type":"WebPage","@id":"https:\/\/contactfm72.fr\/?p=8786","url":"https:\/\/contactfm72.fr\/?p=8786","name":"Le Mans. Le CFA BTP ouvre ses portes - Contact FM 99.3","isPartOf":{"@id":"https:\/\/contactfm72.fr\/#website"},"primaryImageOfPage":{"@id":"https:\/\/contactfm72.fr\/?p=8786#primaryimage"},"image":{"@id":"https:\/\/contactfm72.fr\/?p=8786#primaryimage"},"thumbnailUrl":"https:\/\/contactfm72.fr\/wp-content\/uploads\/2022\/02\/CFA-portes-ouvertes.jpg","datePublished":"2022-02-23T16:30:51+00:00","breadcrumb":{"@id":"https:\/\/contactfm72.fr\/?p=8786#breadcrumb"},"inLanguage":"fr-FR","potentialAction":[{"@type":"ReadAction","target":["https:\/\/contactfm72.fr\/?p=8786"]}]},{"@type":"ImageObject","inLanguage":"fr-FR","@id":"https:\/\/contactfm72.fr\/?p=8786#primaryimage","url":"https:\/\/contactfm72.fr\/wp-content\/uploads\/2022\/02\/CFA-portes-ouvertes.jpg","contentUrl":"https:\/\/contactfm72.fr\/wp-content\/uploads\/2022\/02\/CFA-portes-ouvertes.jpg","width":1137,"height":721,"caption":"Pour ses portes ouvertes, le CFA a donn\u00e9 un second rendez-vous, le samedi 30 avril de 8h30 \u00e0 12h30."},{"@type":"BreadcrumbList","@id":"https:\/\/contactfm72.fr\/?p=8786#breadcrumb","itemListElement":[{"@type":"ListItem","position":1,"name":"Accueil","item":"https:\/\/contactfm72.fr\/"},{"@type":"ListItem","position":2,"name":"Le Mans. Le CFA BTP ouvre ses portes"}]},{"@type":"WebSite","@id":"https:\/\/contactfm72.fr\/#website","url":"https:\/\/contactfm72.fr\/","name":"Contact FM 99.3","description":"Votre radio en vall\u00e9e du Loir","publisher":{"@id":"https:\/\/contactfm72.fr\/#organization"},"potentialAction":[{"@type":"SearchAction","target":{"@type":"EntryPoint","urlTemplate":"https:\/\/contactfm72.fr\/?s={search_term_string}"},"query-input":{"@type":"PropertyValueSpecification","valueRequired":true,"valueName":"search_term_string"}}],"inLanguage":"fr-FR"},{"@type":"Organization","@id":"https:\/\/contactfm72.fr\/#organization","name":"Contact FM 99.3","url":"https:\/\/contactfm72.fr\/","logo":{"@type":"ImageObject","inLanguage":"fr-FR","@id":"https:\/\/contactfm72.fr\/#\/schema\/logo\/image\/","url":"https:\/\/contactfm72.fr\/wp-content\/uploads\/2025\/04\/2025-04-18-2.jpg","contentUrl":"https:\/\/contactfm72.fr\/wp-content\/uploads\/2025\/04\/2025-04-18-2.jpg","width":680,"height":307,"caption":"Contact FM 99.3"},"image":{"@id":"https:\/\/contactfm72.fr\/#\/schema\/logo\/image\/"},"sameAs":["https:\/\/www.facebook.com\/Contactfm.Chateauduloir","https:\/\/x.com\/contactfm72","https:\/\/www.instagram.com\/contact.fm.72?igsh=cGhlMHQ5N2JlNnpp","https:\/\/www.tiktok.com\/@contact.fm"]},{"@type":"Person","@id":"https:\/\/contactfm72.fr\/#\/schema\/person\/9fdc9d1c2eb029354a4f1535b90ba82d","name":"Val\u00e9rie C.","image":{"@type":"ImageObject","inLanguage":"fr-FR","@id":"https:\/\/secure.gravatar.com\/avatar\/2f8aa28f8dfbd7d4420afd1fdcdd0a349923e2c8a38ab28198b0f9d0601e4737?s=96&d=mm&r=g","url":"https:\/\/secure.gravatar.com\/avatar\/2f8aa28f8dfbd7d4420afd1fdcdd0a349923e2c8a38ab28198b0f9d0601e4737?s=96&d=mm&r=g","contentUrl":"https:\/\/secure.gravatar.com\/avatar\/2f8aa28f8dfbd7d4420afd1fdcdd0a349923e2c8a38ab28198b0f9d0601e4737?s=96&d=mm&r=g","caption":"Val\u00e9rie C."},"url":"https:\/\/contactfm72.fr\/?author=4"}]}},"_links":{"self":[{"href":"https:\/\/contactfm72.fr\/index.php?rest_route=\/wp\/v2\/posts\/8786","targetHints":{"allow":["GET"]}}],"collection":[{"href":"https:\/\/contactfm72.fr\/index.php?rest_route=\/wp\/v2\/posts"}],"about":[{"href":"https:\/\/contactfm72.fr\/index.php?rest_route=\/wp\/v2\/types\/post"}],"author":[{"embeddable":true,"href":"https:\/\/contactfm72.fr\/index.php?rest_route=\/wp\/v2\/users\/4"}],"replies":[{"embeddable":true,"href":"https:\/\/contactfm72.fr\/index.php?rest_route=%2Fwp%2Fv2%2Fcomments&post=8786"}],"version-history":[{"count":2,"href":"https:\/\/contactfm72.fr\/index.php?rest_route=\/wp\/v2\/posts\/8786\/revisions"}],"predecessor-version":[{"id":8789,"href":"https:\/\/contactfm72.fr\/index.php?rest_route=\/wp\/v2\/posts\/8786\/revisions\/8789"}],"wp:featuredmedia":[{"embeddable":true,"href":"https:\/\/contactfm72.fr\/index.php?rest_route=\/wp\/v2\/media\/8787"}],"wp:attachment":[{"href":"https:\/\/contactfm72.fr\/index.php?rest_route=%2Fwp%2Fv2%2Fmedia&parent=8786"}],"wp:term":[{"taxonomy":"category","embeddable":true,"href":"https:\/\/contactfm72.fr\/index.php?rest_route=%2Fwp%2Fv2%2Fcategories&post=8786"},{"taxonomy":"post_tag","embeddable":true,"href":"https:\/\/contactfm72.fr\/index.php?rest_route=%2Fwp%2Fv2%2Ftags&post=8786"}],"curies":[{"name":"wp","href":"https:\/\/api.w.org\/{rel}","templated":true}]}}