{"id":8775,"date":"2022-02-21T16:04:31","date_gmt":"2022-02-21T15:04:31","guid":{"rendered":"http:\/\/contactfm72.fr\/?p=8775"},"modified":"2022-02-21T16:08:01","modified_gmt":"2022-02-21T15:08:01","slug":"la-6e-edition-des-24-heures-de-don-du-sang-au-mmarena-du-mans-cest-mercredi","status":"publish","type":"post","link":"https:\/\/contactfm72.fr\/?p=8775","title":{"rendered":"La 6e \u00e9dition des 24 Heures de don du sang au MMArena du Mans c&#8217;est mercredi"},"content":{"rendered":"<p><span class=\"d2edcug0 hpfvmrgz qv66sw1b c1et5uql lr9zc1uh a8c37x1j fe6kdd0r mau55g9w c8b282yb keod5gw0 nxhoafnm aigsh9s9 d3f4x2em iv3no6db jq4qci2q a3bd9o3v b1v8xokw oo9gr5id hzawbc8m\" dir=\"auto\">La 6e \u00e9dition des 24 Heures du don du sang aura lieu mercredi 23 f\u00e9vrier de 10h \u00e0 19h30 au MMArena au Mans. <\/span><\/p>\n<p><span class=\"d2edcug0 hpfvmrgz qv66sw1b c1et5uql lr9zc1uh a8c37x1j fe6kdd0r mau55g9w c8b282yb keod5gw0 nxhoafnm aigsh9s9 d3f4x2em iv3no6db jq4qci2q a3bd9o3v b1v8xokw oo9gr5id hzawbc8m\" dir=\"auto\">La plus grande collecte Sarthoise qui attend 400 donneurs est le sujet de &#8220;L&#8217;interview du jour&#8221; lundi 21 f\u00e9vrier \u00e0 18h et mardi 22 \u00e0 13h.<\/span><\/p>\n<p>&nbsp;<\/p>\n<div id=\"audioigniter-283\" class=\"audioigniter-root \" data-player-type=\"full\" data-tracks-url=\"https:\/\/contactfm72.fr\/?audioigniter_playlist_id=283\" data-display-track-no=\"false\" data-reverse-track-order=\"false\" data-display-tracklist-covers=\"false\" data-display-active-cover=\"false\" data-display-artist-names=\"false\" data-display-buy-buttons=\"true\" data-buy-buttons-target=\"false\" data-cycle-tracks=\"false\" data-display-credits=\"false\" data-display-tracklist=\"true\" data-allow-tracklist-toggle=\"false\" data-allow-tracklist-loop=\"true\" data-limit-tracklist-height=\"true\" data-volume=\"100\" data-tracklist-height=\"185\" data-allow-track-loop=\"false\" ><\/div>\n<!-- AddThis Advanced Settings generic via filter on the_content --><!-- AddThis Share Buttons generic via filter on the_content -->","protected":false},"excerpt":{"rendered":"<p>La 6e \u00e9dition des 24 Heures du don du sang aura lieu mercredi 23 f\u00e9vrier de 10h \u00e0 19h30 au MMArena au Mans. La plus grande collecte Sarthoise qui attend 400 donneurs est le sujet de &#8220;L&#8217;interview du jour&#8221; lundi 21 f\u00e9vrier \u00e0 18h et mardi 22 \u00e0 13h. &nbsp;<!-- AddThis Advanced Settings generic via filter on get_the_excerpt --><!-- AddThis Share Buttons generic via filter on get_the_excerpt --><\/p>\n","protected":false},"author":4,"featured_media":8778,"comment_status":"closed","ping_status":"open","sticky":false,"template":"","format":"standard","meta":{"footnotes":""},"categories":[5],"tags":[],"class_list":["post-8775","post","type-post","status-publish","format-standard","has-post-thumbnail","hentry","category-linterview-du-jour","category-5","description-off"],"yoast_head":"<!-- This site is optimized with the Yoast SEO plugin v27.4 - https:\/\/yoast.com\/product\/yoast-seo-wordpress\/ -->\n<title>La 6e \u00e9dition des 24 Heures de don du sang au MMArena du Mans c&#039;est mercredi - Contact FM 99.3<\/title>\n<meta name=\"robots\" content=\"index, follow, max-snippet:-1, max-image-preview:large, max-video-preview:-1\" \/>\n<link rel=\"canonical\" href=\"https:\/\/contactfm72.fr\/?p=8775\" \/>\n<meta property=\"og:locale\" content=\"fr_FR\" \/>\n<meta property=\"og:type\" content=\"article\" \/>\n<meta property=\"og:title\" content=\"La 6e \u00e9dition des 24 Heures de don du sang au MMArena du Mans c&#039;est mercredi - Contact FM 99.3\" \/>\n<meta property=\"og:description\" content=\"La 6e \u00e9dition des 24 Heures du don du sang aura lieu mercredi 23 f\u00e9vrier de 10h \u00e0 19h30 au MMArena au Mans. La plus grande collecte Sarthoise qui attend 400 donneurs est le sujet de &#8220;L&#8217;interview du jour&#8221; lundi 21 f\u00e9vrier \u00e0 18h et mardi 22 \u00e0 13h. &nbsp;\" \/>\n<meta property=\"og:url\" content=\"https:\/\/contactfm72.fr\/?p=8775\" \/>\n<meta property=\"og:site_name\" content=\"Contact FM 99.3\" \/>\n<meta property=\"article:publisher\" content=\"https:\/\/www.facebook.com\/Contactfm.Chateauduloir\" \/>\n<meta property=\"article:published_time\" content=\"2022-02-21T15:04:31+00:00\" \/>\n<meta property=\"article:modified_time\" content=\"2022-02-21T15:08:01+00:00\" \/>\n<meta property=\"og:image\" content=\"https:\/\/contactfm72.fr\/wp-content\/uploads\/2022\/02\/thumb_3793_news_big-Copier.png\" \/>\n\t<meta property=\"og:image:width\" content=\"825\" \/>\n\t<meta property=\"og:image:height\" content=\"619\" \/>\n\t<meta property=\"og:image:type\" content=\"image\/png\" \/>\n<meta name=\"author\" content=\"Val\u00e9rie C.\" \/>\n<meta name=\"twitter:card\" content=\"summary_large_image\" \/>\n<meta name=\"twitter:creator\" content=\"@contactfm72\" \/>\n<meta name=\"twitter:site\" content=\"@contactfm72\" \/>\n<meta name=\"twitter:label1\" content=\"\u00c9crit par\" \/>\n\t<meta name=\"twitter:data1\" content=\"Val\u00e9rie C.\" \/>\n<script type=\"application\/ld+json\" class=\"yoast-schema-graph\">{\"@context\":\"https:\\\/\\\/schema.org\",\"@graph\":[{\"@type\":\"Article\",\"@id\":\"https:\\\/\\\/contactfm72.fr\\\/?p=8775#article\",\"isPartOf\":{\"@id\":\"https:\\\/\\\/contactfm72.fr\\\/?p=8775\"},\"author\":{\"name\":\"Val\u00e9rie C.\",\"@id\":\"https:\\\/\\\/contactfm72.fr\\\/#\\\/schema\\\/person\\\/9fdc9d1c2eb029354a4f1535b90ba82d\"},\"headline\":\"La 6e \u00e9dition des 24 Heures de don du sang au MMArena du Mans c&#8217;est mercredi\",\"datePublished\":\"2022-02-21T15:04:31+00:00\",\"dateModified\":\"2022-02-21T15:08:01+00:00\",\"mainEntityOfPage\":{\"@id\":\"https:\\\/\\\/contactfm72.fr\\\/?p=8775\"},\"wordCount\":64,\"publisher\":{\"@id\":\"https:\\\/\\\/contactfm72.fr\\\/#organization\"},\"image\":{\"@id\":\"https:\\\/\\\/contactfm72.fr\\\/?p=8775#primaryimage\"},\"thumbnailUrl\":\"https:\\\/\\\/contactfm72.fr\\\/wp-content\\\/uploads\\\/2022\\\/02\\\/thumb_3793_news_big-Copier.png\",\"articleSection\":[\"L'interview du jour\"],\"inLanguage\":\"fr-FR\"},{\"@type\":\"WebPage\",\"@id\":\"https:\\\/\\\/contactfm72.fr\\\/?p=8775\",\"url\":\"https:\\\/\\\/contactfm72.fr\\\/?p=8775\",\"name\":\"La 6e \u00e9dition des 24 Heures de don du sang au MMArena du Mans c'est mercredi - Contact FM 99.3\",\"isPartOf\":{\"@id\":\"https:\\\/\\\/contactfm72.fr\\\/#website\"},\"primaryImageOfPage\":{\"@id\":\"https:\\\/\\\/contactfm72.fr\\\/?p=8775#primaryimage\"},\"image\":{\"@id\":\"https:\\\/\\\/contactfm72.fr\\\/?p=8775#primaryimage\"},\"thumbnailUrl\":\"https:\\\/\\\/contactfm72.fr\\\/wp-content\\\/uploads\\\/2022\\\/02\\\/thumb_3793_news_big-Copier.png\",\"datePublished\":\"2022-02-21T15:04:31+00:00\",\"dateModified\":\"2022-02-21T15:08:01+00:00\",\"breadcrumb\":{\"@id\":\"https:\\\/\\\/contactfm72.fr\\\/?p=8775#breadcrumb\"},\"inLanguage\":\"fr-FR\",\"potentialAction\":[{\"@type\":\"ReadAction\",\"target\":[\"https:\\\/\\\/contactfm72.fr\\\/?p=8775\"]}]},{\"@type\":\"ImageObject\",\"inLanguage\":\"fr-FR\",\"@id\":\"https:\\\/\\\/contactfm72.fr\\\/?p=8775#primaryimage\",\"url\":\"https:\\\/\\\/contactfm72.fr\\\/wp-content\\\/uploads\\\/2022\\\/02\\\/thumb_3793_news_big-Copier.png\",\"contentUrl\":\"https:\\\/\\\/contactfm72.fr\\\/wp-content\\\/uploads\\\/2022\\\/02\\\/thumb_3793_news_big-Copier.png\",\"width\":825,\"height\":619},{\"@type\":\"BreadcrumbList\",\"@id\":\"https:\\\/\\\/contactfm72.fr\\\/?p=8775#breadcrumb\",\"itemListElement\":[{\"@type\":\"ListItem\",\"position\":1,\"name\":\"Accueil\",\"item\":\"https:\\\/\\\/contactfm72.fr\\\/\"},{\"@type\":\"ListItem\",\"position\":2,\"name\":\"La 6e \u00e9dition des 24 Heures de don du sang au MMArena du Mans c&#8217;est mercredi\"}]},{\"@type\":\"WebSite\",\"@id\":\"https:\\\/\\\/contactfm72.fr\\\/#website\",\"url\":\"https:\\\/\\\/contactfm72.fr\\\/\",\"name\":\"Contact FM 99.3\",\"description\":\"Votre radio en vall\u00e9e du Loir\",\"publisher\":{\"@id\":\"https:\\\/\\\/contactfm72.fr\\\/#organization\"},\"potentialAction\":[{\"@type\":\"SearchAction\",\"target\":{\"@type\":\"EntryPoint\",\"urlTemplate\":\"https:\\\/\\\/contactfm72.fr\\\/?s={search_term_string}\"},\"query-input\":{\"@type\":\"PropertyValueSpecification\",\"valueRequired\":true,\"valueName\":\"search_term_string\"}}],\"inLanguage\":\"fr-FR\"},{\"@type\":\"Organization\",\"@id\":\"https:\\\/\\\/contactfm72.fr\\\/#organization\",\"name\":\"Contact FM 99.3\",\"url\":\"https:\\\/\\\/contactfm72.fr\\\/\",\"logo\":{\"@type\":\"ImageObject\",\"inLanguage\":\"fr-FR\",\"@id\":\"https:\\\/\\\/contactfm72.fr\\\/#\\\/schema\\\/logo\\\/image\\\/\",\"url\":\"https:\\\/\\\/contactfm72.fr\\\/wp-content\\\/uploads\\\/2025\\\/04\\\/2025-04-18-2.jpg\",\"contentUrl\":\"https:\\\/\\\/contactfm72.fr\\\/wp-content\\\/uploads\\\/2025\\\/04\\\/2025-04-18-2.jpg\",\"width\":680,\"height\":307,\"caption\":\"Contact FM 99.3\"},\"image\":{\"@id\":\"https:\\\/\\\/contactfm72.fr\\\/#\\\/schema\\\/logo\\\/image\\\/\"},\"sameAs\":[\"https:\\\/\\\/www.facebook.com\\\/Contactfm.Chateauduloir\",\"https:\\\/\\\/x.com\\\/contactfm72\",\"https:\\\/\\\/www.instagram.com\\\/contact.fm.72?igsh=cGhlMHQ5N2JlNnpp\",\"https:\\\/\\\/www.tiktok.com\\\/@contact.fm\"]},{\"@type\":\"Person\",\"@id\":\"https:\\\/\\\/contactfm72.fr\\\/#\\\/schema\\\/person\\\/9fdc9d1c2eb029354a4f1535b90ba82d\",\"name\":\"Val\u00e9rie C.\",\"image\":{\"@type\":\"ImageObject\",\"inLanguage\":\"fr-FR\",\"@id\":\"https:\\\/\\\/secure.gravatar.com\\\/avatar\\\/2f8aa28f8dfbd7d4420afd1fdcdd0a349923e2c8a38ab28198b0f9d0601e4737?s=96&d=mm&r=g\",\"url\":\"https:\\\/\\\/secure.gravatar.com\\\/avatar\\\/2f8aa28f8dfbd7d4420afd1fdcdd0a349923e2c8a38ab28198b0f9d0601e4737?s=96&d=mm&r=g\",\"contentUrl\":\"https:\\\/\\\/secure.gravatar.com\\\/avatar\\\/2f8aa28f8dfbd7d4420afd1fdcdd0a349923e2c8a38ab28198b0f9d0601e4737?s=96&d=mm&r=g\",\"caption\":\"Val\u00e9rie C.\"},\"url\":\"https:\\\/\\\/contactfm72.fr\\\/?author=4\"}]}<\/script>\n<!-- \/ Yoast SEO plugin. -->","yoast_head_json":{"title":"La 6e \u00e9dition des 24 Heures de don du sang au MMArena du Mans c'est mercredi - Contact FM 99.3","robots":{"index":"index","follow":"follow","max-snippet":"max-snippet:-1","max-image-preview":"max-image-preview:large","max-video-preview":"max-video-preview:-1"},"canonical":"https:\/\/contactfm72.fr\/?p=8775","og_locale":"fr_FR","og_type":"article","og_title":"La 6e \u00e9dition des 24 Heures de don du sang au MMArena du Mans c'est mercredi - Contact FM 99.3","og_description":"La 6e \u00e9dition des 24 Heures du don du sang aura lieu mercredi 23 f\u00e9vrier de 10h \u00e0 19h30 au MMArena au Mans. La plus grande collecte Sarthoise qui attend 400 donneurs est le sujet de &#8220;L&#8217;interview du jour&#8221; lundi 21 f\u00e9vrier \u00e0 18h et mardi 22 \u00e0 13h. &nbsp;","og_url":"https:\/\/contactfm72.fr\/?p=8775","og_site_name":"Contact FM 99.3","article_publisher":"https:\/\/www.facebook.com\/Contactfm.Chateauduloir","article_published_time":"2022-02-21T15:04:31+00:00","article_modified_time":"2022-02-21T15:08:01+00:00","og_image":[{"width":825,"height":619,"url":"https:\/\/contactfm72.fr\/wp-content\/uploads\/2022\/02\/thumb_3793_news_big-Copier.png","type":"image\/png"}],"author":"Val\u00e9rie C.","twitter_card":"summary_large_image","twitter_creator":"@contactfm72","twitter_site":"@contactfm72","twitter_misc":{"\u00c9crit par":"Val\u00e9rie C."},"schema":{"@context":"https:\/\/schema.org","@graph":[{"@type":"Article","@id":"https:\/\/contactfm72.fr\/?p=8775#article","isPartOf":{"@id":"https:\/\/contactfm72.fr\/?p=8775"},"author":{"name":"Val\u00e9rie C.","@id":"https:\/\/contactfm72.fr\/#\/schema\/person\/9fdc9d1c2eb029354a4f1535b90ba82d"},"headline":"La 6e \u00e9dition des 24 Heures de don du sang au MMArena du Mans c&#8217;est mercredi","datePublished":"2022-02-21T15:04:31+00:00","dateModified":"2022-02-21T15:08:01+00:00","mainEntityOfPage":{"@id":"https:\/\/contactfm72.fr\/?p=8775"},"wordCount":64,"publisher":{"@id":"https:\/\/contactfm72.fr\/#organization"},"image":{"@id":"https:\/\/contactfm72.fr\/?p=8775#primaryimage"},"thumbnailUrl":"https:\/\/contactfm72.fr\/wp-content\/uploads\/2022\/02\/thumb_3793_news_big-Copier.png","articleSection":["L'interview du jour"],"inLanguage":"fr-FR"},{"@type":"WebPage","@id":"https:\/\/contactfm72.fr\/?p=8775","url":"https:\/\/contactfm72.fr\/?p=8775","name":"La 6e \u00e9dition des 24 Heures de don du sang au MMArena du Mans c'est mercredi - Contact FM 99.3","isPartOf":{"@id":"https:\/\/contactfm72.fr\/#website"},"primaryImageOfPage":{"@id":"https:\/\/contactfm72.fr\/?p=8775#primaryimage"},"image":{"@id":"https:\/\/contactfm72.fr\/?p=8775#primaryimage"},"thumbnailUrl":"https:\/\/contactfm72.fr\/wp-content\/uploads\/2022\/02\/thumb_3793_news_big-Copier.png","datePublished":"2022-02-21T15:04:31+00:00","dateModified":"2022-02-21T15:08:01+00:00","breadcrumb":{"@id":"https:\/\/contactfm72.fr\/?p=8775#breadcrumb"},"inLanguage":"fr-FR","potentialAction":[{"@type":"ReadAction","target":["https:\/\/contactfm72.fr\/?p=8775"]}]},{"@type":"ImageObject","inLanguage":"fr-FR","@id":"https:\/\/contactfm72.fr\/?p=8775#primaryimage","url":"https:\/\/contactfm72.fr\/wp-content\/uploads\/2022\/02\/thumb_3793_news_big-Copier.png","contentUrl":"https:\/\/contactfm72.fr\/wp-content\/uploads\/2022\/02\/thumb_3793_news_big-Copier.png","width":825,"height":619},{"@type":"BreadcrumbList","@id":"https:\/\/contactfm72.fr\/?p=8775#breadcrumb","itemListElement":[{"@type":"ListItem","position":1,"name":"Accueil","item":"https:\/\/contactfm72.fr\/"},{"@type":"ListItem","position":2,"name":"La 6e \u00e9dition des 24 Heures de don du sang au MMArena du Mans c&#8217;est mercredi"}]},{"@type":"WebSite","@id":"https:\/\/contactfm72.fr\/#website","url":"https:\/\/contactfm72.fr\/","name":"Contact FM 99.3","description":"Votre radio en vall\u00e9e du Loir","publisher":{"@id":"https:\/\/contactfm72.fr\/#organization"},"potentialAction":[{"@type":"SearchAction","target":{"@type":"EntryPoint","urlTemplate":"https:\/\/contactfm72.fr\/?s={search_term_string}"},"query-input":{"@type":"PropertyValueSpecification","valueRequired":true,"valueName":"search_term_string"}}],"inLanguage":"fr-FR"},{"@type":"Organization","@id":"https:\/\/contactfm72.fr\/#organization","name":"Contact FM 99.3","url":"https:\/\/contactfm72.fr\/","logo":{"@type":"ImageObject","inLanguage":"fr-FR","@id":"https:\/\/contactfm72.fr\/#\/schema\/logo\/image\/","url":"https:\/\/contactfm72.fr\/wp-content\/uploads\/2025\/04\/2025-04-18-2.jpg","contentUrl":"https:\/\/contactfm72.fr\/wp-content\/uploads\/2025\/04\/2025-04-18-2.jpg","width":680,"height":307,"caption":"Contact FM 99.3"},"image":{"@id":"https:\/\/contactfm72.fr\/#\/schema\/logo\/image\/"},"sameAs":["https:\/\/www.facebook.com\/Contactfm.Chateauduloir","https:\/\/x.com\/contactfm72","https:\/\/www.instagram.com\/contact.fm.72?igsh=cGhlMHQ5N2JlNnpp","https:\/\/www.tiktok.com\/@contact.fm"]},{"@type":"Person","@id":"https:\/\/contactfm72.fr\/#\/schema\/person\/9fdc9d1c2eb029354a4f1535b90ba82d","name":"Val\u00e9rie C.","image":{"@type":"ImageObject","inLanguage":"fr-FR","@id":"https:\/\/secure.gravatar.com\/avatar\/2f8aa28f8dfbd7d4420afd1fdcdd0a349923e2c8a38ab28198b0f9d0601e4737?s=96&d=mm&r=g","url":"https:\/\/secure.gravatar.com\/avatar\/2f8aa28f8dfbd7d4420afd1fdcdd0a349923e2c8a38ab28198b0f9d0601e4737?s=96&d=mm&r=g","contentUrl":"https:\/\/secure.gravatar.com\/avatar\/2f8aa28f8dfbd7d4420afd1fdcdd0a349923e2c8a38ab28198b0f9d0601e4737?s=96&d=mm&r=g","caption":"Val\u00e9rie C."},"url":"https:\/\/contactfm72.fr\/?author=4"}]}},"_links":{"self":[{"href":"https:\/\/contactfm72.fr\/index.php?rest_route=\/wp\/v2\/posts\/8775","targetHints":{"allow":["GET"]}}],"collection":[{"href":"https:\/\/contactfm72.fr\/index.php?rest_route=\/wp\/v2\/posts"}],"about":[{"href":"https:\/\/contactfm72.fr\/index.php?rest_route=\/wp\/v2\/types\/post"}],"author":[{"embeddable":true,"href":"https:\/\/contactfm72.fr\/index.php?rest_route=\/wp\/v2\/users\/4"}],"replies":[{"embeddable":true,"href":"https:\/\/contactfm72.fr\/index.php?rest_route=%2Fwp%2Fv2%2Fcomments&post=8775"}],"version-history":[{"count":2,"href":"https:\/\/contactfm72.fr\/index.php?rest_route=\/wp\/v2\/posts\/8775\/revisions"}],"predecessor-version":[{"id":8779,"href":"https:\/\/contactfm72.fr\/index.php?rest_route=\/wp\/v2\/posts\/8775\/revisions\/8779"}],"wp:featuredmedia":[{"embeddable":true,"href":"https:\/\/contactfm72.fr\/index.php?rest_route=\/wp\/v2\/media\/8778"}],"wp:attachment":[{"href":"https:\/\/contactfm72.fr\/index.php?rest_route=%2Fwp%2Fv2%2Fmedia&parent=8775"}],"wp:term":[{"taxonomy":"category","embeddable":true,"href":"https:\/\/contactfm72.fr\/index.php?rest_route=%2Fwp%2Fv2%2Fcategories&post=8775"},{"taxonomy":"post_tag","embeddable":true,"href":"https:\/\/contactfm72.fr\/index.php?rest_route=%2Fwp%2Fv2%2Ftags&post=8775"}],"curies":[{"name":"wp","href":"https:\/\/api.w.org\/{rel}","templated":true}]}}