{"id":8771,"date":"2022-02-21T16:55:14","date_gmt":"2022-02-21T15:55:14","guid":{"rendered":"http:\/\/contactfm72.fr\/?p=8771"},"modified":"2022-02-21T17:18:25","modified_gmt":"2022-02-21T16:18:25","slug":"sarthe-ocean-est-en-route-pour-le-salon-de-lagriculture","status":"publish","type":"post","link":"https:\/\/contactfm72.fr\/?p=8771","title":{"rendered":"Sarthe. Oc\u00e9an est en route pour le salon de l\u2019agriculture"},"content":{"rendered":"<h3>A Beaumont-Pied-de-B\u0153uf, Oc\u00e9an, un beau taureau de 1500 kg, et son \u00e9leveur Pascal Langevin, participeront au concours d\u2019\u00e9levage du salon de l\u2019agriculture, du samedi 26 f\u00e9vrier au dimanche 6 mars 2022.<\/h3>\n<p>&nbsp;<\/p>\n<p>Oc\u00e9an, un <strong>taureau<\/strong> de race <strong>charolaise<\/strong>, \u00e2g\u00e9 de <strong>quatre ans <\/strong>et pesant un peu plus de<strong> 1500kg<\/strong>, ira pour la premi\u00e8re fois de sa vie au <strong>salon de l\u2019agriculture<\/strong>, organis\u00e9 du <strong>samedi 26 f\u00e9vrier au dimanche 6 mars 2022 \u00e0 Paris<\/strong>.<\/p>\n<p>\u00ab\u00a0Il a d\u00e9j\u00e0 gagn\u00e9 des prix, mais c\u2019est la premi\u00e8re fois qu\u2019il ira \u00e0 Paris\u00a0\u00bb, confie son \u00e9leveur, <strong>Pascal Langevin<\/strong>, de <strong>Beaumont-Pied-de-B\u0153uf<\/strong> dans la <strong>Sarthe<\/strong>.<\/p>\n<p>Oc\u00e9an participera au <strong>concours d\u2019\u00e9levage<\/strong>, et ils partent serein\u00a0: \u00ab\u00a0On y va sans <strong>aucune pression<\/strong>. C\u2019est d\u00e9j\u00e0 une grande <strong>fiert\u00e9<\/strong> et une victoire de le pr\u00e9senter au salon, alors quoi qu\u2019il arrive, je suis heureux\u00a0\u00bb.<\/p>\n<p>&nbsp;<\/p>\n<h3>Un taureau au d\u00e9veloppement exceptionnel<\/h3>\n<p>Pascal Langevin revient sur l\u2019acquisition d\u2019Oc\u00e9an\u00a0: \u00ab\u00a0Je l\u2019ai achet\u00e9 \u00e0 l\u2019\u00e2ge de six mois, \u00e0 un \u00e9leveur dans les Charentes. Il \u00e9tait avec sa m\u00e8re. Il fait aujourd\u2019hui un peu de 1500kg, pour 1m65 au garrot. Je ne vous cache pas que j\u2019ai du mal \u00e0 lui brosser le dos\u00a0\u00bb, plaisante l\u2019\u00e9leveur. \u00ab\u00a0Il nous a fait<strong> 35 veaux<\/strong> en trois ans, ce qui est tr\u00e8s peu. On devrait \u00eatre au alentour de 20 veaux par an\u00a0\u00bb.<\/p>\n<p>Le concours pour lequel Oc\u00e9an participe se concentre sur la <strong>morphologie<\/strong>, les <strong>aplombs<\/strong> et la <strong>d\u00e9marche<\/strong> de l\u2019animal\u00a0: \u00ab\u00a0lorsque la commission est venue rencontrer Oc\u00e9an en janvier, ils ont \u00e9t\u00e9 <strong>admiratifs\u00a0<\/strong>\u00bb, fait savoir l\u2019\u00e9leveur. \u00ab\u00a0C\u2019est la premi\u00e8re fois de ma vie que j\u2019ai un taureau de son envergure. En tant que passionn\u00e9, on peut \u00eatre que fier\u00a0\u00bb.<\/p>\n<p>&nbsp;<\/p>\n<blockquote><p>\u00ab\u00a0Je suis tr\u00e8s heureux de repr\u00e9senter la race Charolaise que j\u2019affectionne particuli\u00e8rement\u00a0\u00bb.<\/p><\/blockquote>\n<p>&nbsp;<\/p>\n<h3>\u00c9leveur depuis 38 ans<\/h3>\n<p><strong>Depuis 1984<\/strong>, Pascal Langevin est install\u00e9 \u00e0 Beaumont-Pied-de-B\u0153uf, et est aujourd\u2019hui \u00e0 la t\u00eate d\u2019un <strong>cheptel de 75 vaches<\/strong>. \u00a0\u00ab\u00a0Les retomb\u00e9es \u00e0 la suite du salon sont multiples. Mon but est de faire de la g\u00e9n\u00e9tique, et de vendre mes reproducteurs, des veaux d\u2019Oc\u00e9an\u00a0\u00bb.<\/p>\n<p>\u00c2g\u00e9 de <strong>62 ans<\/strong>, Pascal Langevin pense \u00e0 l\u2019avenir de son \u00e9levage\u00a0: \u00ab\u00a0Je souhaite transmettre \u00e0 un jeune passionn\u00e9 d\u2019\u00e9levage et de g\u00e9n\u00e9tique. C\u2019est compliqu\u00e9 car on en trouve de moins en moins. Les jeunes sont d\u00e9courag\u00e9s de nos jours\u00a0\u00bb.<\/p>\n<p>&nbsp;<\/p>\n<p>Oc\u00e9an et son \u00e9leveur sont \u00e0 retrouver au salon de l\u2019agriculture du samedi 26 f\u00e9vrier au dimanche 6 mars 2022 \u00e0 Paris.<\/p>\n<!-- AddThis Advanced Settings generic via filter on the_content --><!-- AddThis Share Buttons generic via filter on the_content -->","protected":false},"excerpt":{"rendered":"<p>A Beaumont-Pied-de-B\u0153uf, Oc\u00e9an, un beau taureau de 1500 kg, et son \u00e9leveur Pascal Langevin, participeront au concours d\u2019\u00e9levage du salon de l\u2019agriculture, du samedi 26 f\u00e9vrier au dimanche 6 mars 2022. &nbsp; Oc\u00e9an, un taureau de race charolaise, \u00e2g\u00e9 de quatre ans et pesant un peu plus de 1500kg, ira pour la premi\u00e8re fois de&hellip;<!-- AddThis Advanced Settings generic via filter on get_the_excerpt --><!-- AddThis Share Buttons generic via filter on get_the_excerpt --><\/p>\n","protected":false},"author":4,"featured_media":8772,"comment_status":"closed","ping_status":"open","sticky":false,"template":"","format":"standard","meta":{"footnotes":""},"categories":[1],"tags":[],"class_list":["post-8771","post","type-post","status-publish","format-standard","has-post-thumbnail","hentry","category-contact-fm-72","category-1","description-off"],"yoast_head":"<!-- This site is optimized with the Yoast SEO plugin v27.4 - https:\/\/yoast.com\/product\/yoast-seo-wordpress\/ -->\n<title>Sarthe. Oc\u00e9an est en route pour le salon de l\u2019agriculture - Contact FM 99.3<\/title>\n<meta name=\"robots\" content=\"index, follow, max-snippet:-1, max-image-preview:large, max-video-preview:-1\" \/>\n<link rel=\"canonical\" href=\"https:\/\/contactfm72.fr\/?p=8771\" \/>\n<meta property=\"og:locale\" content=\"fr_FR\" \/>\n<meta property=\"og:type\" content=\"article\" \/>\n<meta property=\"og:title\" content=\"Sarthe. Oc\u00e9an est en route pour le salon de l\u2019agriculture - Contact FM 99.3\" \/>\n<meta property=\"og:description\" content=\"A Beaumont-Pied-de-B\u0153uf, Oc\u00e9an, un beau taureau de 1500 kg, et son \u00e9leveur Pascal Langevin, participeront au concours d\u2019\u00e9levage du salon de l\u2019agriculture, du samedi 26 f\u00e9vrier au dimanche 6 mars 2022. &nbsp; Oc\u00e9an, un taureau de race charolaise, \u00e2g\u00e9 de quatre ans et pesant un peu plus de 1500kg, ira pour la premi\u00e8re fois de&hellip;\" \/>\n<meta property=\"og:url\" content=\"https:\/\/contactfm72.fr\/?p=8771\" \/>\n<meta property=\"og:site_name\" content=\"Contact FM 99.3\" \/>\n<meta property=\"article:publisher\" content=\"https:\/\/www.facebook.com\/Contactfm.Chateauduloir\" \/>\n<meta property=\"article:published_time\" content=\"2022-02-21T15:55:14+00:00\" \/>\n<meta property=\"article:modified_time\" content=\"2022-02-21T16:18:25+00:00\" \/>\n<meta property=\"og:image\" content=\"https:\/\/contactfm72.fr\/wp-content\/uploads\/2022\/02\/Oc\u00e9an.jpg\" \/>\n\t<meta property=\"og:image:width\" content=\"2048\" \/>\n\t<meta property=\"og:image:height\" content=\"1536\" \/>\n\t<meta property=\"og:image:type\" content=\"image\/jpeg\" \/>\n<meta name=\"author\" content=\"Val\u00e9rie C.\" \/>\n<meta name=\"twitter:card\" content=\"summary_large_image\" \/>\n<meta name=\"twitter:creator\" content=\"@contactfm72\" \/>\n<meta name=\"twitter:site\" content=\"@contactfm72\" \/>\n<meta name=\"twitter:label1\" content=\"\u00c9crit par\" \/>\n\t<meta name=\"twitter:data1\" content=\"Val\u00e9rie C.\" \/>\n\t<meta name=\"twitter:label2\" content=\"Dur\u00e9e de lecture estim\u00e9e\" \/>\n\t<meta name=\"twitter:data2\" content=\"2 minutes\" \/>\n<script type=\"application\/ld+json\" class=\"yoast-schema-graph\">{\"@context\":\"https:\\\/\\\/schema.org\",\"@graph\":[{\"@type\":\"Article\",\"@id\":\"https:\\\/\\\/contactfm72.fr\\\/?p=8771#article\",\"isPartOf\":{\"@id\":\"https:\\\/\\\/contactfm72.fr\\\/?p=8771\"},\"author\":{\"name\":\"Val\u00e9rie C.\",\"@id\":\"https:\\\/\\\/contactfm72.fr\\\/#\\\/schema\\\/person\\\/9fdc9d1c2eb029354a4f1535b90ba82d\"},\"headline\":\"Sarthe. Oc\u00e9an est en route pour le salon de l\u2019agriculture\",\"datePublished\":\"2022-02-21T15:55:14+00:00\",\"dateModified\":\"2022-02-21T16:18:25+00:00\",\"mainEntityOfPage\":{\"@id\":\"https:\\\/\\\/contactfm72.fr\\\/?p=8771\"},\"wordCount\":443,\"publisher\":{\"@id\":\"https:\\\/\\\/contactfm72.fr\\\/#organization\"},\"image\":{\"@id\":\"https:\\\/\\\/contactfm72.fr\\\/?p=8771#primaryimage\"},\"thumbnailUrl\":\"https:\\\/\\\/contactfm72.fr\\\/wp-content\\\/uploads\\\/2022\\\/02\\\/Oc\u00e9an.jpg\",\"articleSection\":[\"Contact FM 72\"],\"inLanguage\":\"fr-FR\"},{\"@type\":\"WebPage\",\"@id\":\"https:\\\/\\\/contactfm72.fr\\\/?p=8771\",\"url\":\"https:\\\/\\\/contactfm72.fr\\\/?p=8771\",\"name\":\"Sarthe. Oc\u00e9an est en route pour le salon de l\u2019agriculture - Contact FM 99.3\",\"isPartOf\":{\"@id\":\"https:\\\/\\\/contactfm72.fr\\\/#website\"},\"primaryImageOfPage\":{\"@id\":\"https:\\\/\\\/contactfm72.fr\\\/?p=8771#primaryimage\"},\"image\":{\"@id\":\"https:\\\/\\\/contactfm72.fr\\\/?p=8771#primaryimage\"},\"thumbnailUrl\":\"https:\\\/\\\/contactfm72.fr\\\/wp-content\\\/uploads\\\/2022\\\/02\\\/Oc\u00e9an.jpg\",\"datePublished\":\"2022-02-21T15:55:14+00:00\",\"dateModified\":\"2022-02-21T16:18:25+00:00\",\"breadcrumb\":{\"@id\":\"https:\\\/\\\/contactfm72.fr\\\/?p=8771#breadcrumb\"},\"inLanguage\":\"fr-FR\",\"potentialAction\":[{\"@type\":\"ReadAction\",\"target\":[\"https:\\\/\\\/contactfm72.fr\\\/?p=8771\"]}]},{\"@type\":\"ImageObject\",\"inLanguage\":\"fr-FR\",\"@id\":\"https:\\\/\\\/contactfm72.fr\\\/?p=8771#primaryimage\",\"url\":\"https:\\\/\\\/contactfm72.fr\\\/wp-content\\\/uploads\\\/2022\\\/02\\\/Oc\u00e9an.jpg\",\"contentUrl\":\"https:\\\/\\\/contactfm72.fr\\\/wp-content\\\/uploads\\\/2022\\\/02\\\/Oc\u00e9an.jpg\",\"width\":2048,\"height\":1536,\"caption\":\"Oc\u00e9an et son \u00e9leveur Pascal Langevin. A titre indicatif, le sarthois mesure 1m62.\"},{\"@type\":\"BreadcrumbList\",\"@id\":\"https:\\\/\\\/contactfm72.fr\\\/?p=8771#breadcrumb\",\"itemListElement\":[{\"@type\":\"ListItem\",\"position\":1,\"name\":\"Accueil\",\"item\":\"https:\\\/\\\/contactfm72.fr\\\/\"},{\"@type\":\"ListItem\",\"position\":2,\"name\":\"Sarthe. Oc\u00e9an est en route pour le salon de l\u2019agriculture\"}]},{\"@type\":\"WebSite\",\"@id\":\"https:\\\/\\\/contactfm72.fr\\\/#website\",\"url\":\"https:\\\/\\\/contactfm72.fr\\\/\",\"name\":\"Contact FM 99.3\",\"description\":\"Votre radio en vall\u00e9e du Loir\",\"publisher\":{\"@id\":\"https:\\\/\\\/contactfm72.fr\\\/#organization\"},\"potentialAction\":[{\"@type\":\"SearchAction\",\"target\":{\"@type\":\"EntryPoint\",\"urlTemplate\":\"https:\\\/\\\/contactfm72.fr\\\/?s={search_term_string}\"},\"query-input\":{\"@type\":\"PropertyValueSpecification\",\"valueRequired\":true,\"valueName\":\"search_term_string\"}}],\"inLanguage\":\"fr-FR\"},{\"@type\":\"Organization\",\"@id\":\"https:\\\/\\\/contactfm72.fr\\\/#organization\",\"name\":\"Contact FM 99.3\",\"url\":\"https:\\\/\\\/contactfm72.fr\\\/\",\"logo\":{\"@type\":\"ImageObject\",\"inLanguage\":\"fr-FR\",\"@id\":\"https:\\\/\\\/contactfm72.fr\\\/#\\\/schema\\\/logo\\\/image\\\/\",\"url\":\"https:\\\/\\\/contactfm72.fr\\\/wp-content\\\/uploads\\\/2025\\\/04\\\/2025-04-18-2.jpg\",\"contentUrl\":\"https:\\\/\\\/contactfm72.fr\\\/wp-content\\\/uploads\\\/2025\\\/04\\\/2025-04-18-2.jpg\",\"width\":680,\"height\":307,\"caption\":\"Contact FM 99.3\"},\"image\":{\"@id\":\"https:\\\/\\\/contactfm72.fr\\\/#\\\/schema\\\/logo\\\/image\\\/\"},\"sameAs\":[\"https:\\\/\\\/www.facebook.com\\\/Contactfm.Chateauduloir\",\"https:\\\/\\\/x.com\\\/contactfm72\",\"https:\\\/\\\/www.instagram.com\\\/contact.fm.72?igsh=cGhlMHQ5N2JlNnpp\",\"https:\\\/\\\/www.tiktok.com\\\/@contact.fm\"]},{\"@type\":\"Person\",\"@id\":\"https:\\\/\\\/contactfm72.fr\\\/#\\\/schema\\\/person\\\/9fdc9d1c2eb029354a4f1535b90ba82d\",\"name\":\"Val\u00e9rie C.\",\"image\":{\"@type\":\"ImageObject\",\"inLanguage\":\"fr-FR\",\"@id\":\"https:\\\/\\\/secure.gravatar.com\\\/avatar\\\/2f8aa28f8dfbd7d4420afd1fdcdd0a349923e2c8a38ab28198b0f9d0601e4737?s=96&d=mm&r=g\",\"url\":\"https:\\\/\\\/secure.gravatar.com\\\/avatar\\\/2f8aa28f8dfbd7d4420afd1fdcdd0a349923e2c8a38ab28198b0f9d0601e4737?s=96&d=mm&r=g\",\"contentUrl\":\"https:\\\/\\\/secure.gravatar.com\\\/avatar\\\/2f8aa28f8dfbd7d4420afd1fdcdd0a349923e2c8a38ab28198b0f9d0601e4737?s=96&d=mm&r=g\",\"caption\":\"Val\u00e9rie C.\"},\"url\":\"https:\\\/\\\/contactfm72.fr\\\/?author=4\"}]}<\/script>\n<!-- \/ Yoast SEO plugin. -->","yoast_head_json":{"title":"Sarthe. Oc\u00e9an est en route pour le salon de l\u2019agriculture - Contact FM 99.3","robots":{"index":"index","follow":"follow","max-snippet":"max-snippet:-1","max-image-preview":"max-image-preview:large","max-video-preview":"max-video-preview:-1"},"canonical":"https:\/\/contactfm72.fr\/?p=8771","og_locale":"fr_FR","og_type":"article","og_title":"Sarthe. Oc\u00e9an est en route pour le salon de l\u2019agriculture - Contact FM 99.3","og_description":"A Beaumont-Pied-de-B\u0153uf, Oc\u00e9an, un beau taureau de 1500 kg, et son \u00e9leveur Pascal Langevin, participeront au concours d\u2019\u00e9levage du salon de l\u2019agriculture, du samedi 26 f\u00e9vrier au dimanche 6 mars 2022. &nbsp; Oc\u00e9an, un taureau de race charolaise, \u00e2g\u00e9 de quatre ans et pesant un peu plus de 1500kg, ira pour la premi\u00e8re fois de&hellip;","og_url":"https:\/\/contactfm72.fr\/?p=8771","og_site_name":"Contact FM 99.3","article_publisher":"https:\/\/www.facebook.com\/Contactfm.Chateauduloir","article_published_time":"2022-02-21T15:55:14+00:00","article_modified_time":"2022-02-21T16:18:25+00:00","og_image":[{"width":2048,"height":1536,"url":"https:\/\/contactfm72.fr\/wp-content\/uploads\/2022\/02\/Oc\u00e9an.jpg","type":"image\/jpeg"}],"author":"Val\u00e9rie C.","twitter_card":"summary_large_image","twitter_creator":"@contactfm72","twitter_site":"@contactfm72","twitter_misc":{"\u00c9crit par":"Val\u00e9rie C.","Dur\u00e9e de lecture estim\u00e9e":"2 minutes"},"schema":{"@context":"https:\/\/schema.org","@graph":[{"@type":"Article","@id":"https:\/\/contactfm72.fr\/?p=8771#article","isPartOf":{"@id":"https:\/\/contactfm72.fr\/?p=8771"},"author":{"name":"Val\u00e9rie C.","@id":"https:\/\/contactfm72.fr\/#\/schema\/person\/9fdc9d1c2eb029354a4f1535b90ba82d"},"headline":"Sarthe. Oc\u00e9an est en route pour le salon de l\u2019agriculture","datePublished":"2022-02-21T15:55:14+00:00","dateModified":"2022-02-21T16:18:25+00:00","mainEntityOfPage":{"@id":"https:\/\/contactfm72.fr\/?p=8771"},"wordCount":443,"publisher":{"@id":"https:\/\/contactfm72.fr\/#organization"},"image":{"@id":"https:\/\/contactfm72.fr\/?p=8771#primaryimage"},"thumbnailUrl":"https:\/\/contactfm72.fr\/wp-content\/uploads\/2022\/02\/Oc\u00e9an.jpg","articleSection":["Contact FM 72"],"inLanguage":"fr-FR"},{"@type":"WebPage","@id":"https:\/\/contactfm72.fr\/?p=8771","url":"https:\/\/contactfm72.fr\/?p=8771","name":"Sarthe. Oc\u00e9an est en route pour le salon de l\u2019agriculture - Contact FM 99.3","isPartOf":{"@id":"https:\/\/contactfm72.fr\/#website"},"primaryImageOfPage":{"@id":"https:\/\/contactfm72.fr\/?p=8771#primaryimage"},"image":{"@id":"https:\/\/contactfm72.fr\/?p=8771#primaryimage"},"thumbnailUrl":"https:\/\/contactfm72.fr\/wp-content\/uploads\/2022\/02\/Oc\u00e9an.jpg","datePublished":"2022-02-21T15:55:14+00:00","dateModified":"2022-02-21T16:18:25+00:00","breadcrumb":{"@id":"https:\/\/contactfm72.fr\/?p=8771#breadcrumb"},"inLanguage":"fr-FR","potentialAction":[{"@type":"ReadAction","target":["https:\/\/contactfm72.fr\/?p=8771"]}]},{"@type":"ImageObject","inLanguage":"fr-FR","@id":"https:\/\/contactfm72.fr\/?p=8771#primaryimage","url":"https:\/\/contactfm72.fr\/wp-content\/uploads\/2022\/02\/Oc\u00e9an.jpg","contentUrl":"https:\/\/contactfm72.fr\/wp-content\/uploads\/2022\/02\/Oc\u00e9an.jpg","width":2048,"height":1536,"caption":"Oc\u00e9an et son \u00e9leveur Pascal Langevin. A titre indicatif, le sarthois mesure 1m62."},{"@type":"BreadcrumbList","@id":"https:\/\/contactfm72.fr\/?p=8771#breadcrumb","itemListElement":[{"@type":"ListItem","position":1,"name":"Accueil","item":"https:\/\/contactfm72.fr\/"},{"@type":"ListItem","position":2,"name":"Sarthe. Oc\u00e9an est en route pour le salon de l\u2019agriculture"}]},{"@type":"WebSite","@id":"https:\/\/contactfm72.fr\/#website","url":"https:\/\/contactfm72.fr\/","name":"Contact FM 99.3","description":"Votre radio en vall\u00e9e du Loir","publisher":{"@id":"https:\/\/contactfm72.fr\/#organization"},"potentialAction":[{"@type":"SearchAction","target":{"@type":"EntryPoint","urlTemplate":"https:\/\/contactfm72.fr\/?s={search_term_string}"},"query-input":{"@type":"PropertyValueSpecification","valueRequired":true,"valueName":"search_term_string"}}],"inLanguage":"fr-FR"},{"@type":"Organization","@id":"https:\/\/contactfm72.fr\/#organization","name":"Contact FM 99.3","url":"https:\/\/contactfm72.fr\/","logo":{"@type":"ImageObject","inLanguage":"fr-FR","@id":"https:\/\/contactfm72.fr\/#\/schema\/logo\/image\/","url":"https:\/\/contactfm72.fr\/wp-content\/uploads\/2025\/04\/2025-04-18-2.jpg","contentUrl":"https:\/\/contactfm72.fr\/wp-content\/uploads\/2025\/04\/2025-04-18-2.jpg","width":680,"height":307,"caption":"Contact FM 99.3"},"image":{"@id":"https:\/\/contactfm72.fr\/#\/schema\/logo\/image\/"},"sameAs":["https:\/\/www.facebook.com\/Contactfm.Chateauduloir","https:\/\/x.com\/contactfm72","https:\/\/www.instagram.com\/contact.fm.72?igsh=cGhlMHQ5N2JlNnpp","https:\/\/www.tiktok.com\/@contact.fm"]},{"@type":"Person","@id":"https:\/\/contactfm72.fr\/#\/schema\/person\/9fdc9d1c2eb029354a4f1535b90ba82d","name":"Val\u00e9rie C.","image":{"@type":"ImageObject","inLanguage":"fr-FR","@id":"https:\/\/secure.gravatar.com\/avatar\/2f8aa28f8dfbd7d4420afd1fdcdd0a349923e2c8a38ab28198b0f9d0601e4737?s=96&d=mm&r=g","url":"https:\/\/secure.gravatar.com\/avatar\/2f8aa28f8dfbd7d4420afd1fdcdd0a349923e2c8a38ab28198b0f9d0601e4737?s=96&d=mm&r=g","contentUrl":"https:\/\/secure.gravatar.com\/avatar\/2f8aa28f8dfbd7d4420afd1fdcdd0a349923e2c8a38ab28198b0f9d0601e4737?s=96&d=mm&r=g","caption":"Val\u00e9rie C."},"url":"https:\/\/contactfm72.fr\/?author=4"}]}},"_links":{"self":[{"href":"https:\/\/contactfm72.fr\/index.php?rest_route=\/wp\/v2\/posts\/8771","targetHints":{"allow":["GET"]}}],"collection":[{"href":"https:\/\/contactfm72.fr\/index.php?rest_route=\/wp\/v2\/posts"}],"about":[{"href":"https:\/\/contactfm72.fr\/index.php?rest_route=\/wp\/v2\/types\/post"}],"author":[{"embeddable":true,"href":"https:\/\/contactfm72.fr\/index.php?rest_route=\/wp\/v2\/users\/4"}],"replies":[{"embeddable":true,"href":"https:\/\/contactfm72.fr\/index.php?rest_route=%2Fwp%2Fv2%2Fcomments&post=8771"}],"version-history":[{"count":3,"href":"https:\/\/contactfm72.fr\/index.php?rest_route=\/wp\/v2\/posts\/8771\/revisions"}],"predecessor-version":[{"id":8781,"href":"https:\/\/contactfm72.fr\/index.php?rest_route=\/wp\/v2\/posts\/8771\/revisions\/8781"}],"wp:featuredmedia":[{"embeddable":true,"href":"https:\/\/contactfm72.fr\/index.php?rest_route=\/wp\/v2\/media\/8772"}],"wp:attachment":[{"href":"https:\/\/contactfm72.fr\/index.php?rest_route=%2Fwp%2Fv2%2Fmedia&parent=8771"}],"wp:term":[{"taxonomy":"category","embeddable":true,"href":"https:\/\/contactfm72.fr\/index.php?rest_route=%2Fwp%2Fv2%2Fcategories&post=8771"},{"taxonomy":"post_tag","embeddable":true,"href":"https:\/\/contactfm72.fr\/index.php?rest_route=%2Fwp%2Fv2%2Ftags&post=8771"}],"curies":[{"name":"wp","href":"https:\/\/api.w.org\/{rel}","templated":true}]}}