{"id":8752,"date":"2022-02-18T12:30:35","date_gmt":"2022-02-18T11:30:35","guid":{"rendered":"http:\/\/contactfm72.fr\/?p=8752"},"modified":"2022-09-12T15:15:19","modified_gmt":"2022-09-12T13:15:19","slug":"le-secretaire-detat-decouvre-lepmu","status":"publish","type":"post","link":"https:\/\/contactfm72.fr\/?p=8752","title":{"rendered":"Sarthe. Le Secr\u00e9taire d\u2019\u00c9tat d\u00e9couvre l\u2019EPMU"},"content":{"rendered":"<h2>En visite dans le Sud-Sarthe le jeudi 17 f\u00e9vrier, Jo\u00ebl Giraud, Secr\u00e9taire d\u2019\u00c9tat aupr\u00e8s de la ministre de la Coh\u00e9sion des territoires et des Relations avec les collectivit\u00e9s territoriales charg\u00e9 de la Ruralit\u00e9, est venu d\u00e9couvrir l\u2019\u00e9quipe param\u00e9dicale d\u2019urgences bas\u00e9e \u00e0 l\u2019h\u00f4pital de Ch\u00e2teau-du-Loir.<\/h2>\n<p>&nbsp;<\/p>\n<p>Membre du gouvernement,<strong> Jo\u00ebl Giraud<\/strong> \u00e9tait en visite dans la <strong>Sarthe<\/strong>, le jeudi 17 f\u00e9vrier. Sa premi\u00e8re \u00e9tape, la d\u00e9couverte de l\u2019<strong>\u00e9quipe param\u00e9dicale d\u2019urgences (EPMU)<\/strong> bas\u00e9e \u00e0 l\u2019<strong>h\u00f4pital de Ch\u00e2teau-du-Loir<\/strong>.<\/p>\n<p>Depuis le 31 mai 2021 sur le secteur du Sud-Sarthe, l\u2019EPMU a \u00e9t\u00e9 lanc\u00e9e dans le cadre d\u2019une <strong>exp\u00e9rimentation<\/strong> destin\u00e9e \u00e0 faire face \u00e0 une<strong> p\u00e9nurie de m\u00e9decins urgentistes et de fermetures continuelles du service des urgences de l\u2019h\u00f4pital de Ch\u00e2teau-du-Loir<\/strong>.<\/p>\n<p>L\u2019EPMU, constitu\u00e9e d\u2019un <strong>bin\u00f4me infirmier et aide-soignant ambulancier<\/strong>, form\u00e9e aux urgences vitales, intervient en <strong>amont du SMUR<\/strong> et agit selon les protocoles de prise en charge pr\u00e9cis r\u00e9dig\u00e9s par le SAMU 72.<\/p>\n<p><strong>\u00a0<\/strong><\/p>\n<p><strong>Int\u00e9r\u00eat de cette exp\u00e9rimentation<\/strong><\/p>\n<p>Entour\u00e9 de la<strong> d\u00e9put\u00e9e, Pascale Fontenel Personne<\/strong>, de la <strong>sous-pr\u00e9f\u00e8te de la Fl\u00e8che, V\u00e9ronique Ortet<\/strong>, et des \u00e9lus locaux, le Secr\u00e9taire d\u2019\u00c9tat a pu attester de la <strong>r\u00e9ussite<\/strong> de cette exp\u00e9rimentation.<\/p>\n<p>\u00ab\u00a0Face aux probl\u00e8mes de d\u00e9sertification m\u00e9dicale, on doit trouver des solutions, d\u2019autant plus que tous les territoires ne se ressemblent pas. J\u2019ai d\u00e9j\u00e0 \u00e9t\u00e9 alert\u00e9 sur ce sujet. Je voulais venir sur votre territoire pour voir ce que vous proposiez. (\u2026) Je ferai<strong> remonter l\u2019int\u00e9r\u00eat de cette exp\u00e9rimentation\u00a0aupr\u00e8s du comit\u00e9 interminist\u00e9riel<\/strong> \u00bb.<\/p>\n<p>&nbsp;<\/p>\n<p><strong>Accueilli par l\u2019association de d\u00e9fense<\/strong><\/p>\n<p>La venue du Secr\u00e9taire d\u2019\u00c9tat a \u00e9t\u00e9 l\u2019occasion pour l\u2019<strong>association de d\u00e9fense de l\u2019h\u00f4pital de Montval-sur-Loir<\/strong> de d\u00e9ployer leur banderole.<\/p>\n<p>&nbsp;<\/p>\n<div id=\"attachment_8756\" style=\"width: 2058px\" class=\"wp-caption alignnone\"><img loading=\"lazy\" decoding=\"async\" aria-describedby=\"caption-attachment-8756\" class=\"size-full wp-image-8756\" src=\"http:\/\/contactfm72.fr\/wp-content\/uploads\/2022\/02\/SE-manif.jpg\" alt=\"\" width=\"2048\" height=\"1536\" \/><p id=\"caption-attachment-8756\" class=\"wp-caption-text\">Les quelques membres de l&#8217;association pr\u00e9sents au moment de la venue de Jo\u00ebl Giraud.<\/p><\/div>\n<p>\u00ab Nous d\u00e9fendons tous les services de l\u2019h\u00f4pital, dont le service d\u2019urgences. Nous craignons que cette exp\u00e9rimentation <strong>modifie et voire remplace le service des urgences<\/strong>. Nous venons \u00e9galement d\u2019apprendre que l\u2019h\u00f4pital a \u00e9t\u00e9 <b>labellis\u00e9<\/b>. Ce qui signifie une r\u00e9duction des capacit\u00e9s des services, des lits, et que tout soit<strong> centralis\u00e9 au Mans<\/strong>, ce qui est une aberration \u00bb, informe <strong>Michel Macon, pr\u00e9sident de l\u2019association<\/strong>.<\/p>\n<!-- AddThis Advanced Settings generic via filter on the_content --><!-- AddThis Share Buttons generic via filter on the_content -->","protected":false},"excerpt":{"rendered":"<p>En visite dans le Sud-Sarthe le jeudi 17 f\u00e9vrier, Jo\u00ebl Giraud, Secr\u00e9taire d\u2019\u00c9tat aupr\u00e8s de la ministre de la Coh\u00e9sion des territoires et des Relations avec les collectivit\u00e9s territoriales charg\u00e9 de la Ruralit\u00e9, est venu d\u00e9couvrir l\u2019\u00e9quipe param\u00e9dicale d\u2019urgences bas\u00e9e \u00e0 l\u2019h\u00f4pital de Ch\u00e2teau-du-Loir. &nbsp; Membre du gouvernement, Jo\u00ebl Giraud \u00e9tait en visite dans la&hellip;<!-- AddThis Advanced Settings generic via filter on get_the_excerpt --><!-- AddThis Share Buttons generic via filter on get_the_excerpt --><\/p>\n","protected":false},"author":4,"featured_media":8755,"comment_status":"closed","ping_status":"open","sticky":false,"template":"","format":"standard","meta":{"footnotes":""},"categories":[1],"tags":[],"class_list":["post-8752","post","type-post","status-publish","format-standard","has-post-thumbnail","hentry","category-contact-fm-72","category-1","description-off"],"yoast_head":"<!-- This site is optimized with the Yoast SEO plugin v27.4 - https:\/\/yoast.com\/product\/yoast-seo-wordpress\/ -->\n<title>Sarthe. Le Secr\u00e9taire d\u2019\u00c9tat d\u00e9couvre l\u2019EPMU - Contact FM 99.3<\/title>\n<meta name=\"robots\" content=\"index, follow, max-snippet:-1, max-image-preview:large, max-video-preview:-1\" \/>\n<link rel=\"canonical\" href=\"https:\/\/contactfm72.fr\/?p=8752\" \/>\n<meta property=\"og:locale\" content=\"fr_FR\" \/>\n<meta property=\"og:type\" content=\"article\" \/>\n<meta property=\"og:title\" content=\"Sarthe. Le Secr\u00e9taire d\u2019\u00c9tat d\u00e9couvre l\u2019EPMU - Contact FM 99.3\" \/>\n<meta property=\"og:description\" content=\"En visite dans le Sud-Sarthe le jeudi 17 f\u00e9vrier, Jo\u00ebl Giraud, Secr\u00e9taire d\u2019\u00c9tat aupr\u00e8s de la ministre de la Coh\u00e9sion des territoires et des Relations avec les collectivit\u00e9s territoriales charg\u00e9 de la Ruralit\u00e9, est venu d\u00e9couvrir l\u2019\u00e9quipe param\u00e9dicale d\u2019urgences bas\u00e9e \u00e0 l\u2019h\u00f4pital de Ch\u00e2teau-du-Loir. &nbsp; Membre du gouvernement, Jo\u00ebl Giraud \u00e9tait en visite dans la&hellip;\" \/>\n<meta property=\"og:url\" content=\"https:\/\/contactfm72.fr\/?p=8752\" \/>\n<meta property=\"og:site_name\" content=\"Contact FM 99.3\" \/>\n<meta property=\"article:publisher\" content=\"https:\/\/www.facebook.com\/Contactfm.Chateauduloir\" \/>\n<meta property=\"article:published_time\" content=\"2022-02-18T11:30:35+00:00\" \/>\n<meta property=\"article:modified_time\" content=\"2022-09-12T13:15:19+00:00\" \/>\n<meta property=\"og:image\" content=\"https:\/\/contactfm72.fr\/wp-content\/uploads\/2022\/02\/SE-PFP.jpg\" \/>\n\t<meta property=\"og:image:width\" content=\"2048\" \/>\n\t<meta property=\"og:image:height\" content=\"1536\" \/>\n\t<meta property=\"og:image:type\" content=\"image\/jpeg\" \/>\n<meta name=\"author\" content=\"Val\u00e9rie C.\" \/>\n<meta name=\"twitter:card\" content=\"summary_large_image\" \/>\n<meta name=\"twitter:creator\" content=\"@contactfm72\" \/>\n<meta name=\"twitter:site\" content=\"@contactfm72\" \/>\n<meta name=\"twitter:label1\" content=\"\u00c9crit par\" \/>\n\t<meta name=\"twitter:data1\" content=\"Val\u00e9rie C.\" \/>\n\t<meta name=\"twitter:label2\" content=\"Dur\u00e9e de lecture estim\u00e9e\" \/>\n\t<meta name=\"twitter:data2\" content=\"2 minutes\" \/>\n<script type=\"application\/ld+json\" class=\"yoast-schema-graph\">{\"@context\":\"https:\\\/\\\/schema.org\",\"@graph\":[{\"@type\":\"Article\",\"@id\":\"https:\\\/\\\/contactfm72.fr\\\/?p=8752#article\",\"isPartOf\":{\"@id\":\"https:\\\/\\\/contactfm72.fr\\\/?p=8752\"},\"author\":{\"name\":\"Val\u00e9rie C.\",\"@id\":\"https:\\\/\\\/contactfm72.fr\\\/#\\\/schema\\\/person\\\/9fdc9d1c2eb029354a4f1535b90ba82d\"},\"headline\":\"Sarthe. Le Secr\u00e9taire d\u2019\u00c9tat d\u00e9couvre l\u2019EPMU\",\"datePublished\":\"2022-02-18T11:30:35+00:00\",\"dateModified\":\"2022-09-12T13:15:19+00:00\",\"mainEntityOfPage\":{\"@id\":\"https:\\\/\\\/contactfm72.fr\\\/?p=8752\"},\"wordCount\":439,\"publisher\":{\"@id\":\"https:\\\/\\\/contactfm72.fr\\\/#organization\"},\"image\":{\"@id\":\"https:\\\/\\\/contactfm72.fr\\\/?p=8752#primaryimage\"},\"thumbnailUrl\":\"https:\\\/\\\/contactfm72.fr\\\/wp-content\\\/uploads\\\/2022\\\/02\\\/SE-PFP.jpg\",\"articleSection\":[\"Contact FM 72\"],\"inLanguage\":\"fr-FR\"},{\"@type\":\"WebPage\",\"@id\":\"https:\\\/\\\/contactfm72.fr\\\/?p=8752\",\"url\":\"https:\\\/\\\/contactfm72.fr\\\/?p=8752\",\"name\":\"Sarthe. Le Secr\u00e9taire d\u2019\u00c9tat d\u00e9couvre l\u2019EPMU - Contact FM 99.3\",\"isPartOf\":{\"@id\":\"https:\\\/\\\/contactfm72.fr\\\/#website\"},\"primaryImageOfPage\":{\"@id\":\"https:\\\/\\\/contactfm72.fr\\\/?p=8752#primaryimage\"},\"image\":{\"@id\":\"https:\\\/\\\/contactfm72.fr\\\/?p=8752#primaryimage\"},\"thumbnailUrl\":\"https:\\\/\\\/contactfm72.fr\\\/wp-content\\\/uploads\\\/2022\\\/02\\\/SE-PFP.jpg\",\"datePublished\":\"2022-02-18T11:30:35+00:00\",\"dateModified\":\"2022-09-12T13:15:19+00:00\",\"breadcrumb\":{\"@id\":\"https:\\\/\\\/contactfm72.fr\\\/?p=8752#breadcrumb\"},\"inLanguage\":\"fr-FR\",\"potentialAction\":[{\"@type\":\"ReadAction\",\"target\":[\"https:\\\/\\\/contactfm72.fr\\\/?p=8752\"]}]},{\"@type\":\"ImageObject\",\"inLanguage\":\"fr-FR\",\"@id\":\"https:\\\/\\\/contactfm72.fr\\\/?p=8752#primaryimage\",\"url\":\"https:\\\/\\\/contactfm72.fr\\\/wp-content\\\/uploads\\\/2022\\\/02\\\/SE-PFP.jpg\",\"contentUrl\":\"https:\\\/\\\/contactfm72.fr\\\/wp-content\\\/uploads\\\/2022\\\/02\\\/SE-PFP.jpg\",\"width\":2048,\"height\":1536,\"caption\":\"Jo\u00ebl Giraud et Pascale Fontenel Personne.\"},{\"@type\":\"BreadcrumbList\",\"@id\":\"https:\\\/\\\/contactfm72.fr\\\/?p=8752#breadcrumb\",\"itemListElement\":[{\"@type\":\"ListItem\",\"position\":1,\"name\":\"Accueil\",\"item\":\"https:\\\/\\\/contactfm72.fr\\\/\"},{\"@type\":\"ListItem\",\"position\":2,\"name\":\"Sarthe. Le Secr\u00e9taire d\u2019\u00c9tat d\u00e9couvre l\u2019EPMU\"}]},{\"@type\":\"WebSite\",\"@id\":\"https:\\\/\\\/contactfm72.fr\\\/#website\",\"url\":\"https:\\\/\\\/contactfm72.fr\\\/\",\"name\":\"Contact FM 99.3\",\"description\":\"Votre radio en vall\u00e9e du Loir\",\"publisher\":{\"@id\":\"https:\\\/\\\/contactfm72.fr\\\/#organization\"},\"potentialAction\":[{\"@type\":\"SearchAction\",\"target\":{\"@type\":\"EntryPoint\",\"urlTemplate\":\"https:\\\/\\\/contactfm72.fr\\\/?s={search_term_string}\"},\"query-input\":{\"@type\":\"PropertyValueSpecification\",\"valueRequired\":true,\"valueName\":\"search_term_string\"}}],\"inLanguage\":\"fr-FR\"},{\"@type\":\"Organization\",\"@id\":\"https:\\\/\\\/contactfm72.fr\\\/#organization\",\"name\":\"Contact FM 99.3\",\"url\":\"https:\\\/\\\/contactfm72.fr\\\/\",\"logo\":{\"@type\":\"ImageObject\",\"inLanguage\":\"fr-FR\",\"@id\":\"https:\\\/\\\/contactfm72.fr\\\/#\\\/schema\\\/logo\\\/image\\\/\",\"url\":\"https:\\\/\\\/contactfm72.fr\\\/wp-content\\\/uploads\\\/2025\\\/04\\\/2025-04-18-2.jpg\",\"contentUrl\":\"https:\\\/\\\/contactfm72.fr\\\/wp-content\\\/uploads\\\/2025\\\/04\\\/2025-04-18-2.jpg\",\"width\":680,\"height\":307,\"caption\":\"Contact FM 99.3\"},\"image\":{\"@id\":\"https:\\\/\\\/contactfm72.fr\\\/#\\\/schema\\\/logo\\\/image\\\/\"},\"sameAs\":[\"https:\\\/\\\/www.facebook.com\\\/Contactfm.Chateauduloir\",\"https:\\\/\\\/x.com\\\/contactfm72\",\"https:\\\/\\\/www.instagram.com\\\/contact.fm.72?igsh=cGhlMHQ5N2JlNnpp\",\"https:\\\/\\\/www.tiktok.com\\\/@contact.fm\"]},{\"@type\":\"Person\",\"@id\":\"https:\\\/\\\/contactfm72.fr\\\/#\\\/schema\\\/person\\\/9fdc9d1c2eb029354a4f1535b90ba82d\",\"name\":\"Val\u00e9rie C.\",\"image\":{\"@type\":\"ImageObject\",\"inLanguage\":\"fr-FR\",\"@id\":\"https:\\\/\\\/secure.gravatar.com\\\/avatar\\\/2f8aa28f8dfbd7d4420afd1fdcdd0a349923e2c8a38ab28198b0f9d0601e4737?s=96&d=mm&r=g\",\"url\":\"https:\\\/\\\/secure.gravatar.com\\\/avatar\\\/2f8aa28f8dfbd7d4420afd1fdcdd0a349923e2c8a38ab28198b0f9d0601e4737?s=96&d=mm&r=g\",\"contentUrl\":\"https:\\\/\\\/secure.gravatar.com\\\/avatar\\\/2f8aa28f8dfbd7d4420afd1fdcdd0a349923e2c8a38ab28198b0f9d0601e4737?s=96&d=mm&r=g\",\"caption\":\"Val\u00e9rie C.\"},\"url\":\"https:\\\/\\\/contactfm72.fr\\\/?author=4\"}]}<\/script>\n<!-- \/ Yoast SEO plugin. -->","yoast_head_json":{"title":"Sarthe. Le Secr\u00e9taire d\u2019\u00c9tat d\u00e9couvre l\u2019EPMU - Contact FM 99.3","robots":{"index":"index","follow":"follow","max-snippet":"max-snippet:-1","max-image-preview":"max-image-preview:large","max-video-preview":"max-video-preview:-1"},"canonical":"https:\/\/contactfm72.fr\/?p=8752","og_locale":"fr_FR","og_type":"article","og_title":"Sarthe. Le Secr\u00e9taire d\u2019\u00c9tat d\u00e9couvre l\u2019EPMU - Contact FM 99.3","og_description":"En visite dans le Sud-Sarthe le jeudi 17 f\u00e9vrier, Jo\u00ebl Giraud, Secr\u00e9taire d\u2019\u00c9tat aupr\u00e8s de la ministre de la Coh\u00e9sion des territoires et des Relations avec les collectivit\u00e9s territoriales charg\u00e9 de la Ruralit\u00e9, est venu d\u00e9couvrir l\u2019\u00e9quipe param\u00e9dicale d\u2019urgences bas\u00e9e \u00e0 l\u2019h\u00f4pital de Ch\u00e2teau-du-Loir. &nbsp; Membre du gouvernement, Jo\u00ebl Giraud \u00e9tait en visite dans la&hellip;","og_url":"https:\/\/contactfm72.fr\/?p=8752","og_site_name":"Contact FM 99.3","article_publisher":"https:\/\/www.facebook.com\/Contactfm.Chateauduloir","article_published_time":"2022-02-18T11:30:35+00:00","article_modified_time":"2022-09-12T13:15:19+00:00","og_image":[{"width":2048,"height":1536,"url":"https:\/\/contactfm72.fr\/wp-content\/uploads\/2022\/02\/SE-PFP.jpg","type":"image\/jpeg"}],"author":"Val\u00e9rie C.","twitter_card":"summary_large_image","twitter_creator":"@contactfm72","twitter_site":"@contactfm72","twitter_misc":{"\u00c9crit par":"Val\u00e9rie C.","Dur\u00e9e de lecture estim\u00e9e":"2 minutes"},"schema":{"@context":"https:\/\/schema.org","@graph":[{"@type":"Article","@id":"https:\/\/contactfm72.fr\/?p=8752#article","isPartOf":{"@id":"https:\/\/contactfm72.fr\/?p=8752"},"author":{"name":"Val\u00e9rie C.","@id":"https:\/\/contactfm72.fr\/#\/schema\/person\/9fdc9d1c2eb029354a4f1535b90ba82d"},"headline":"Sarthe. Le Secr\u00e9taire d\u2019\u00c9tat d\u00e9couvre l\u2019EPMU","datePublished":"2022-02-18T11:30:35+00:00","dateModified":"2022-09-12T13:15:19+00:00","mainEntityOfPage":{"@id":"https:\/\/contactfm72.fr\/?p=8752"},"wordCount":439,"publisher":{"@id":"https:\/\/contactfm72.fr\/#organization"},"image":{"@id":"https:\/\/contactfm72.fr\/?p=8752#primaryimage"},"thumbnailUrl":"https:\/\/contactfm72.fr\/wp-content\/uploads\/2022\/02\/SE-PFP.jpg","articleSection":["Contact FM 72"],"inLanguage":"fr-FR"},{"@type":"WebPage","@id":"https:\/\/contactfm72.fr\/?p=8752","url":"https:\/\/contactfm72.fr\/?p=8752","name":"Sarthe. Le Secr\u00e9taire d\u2019\u00c9tat d\u00e9couvre l\u2019EPMU - Contact FM 99.3","isPartOf":{"@id":"https:\/\/contactfm72.fr\/#website"},"primaryImageOfPage":{"@id":"https:\/\/contactfm72.fr\/?p=8752#primaryimage"},"image":{"@id":"https:\/\/contactfm72.fr\/?p=8752#primaryimage"},"thumbnailUrl":"https:\/\/contactfm72.fr\/wp-content\/uploads\/2022\/02\/SE-PFP.jpg","datePublished":"2022-02-18T11:30:35+00:00","dateModified":"2022-09-12T13:15:19+00:00","breadcrumb":{"@id":"https:\/\/contactfm72.fr\/?p=8752#breadcrumb"},"inLanguage":"fr-FR","potentialAction":[{"@type":"ReadAction","target":["https:\/\/contactfm72.fr\/?p=8752"]}]},{"@type":"ImageObject","inLanguage":"fr-FR","@id":"https:\/\/contactfm72.fr\/?p=8752#primaryimage","url":"https:\/\/contactfm72.fr\/wp-content\/uploads\/2022\/02\/SE-PFP.jpg","contentUrl":"https:\/\/contactfm72.fr\/wp-content\/uploads\/2022\/02\/SE-PFP.jpg","width":2048,"height":1536,"caption":"Jo\u00ebl Giraud et Pascale Fontenel Personne."},{"@type":"BreadcrumbList","@id":"https:\/\/contactfm72.fr\/?p=8752#breadcrumb","itemListElement":[{"@type":"ListItem","position":1,"name":"Accueil","item":"https:\/\/contactfm72.fr\/"},{"@type":"ListItem","position":2,"name":"Sarthe. Le Secr\u00e9taire d\u2019\u00c9tat d\u00e9couvre l\u2019EPMU"}]},{"@type":"WebSite","@id":"https:\/\/contactfm72.fr\/#website","url":"https:\/\/contactfm72.fr\/","name":"Contact FM 99.3","description":"Votre radio en vall\u00e9e du Loir","publisher":{"@id":"https:\/\/contactfm72.fr\/#organization"},"potentialAction":[{"@type":"SearchAction","target":{"@type":"EntryPoint","urlTemplate":"https:\/\/contactfm72.fr\/?s={search_term_string}"},"query-input":{"@type":"PropertyValueSpecification","valueRequired":true,"valueName":"search_term_string"}}],"inLanguage":"fr-FR"},{"@type":"Organization","@id":"https:\/\/contactfm72.fr\/#organization","name":"Contact FM 99.3","url":"https:\/\/contactfm72.fr\/","logo":{"@type":"ImageObject","inLanguage":"fr-FR","@id":"https:\/\/contactfm72.fr\/#\/schema\/logo\/image\/","url":"https:\/\/contactfm72.fr\/wp-content\/uploads\/2025\/04\/2025-04-18-2.jpg","contentUrl":"https:\/\/contactfm72.fr\/wp-content\/uploads\/2025\/04\/2025-04-18-2.jpg","width":680,"height":307,"caption":"Contact FM 99.3"},"image":{"@id":"https:\/\/contactfm72.fr\/#\/schema\/logo\/image\/"},"sameAs":["https:\/\/www.facebook.com\/Contactfm.Chateauduloir","https:\/\/x.com\/contactfm72","https:\/\/www.instagram.com\/contact.fm.72?igsh=cGhlMHQ5N2JlNnpp","https:\/\/www.tiktok.com\/@contact.fm"]},{"@type":"Person","@id":"https:\/\/contactfm72.fr\/#\/schema\/person\/9fdc9d1c2eb029354a4f1535b90ba82d","name":"Val\u00e9rie C.","image":{"@type":"ImageObject","inLanguage":"fr-FR","@id":"https:\/\/secure.gravatar.com\/avatar\/2f8aa28f8dfbd7d4420afd1fdcdd0a349923e2c8a38ab28198b0f9d0601e4737?s=96&d=mm&r=g","url":"https:\/\/secure.gravatar.com\/avatar\/2f8aa28f8dfbd7d4420afd1fdcdd0a349923e2c8a38ab28198b0f9d0601e4737?s=96&d=mm&r=g","contentUrl":"https:\/\/secure.gravatar.com\/avatar\/2f8aa28f8dfbd7d4420afd1fdcdd0a349923e2c8a38ab28198b0f9d0601e4737?s=96&d=mm&r=g","caption":"Val\u00e9rie C."},"url":"https:\/\/contactfm72.fr\/?author=4"}]}},"_links":{"self":[{"href":"https:\/\/contactfm72.fr\/index.php?rest_route=\/wp\/v2\/posts\/8752","targetHints":{"allow":["GET"]}}],"collection":[{"href":"https:\/\/contactfm72.fr\/index.php?rest_route=\/wp\/v2\/posts"}],"about":[{"href":"https:\/\/contactfm72.fr\/index.php?rest_route=\/wp\/v2\/types\/post"}],"author":[{"embeddable":true,"href":"https:\/\/contactfm72.fr\/index.php?rest_route=\/wp\/v2\/users\/4"}],"replies":[{"embeddable":true,"href":"https:\/\/contactfm72.fr\/index.php?rest_route=%2Fwp%2Fv2%2Fcomments&post=8752"}],"version-history":[{"count":2,"href":"https:\/\/contactfm72.fr\/index.php?rest_route=\/wp\/v2\/posts\/8752\/revisions"}],"predecessor-version":[{"id":11007,"href":"https:\/\/contactfm72.fr\/index.php?rest_route=\/wp\/v2\/posts\/8752\/revisions\/11007"}],"wp:featuredmedia":[{"embeddable":true,"href":"https:\/\/contactfm72.fr\/index.php?rest_route=\/wp\/v2\/media\/8755"}],"wp:attachment":[{"href":"https:\/\/contactfm72.fr\/index.php?rest_route=%2Fwp%2Fv2%2Fmedia&parent=8752"}],"wp:term":[{"taxonomy":"category","embeddable":true,"href":"https:\/\/contactfm72.fr\/index.php?rest_route=%2Fwp%2Fv2%2Fcategories&post=8752"},{"taxonomy":"post_tag","embeddable":true,"href":"https:\/\/contactfm72.fr\/index.php?rest_route=%2Fwp%2Fv2%2Ftags&post=8752"}],"curies":[{"name":"wp","href":"https:\/\/api.w.org\/{rel}","templated":true}]}}