{"id":8740,"date":"2022-02-17T15:15:20","date_gmt":"2022-02-17T14:15:20","guid":{"rendered":"http:\/\/contactfm72.fr\/?p=8740"},"modified":"2022-02-17T14:50:05","modified_gmt":"2022-02-17T13:50:05","slug":"jeunes-mactiv-aller-a-la-rencontre-des-invisibles","status":"publish","type":"post","link":"https:\/\/contactfm72.fr\/?p=8740","title":{"rendered":"\u00ab Jeunes m\u2019activ \u00bb : aller \u00e0 la rencontre des \u00ab invisibles \u00bb"},"content":{"rendered":"<h2>Coordonn\u00e9 par la Mission locale Sarthe et Loir, le projet Jeunes m\u2019activ regroupe un consortium d\u2019acteurs locaux dont les cinq communaut\u00e9s de communes du sud de la Sarthe, les associations Unis Cit\u00e9, Nelson Mandela, La Croix-Rouge et Carbur\u2019Pera. Le but est de rep\u00e9rer les jeunes \u00ab invisibles \u00bb et de les aider \u00e0 se r\u00e9int\u00e9grer \u00e0 la soci\u00e9t\u00e9.<\/h2>\n<p>&nbsp;<\/p>\n<p>C\u2019est un projet de territoire de grande envergure. Les <strong>cinq communaut\u00e9s de communes du sud de la Sarthe<\/strong>, de Montval-sur-Loir \u00e0 Br\u00fblon, portent ensemble le projet <strong>Jeunes m\u2019activ<\/strong>, en collaboration avec l\u2019\u00e9quipe communautaire des <strong>Points Informations Jeunes<\/strong> (<a href=\"https:\/\/www.infos-jeunes.fr\/carte-du-reseau-information-jeunesse\/info-jeunes-cdc-sud-sarthe?iframe=1\">PIJ<\/a>) et les<strong> Locaux Jeunes<\/strong> des territoires.<\/p>\n<p><strong>\u00a0<\/strong><\/p>\n<h3>Rendre visibles les \u00ab\u00a0invisibles\u00a0\u00bb<\/h3>\n<p>Le projet\u00a0Jeunes m\u2019activ a \u00e9t\u00e9 lanc\u00e9 par l\u2019\u00c9tat avec pour ambition d\u2019aller <strong>\u00e0 la rencontre des 15-30 ans<\/strong> <strong>sans emploi, qui ne sont pas en \u00e9tudes, ou en formation<\/strong>.<\/p>\n<p><strong>Pierre Ouvrard, vice-pr\u00e9sident<\/strong> en charge de la commission coh\u00e9sion sociale &amp; jeunesse de la communaut\u00e9 de communes Sud-Sarthe explique\u00a0: \u00ab\u00a0l\u2019int\u00e9r\u00eat est de <strong>mutualiser<\/strong> les moyens et les exp\u00e9riences de toutes les communaut\u00e9s de communes. On pourra ainsi <strong>r\u00e9pondre aux besoins et envies<\/strong> de plus de jeunes \u00bb.<\/p>\n<p>L&#8217;objectif du projet, d&#8217;une dur\u00e9e de deux ans, est de<strong> rep\u00e9rer 600 jeunes entre 15 et 30 ans<\/strong>.<\/p>\n<p>&nbsp;<\/p>\n<blockquote><p>\u00ab\u00a0Il faut rep\u00e9rer ces jeunes qui sont en total d\u00e9crochage du monde du travail, des \u00e9tudes, mais qui peuvent aussi avoir des probl\u00e8mes familiaux. Les <strong>parcours de vie sont totalement diff\u00e9rents<\/strong>. Il faut les aider \u00e0 reprendre confiance en eux, et ensuite leur <strong>proposer des solutions<\/strong> en ad\u00e9quation avec leurs envies et leurs besoins, en lien avec les <strong>Missions Locales<\/strong> \u00bb, fait savoir <strong>Baptiste Jean, animateur PIJ et directeur jeunesse<\/strong> de la communaut\u00e9 de communes Sud-Sarthe.<\/p><\/blockquote>\n<p>&nbsp;<\/p>\n<h3>Activit\u00e9s et camion am\u00e9nag\u00e9<\/h3>\n<p>Pour pouvoir se faire conna\u00eetre et ainsi esp\u00e9rer rep\u00e9rer ces jeunes, les communaut\u00e9s de communes ont investi dans un <strong>camping-car am\u00e9nag\u00e9<\/strong>, qui sera \u00e0 l\u2019avenir, modernis\u00e9. Ce camion sillonnera tout le territoire. Avec ce camping-car, l\u2019id\u00e9e est de se d\u00e9placer au plus pr\u00e8s des jeunes dans la rue : \u00ab On veut vraiment <strong>aller \u00e0 leur rencontre<\/strong>, faire ce travail de d\u00e9placement vers eux \u00bb, informe <strong>Elodie Blanche, une des animatrices<\/strong> du projet.<\/p>\n<p>Dans ce sens, des <strong>activit\u00e9s<\/strong> seront organis\u00e9es, comme des <strong>concerts<\/strong>, ou des <strong>journ\u00e9es aux plans d\u2019eau de Mansign\u00e9 ou de la Fl\u00e8che<\/strong>. \u00ab\u00a0On a pour ambition de faire du <strong>porte-\u00e0-porte<\/strong> aussi, avec nos volontaires en service civique, recrut\u00e9s pour nous \u00e9pauler. On poursuit nos<strong> caf\u00e9s-rencontres<\/strong> \u00e9galement \u00bb, poursuit l\u2019animatrice.<\/p>\n<p>&nbsp;<\/p>\n<h3>Et apr\u00e8s\u00a0?<\/h3>\n<p>Une fois rep\u00e9r\u00e9s, les jeunes seront donc aiguill\u00e9s vers des dispositifs, selon leurs besoins, envies, et attentes.<\/p>\n<blockquote><p>\u00ab Ils auront toujours les PIJ de Mayet, du Lude, ou encore d\u2019Yvr\u00e9-le-Polin pour leur proposer des solutions sur le secteur de la communaut\u00e9 de communes Sud-Sarthe. Il y a \u00e9galement le <strong>permis citoyen<\/strong>, qui permet de les aider \u00e0 financer leur permis de conduire. On peut \u00e9galement les aider \u00e0<strong> trouver un logement<\/strong> \u00bb, continue Elodie Blanche.<\/p><\/blockquote>\n<p>&nbsp;<\/p>\n<h3>Travail ambitieux<\/h3>\n<p>Ce projet a pour objectif de rep\u00e9rer 600 jeunes, sur une dur\u00e9e de deux ans.<\/p>\n<p>\u00ab\u00a0Un travail ambitieux\u00a0\u00bb, r\u00e9sume le vice-pr\u00e9sident. \u00ab\u00a0On ne les conna\u00eet pas ces jeunes, c\u2019est le principe m\u00eame des \u00ab\u00a0invisibles\u00a0\u00bb. Les <strong>chiffres du recensement<\/strong> nous indiquent un total<strong> plus ou moins de 2400 jeunes<\/strong> \u00ab invisibles \u00bb. Si nous arrivons \u00e0 franchir la barre des 600 jeunes aid\u00e9s, c\u2019est r\u00e9ussi \u00bb.<\/p>\n<p>&nbsp;<\/p>\n<h5>Pour plus d&#8217;informations: Elodie Blanche, animatrice Jeunes m&#8217;activ. 07 65 18 52 89, ou e.blanche@ml-sartheloir.fr<\/h5>\n<!-- AddThis Advanced Settings generic via filter on the_content --><!-- AddThis Share Buttons generic via filter on the_content -->","protected":false},"excerpt":{"rendered":"<p>Coordonn\u00e9 par la Mission locale Sarthe et Loir, le projet Jeunes m\u2019activ regroupe un consortium d\u2019acteurs locaux dont les cinq communaut\u00e9s de communes du sud de la Sarthe, les associations Unis Cit\u00e9, Nelson Mandela, La Croix-Rouge et Carbur\u2019Pera. Le but est de rep\u00e9rer les jeunes \u00ab invisibles \u00bb et de les aider \u00e0 se r\u00e9int\u00e9grer&hellip;<!-- AddThis Advanced Settings generic via filter on get_the_excerpt --><!-- AddThis Share Buttons generic via filter on get_the_excerpt --><\/p>\n","protected":false},"author":4,"featured_media":8741,"comment_status":"closed","ping_status":"open","sticky":false,"template":"","format":"standard","meta":{"footnotes":""},"categories":[1],"tags":[],"class_list":["post-8740","post","type-post","status-publish","format-standard","has-post-thumbnail","hentry","category-contact-fm-72","category-1","description-off"],"yoast_head":"<!-- This site is optimized with the Yoast SEO plugin v27.4 - https:\/\/yoast.com\/product\/yoast-seo-wordpress\/ -->\n<title>\u00ab Jeunes m\u2019activ \u00bb : aller \u00e0 la rencontre des \u00ab invisibles \u00bb - Contact FM 99.3<\/title>\n<meta name=\"robots\" content=\"index, follow, max-snippet:-1, max-image-preview:large, max-video-preview:-1\" \/>\n<link rel=\"canonical\" href=\"https:\/\/contactfm72.fr\/?p=8740\" \/>\n<meta property=\"og:locale\" content=\"fr_FR\" \/>\n<meta property=\"og:type\" content=\"article\" \/>\n<meta property=\"og:title\" content=\"\u00ab Jeunes m\u2019activ \u00bb : aller \u00e0 la rencontre des \u00ab invisibles \u00bb - Contact FM 99.3\" \/>\n<meta property=\"og:description\" content=\"Coordonn\u00e9 par la Mission locale Sarthe et Loir, le projet Jeunes m\u2019activ regroupe un consortium d\u2019acteurs locaux dont les cinq communaut\u00e9s de communes du sud de la Sarthe, les associations Unis Cit\u00e9, Nelson Mandela, La Croix-Rouge et Carbur\u2019Pera. Le but est de rep\u00e9rer les jeunes \u00ab invisibles \u00bb et de les aider \u00e0 se r\u00e9int\u00e9grer&hellip;\" \/>\n<meta property=\"og:url\" content=\"https:\/\/contactfm72.fr\/?p=8740\" \/>\n<meta property=\"og:site_name\" content=\"Contact FM 99.3\" \/>\n<meta property=\"article:publisher\" content=\"https:\/\/www.facebook.com\/Contactfm.Chateauduloir\" \/>\n<meta property=\"article:published_time\" content=\"2022-02-17T14:15:20+00:00\" \/>\n<meta property=\"og:image\" content=\"https:\/\/contactfm72.fr\/wp-content\/uploads\/2022\/02\/SS-jeunes-mactiv.jpg\" \/>\n\t<meta property=\"og:image:width\" content=\"2048\" \/>\n\t<meta property=\"og:image:height\" content=\"1536\" \/>\n\t<meta property=\"og:image:type\" content=\"image\/jpeg\" \/>\n<meta name=\"author\" content=\"Val\u00e9rie C.\" \/>\n<meta name=\"twitter:card\" content=\"summary_large_image\" \/>\n<meta name=\"twitter:creator\" content=\"@contactfm72\" \/>\n<meta name=\"twitter:site\" content=\"@contactfm72\" \/>\n<meta name=\"twitter:label1\" content=\"\u00c9crit par\" \/>\n\t<meta name=\"twitter:data1\" content=\"Val\u00e9rie C.\" \/>\n\t<meta name=\"twitter:label2\" content=\"Dur\u00e9e de lecture estim\u00e9e\" \/>\n\t<meta name=\"twitter:data2\" content=\"3 minutes\" \/>\n<script type=\"application\/ld+json\" class=\"yoast-schema-graph\">{\"@context\":\"https:\\\/\\\/schema.org\",\"@graph\":[{\"@type\":\"Article\",\"@id\":\"https:\\\/\\\/contactfm72.fr\\\/?p=8740#article\",\"isPartOf\":{\"@id\":\"https:\\\/\\\/contactfm72.fr\\\/?p=8740\"},\"author\":{\"name\":\"Val\u00e9rie C.\",\"@id\":\"https:\\\/\\\/contactfm72.fr\\\/#\\\/schema\\\/person\\\/9fdc9d1c2eb029354a4f1535b90ba82d\"},\"headline\":\"\u00ab Jeunes m\u2019activ \u00bb : aller \u00e0 la rencontre des \u00ab invisibles \u00bb\",\"datePublished\":\"2022-02-17T14:15:20+00:00\",\"mainEntityOfPage\":{\"@id\":\"https:\\\/\\\/contactfm72.fr\\\/?p=8740\"},\"wordCount\":618,\"publisher\":{\"@id\":\"https:\\\/\\\/contactfm72.fr\\\/#organization\"},\"image\":{\"@id\":\"https:\\\/\\\/contactfm72.fr\\\/?p=8740#primaryimage\"},\"thumbnailUrl\":\"https:\\\/\\\/contactfm72.fr\\\/wp-content\\\/uploads\\\/2022\\\/02\\\/SS-jeunes-mactiv.jpg\",\"articleSection\":[\"Contact FM 72\"],\"inLanguage\":\"fr-FR\"},{\"@type\":\"WebPage\",\"@id\":\"https:\\\/\\\/contactfm72.fr\\\/?p=8740\",\"url\":\"https:\\\/\\\/contactfm72.fr\\\/?p=8740\",\"name\":\"\u00ab Jeunes m\u2019activ \u00bb : aller \u00e0 la rencontre des \u00ab invisibles \u00bb - Contact FM 99.3\",\"isPartOf\":{\"@id\":\"https:\\\/\\\/contactfm72.fr\\\/#website\"},\"primaryImageOfPage\":{\"@id\":\"https:\\\/\\\/contactfm72.fr\\\/?p=8740#primaryimage\"},\"image\":{\"@id\":\"https:\\\/\\\/contactfm72.fr\\\/?p=8740#primaryimage\"},\"thumbnailUrl\":\"https:\\\/\\\/contactfm72.fr\\\/wp-content\\\/uploads\\\/2022\\\/02\\\/SS-jeunes-mactiv.jpg\",\"datePublished\":\"2022-02-17T14:15:20+00:00\",\"breadcrumb\":{\"@id\":\"https:\\\/\\\/contactfm72.fr\\\/?p=8740#breadcrumb\"},\"inLanguage\":\"fr-FR\",\"potentialAction\":[{\"@type\":\"ReadAction\",\"target\":[\"https:\\\/\\\/contactfm72.fr\\\/?p=8740\"]}]},{\"@type\":\"ImageObject\",\"inLanguage\":\"fr-FR\",\"@id\":\"https:\\\/\\\/contactfm72.fr\\\/?p=8740#primaryimage\",\"url\":\"https:\\\/\\\/contactfm72.fr\\\/wp-content\\\/uploads\\\/2022\\\/02\\\/SS-jeunes-mactiv.jpg\",\"contentUrl\":\"https:\\\/\\\/contactfm72.fr\\\/wp-content\\\/uploads\\\/2022\\\/02\\\/SS-jeunes-mactiv.jpg\",\"width\":2048,\"height\":1536,\"caption\":\"Pierre Ouvrard, Baptiste Jean, Elodie Blanche, Ambre et Daisy, volontaires en service civique.\"},{\"@type\":\"BreadcrumbList\",\"@id\":\"https:\\\/\\\/contactfm72.fr\\\/?p=8740#breadcrumb\",\"itemListElement\":[{\"@type\":\"ListItem\",\"position\":1,\"name\":\"Accueil\",\"item\":\"https:\\\/\\\/contactfm72.fr\\\/\"},{\"@type\":\"ListItem\",\"position\":2,\"name\":\"\u00ab Jeunes m\u2019activ \u00bb : aller \u00e0 la rencontre des \u00ab invisibles \u00bb\"}]},{\"@type\":\"WebSite\",\"@id\":\"https:\\\/\\\/contactfm72.fr\\\/#website\",\"url\":\"https:\\\/\\\/contactfm72.fr\\\/\",\"name\":\"Contact FM 99.3\",\"description\":\"Votre radio en vall\u00e9e du Loir\",\"publisher\":{\"@id\":\"https:\\\/\\\/contactfm72.fr\\\/#organization\"},\"potentialAction\":[{\"@type\":\"SearchAction\",\"target\":{\"@type\":\"EntryPoint\",\"urlTemplate\":\"https:\\\/\\\/contactfm72.fr\\\/?s={search_term_string}\"},\"query-input\":{\"@type\":\"PropertyValueSpecification\",\"valueRequired\":true,\"valueName\":\"search_term_string\"}}],\"inLanguage\":\"fr-FR\"},{\"@type\":\"Organization\",\"@id\":\"https:\\\/\\\/contactfm72.fr\\\/#organization\",\"name\":\"Contact FM 99.3\",\"url\":\"https:\\\/\\\/contactfm72.fr\\\/\",\"logo\":{\"@type\":\"ImageObject\",\"inLanguage\":\"fr-FR\",\"@id\":\"https:\\\/\\\/contactfm72.fr\\\/#\\\/schema\\\/logo\\\/image\\\/\",\"url\":\"https:\\\/\\\/contactfm72.fr\\\/wp-content\\\/uploads\\\/2025\\\/04\\\/2025-04-18-2.jpg\",\"contentUrl\":\"https:\\\/\\\/contactfm72.fr\\\/wp-content\\\/uploads\\\/2025\\\/04\\\/2025-04-18-2.jpg\",\"width\":680,\"height\":307,\"caption\":\"Contact FM 99.3\"},\"image\":{\"@id\":\"https:\\\/\\\/contactfm72.fr\\\/#\\\/schema\\\/logo\\\/image\\\/\"},\"sameAs\":[\"https:\\\/\\\/www.facebook.com\\\/Contactfm.Chateauduloir\",\"https:\\\/\\\/x.com\\\/contactfm72\",\"https:\\\/\\\/www.instagram.com\\\/contact.fm.72?igsh=cGhlMHQ5N2JlNnpp\",\"https:\\\/\\\/www.tiktok.com\\\/@contact.fm\"]},{\"@type\":\"Person\",\"@id\":\"https:\\\/\\\/contactfm72.fr\\\/#\\\/schema\\\/person\\\/9fdc9d1c2eb029354a4f1535b90ba82d\",\"name\":\"Val\u00e9rie C.\",\"image\":{\"@type\":\"ImageObject\",\"inLanguage\":\"fr-FR\",\"@id\":\"https:\\\/\\\/secure.gravatar.com\\\/avatar\\\/2f8aa28f8dfbd7d4420afd1fdcdd0a349923e2c8a38ab28198b0f9d0601e4737?s=96&d=mm&r=g\",\"url\":\"https:\\\/\\\/secure.gravatar.com\\\/avatar\\\/2f8aa28f8dfbd7d4420afd1fdcdd0a349923e2c8a38ab28198b0f9d0601e4737?s=96&d=mm&r=g\",\"contentUrl\":\"https:\\\/\\\/secure.gravatar.com\\\/avatar\\\/2f8aa28f8dfbd7d4420afd1fdcdd0a349923e2c8a38ab28198b0f9d0601e4737?s=96&d=mm&r=g\",\"caption\":\"Val\u00e9rie C.\"},\"url\":\"https:\\\/\\\/contactfm72.fr\\\/?author=4\"}]}<\/script>\n<!-- \/ Yoast SEO plugin. -->","yoast_head_json":{"title":"\u00ab Jeunes m\u2019activ \u00bb : aller \u00e0 la rencontre des \u00ab invisibles \u00bb - Contact FM 99.3","robots":{"index":"index","follow":"follow","max-snippet":"max-snippet:-1","max-image-preview":"max-image-preview:large","max-video-preview":"max-video-preview:-1"},"canonical":"https:\/\/contactfm72.fr\/?p=8740","og_locale":"fr_FR","og_type":"article","og_title":"\u00ab Jeunes m\u2019activ \u00bb : aller \u00e0 la rencontre des \u00ab invisibles \u00bb - Contact FM 99.3","og_description":"Coordonn\u00e9 par la Mission locale Sarthe et Loir, le projet Jeunes m\u2019activ regroupe un consortium d\u2019acteurs locaux dont les cinq communaut\u00e9s de communes du sud de la Sarthe, les associations Unis Cit\u00e9, Nelson Mandela, La Croix-Rouge et Carbur\u2019Pera. Le but est de rep\u00e9rer les jeunes \u00ab invisibles \u00bb et de les aider \u00e0 se r\u00e9int\u00e9grer&hellip;","og_url":"https:\/\/contactfm72.fr\/?p=8740","og_site_name":"Contact FM 99.3","article_publisher":"https:\/\/www.facebook.com\/Contactfm.Chateauduloir","article_published_time":"2022-02-17T14:15:20+00:00","og_image":[{"width":2048,"height":1536,"url":"https:\/\/contactfm72.fr\/wp-content\/uploads\/2022\/02\/SS-jeunes-mactiv.jpg","type":"image\/jpeg"}],"author":"Val\u00e9rie C.","twitter_card":"summary_large_image","twitter_creator":"@contactfm72","twitter_site":"@contactfm72","twitter_misc":{"\u00c9crit par":"Val\u00e9rie C.","Dur\u00e9e de lecture estim\u00e9e":"3 minutes"},"schema":{"@context":"https:\/\/schema.org","@graph":[{"@type":"Article","@id":"https:\/\/contactfm72.fr\/?p=8740#article","isPartOf":{"@id":"https:\/\/contactfm72.fr\/?p=8740"},"author":{"name":"Val\u00e9rie C.","@id":"https:\/\/contactfm72.fr\/#\/schema\/person\/9fdc9d1c2eb029354a4f1535b90ba82d"},"headline":"\u00ab Jeunes m\u2019activ \u00bb : aller \u00e0 la rencontre des \u00ab invisibles \u00bb","datePublished":"2022-02-17T14:15:20+00:00","mainEntityOfPage":{"@id":"https:\/\/contactfm72.fr\/?p=8740"},"wordCount":618,"publisher":{"@id":"https:\/\/contactfm72.fr\/#organization"},"image":{"@id":"https:\/\/contactfm72.fr\/?p=8740#primaryimage"},"thumbnailUrl":"https:\/\/contactfm72.fr\/wp-content\/uploads\/2022\/02\/SS-jeunes-mactiv.jpg","articleSection":["Contact FM 72"],"inLanguage":"fr-FR"},{"@type":"WebPage","@id":"https:\/\/contactfm72.fr\/?p=8740","url":"https:\/\/contactfm72.fr\/?p=8740","name":"\u00ab Jeunes m\u2019activ \u00bb : aller \u00e0 la rencontre des \u00ab invisibles \u00bb - Contact FM 99.3","isPartOf":{"@id":"https:\/\/contactfm72.fr\/#website"},"primaryImageOfPage":{"@id":"https:\/\/contactfm72.fr\/?p=8740#primaryimage"},"image":{"@id":"https:\/\/contactfm72.fr\/?p=8740#primaryimage"},"thumbnailUrl":"https:\/\/contactfm72.fr\/wp-content\/uploads\/2022\/02\/SS-jeunes-mactiv.jpg","datePublished":"2022-02-17T14:15:20+00:00","breadcrumb":{"@id":"https:\/\/contactfm72.fr\/?p=8740#breadcrumb"},"inLanguage":"fr-FR","potentialAction":[{"@type":"ReadAction","target":["https:\/\/contactfm72.fr\/?p=8740"]}]},{"@type":"ImageObject","inLanguage":"fr-FR","@id":"https:\/\/contactfm72.fr\/?p=8740#primaryimage","url":"https:\/\/contactfm72.fr\/wp-content\/uploads\/2022\/02\/SS-jeunes-mactiv.jpg","contentUrl":"https:\/\/contactfm72.fr\/wp-content\/uploads\/2022\/02\/SS-jeunes-mactiv.jpg","width":2048,"height":1536,"caption":"Pierre Ouvrard, Baptiste Jean, Elodie Blanche, Ambre et Daisy, volontaires en service civique."},{"@type":"BreadcrumbList","@id":"https:\/\/contactfm72.fr\/?p=8740#breadcrumb","itemListElement":[{"@type":"ListItem","position":1,"name":"Accueil","item":"https:\/\/contactfm72.fr\/"},{"@type":"ListItem","position":2,"name":"\u00ab Jeunes m\u2019activ \u00bb : aller \u00e0 la rencontre des \u00ab invisibles \u00bb"}]},{"@type":"WebSite","@id":"https:\/\/contactfm72.fr\/#website","url":"https:\/\/contactfm72.fr\/","name":"Contact FM 99.3","description":"Votre radio en vall\u00e9e du Loir","publisher":{"@id":"https:\/\/contactfm72.fr\/#organization"},"potentialAction":[{"@type":"SearchAction","target":{"@type":"EntryPoint","urlTemplate":"https:\/\/contactfm72.fr\/?s={search_term_string}"},"query-input":{"@type":"PropertyValueSpecification","valueRequired":true,"valueName":"search_term_string"}}],"inLanguage":"fr-FR"},{"@type":"Organization","@id":"https:\/\/contactfm72.fr\/#organization","name":"Contact FM 99.3","url":"https:\/\/contactfm72.fr\/","logo":{"@type":"ImageObject","inLanguage":"fr-FR","@id":"https:\/\/contactfm72.fr\/#\/schema\/logo\/image\/","url":"https:\/\/contactfm72.fr\/wp-content\/uploads\/2025\/04\/2025-04-18-2.jpg","contentUrl":"https:\/\/contactfm72.fr\/wp-content\/uploads\/2025\/04\/2025-04-18-2.jpg","width":680,"height":307,"caption":"Contact FM 99.3"},"image":{"@id":"https:\/\/contactfm72.fr\/#\/schema\/logo\/image\/"},"sameAs":["https:\/\/www.facebook.com\/Contactfm.Chateauduloir","https:\/\/x.com\/contactfm72","https:\/\/www.instagram.com\/contact.fm.72?igsh=cGhlMHQ5N2JlNnpp","https:\/\/www.tiktok.com\/@contact.fm"]},{"@type":"Person","@id":"https:\/\/contactfm72.fr\/#\/schema\/person\/9fdc9d1c2eb029354a4f1535b90ba82d","name":"Val\u00e9rie C.","image":{"@type":"ImageObject","inLanguage":"fr-FR","@id":"https:\/\/secure.gravatar.com\/avatar\/2f8aa28f8dfbd7d4420afd1fdcdd0a349923e2c8a38ab28198b0f9d0601e4737?s=96&d=mm&r=g","url":"https:\/\/secure.gravatar.com\/avatar\/2f8aa28f8dfbd7d4420afd1fdcdd0a349923e2c8a38ab28198b0f9d0601e4737?s=96&d=mm&r=g","contentUrl":"https:\/\/secure.gravatar.com\/avatar\/2f8aa28f8dfbd7d4420afd1fdcdd0a349923e2c8a38ab28198b0f9d0601e4737?s=96&d=mm&r=g","caption":"Val\u00e9rie C."},"url":"https:\/\/contactfm72.fr\/?author=4"}]}},"_links":{"self":[{"href":"https:\/\/contactfm72.fr\/index.php?rest_route=\/wp\/v2\/posts\/8740","targetHints":{"allow":["GET"]}}],"collection":[{"href":"https:\/\/contactfm72.fr\/index.php?rest_route=\/wp\/v2\/posts"}],"about":[{"href":"https:\/\/contactfm72.fr\/index.php?rest_route=\/wp\/v2\/types\/post"}],"author":[{"embeddable":true,"href":"https:\/\/contactfm72.fr\/index.php?rest_route=\/wp\/v2\/users\/4"}],"replies":[{"embeddable":true,"href":"https:\/\/contactfm72.fr\/index.php?rest_route=%2Fwp%2Fv2%2Fcomments&post=8740"}],"version-history":[{"count":3,"href":"https:\/\/contactfm72.fr\/index.php?rest_route=\/wp\/v2\/posts\/8740\/revisions"}],"predecessor-version":[{"id":8745,"href":"https:\/\/contactfm72.fr\/index.php?rest_route=\/wp\/v2\/posts\/8740\/revisions\/8745"}],"wp:featuredmedia":[{"embeddable":true,"href":"https:\/\/contactfm72.fr\/index.php?rest_route=\/wp\/v2\/media\/8741"}],"wp:attachment":[{"href":"https:\/\/contactfm72.fr\/index.php?rest_route=%2Fwp%2Fv2%2Fmedia&parent=8740"}],"wp:term":[{"taxonomy":"category","embeddable":true,"href":"https:\/\/contactfm72.fr\/index.php?rest_route=%2Fwp%2Fv2%2Fcategories&post=8740"},{"taxonomy":"post_tag","embeddable":true,"href":"https:\/\/contactfm72.fr\/index.php?rest_route=%2Fwp%2Fv2%2Ftags&post=8740"}],"curies":[{"name":"wp","href":"https:\/\/api.w.org\/{rel}","templated":true}]}}