{"id":8712,"date":"2022-02-16T10:30:29","date_gmt":"2022-02-16T09:30:29","guid":{"rendered":"http:\/\/contactfm72.fr\/?p=8712"},"modified":"2022-02-16T10:48:39","modified_gmt":"2022-02-16T09:48:39","slug":"loir-en-vallee-le-makerspace-nouvel-espace-pour-les-creatifs-ouvre-ses-portes","status":"publish","type":"post","link":"https:\/\/contactfm72.fr\/?p=8712","title":{"rendered":"Loir-en-Vall\u00e9e. Le makerspace, nouvel espace pour les cr\u00e9atifs, ouvre ses portes"},"content":{"rendered":"<h2>Le makerspace est le nouvel espace pour les esprits cr\u00e9atifs dans le Sud-Sarthe. Il est \u00e0 d\u00e9couvrir \u00e0 Loircowork, la maison de l\u2019\u00e9conomie et de l\u2019innovation, \u00e0 Loir-en-Vall\u00e9e, le samedi 19 f\u00e9vrier 2022.<\/h2>\n<p>&nbsp;<\/p>\n<p>G\u00e9r\u00e9 et anim\u00e9 par l\u2019association <strong>Eureka Lab<\/strong>, le <a href=\"https:\/\/www.eurekalab.fr\/\"><strong>makerspace<\/strong> <\/a>est<strong> h\u00e9berg\u00e9 au sein de <a href=\"https:\/\/www.loircowork.com\/\">Loircowork<\/a><\/strong>, la <strong>maison de l\u2019\u00e9conomie et de l\u2019innovation, \u00e0 Loir-en-Vall\u00e9e<\/strong>. Financ\u00e9 par la <strong>communaut\u00e9 de communes Loir-Luc\u00e9-Berc\u00e9<\/strong>, ce makerspace et Eureka Lab se feront conna\u00eetre au public le<strong> samedi 19 f\u00e9vrier de 14 h \u00e0 18 h<\/strong>.<\/p>\n<p>&nbsp;<\/p>\n<h3>C\u2019est quoi un makerspace\u00a0?<\/h3>\n<p>Un makerspace est un<strong> tiers-lieu<\/strong>, c&#8217;est-\u00e0-dire un <strong>espace collectif<\/strong> o\u00f9 se m\u00e9langent les <strong>esprits cr\u00e9atifs<\/strong> avec deux mots d\u2019ordre\u00a0: travail et loisir. Au makerspace de Loircowork, on y retrouve trois composants\u00a0: <strong>les machines-outils, le partage de connaissances, et la communaut\u00e9<\/strong>. L\u2019am\u00e9nagement de ce tout nouveau local s\u2019est finalis\u00e9 en f\u00e9vrier 2022. \u00ab\u00a0L\u2019objectif de l\u2019association Eureka Lab est de <strong>g\u00e9rer le lieu, les activit\u00e9s, l\u2019\u00e9quipe, et la mise \u00e0 disposition des machines<\/strong>\u00a0\u00bb, souligne <strong>Charlotte Mougeot, secr\u00e9taire d\u2019Eureka Lab<\/strong>.<\/p>\n<p>Le makerspace vise les <strong>particuliers<\/strong>, mais \u00e9galement les <strong>professionnels<\/strong>. \u00ab Nous aimerions collaborer avec les associations et les entreprises locales. Nous sommes donc \u00e0 la <strong>recherche de partenaires<\/strong> pour d\u00e9velopper nos futures activit\u00e9s \u00bb, pr\u00e9cise la secr\u00e9taire.<\/p>\n<p>&nbsp;<\/p>\n<h3>Quelles machines\u00a0propos\u00e9es ?<\/h3>\n<p><strong>Franck Froger est le pr\u00e9sident de l\u2019association<\/strong> et est en charge de la partie technique.<\/p>\n<p>Plusieurs machines sont \u00e0 la disposition des futurs cr\u00e9ateurs\u00a0: une <strong>fraiseuse num\u00e9rique<\/strong> pilot\u00e9e enti\u00e8rement par ordinateur. \u00ab\u00a0On travaille par enl\u00e8vement de copeaux, et donc uniquement avec des mat\u00e9riaux tendres\u00a0\u00bb, pr\u00e9cise Franck Froger. Une <strong>d\u00e9coupeuse<\/strong> est \u00e9galement \u00e0 disposition, un <strong>plotter<\/strong>, essentiellement utilis\u00e9 dans le domaine de la communication, <strong>quatre imprimantes 3D<\/strong> dont une<strong> imprimante r\u00e9sine liquide<\/strong> qui apporte beaucoup plus de pr\u00e9cision, une <strong>presse \u00e0 chaud<\/strong>, une <strong>brodeuse num\u00e9rique<\/strong> et divers mat\u00e9riels d\u2019atelier.<\/p>\n<blockquote><p>\u00ab\u00a0Nous tenons \u00e0 avoir une partie physique sur le num\u00e9rique, c&#8217;est-\u00e0-dire que nous voulons cr\u00e9er un objet physique gr\u00e2ce au num\u00e9rique\u00a0\u00bb, pr\u00e9cise Frank Froger.<\/p><\/blockquote>\n<p>&nbsp;<\/p>\n<h3>Des formations et des ateliers<\/h3>\n<p>L\u2019objectif d\u2019Eureka Lab est d\u2019apprendre \u00e0 ses adh\u00e9rents \u00e0 se servir de ces machines \u00e0 la <strong>pointe de la technologie<\/strong>. Pour se faire, des <strong>formations<\/strong> seront propos\u00e9es. Par exemple, pour utiliser la fraiseuse, quatre cours de deux heures sont au programme pour un co\u00fbt de 120 \u20ac. Pour apprendre \u00e0 se servir de la d\u00e9coupe laser, il faudra effectuer une formation de deux heures pour 30 \u20ac. Ces tarifs sont susceptibles d\u2019\u00e9voluer.<\/p>\n<p>Ces formations sont obligatoires notamment pour des raisons de s\u00e9curit\u00e9, pour bien s\u00fbr acqu\u00e9rir de l\u2019autonomie, pour permettre \u00e0 l\u2019association de payer les frais de fonctionnement et d\u2019achat de fourniture, et enfin pour apprendre un<strong> savoir-faire<\/strong>, l\u2019objectif premier de l\u2019association.<\/p>\n<blockquote><p>\u00ab\u00a0Nous visons la tendance du DIY, <strong>Do It Yourself<\/strong>. Nous mettrons en place des <strong>ateliers ludiques<\/strong>, bas\u00e9s sur le <strong>partage de connaissances<\/strong>. Au d\u00e9part, nous aiderons les personnes, mais nous visons vraiment <strong>l\u2019autonomie<\/strong>. Nous voulons que les personnes sachent utiliser les machines par elles-m\u00eames, et pourquoi pas, \u00e0 l\u2019avenir qu\u2019elles animent des ateliers \u00bb, informe Charlotte Mougeot.<\/p><\/blockquote>\n<p>Les futurs ateliers d\u00e9pendront donc des besoins et envies des futurs adh\u00e9rents.<\/p>\n<p>&nbsp;<\/p>\n<h3>\u00ab\u00a0Un r\u00e9el atout pour le territoire\u00a0\u00bb<\/h3>\n<p><strong>Denys Wissler, responsable du p\u00f4le d\u00e9veloppement \u00e9conomique et num\u00e9rique<\/strong> de Loir-Luc\u00e9-Berc\u00e9, souligne la qualit\u00e9 de ce makerspace :<\/p>\n<blockquote><p>\u00ab Eureka Lab apporte un <strong>r\u00e9el atout sur le territoire<\/strong>, une belle ad\u00e9quation dans la recherche et le d\u00e9veloppement. On constate une <strong>croissance \u00e9conomique<\/strong> bien plus sup\u00e9rieure \u00e0 la moyenne nationale sur notre territoire. Et la tendance se confirme puisque des usines cherchent \u00e0 revenir ici \u00bb.<\/p>\n<p>&nbsp;<\/p><\/blockquote>\n<p>&nbsp;<\/p>\n<h5>Les <strong>portes ouvertes<\/strong> de ce makerspace se d\u00e9rouleront le <strong>samedi 19 f\u00e9vrier, de 14 h \u00e0 18 h, \u00e0 Loircowork<\/strong>, maison de l\u2019e\u0301conomie et de l\u2019innovation. 4, all\u00e9e des Aulnes. Zone de L\u2019Auri\u00e8re \u2012 Ruill\u00e9-sur-Loir, 72340 Loir-en-Vall\u00e9e.<\/h5>\n<h5>Pour plus d\u2019informations\u00a0: <a href=\"mailto:eurekalab72@gmail.com\">eurekalab72@gmail.com<\/a>. Facebook\u00a0: <a href=\"https:\/\/www.facebook.com\/eurekalab72\">https:\/\/www.facebook.com\/eurekalab72<\/a>. Twitter: <a href=\"https:\/\/twitter.com\/EurekaLab72\">https:\/\/twitter.com\/EurekaLab72<\/a>. Ou encore <a href=\"https:\/\/www.eurekalab.fr\/\">https:\/\/www.eurekalab.fr\/<\/a><\/h5>\n<!-- AddThis Advanced Settings generic via filter on the_content --><!-- AddThis Share Buttons generic via filter on the_content -->","protected":false},"excerpt":{"rendered":"<p>Le makerspace est le nouvel espace pour les esprits cr\u00e9atifs dans le Sud-Sarthe. Il est \u00e0 d\u00e9couvrir \u00e0 Loircowork, la maison de l\u2019\u00e9conomie et de l\u2019innovation, \u00e0 Loir-en-Vall\u00e9e, le samedi 19 f\u00e9vrier 2022. &nbsp; G\u00e9r\u00e9 et anim\u00e9 par l\u2019association Eureka Lab, le makerspace est h\u00e9berg\u00e9 au sein de Loircowork, la maison de l\u2019\u00e9conomie et de&hellip;<!-- AddThis Advanced Settings generic via filter on get_the_excerpt --><!-- AddThis Share Buttons generic via filter on get_the_excerpt --><\/p>\n","protected":false},"author":4,"featured_media":8713,"comment_status":"closed","ping_status":"open","sticky":false,"template":"","format":"standard","meta":{"footnotes":""},"categories":[1],"tags":[],"class_list":["post-8712","post","type-post","status-publish","format-standard","has-post-thumbnail","hentry","category-contact-fm-72","category-1","description-off"],"yoast_head":"<!-- This site is optimized with the Yoast SEO plugin v27.4 - https:\/\/yoast.com\/product\/yoast-seo-wordpress\/ -->\n<title>Loir-en-Vall\u00e9e. Le makerspace, nouvel espace pour les cr\u00e9atifs, ouvre ses portes - Contact FM 99.3<\/title>\n<meta name=\"robots\" content=\"index, follow, max-snippet:-1, max-image-preview:large, max-video-preview:-1\" \/>\n<link rel=\"canonical\" href=\"https:\/\/contactfm72.fr\/?p=8712\" \/>\n<meta property=\"og:locale\" content=\"fr_FR\" \/>\n<meta property=\"og:type\" content=\"article\" \/>\n<meta property=\"og:title\" content=\"Loir-en-Vall\u00e9e. Le makerspace, nouvel espace pour les cr\u00e9atifs, ouvre ses portes - Contact FM 99.3\" \/>\n<meta property=\"og:description\" content=\"Le makerspace est le nouvel espace pour les esprits cr\u00e9atifs dans le Sud-Sarthe. Il est \u00e0 d\u00e9couvrir \u00e0 Loircowork, la maison de l\u2019\u00e9conomie et de l\u2019innovation, \u00e0 Loir-en-Vall\u00e9e, le samedi 19 f\u00e9vrier 2022. &nbsp; G\u00e9r\u00e9 et anim\u00e9 par l\u2019association Eureka Lab, le makerspace est h\u00e9berg\u00e9 au sein de Loircowork, la maison de l\u2019\u00e9conomie et de&hellip;\" \/>\n<meta property=\"og:url\" content=\"https:\/\/contactfm72.fr\/?p=8712\" \/>\n<meta property=\"og:site_name\" content=\"Contact FM 99.3\" \/>\n<meta property=\"article:publisher\" content=\"https:\/\/www.facebook.com\/Contactfm.Chateauduloir\" \/>\n<meta property=\"article:published_time\" content=\"2022-02-16T09:30:29+00:00\" \/>\n<meta property=\"article:modified_time\" content=\"2022-02-16T09:48:39+00:00\" \/>\n<meta property=\"og:image\" content=\"https:\/\/contactfm72.fr\/wp-content\/uploads\/2022\/02\/Eureka-Lab.jpg\" \/>\n\t<meta property=\"og:image:width\" content=\"2048\" \/>\n\t<meta property=\"og:image:height\" content=\"1536\" \/>\n\t<meta property=\"og:image:type\" content=\"image\/jpeg\" \/>\n<meta name=\"author\" content=\"Val\u00e9rie C.\" \/>\n<meta name=\"twitter:card\" content=\"summary_large_image\" \/>\n<meta name=\"twitter:creator\" content=\"@contactfm72\" \/>\n<meta name=\"twitter:site\" content=\"@contactfm72\" \/>\n<meta name=\"twitter:label1\" content=\"\u00c9crit par\" \/>\n\t<meta name=\"twitter:data1\" content=\"Val\u00e9rie C.\" \/>\n\t<meta name=\"twitter:label2\" content=\"Dur\u00e9e de lecture estim\u00e9e\" \/>\n\t<meta name=\"twitter:data2\" content=\"3 minutes\" \/>\n<script type=\"application\/ld+json\" class=\"yoast-schema-graph\">{\"@context\":\"https:\\\/\\\/schema.org\",\"@graph\":[{\"@type\":\"Article\",\"@id\":\"https:\\\/\\\/contactfm72.fr\\\/?p=8712#article\",\"isPartOf\":{\"@id\":\"https:\\\/\\\/contactfm72.fr\\\/?p=8712\"},\"author\":{\"name\":\"Val\u00e9rie C.\",\"@id\":\"https:\\\/\\\/contactfm72.fr\\\/#\\\/schema\\\/person\\\/9fdc9d1c2eb029354a4f1535b90ba82d\"},\"headline\":\"Loir-en-Vall\u00e9e. Le makerspace, nouvel espace pour les cr\u00e9atifs, ouvre ses portes\",\"datePublished\":\"2022-02-16T09:30:29+00:00\",\"dateModified\":\"2022-02-16T09:48:39+00:00\",\"mainEntityOfPage\":{\"@id\":\"https:\\\/\\\/contactfm72.fr\\\/?p=8712\"},\"wordCount\":714,\"publisher\":{\"@id\":\"https:\\\/\\\/contactfm72.fr\\\/#organization\"},\"image\":{\"@id\":\"https:\\\/\\\/contactfm72.fr\\\/?p=8712#primaryimage\"},\"thumbnailUrl\":\"https:\\\/\\\/contactfm72.fr\\\/wp-content\\\/uploads\\\/2022\\\/02\\\/Eureka-Lab.jpg\",\"articleSection\":[\"Contact FM 72\"],\"inLanguage\":\"fr-FR\"},{\"@type\":\"WebPage\",\"@id\":\"https:\\\/\\\/contactfm72.fr\\\/?p=8712\",\"url\":\"https:\\\/\\\/contactfm72.fr\\\/?p=8712\",\"name\":\"Loir-en-Vall\u00e9e. Le makerspace, nouvel espace pour les cr\u00e9atifs, ouvre ses portes - Contact FM 99.3\",\"isPartOf\":{\"@id\":\"https:\\\/\\\/contactfm72.fr\\\/#website\"},\"primaryImageOfPage\":{\"@id\":\"https:\\\/\\\/contactfm72.fr\\\/?p=8712#primaryimage\"},\"image\":{\"@id\":\"https:\\\/\\\/contactfm72.fr\\\/?p=8712#primaryimage\"},\"thumbnailUrl\":\"https:\\\/\\\/contactfm72.fr\\\/wp-content\\\/uploads\\\/2022\\\/02\\\/Eureka-Lab.jpg\",\"datePublished\":\"2022-02-16T09:30:29+00:00\",\"dateModified\":\"2022-02-16T09:48:39+00:00\",\"breadcrumb\":{\"@id\":\"https:\\\/\\\/contactfm72.fr\\\/?p=8712#breadcrumb\"},\"inLanguage\":\"fr-FR\",\"potentialAction\":[{\"@type\":\"ReadAction\",\"target\":[\"https:\\\/\\\/contactfm72.fr\\\/?p=8712\"]}]},{\"@type\":\"ImageObject\",\"inLanguage\":\"fr-FR\",\"@id\":\"https:\\\/\\\/contactfm72.fr\\\/?p=8712#primaryimage\",\"url\":\"https:\\\/\\\/contactfm72.fr\\\/wp-content\\\/uploads\\\/2022\\\/02\\\/Eureka-Lab.jpg\",\"contentUrl\":\"https:\\\/\\\/contactfm72.fr\\\/wp-content\\\/uploads\\\/2022\\\/02\\\/Eureka-Lab.jpg\",\"width\":2048,\"height\":1536,\"caption\":\"Eureka Lab et le makerspace ouvrent leurs portes ce samedi 19 f\u00e9vrier \u00e0 Loircowork.\"},{\"@type\":\"BreadcrumbList\",\"@id\":\"https:\\\/\\\/contactfm72.fr\\\/?p=8712#breadcrumb\",\"itemListElement\":[{\"@type\":\"ListItem\",\"position\":1,\"name\":\"Accueil\",\"item\":\"https:\\\/\\\/contactfm72.fr\\\/\"},{\"@type\":\"ListItem\",\"position\":2,\"name\":\"Loir-en-Vall\u00e9e. Le makerspace, nouvel espace pour les cr\u00e9atifs, ouvre ses portes\"}]},{\"@type\":\"WebSite\",\"@id\":\"https:\\\/\\\/contactfm72.fr\\\/#website\",\"url\":\"https:\\\/\\\/contactfm72.fr\\\/\",\"name\":\"Contact FM 99.3\",\"description\":\"Votre radio en vall\u00e9e du Loir\",\"publisher\":{\"@id\":\"https:\\\/\\\/contactfm72.fr\\\/#organization\"},\"potentialAction\":[{\"@type\":\"SearchAction\",\"target\":{\"@type\":\"EntryPoint\",\"urlTemplate\":\"https:\\\/\\\/contactfm72.fr\\\/?s={search_term_string}\"},\"query-input\":{\"@type\":\"PropertyValueSpecification\",\"valueRequired\":true,\"valueName\":\"search_term_string\"}}],\"inLanguage\":\"fr-FR\"},{\"@type\":\"Organization\",\"@id\":\"https:\\\/\\\/contactfm72.fr\\\/#organization\",\"name\":\"Contact FM 99.3\",\"url\":\"https:\\\/\\\/contactfm72.fr\\\/\",\"logo\":{\"@type\":\"ImageObject\",\"inLanguage\":\"fr-FR\",\"@id\":\"https:\\\/\\\/contactfm72.fr\\\/#\\\/schema\\\/logo\\\/image\\\/\",\"url\":\"https:\\\/\\\/contactfm72.fr\\\/wp-content\\\/uploads\\\/2025\\\/04\\\/2025-04-18-2.jpg\",\"contentUrl\":\"https:\\\/\\\/contactfm72.fr\\\/wp-content\\\/uploads\\\/2025\\\/04\\\/2025-04-18-2.jpg\",\"width\":680,\"height\":307,\"caption\":\"Contact FM 99.3\"},\"image\":{\"@id\":\"https:\\\/\\\/contactfm72.fr\\\/#\\\/schema\\\/logo\\\/image\\\/\"},\"sameAs\":[\"https:\\\/\\\/www.facebook.com\\\/Contactfm.Chateauduloir\",\"https:\\\/\\\/x.com\\\/contactfm72\",\"https:\\\/\\\/www.instagram.com\\\/contact.fm.72?igsh=cGhlMHQ5N2JlNnpp\",\"https:\\\/\\\/www.tiktok.com\\\/@contact.fm\"]},{\"@type\":\"Person\",\"@id\":\"https:\\\/\\\/contactfm72.fr\\\/#\\\/schema\\\/person\\\/9fdc9d1c2eb029354a4f1535b90ba82d\",\"name\":\"Val\u00e9rie C.\",\"image\":{\"@type\":\"ImageObject\",\"inLanguage\":\"fr-FR\",\"@id\":\"https:\\\/\\\/secure.gravatar.com\\\/avatar\\\/2f8aa28f8dfbd7d4420afd1fdcdd0a349923e2c8a38ab28198b0f9d0601e4737?s=96&d=mm&r=g\",\"url\":\"https:\\\/\\\/secure.gravatar.com\\\/avatar\\\/2f8aa28f8dfbd7d4420afd1fdcdd0a349923e2c8a38ab28198b0f9d0601e4737?s=96&d=mm&r=g\",\"contentUrl\":\"https:\\\/\\\/secure.gravatar.com\\\/avatar\\\/2f8aa28f8dfbd7d4420afd1fdcdd0a349923e2c8a38ab28198b0f9d0601e4737?s=96&d=mm&r=g\",\"caption\":\"Val\u00e9rie C.\"},\"url\":\"https:\\\/\\\/contactfm72.fr\\\/?author=4\"}]}<\/script>\n<!-- \/ Yoast SEO plugin. -->","yoast_head_json":{"title":"Loir-en-Vall\u00e9e. Le makerspace, nouvel espace pour les cr\u00e9atifs, ouvre ses portes - Contact FM 99.3","robots":{"index":"index","follow":"follow","max-snippet":"max-snippet:-1","max-image-preview":"max-image-preview:large","max-video-preview":"max-video-preview:-1"},"canonical":"https:\/\/contactfm72.fr\/?p=8712","og_locale":"fr_FR","og_type":"article","og_title":"Loir-en-Vall\u00e9e. Le makerspace, nouvel espace pour les cr\u00e9atifs, ouvre ses portes - Contact FM 99.3","og_description":"Le makerspace est le nouvel espace pour les esprits cr\u00e9atifs dans le Sud-Sarthe. Il est \u00e0 d\u00e9couvrir \u00e0 Loircowork, la maison de l\u2019\u00e9conomie et de l\u2019innovation, \u00e0 Loir-en-Vall\u00e9e, le samedi 19 f\u00e9vrier 2022. &nbsp; G\u00e9r\u00e9 et anim\u00e9 par l\u2019association Eureka Lab, le makerspace est h\u00e9berg\u00e9 au sein de Loircowork, la maison de l\u2019\u00e9conomie et de&hellip;","og_url":"https:\/\/contactfm72.fr\/?p=8712","og_site_name":"Contact FM 99.3","article_publisher":"https:\/\/www.facebook.com\/Contactfm.Chateauduloir","article_published_time":"2022-02-16T09:30:29+00:00","article_modified_time":"2022-02-16T09:48:39+00:00","og_image":[{"width":2048,"height":1536,"url":"https:\/\/contactfm72.fr\/wp-content\/uploads\/2022\/02\/Eureka-Lab.jpg","type":"image\/jpeg"}],"author":"Val\u00e9rie C.","twitter_card":"summary_large_image","twitter_creator":"@contactfm72","twitter_site":"@contactfm72","twitter_misc":{"\u00c9crit par":"Val\u00e9rie C.","Dur\u00e9e de lecture estim\u00e9e":"3 minutes"},"schema":{"@context":"https:\/\/schema.org","@graph":[{"@type":"Article","@id":"https:\/\/contactfm72.fr\/?p=8712#article","isPartOf":{"@id":"https:\/\/contactfm72.fr\/?p=8712"},"author":{"name":"Val\u00e9rie C.","@id":"https:\/\/contactfm72.fr\/#\/schema\/person\/9fdc9d1c2eb029354a4f1535b90ba82d"},"headline":"Loir-en-Vall\u00e9e. Le makerspace, nouvel espace pour les cr\u00e9atifs, ouvre ses portes","datePublished":"2022-02-16T09:30:29+00:00","dateModified":"2022-02-16T09:48:39+00:00","mainEntityOfPage":{"@id":"https:\/\/contactfm72.fr\/?p=8712"},"wordCount":714,"publisher":{"@id":"https:\/\/contactfm72.fr\/#organization"},"image":{"@id":"https:\/\/contactfm72.fr\/?p=8712#primaryimage"},"thumbnailUrl":"https:\/\/contactfm72.fr\/wp-content\/uploads\/2022\/02\/Eureka-Lab.jpg","articleSection":["Contact FM 72"],"inLanguage":"fr-FR"},{"@type":"WebPage","@id":"https:\/\/contactfm72.fr\/?p=8712","url":"https:\/\/contactfm72.fr\/?p=8712","name":"Loir-en-Vall\u00e9e. Le makerspace, nouvel espace pour les cr\u00e9atifs, ouvre ses portes - Contact FM 99.3","isPartOf":{"@id":"https:\/\/contactfm72.fr\/#website"},"primaryImageOfPage":{"@id":"https:\/\/contactfm72.fr\/?p=8712#primaryimage"},"image":{"@id":"https:\/\/contactfm72.fr\/?p=8712#primaryimage"},"thumbnailUrl":"https:\/\/contactfm72.fr\/wp-content\/uploads\/2022\/02\/Eureka-Lab.jpg","datePublished":"2022-02-16T09:30:29+00:00","dateModified":"2022-02-16T09:48:39+00:00","breadcrumb":{"@id":"https:\/\/contactfm72.fr\/?p=8712#breadcrumb"},"inLanguage":"fr-FR","potentialAction":[{"@type":"ReadAction","target":["https:\/\/contactfm72.fr\/?p=8712"]}]},{"@type":"ImageObject","inLanguage":"fr-FR","@id":"https:\/\/contactfm72.fr\/?p=8712#primaryimage","url":"https:\/\/contactfm72.fr\/wp-content\/uploads\/2022\/02\/Eureka-Lab.jpg","contentUrl":"https:\/\/contactfm72.fr\/wp-content\/uploads\/2022\/02\/Eureka-Lab.jpg","width":2048,"height":1536,"caption":"Eureka Lab et le makerspace ouvrent leurs portes ce samedi 19 f\u00e9vrier \u00e0 Loircowork."},{"@type":"BreadcrumbList","@id":"https:\/\/contactfm72.fr\/?p=8712#breadcrumb","itemListElement":[{"@type":"ListItem","position":1,"name":"Accueil","item":"https:\/\/contactfm72.fr\/"},{"@type":"ListItem","position":2,"name":"Loir-en-Vall\u00e9e. Le makerspace, nouvel espace pour les cr\u00e9atifs, ouvre ses portes"}]},{"@type":"WebSite","@id":"https:\/\/contactfm72.fr\/#website","url":"https:\/\/contactfm72.fr\/","name":"Contact FM 99.3","description":"Votre radio en vall\u00e9e du Loir","publisher":{"@id":"https:\/\/contactfm72.fr\/#organization"},"potentialAction":[{"@type":"SearchAction","target":{"@type":"EntryPoint","urlTemplate":"https:\/\/contactfm72.fr\/?s={search_term_string}"},"query-input":{"@type":"PropertyValueSpecification","valueRequired":true,"valueName":"search_term_string"}}],"inLanguage":"fr-FR"},{"@type":"Organization","@id":"https:\/\/contactfm72.fr\/#organization","name":"Contact FM 99.3","url":"https:\/\/contactfm72.fr\/","logo":{"@type":"ImageObject","inLanguage":"fr-FR","@id":"https:\/\/contactfm72.fr\/#\/schema\/logo\/image\/","url":"https:\/\/contactfm72.fr\/wp-content\/uploads\/2025\/04\/2025-04-18-2.jpg","contentUrl":"https:\/\/contactfm72.fr\/wp-content\/uploads\/2025\/04\/2025-04-18-2.jpg","width":680,"height":307,"caption":"Contact FM 99.3"},"image":{"@id":"https:\/\/contactfm72.fr\/#\/schema\/logo\/image\/"},"sameAs":["https:\/\/www.facebook.com\/Contactfm.Chateauduloir","https:\/\/x.com\/contactfm72","https:\/\/www.instagram.com\/contact.fm.72?igsh=cGhlMHQ5N2JlNnpp","https:\/\/www.tiktok.com\/@contact.fm"]},{"@type":"Person","@id":"https:\/\/contactfm72.fr\/#\/schema\/person\/9fdc9d1c2eb029354a4f1535b90ba82d","name":"Val\u00e9rie C.","image":{"@type":"ImageObject","inLanguage":"fr-FR","@id":"https:\/\/secure.gravatar.com\/avatar\/2f8aa28f8dfbd7d4420afd1fdcdd0a349923e2c8a38ab28198b0f9d0601e4737?s=96&d=mm&r=g","url":"https:\/\/secure.gravatar.com\/avatar\/2f8aa28f8dfbd7d4420afd1fdcdd0a349923e2c8a38ab28198b0f9d0601e4737?s=96&d=mm&r=g","contentUrl":"https:\/\/secure.gravatar.com\/avatar\/2f8aa28f8dfbd7d4420afd1fdcdd0a349923e2c8a38ab28198b0f9d0601e4737?s=96&d=mm&r=g","caption":"Val\u00e9rie C."},"url":"https:\/\/contactfm72.fr\/?author=4"}]}},"_links":{"self":[{"href":"https:\/\/contactfm72.fr\/index.php?rest_route=\/wp\/v2\/posts\/8712","targetHints":{"allow":["GET"]}}],"collection":[{"href":"https:\/\/contactfm72.fr\/index.php?rest_route=\/wp\/v2\/posts"}],"about":[{"href":"https:\/\/contactfm72.fr\/index.php?rest_route=\/wp\/v2\/types\/post"}],"author":[{"embeddable":true,"href":"https:\/\/contactfm72.fr\/index.php?rest_route=\/wp\/v2\/users\/4"}],"replies":[{"embeddable":true,"href":"https:\/\/contactfm72.fr\/index.php?rest_route=%2Fwp%2Fv2%2Fcomments&post=8712"}],"version-history":[{"count":4,"href":"https:\/\/contactfm72.fr\/index.php?rest_route=\/wp\/v2\/posts\/8712\/revisions"}],"predecessor-version":[{"id":8722,"href":"https:\/\/contactfm72.fr\/index.php?rest_route=\/wp\/v2\/posts\/8712\/revisions\/8722"}],"wp:featuredmedia":[{"embeddable":true,"href":"https:\/\/contactfm72.fr\/index.php?rest_route=\/wp\/v2\/media\/8713"}],"wp:attachment":[{"href":"https:\/\/contactfm72.fr\/index.php?rest_route=%2Fwp%2Fv2%2Fmedia&parent=8712"}],"wp:term":[{"taxonomy":"category","embeddable":true,"href":"https:\/\/contactfm72.fr\/index.php?rest_route=%2Fwp%2Fv2%2Fcategories&post=8712"},{"taxonomy":"post_tag","embeddable":true,"href":"https:\/\/contactfm72.fr\/index.php?rest_route=%2Fwp%2Fv2%2Ftags&post=8712"}],"curies":[{"name":"wp","href":"https:\/\/api.w.org\/{rel}","templated":true}]}}